{"id":14638,"date":"2014-12-10T13:00:52","date_gmt":"2014-12-10T18:00:52","guid":{"rendered":"http:\/\/www.oscarhumbertogomez.com\/?p=14638"},"modified":"2025-03-17T11:47:31","modified_gmt":"2025-03-17T16:47:31","slug":"fiscalia-ni-raja-ni-presta-el-hacha","status":"publish","type":"post","link":"https:\/\/oscarhumbertogomez.com\/?p=14638","title":{"rendered":"Fiscal\u00eda: Ni raja, ni presta el hacha. Por \u00d3scar Humberto G\u00f3mez G\u00f3mez (*)"},"content":{"rendered":"<p><img decoding=\"async\" class=\"aligncenter size-full wp-image-4481\" src=\"https:\/\/lapiedrafilosofal.com\/wp-content\/uploads\/2012\/06\/OSCAR-HUMBERTO-GOMEZ.jpg\" alt=\"OSCAR HUMBERTO GOMEZ\" width=\"500\"><\/p>\n<p>&nbsp;<\/p>\n<p>La Fiscal\u00eda solicit\u00f3 audiencia de imputaci\u00f3n de cargos contra Carlos Eduardo Uma\u00f1a Lizarazo, en su condici\u00f3n de Contralor Delegado para el Sector Social, por el delito de prevaricato por acci\u00f3n.<\/p>\n<p>Seg\u00fan el ente investigador, el funcionario, quien ten\u00eda a su cargo la investigaci\u00f3n por el carrusel de pensiones en las Altas Cortes, habr\u00eda solicitado &#8220;informaci\u00f3n personal dentro de un proceso de responsabilidad fiscal, sin que las mismas ejercieran gesti\u00f3n fiscal (?), y otras no tuvieran relaci\u00f3n alguna con el respectivo proceso (?)&#8221;.<\/p>\n<p>Adem\u00e1s se cree que se habr\u00eda ordenado recopilar informaci\u00f3n que tendr\u00eda el car\u00e1cter de reservada (?), lo cual fue calificado como \u201cactuaciones que resultan arbitrarias y caprichosas, excediendo las atribuciones investigativas conferidas al m\u00e1ximo ente de control fiscal del pa\u00eds (?)&#8221;, se\u00f1al\u00f3 la Fiscal\u00eda.<\/p>\n<p>Entre las pruebas de la Fiscal\u00eda se encuentra un oficio firmado por Uma\u00f1a Lizarazo, en el que le pide a la Unidad de Informaci\u00f3n y An\u00e1lisis Financiero (UIAF) que le entregue informaci\u00f3n sobre un grupo de personas entre las que se destacan cuatro magistrados y exmagistrados de las Altas Cortes, entre ellos Henry Villarraga (!), Julia Ema Garz\u00f3n (!), Tem\u00edstocles Ortega (!) y Jos\u00e9 Ovidio Claros (!).<\/p>\n<p>En el documento la Contralor\u00eda pidi\u00f3 informaci\u00f3n de bases de datos de los magistrados, en lo relacionado con CIFIN, Datacr\u00e9dito, informaci\u00f3n bancaria, registros notariales, veh\u00edculos, divisas e inversiones&#8221;.<\/p>\n<p>&nbsp;<\/p>\n<p>Si no lo leo en la <em>Vanguardia<\/em>, no lo creo.<\/p>\n<p>Pero me va a tocar creerlo, porque tambi\u00e9n lo dicen otros importantes medios.<\/p>\n<p>RCN, por ejemplo:<\/p>\n<p>&#8220;En un oficio firmado por el Contralor para la corrupci\u00f3n, Carlos Eduardo Uma\u00f1a Lizarazo, y al cual tuvo acceso Noticias RCN, el ente de control se dirige a la Uiaf, encargado (sic) de reportar las operaciones sospechosas de los ciudadanos.<\/p>\n<p>En dicho documento, el funcionario le pide a la Uiaf que le entregue informaci\u00f3n sobre un grupo de personas entre las que se destacan cuatro magistrados de las altas cortes, entre ellos el cuestionado magistrado Henry Villarraga (!), Julia Ema Garz\u00f3n (!), Tem\u00edstocles Ortega (!) y Jos\u00e9 Ovidio Claros (!).<\/p>\n<p>Tal y como se lee en el documento, la Contralor\u00eda pide \u201cde manera atenta informaci\u00f3n que repose en sus bases de datos de las personas relacionadas a continuaci\u00f3n, en lo relacionado con CIFIN, Datacr\u00e9dito, informaci\u00f3n bancaria, registros notariales, veh\u00edculos, divisas e inversiones (\u2026)\u201d.<\/p>\n<p>El documento hace parte de las pruebas recaudadas por la Fiscal\u00eda contra varios funcionarios de la Contralor\u00eda en la investigaci\u00f3n por supuestos seguimientos ilegales por parte de este ente de control contra personas que no est\u00e1n sujetas a su jurisdicci\u00f3n&#8221;.<\/p>\n<p>&nbsp;<\/p>\n<p>\u00bfC\u00f3mo as\u00ed, se\u00f1or fiscal?<\/p>\n<p>\u00bfO sea que los p\u00e1jaros otra vez tir\u00e1ndoles a las escopetas?<\/p>\n<p>\u00bfC\u00f3mo as\u00ed que ante el hecho notorio de que &nbsp;se estaba haciendo fiesta con los recursos p\u00fablicos en la Sala Jurisdiccional-Disciplinaria del Consejo Superior de la Judicatura nombrando como magistrados auxiliares por poco tiempo a abogados y jueces a punto de pensionarse, para que la mesada les tuviera que ser liquidada con sueldo de magistrado, la Contralor\u00eda General de la Rep\u00fablica se ten\u00eda que quedar mirando la corrida de toros desde la barrera y contemplando en silencio c\u00f3mo saqueaban el tesoro nacional?<\/p>\n<p>\u00bfC\u00f3mo as\u00ed, se\u00f1or fiscal? \u00bfO sea que fuera de que nada se hizo para aclarar y sancionar ejemplarmente ese vergonzoso timo al erario que fue &#8220;el carrusel de las palomitas&#8221;, ahora resulta que a quienes trataron de llegar a la verdad y castigar lo que fue un enorme da\u00f1o fiscal los van a meter presos?<\/p>\n<p>\u00bfNo era apenas natural que se investigara si aquellos favores, o para decirlo m\u00e1s claro: aquellos padrenuestros ganados con avemar\u00edas ajenas (porque los funcionarios corruptos hacen fiesta, no con su propia plata, sino con la plata que le pertenece a la naci\u00f3n colombiana), eran a t\u00edtulo meramente gratuito o, por el contrario, se recib\u00edan contraprestaciones?<\/p>\n<p>&nbsp;<\/p>\n<p>Ahora bien: copiemos a continuaci\u00f3n cu\u00e1les son los funciones de la Contralor\u00eda Delegada para el Sector Social a ver si, en realidad, nada tiene que ver esa dependencia con el tema de las pensiones:<\/p>\n<p>&nbsp;<\/p>\n<p>&#8220;<strong>Contralor\u00eda Delegada para el Sector Social<\/strong><\/p>\n<p>&#8220;Corresponde a la Contralor\u00eda Delegada para la Vigilancia Fiscal del Sector Social, ejercer la vigilancia y control fiscal a las entidades, planes, programas y proyectos sectorizados en esta dependencia Delegada.<\/p>\n<p>Subsector Educaci\u00f3n-Central (Ministerio de Educaci\u00f3n Nacional), Subsector Educaci\u00f3n \u2013 Instituciones de Educaci\u00f3n Superior (Escuela de Administraci\u00f3n P\u00fablica (ESAP), Subsector Educaci\u00f3n \u2013 Cultura (Ministerio de Cultura), Subsector Educaci\u00f3n \u2013 Deporte y Aprovechamiento el Tiempo Libre (Departamento Administrativo del Deporte, la Recreaci\u00f3n, la actividad F\u00edsica y el Aprovechamiento del Tiempo Libre, Coldeportes), Subsector Salud E.P.S. \u2013 R\u00e9gimen Subsidiado (Asociaci\u00f3n de Cabildos del Resguardo Ind\u00edgena Zen\u00fa de San Andr\u00e9s de Sotavento \u2013 C\u00f3rdoba y Sucre \u201cManexka, Subsector Salud E.P.S. \u2013 R\u00e9gimen Contributivo (Cafesalud E.P.S. \u2013 EPSs), Subsector Salud \u2013 \u201cEOC\u201d Otras Entidades Obligadas a Compensar (Administraci\u00f3n P\u00fablica Cooperativa de Entidades de Salud de Caldas y Quind\u00edo \u2013 Coodesca), Subsector Trabajo Central (Ministerio de Trabajo),&nbsp;<span style=\"text-decoration: underline;\"><strong>&nbsp;Subsector Trabajo \u2013 Pensiones<\/strong><\/span>, Administradoras de Reg\u00edmenes Prima Media, Especiales y Exceptuados (Unidad Administrativa Especial de Gesti\u00f3n Pensional y Contribuciones Parafiscales de la Protecci\u00f3n Social, UGPP), Subsector Trabajo \u2013 Pensiones, Administradoras de Ahorro Individual (Administradora de Fondos y Pensiones Cesant\u00edas Protecci\u00f3n), Subsector Trabajo . Cajas de Compensaci\u00f3n Familiar (Caja Colombiana de Subsidio Familiar Colsubsidio) y Subsector Inclusi\u00f3n Social y Reconciliaci\u00f3n (Unidad Administrativa Especial para la Consolidaci\u00f3n Territorial).&nbsp;<em><\/em><\/p>\n<p>Corresponde adem\u00e1s a la Delegada del Sector Social ejercer control y vigilancia a los recursos del Sistema General de Participaciones y dem\u00e1s transferencias de origen nacional en cumplimiento de su competencia sobre los recursos transferidos por la Naci\u00f3n a las entidades territoriales; a los recursos que manejan y administran las universidades p\u00fablicas del orden territorial, y a los siguientes fondos: Fondo der (sic) Solidaridad y Garant\u00eda Fosyga, Fondo de Salvamento y Garant\u00eda para el Sector Salud y fondo de Solidaridad Pensional \u2013 Ministerio de Trabajo, Fondo de Riesgos Profesionales y fondo de Subsidio al Empleo y Desempleo.<\/p>\n<p>De otra parte, ejercer\u00e1 control y vigilancia de manera independiente a las entidades promotoras de salud \u2013 EPS, que administran reg\u00edmenes contributivo y subsidiado, cuando tengan para cada uno de ellos, un n\u00famero de identificaci\u00f3n tributaria diferente&#8221;. <em>(www.contraloriagen.gov.co. <\/em>El resaltado es m\u00edo<em>)<\/em>.<\/p>\n<p>&nbsp;<\/p>\n<p>\u00bfO sea, se\u00f1or fiscal, que por investigar a fondo si estos magistrados estaban haciendo fiesta con los recursos p\u00fablicos van ahora a empapelar al investigador?<\/p>\n<p>&nbsp;<\/p>\n<p>\u00a1Esto es el colmo del cinismo! \u00a1Un pa\u00eds tiene que estar moralmente muy degenerado como para que suceda lo que est\u00e1 sucediendo: que mientras aquellos que cogieron el erario de saco roto siguen ah\u00ed en sus altos cargos, tan campantes como el g\u00fcisqui escoc\u00e9s Johnnie Walker, quienes trataron de ponerlos en cintura, quienes asumieron la defensa del tesoro p\u00fablico \u2014esto es, de la plata de todos nosotros, es decir, de los dineros de los colombianos, que pagamos alt\u00edsimos impuestos no para que se los roben o con ellos hagan fiesta funcionarios inescrupulosos, sino para que se construyan las carreteras, las escuelas y los hospitales que tanta falta nos hacen\u2014 ir\u00e1n ahora con destino a la c\u00e1rcel, y no precisamente de visita!<\/p>\n<p>Si esta es la l\u00f3gica que a este desdichado pa\u00eds le va a imponer la Fiscal\u00eda General de la Naci\u00f3n del cada vez m\u00e1s sorprendente doctor Montealegre, no nos queda sino encomendarnos al santo o a la santa de las causas dif\u00edciles a ver si salimos de este trance.<\/p>\n<p>Dicen que el santo es san Judas Tadeo y que la santa es santa Rita de Casia.<\/p>\n<p>Pero como aqu\u00ed hoy en d\u00eda ya nada es seguro, ser\u00e1 mejor que nos encomendemos a ambos, por si las moscas.<\/p>\n<p>____________<\/p>\n<p>&nbsp;<\/p>\n<p>* : <em>Miembro del Colegio Nacional de Periodistas<\/em><\/p>\n<p>&nbsp;<\/p>\n","protected":false},"excerpt":{"rendered":"<p>&nbsp; La Fiscal\u00eda solicit\u00f3 audiencia de imputaci\u00f3n de cargos contra Carlos Eduardo Uma\u00f1a Lizarazo, en su condici\u00f3n de Contralor Delegado para el Sector Social, por el delito de prevaricato por acci\u00f3n. Seg\u00fan el ente investigador, el funcionario, quien ten\u00eda a &hellip; <a href=\"https:\/\/oscarhumbertogomez.com\/?p=14638\">Sigue leyendo <span class=\"meta-nav\">&rarr;<\/span><\/a><\/p>\n<div class='heateorSssClear'><\/div><div  class='heateor_sss_sharing_container heateor_sss_horizontal_sharing' heateor-sss-data-href='https:\/\/oscarhumbertogomez.com\/?p=14638'><div class='heateor_sss_sharing_title' style=\"font-weight:bold\" >\u00a1Gracias por compartirla!<\/div><ul class=\"heateor_sss_sharing_ul\"><li class=\"heateorSssSharingRound\"><i style=\"width:35px;height:35px;border-radius:999px;\" alt=\"Facebook\" Title=\"Facebook\" class=\"heateorSssSharing heateorSssFacebookBackground\" onclick='heateorSssPopup(\"https:\/\/www.facebook.com\/sharer\/sharer.php?u=https%3A%2F%2Foscarhumbertogomez.com%2Findex.php%3Frest_route%3D%252Fwp%252Fv2%252Fposts%252F14638\")'><ss style=\"display:block;border-radius:999px;\" class=\"heateorSssSharingSvg heateorSssFacebookSvg\"><\/ss><\/i><\/li><li class=\"heateorSssSharingRound\"><i style=\"width:35px;height:35px;border-radius:999px;\" alt=\"Twitter\" Title=\"Twitter\" class=\"heateorSssSharing heateorSssTwitterBackground\" onclick='heateorSssPopup(\"http:\/\/twitter.com\/intent\/tweet?text=Fiscal%C3%ADa%3A%20Ni%20raja%2C%20ni%20presta%20el%20hacha.%20Por%20%C3%93scar%20Humberto%20G%C3%B3mez%20G%C3%B3mez%20%28%2A%29&url=https%3A%2F%2Foscarhumbertogomez.com%2Findex.php%3Frest_route%3D%252Fwp%252Fv2%252Fposts%252F14638\")'><ss style=\"display:block;border-radius:999px;\" class=\"heateorSssSharingSvg heateorSssTwitterSvg\"><\/ss><\/i><\/li><li class=\"heateorSssSharingRound\"><i style=\"width:35px;height:35px;border-radius:999px;\" alt=\"Whatsapp\" Title=\"Whatsapp\" class=\"heateorSssSharing heateorSssWhatsappBackground\" onclick='heateorSssPopup(\"https:\/\/web.whatsapp.com\/send?text=Fiscal%C3%ADa%3A%20Ni%20raja%2C%20ni%20presta%20el%20hacha.%20Por%20%C3%93scar%20Humberto%20G%C3%B3mez%20G%C3%B3mez%20%28%2A%29 https%3A%2F%2Foscarhumbertogomez.com%2Findex.php%3Frest_route%3D%252Fwp%252Fv2%252Fposts%252F14638\")'><ss style=\"display:block\" class=\"heateorSssSharingSvg heateorSssWhatsappSvg\"><\/ss><\/i><\/li><li class=\"heateorSssSharingRound\"><i style=\"width:35px;height:35px;border-radius:999px;\" alt=\"Pinterest\" Title=\"Pinterest\" class=\"heateorSssSharing heateorSssPinterestBackground\" onclick=\"javascript:void( (function() {var e=document.createElement('script' );e.setAttribute('type','text\/javascript' );e.setAttribute('charset','UTF-8' );e.setAttribute('src','\/\/assets.pinterest.com\/js\/pinmarklet.js?r='+Math.random()*99999999);document.body.appendChild(e)})());\"><ss style=\"display:block;border-radius:999px;\" class=\"heateorSssSharingSvg heateorSssPinterestSvg\"><\/ss><\/i><\/li><li class=\"heateorSssSharingRound\"><i style=\"width:35px;height:35px;border-radius:999px;\" alt=\"Google Gmail\" Title=\"Google Gmail\" class=\"heateorSssSharing heateorSssGoogleGmailBackground\" onclick='heateorSssPopup(\"https:\/\/mail.google.com\/mail\/?ui=2&view=cm&fs=1&tf=1&su=Fiscal%C3%ADa%3A%20Ni%20raja%2C%20ni%20presta%20el%20hacha.%20Por%20%C3%93scar%20Humberto%20G%C3%B3mez%20G%C3%B3mez%20%28%2A%29&body=Link:https%3A%2F%2Foscarhumbertogomez.com%2Findex.php%3Frest_route%3D%252Fwp%252Fv2%252Fposts%252F14638\")'><ss style=\"display:block;border-radius:999px;\" class=\"heateorSssSharingSvg heateorSssGoogleGmailSvg\"><\/ss><\/i><\/li><li class=\"heateorSssSharingRound\"><i style=\"width:35px;height:35px;border-radius:999px;\" title=\"More\" alt=\"More\" class=\"heateorSssSharing heateorSssMoreBackground\" onclick=\"heateorSssMoreSharingPopup(this, 'https:\/\/oscarhumbertogomez.com\/index.php?rest_route=%2Fwp%2Fv2%2Fposts%2F14638', 'Fiscal%C3%ADa%3A%20Ni%20raja%2C%20ni%20presta%20el%20hacha.%20Por%20%C3%93scar%20Humberto%20G%C3%B3mez%20G%C3%B3mez%20%28%2A%29', '' )\" ><ss style=\"display:block\" class=\"heateorSssSharingSvg heateorSssMoreSvg\"><\/ss><\/i><\/li><\/ul><div class=\"heateorSssClear\"><\/div><\/div><div class='heateorSssClear'><\/div>","protected":false},"author":2,"featured_media":0,"comment_status":"closed","ping_status":"closed","sticky":false,"template":"","format":"standard","meta":{"spay_email":"","footnotes":""},"categories":[60,11],"tags":[],"class_list":["post-14638","post","type-post","status-publish","format-standard","hentry","category-tribuna-de-opinion","category-periodismo"],"jetpack_featured_media_url":"","jetpack_shortlink":"https:\/\/wp.me\/p1FYrr-3O6","_links":{"self":[{"href":"https:\/\/oscarhumbertogomez.com\/index.php?rest_route=\/wp\/v2\/posts\/14638","targetHints":{"allow":["GET"]}}],"collection":[{"href":"https:\/\/oscarhumbertogomez.com\/index.php?rest_route=\/wp\/v2\/posts"}],"about":[{"href":"https:\/\/oscarhumbertogomez.com\/index.php?rest_route=\/wp\/v2\/types\/post"}],"author":[{"embeddable":true,"href":"https:\/\/oscarhumbertogomez.com\/index.php?rest_route=\/wp\/v2\/users\/2"}],"replies":[{"embeddable":true,"href":"https:\/\/oscarhumbertogomez.com\/index.php?rest_route=%2Fwp%2Fv2%2Fcomments&post=14638"}],"version-history":[{"count":5,"href":"https:\/\/oscarhumbertogomez.com\/index.php?rest_route=\/wp\/v2\/posts\/14638\/revisions"}],"predecessor-version":[{"id":52509,"href":"https:\/\/oscarhumbertogomez.com\/index.php?rest_route=\/wp\/v2\/posts\/14638\/revisions\/52509"}],"wp:attachment":[{"href":"https:\/\/oscarhumbertogomez.com\/index.php?rest_route=%2Fwp%2Fv2%2Fmedia&parent=14638"}],"wp:term":[{"taxonomy":"category","embeddable":true,"href":"https:\/\/oscarhumbertogomez.com\/index.php?rest_route=%2Fwp%2Fv2%2Fcategories&post=14638"},{"taxonomy":"post_tag","embeddable":true,"href":"https:\/\/oscarhumbertogomez.com\/index.php?rest_route=%2Fwp%2Fv2%2Ftags&post=14638"}],"curies":[{"name":"wp","href":"https:\/\/api.w.org\/{rel}","templated":true}]}}