{"id":14671,"date":"2014-12-21T23:31:20","date_gmt":"2014-12-22T04:31:20","guid":{"rendered":"http:\/\/www.oscarhumbertogomez.com\/?p=14671"},"modified":"2025-03-17T11:55:24","modified_gmt":"2025-03-17T16:55:24","slug":"nuevo-round-entre-fiscalia-y-contraloria-por-santiago-martinez-hernandez-el-espectador","status":"publish","type":"post","link":"https:\/\/oscarhumbertogomez.com\/?p=14671","title":{"rendered":"Nuevo &#8220;round&#8221; entre Fiscal\u00eda y Contralor\u00eda. Por Santiago Mart\u00ednez Hern\u00e1ndez (EL ESPECTADOR). Por \u00d3scar Humberto G\u00f3mez G\u00f3mez"},"content":{"rendered":"<p><img decoding=\"async\" class=\"aligncenter size-full wp-image-4481\" src=\"https:\/\/lapiedrafilosofal.com\/wp-content\/uploads\/2012\/06\/OSCAR-HUMBERTO-GOMEZ.jpg\" alt=\"OSCAR HUMBERTO GOMEZ\" width=\"500\"><\/p>\n<p>&nbsp;<\/p>\n<p><em><span style=\"color: #ff0000;\"><strong><\/strong><\/span> <strong>Definitivamente este pa\u00eds no existe; no puede existir; es absolutamente imposible que exista; este pa\u00eds es irreal; tenemos que estar todos sumergidos en un sue\u00f1o; o, m\u00e1s bien, en una pesadilla. Si el arzobispo y fil\u00f3sofo idealista Berkeley estuviera vivo hoy, reclamar\u00eda, con toda raz\u00f3n, el triunfo de sus tesis, dir\u00eda que no estaba equivocado, que las cosas, en efecto, no son reales, sino producto de nuestra imaginaci\u00f3n. Al menos, no es real Colombia. Si no lo creen, lean \u2014como dec\u00edan nuestras abuelas\u2014 con sus propios ojos, el excelente resumen que el periodista del diario EL ESPECTADOR Santiago Mart\u00ednez Hern\u00e1ndez ha hecho sobre lo que va a ocurrir: que mientras a los que, sin escr\u00fapulos, timaron al erario inflando pensiones a punta de &#8220;palomitas&#8221; no les hicieron finalmente nada, porque quien ten\u00eda que investigarlos era la inepta Comisi\u00f3n de Acusaci\u00f3n de la C\u00e1mara de Representantes, a los funcionarios de la Contralor\u00eda General de la Rep\u00fablica que trataron de salvaguardar los intereses del erario, o sea, la plata suya y m\u00eda, la de todos nosotros, la de los colombianos, la que se re\u00fane con nuestros impuestos y que debiera destinarse a construir escuelas, carreteras y hospitales, ahora la Fiscal\u00eda General de la Naci\u00f3n los quiere meter a la c\u00e1rcel. Entre esos funcionarios honestos que se propusieron investigar a fondo lo que estaba sucediendo con los dineros p\u00fablicos dentro de la Sala Disciplinaria del Consejo Superior de la Judicatura, se destaca el contralor Carlos Uma\u00f1a, a quien ya van a imputarle cargos. O sea, que ahora s\u00ed nos llev\u00f3 el Patas. O el Putas, como nos ense\u00f1a el libro del inolvidable Argos. <\/strong><\/em><\/p>\n<p><em><strong>Estamos con usted, doctor Uma\u00f1a, y con la decencia, la honradez, el valor civil y la verg\u00fcenza. Veremos si son capaces de semejante canallada.<\/strong><\/em><\/p>\n<p>&nbsp;<\/p>\n<p><img loading=\"lazy\" decoding=\"async\" class=\"aligncenter size-full wp-image-14672\" title=\"MAGISTRADOS\" src=\"https:\/\/lapiedrafilosofal.com\/wp-content\/uploads\/2014\/12\/MAGISTRADOS.jpg\" alt=\"\" width=\"560\" height=\"373\" srcset=\"https:\/\/oscarhumbertogomez.com\/wp-content\/uploads\/2014\/12\/MAGISTRADOS.jpg 560w, https:\/\/oscarhumbertogomez.com\/wp-content\/uploads\/2014\/12\/MAGISTRADOS-300x199.jpg 300w\" sizes=\"auto, (max-width: 560px) 100vw, 560px\" \/><\/p>\n<p>&nbsp;<\/p>\n<p>&#8220;Para las pr\u00f3ximas semanas, un nuevo round entre la Fiscal\u00eda y la Contralor\u00eda se avecina. Esta vez, el procesado ser\u00e1 el contralor delegado para el Sector Social, Carlos Eduardo Uma\u00f1a, a quien le imputar\u00e1n cargos por el delito de prevaricato, supuestamente, por extralimitarse a la hora de investigar a exmagistrados, magistrados y magistrados auxiliares del Consejo Superior de la Judicatura que habr\u00edan promocionado el denominado cartel de megapensiones. Para el ente investigador, fue un error de la administraci\u00f3n de Sandra Morelli rastrear personas que ten\u00edan fuero constitucional y que adem\u00e1s no ten\u00edan ninguna funci\u00f3n de gesti\u00f3n fiscal.<\/p>\n<p>Toda la pol\u00e9mica comenz\u00f3 en 2012, cuando estall\u00f3 el esc\u00e1ndalo del carrusel de megapensiones, en el que la primera en ser se\u00f1alada fue la secretaria del Consejo Superior de la Judicatura Yira Luc\u00eda Olarte \u00c1vila. Los magistrados del alto tribunal, en especial el presidente de la corporaci\u00f3n en ese entonces, Angelino Lizcano, responsabilizaron a Olarte \u2014quien hoy est\u00e1 en juicio\u2014 por una serie de irregulares nombramientos de personas que estaban ad portas de jubilarse y que con el r\u00e9gimen de transici\u00f3n recibieron beneficios que les permitieron incrementar considerablemente sus pensiones.<\/p>\n<p>Paralelamente a la investigaci\u00f3n que adelantaba la Fiscal\u00eda, la Contralor\u00eda abri\u00f3 un expediente en marzo de 2012 contra los magistrados del Consejo Superior de la Judicatura que desde 2008 habr\u00edan estado vinculados con los supuestos nombramientos irregulares. Entre ellos estaban Julia Emma Garz\u00f3n, Henry Villarraga \u2014quien se retir\u00f3 en medio de esc\u00e1ndalos\u2014, Martha Patricia Zea \u2014ya retirada\u2014 y Tem\u00edstocles Ortega \u2014hoy gobernador del Cauca\u2014, quienes hac\u00edan parte de la Sala Disciplinaria. Asimismo, se les imput\u00f3 cargos por responsabilidad fiscal en ese momento a los magistrados Auxiliares Cenaida Mej\u00eda B\u00e1ez, Zilath Corrales P\u00e9rez, Constanza Margarita Navia de Ayala, \u00c1lvaro Rojas Mallorqu\u00edn, Jaime Roberto Arteaga, Jes\u00fas Herrera Cort\u00e9s, Jorge Iv\u00e1n Bravo, Margoth Castellanos Carrillo y Petrona Peraf\u00e1n Ord\u00f3\u00f1ez.<\/p>\n<p>Los c\u00e1lculos de la Contralor\u00eda sobre el presunto da\u00f1o patrimonial eran de $3.421 millones. [*] El organismo de control argument\u00f3 en su momento que \u201clos magistrados del Consejo Superior de la Judicatura, en ejercicio de su funci\u00f3n nominadora, han designado de forma reiterada e irregular por per\u00edodos muy breves de tiempo, entre uno y once meses, para desempe\u00f1ar el cargo de magistrado auxiliar a personas con estatus reconocido de pensi\u00f3n (&#8230;) lo cual incidi\u00f3 de forma directa en el reconocimiento, reliquidaci\u00f3n y pago de pensiones en exceso de las proporciones correspondientes(&#8230;) en perjuicio de los recursos p\u00fablicos y de la sostenibilidad y estabilidad del Sistema General de Pensiones\u201d.<\/p>\n<p>Desde el Consejo Superior de la Judicatura pusieron el grito en el cielo al considerar que la Contralor\u00eda no ten\u00eda las facultades para investigarlos, ya que eran aforados, pues solo pod\u00edan ser procesados por la Comisi\u00f3n de Acusaci\u00f3n de la C\u00e1mara de Representantes. Mientras el Consejo de Estado dio un visto favorable al expediente que abri\u00f3 el organismo de control, la Corte Suprema de Justicia en 2013 orden\u00f3 cesar las pesquisas que adelantaba el contralor delegado para el Sector Social, Carlos Uma\u00f1a. Fue entonces que la Fiscal\u00eda comenz\u00f3 una investigaci\u00f3n por supuesto prevaricato.<\/p>\n<p>Varios miembros de la Contralor\u00eda fueron llamados a interrogatorio para que explicaran por qu\u00e9 abrieron el expediente contra los magistrados si ellos, adem\u00e1s de su fuero, no ejerc\u00edan funciones de gesti\u00f3n fiscal. Fuentes cercanas al proceso manifestaron que el contralor Carlos Uma\u00f1a explic\u00f3 que los magistrados s\u00ed manejaban recursos p\u00fablicos y con los nombramientos de sus magistrados auxiliares afectaron el patrimonio.<\/p>\n<p>La hip\u00f3tesis de la Fiscal\u00eda se basa en que Uma\u00f1a prevaric\u00f3, al parecer, en dos situaciones espec\u00edficas. La primera, al abrir un proceso de responsabilidad contra funcionarios que no manejaban dineros p\u00fablicos. La segunda, que el contralor se excedi\u00f3 en sus facultades, ya que no s\u00f3lo solicit\u00f3 a la Unidad de Informaci\u00f3n y An\u00e1lisis Financiero (Uiaf) informaci\u00f3n de los productos financieros de los magistrados, sino de todo su c\u00edrculo familiar, supuestamente porque ten\u00eda conocimiento de que estaban transfiriendo bienes que hab\u00edan obtenido del carrusel de las megapensiones.<\/p>\n<p>Para la Fiscal\u00eda esto representa una ilegalidad, ya que los procesos de responsabilidad fiscal s\u00f3lo se adelantan contra los funcionarios p\u00fablicos y no contra particulares. Fuentes que conocen en detalle el expediente de Uma\u00f1a advirtieron que generar detrimento patrimonial es muy diferente a estar implicado en un caso de corrupci\u00f3n, por lo que la Contralor\u00eda no ten\u00eda facultad alguna para procesar a los magistrados, ya que se trataba de un tema netamente penal y no administrativo. Adem\u00e1s, aseguraron que posiblemente lo que sucedi\u00f3 en el Consejo Superior de la Judicatura fue que repartieron d\u00e1divas a cambio de favorecer a personas que estaban a punto de jubilarse.<\/p>\n<p>En contraste, muchos respaldaron la investigaci\u00f3n de la Contralor\u00eda porque a los magistrados que supuestamente patrocinaron este carrusel no los ha tocado ni la Comisi\u00f3n de Acusaci\u00f3n&#8221;. [EL ESPECTADOR.irCOM 21 de diciembre de 2014].<\/p>\n<p>_________<\/p>\n<p>&nbsp;<\/p>\n<p>[*] 3.500 millones aproximadamente, s\u00ed, pero <em><strong><span style=\"text-decoration: underline;\">por cabeza<\/span><\/strong><\/em>, se entiende; el total calculado es de <span style=\"text-decoration: underline;\"><em><strong>$140.000&#8217;000.000 (ciento cuarenta mil millones de pesos)<\/strong><\/em><\/span>.<\/p>\n<p>D\u00e9 clic izquierdo en el siguiente enlace:<\/p>\n<p><a href=\"http:\/\/www.oscarhumbertogomez.com\/?p=11427\">http:\/\/www.oscarhumbertogomez.com\/?p=11427<\/a><\/p>\n<p>&nbsp;<\/p>\n","protected":false},"excerpt":{"rendered":"<p>&nbsp; Definitivamente este pa\u00eds no existe; no puede existir; es absolutamente imposible que exista; este pa\u00eds es irreal; tenemos que estar todos sumergidos en un sue\u00f1o; o, m\u00e1s bien, en una pesadilla. Si el arzobispo y fil\u00f3sofo idealista Berkeley estuviera &hellip; <a href=\"https:\/\/oscarhumbertogomez.com\/?p=14671\">Sigue leyendo <span class=\"meta-nav\">&rarr;<\/span><\/a><\/p>\n<div class='heateorSssClear'><\/div><div  class='heateor_sss_sharing_container heateor_sss_horizontal_sharing' heateor-sss-data-href='https:\/\/oscarhumbertogomez.com\/?p=14671'><div class='heateor_sss_sharing_title' style=\"font-weight:bold\" >\u00a1Gracias por compartirla!<\/div><ul class=\"heateor_sss_sharing_ul\"><li class=\"heateorSssSharingRound\"><i style=\"width:35px;height:35px;border-radius:999px;\" alt=\"Facebook\" Title=\"Facebook\" class=\"heateorSssSharing heateorSssFacebookBackground\" onclick='heateorSssPopup(\"https:\/\/www.facebook.com\/sharer\/sharer.php?u=https%3A%2F%2Foscarhumbertogomez.com%2Findex.php%3Frest_route%3D%252Fwp%252Fv2%252Fposts%252F14671\")'><ss style=\"display:block;border-radius:999px;\" class=\"heateorSssSharingSvg heateorSssFacebookSvg\"><\/ss><\/i><\/li><li class=\"heateorSssSharingRound\"><i style=\"width:35px;height:35px;border-radius:999px;\" alt=\"Twitter\" Title=\"Twitter\" class=\"heateorSssSharing heateorSssTwitterBackground\" onclick='heateorSssPopup(\"http:\/\/twitter.com\/intent\/tweet?text=Nuevo%20%22round%22%20entre%20Fiscal%C3%ADa%20y%20Contralor%C3%ADa.%20Por%20Santiago%20Mart%C3%ADnez%20Hern%C3%A1ndez%20%28EL%20ESPECTADOR%29.%20Por%20%C3%93scar%20Humberto%20G%C3%B3mez%20G%C3%B3mez&url=https%3A%2F%2Foscarhumbertogomez.com%2Findex.php%3Frest_route%3D%252Fwp%252Fv2%252Fposts%252F14671\")'><ss style=\"display:block;border-radius:999px;\" class=\"heateorSssSharingSvg heateorSssTwitterSvg\"><\/ss><\/i><\/li><li class=\"heateorSssSharingRound\"><i style=\"width:35px;height:35px;border-radius:999px;\" alt=\"Whatsapp\" Title=\"Whatsapp\" class=\"heateorSssSharing heateorSssWhatsappBackground\" onclick='heateorSssPopup(\"https:\/\/web.whatsapp.com\/send?text=Nuevo%20%22round%22%20entre%20Fiscal%C3%ADa%20y%20Contralor%C3%ADa.%20Por%20Santiago%20Mart%C3%ADnez%20Hern%C3%A1ndez%20%28EL%20ESPECTADOR%29.%20Por%20%C3%93scar%20Humberto%20G%C3%B3mez%20G%C3%B3mez https%3A%2F%2Foscarhumbertogomez.com%2Findex.php%3Frest_route%3D%252Fwp%252Fv2%252Fposts%252F14671\")'><ss style=\"display:block\" class=\"heateorSssSharingSvg heateorSssWhatsappSvg\"><\/ss><\/i><\/li><li class=\"heateorSssSharingRound\"><i style=\"width:35px;height:35px;border-radius:999px;\" alt=\"Pinterest\" Title=\"Pinterest\" class=\"heateorSssSharing heateorSssPinterestBackground\" onclick=\"javascript:void( (function() {var e=document.createElement('script' );e.setAttribute('type','text\/javascript' );e.setAttribute('charset','UTF-8' );e.setAttribute('src','\/\/assets.pinterest.com\/js\/pinmarklet.js?r='+Math.random()*99999999);document.body.appendChild(e)})());\"><ss style=\"display:block;border-radius:999px;\" class=\"heateorSssSharingSvg heateorSssPinterestSvg\"><\/ss><\/i><\/li><li class=\"heateorSssSharingRound\"><i style=\"width:35px;height:35px;border-radius:999px;\" alt=\"Google Gmail\" Title=\"Google Gmail\" class=\"heateorSssSharing heateorSssGoogleGmailBackground\" onclick='heateorSssPopup(\"https:\/\/mail.google.com\/mail\/?ui=2&view=cm&fs=1&tf=1&su=Nuevo%20%22round%22%20entre%20Fiscal%C3%ADa%20y%20Contralor%C3%ADa.%20Por%20Santiago%20Mart%C3%ADnez%20Hern%C3%A1ndez%20%28EL%20ESPECTADOR%29.%20Por%20%C3%93scar%20Humberto%20G%C3%B3mez%20G%C3%B3mez&body=Link:https%3A%2F%2Foscarhumbertogomez.com%2Findex.php%3Frest_route%3D%252Fwp%252Fv2%252Fposts%252F14671\")'><ss style=\"display:block;border-radius:999px;\" class=\"heateorSssSharingSvg heateorSssGoogleGmailSvg\"><\/ss><\/i><\/li><li class=\"heateorSssSharingRound\"><i style=\"width:35px;height:35px;border-radius:999px;\" title=\"More\" alt=\"More\" class=\"heateorSssSharing heateorSssMoreBackground\" onclick=\"heateorSssMoreSharingPopup(this, 'https:\/\/oscarhumbertogomez.com\/index.php?rest_route=%2Fwp%2Fv2%2Fposts%2F14671', 'Nuevo%20%22round%22%20entre%20Fiscal%C3%ADa%20y%20Contralor%C3%ADa.%20Por%20Santiago%20Mart%C3%ADnez%20Hern%C3%A1ndez%20%28EL%20ESPECTADOR%29.%20Por%20%C3%93scar%20Humberto%20G%C3%B3mez%20G%C3%B3mez', '' )\" ><ss style=\"display:block\" class=\"heateorSssSharingSvg heateorSssMoreSvg\"><\/ss><\/i><\/li><\/ul><div class=\"heateorSssClear\"><\/div><\/div><div class='heateorSssClear'><\/div>","protected":false},"author":2,"featured_media":0,"comment_status":"closed","ping_status":"closed","sticky":false,"template":"","format":"standard","meta":{"spay_email":"","footnotes":""},"categories":[11],"tags":[],"class_list":["post-14671","post","type-post","status-publish","format-standard","hentry","category-periodismo"],"jetpack_featured_media_url":"","jetpack_shortlink":"https:\/\/wp.me\/p1FYrr-3OD","_links":{"self":[{"href":"https:\/\/oscarhumbertogomez.com\/index.php?rest_route=\/wp\/v2\/posts\/14671","targetHints":{"allow":["GET"]}}],"collection":[{"href":"https:\/\/oscarhumbertogomez.com\/index.php?rest_route=\/wp\/v2\/posts"}],"about":[{"href":"https:\/\/oscarhumbertogomez.com\/index.php?rest_route=\/wp\/v2\/types\/post"}],"author":[{"embeddable":true,"href":"https:\/\/oscarhumbertogomez.com\/index.php?rest_route=\/wp\/v2\/users\/2"}],"replies":[{"embeddable":true,"href":"https:\/\/oscarhumbertogomez.com\/index.php?rest_route=%2Fwp%2Fv2%2Fcomments&post=14671"}],"version-history":[{"count":4,"href":"https:\/\/oscarhumbertogomez.com\/index.php?rest_route=\/wp\/v2\/posts\/14671\/revisions"}],"predecessor-version":[{"id":52515,"href":"https:\/\/oscarhumbertogomez.com\/index.php?rest_route=\/wp\/v2\/posts\/14671\/revisions\/52515"}],"wp:attachment":[{"href":"https:\/\/oscarhumbertogomez.com\/index.php?rest_route=%2Fwp%2Fv2%2Fmedia&parent=14671"}],"wp:term":[{"taxonomy":"category","embeddable":true,"href":"https:\/\/oscarhumbertogomez.com\/index.php?rest_route=%2Fwp%2Fv2%2Fcategories&post=14671"},{"taxonomy":"post_tag","embeddable":true,"href":"https:\/\/oscarhumbertogomez.com\/index.php?rest_route=%2Fwp%2Fv2%2Ftags&post=14671"}],"curies":[{"name":"wp","href":"https:\/\/api.w.org\/{rel}","templated":true}]}}