{"id":14698,"date":"2014-12-23T17:11:43","date_gmt":"2014-12-23T22:11:43","guid":{"rendered":"http:\/\/www.oscarhumbertogomez.com\/?p=14698"},"modified":"2025-03-11T08:31:27","modified_gmt":"2025-03-11T13:31:27","slug":"de-alix-serrano-otero-memorias-del-barrio-mutis-46-anos-de-bellos-recuerdos-por-oscar-humberto-gomez-gomez-miembro-correspondiente-de-la-academia-de-historia-de-santander","status":"publish","type":"post","link":"https:\/\/oscarhumbertogomez.com\/?p=14698","title":{"rendered":"De Alix Serrano Otero &#8220;MEMORIAS DEL BARRIO MUTIS. 46 a\u00f1os de bellos recuerdos&#8221;. Por \u00d3scar Humberto G\u00f3mez G\u00f3mez, Miembro Correspondiente de la Academia de Historia de Santander"},"content":{"rendered":"<p><img decoding=\"async\" class=\"aligncenter size-full wp-image-14699\" title=\"PORTADA BARRIO MUTIS\" src=\"https:\/\/lapiedrafilosofal.com\/wp-content\/uploads\/2014\/12\/PORTADA-BARRIO-MUTIS.jpg\" alt=\"\" width=\"900\" srcset=\"https:\/\/oscarhumbertogomez.com\/wp-content\/uploads\/2014\/12\/PORTADA-BARRIO-MUTIS.jpg 439w, https:\/\/oscarhumbertogomez.com\/wp-content\/uploads\/2014\/12\/PORTADA-BARRIO-MUTIS-206x300.jpg 206w\" sizes=\"(max-width: 439px) 100vw, 439px\" \/><\/p>\n<p>&nbsp;<\/p>\n<p>La escritora santandereana Alix Serrano Otero ha publicado una obra que recoge el devenir hist\u00f3rico del barrio Mutis, el conglomerado social que naci\u00f3 y creci\u00f3 al occidente del Llano de los Ord\u00f3\u00f1ez, m\u00e1s tarde la pista del que fuera el aeropuerto que llev\u00f3 el nombre del tr\u00e1gicamente desaparecido piloto de la Fuerza A\u00e9rea Colombiana Capit\u00e1n Luis G\u00f3mez Ni\u00f1o, desde el cual decolaban y en el cual aterrizaban los aviones de Taxader, y donde hoy en d\u00eda se levanta, rindiendo culto cotidiano al trabajo y a la esperanza, la inmensa Ciudadela Real de Minas de Bucaramanga.<\/p>\n<p>&nbsp;<\/p>\n<p><img decoding=\"async\" class=\"aligncenter size-full wp-image-14699\" title=\"PORTADA BARRIO MUTIS\" src=\"https:\/\/lapiedrafilosofal.com\/wp-content\/uploads\/2014\/12\/PORTADA-BARRIO-MUTIS.jpg\" alt=\"\" width=\"900\" srcset=\"https:\/\/oscarhumbertogomez.com\/wp-content\/uploads\/2014\/12\/PORTADA-BARRIO-MUTIS.jpg 439w, https:\/\/oscarhumbertogomez.com\/wp-content\/uploads\/2014\/12\/PORTADA-BARRIO-MUTIS-206x300.jpg 206w\" sizes=\"(max-width: 439px) 100vw, 439px\" \/><\/p>\n<p>&nbsp;<\/p>\n<p>El barrio Mutis est\u00e1 asociado tambi\u00e9n a nuestros recuerdos. Por all\u00e1 en el lejano 1971, en efecto, a bordo de un bus urbano, yo recorr\u00eda la carretera por donde se ingresaba al barrio, para llegar hasta la casa en la que viv\u00eda Victoria Dur\u00e1n, de quien cre\u00eda estar enamorado, con el prop\u00f3sito de conquistarla a punta de canciones, esquelas y caramelos &#8211; no sab\u00eda exactamente por qu\u00e9, ni para qu\u00e9 &#8211; en una \u00e9poca dorada en la que a\u00fan yo, igual que el gran Gabo, era feliz e indocumentado, el mundo todav\u00eda no sucumb\u00eda a los arrabales de la ordinariez, y los poemas, las serenatas y la dulzura del primer beso le imprim\u00edan al amor &#8211; o a lo que uno en su candidez cre\u00eda que era el amor &#8211; aquella magia hermosa y cautivadora que, en todo caso, nunca debi\u00f3 perder.<\/p>\n<p>&nbsp;<\/p>\n<div id=\"attachment_14700\" style=\"width: 1210px\" class=\"wp-caption aligncenter\"><img decoding=\"async\" aria-describedby=\"caption-attachment-14700\" class=\"size-full wp-image-14700\" title=\"AEROPUERTO G\u00d3MEZ NI\u00d1O\" src=\"https:\/\/lapiedrafilosofal.com\/wp-content\/uploads\/2014\/12\/AEROPUERTO-G\u00d3MEZ-NI\u00d1O.jpeg\" alt=\"\" width=\"1200\"><p id=\"caption-attachment-14700\" class=\"wp-caption-text\">AEROPUERTO G\u00d3MEZ NI\u00d1O, de Bucaramanga, a\u00f1os 60<\/p><\/div>\n<p>&nbsp;<\/p>\n<p>Nuestro portal registra complacido este nuevo y valioso aporte al conocimiento de nuestra historia y al redescubrimiento de nuestra cultura aut\u00f3ctona.<\/p>\n<p>&nbsp;<\/p>\n<div id=\"attachment_14705\" style=\"width: 1110px\" class=\"wp-caption aligncenter\"><img decoding=\"async\" aria-describedby=\"caption-attachment-14705\" class=\"size-full wp-image-14705\" title=\"AVI\u00d3N HK873 DE TAXADER.\" src=\"https:\/\/lapiedrafilosofal.com\/wp-content\/uploads\/2014\/12\/AVI\u00d3N-HK873-DE-TAXADER.-.jpg\" alt=\"\" width=\"1100\" srcset=\"https:\/\/oscarhumbertogomez.com\/wp-content\/uploads\/2014\/12\/AVI\u00d3N-HK873-DE-TAXADER.-.jpg 550w, https:\/\/oscarhumbertogomez.com\/wp-content\/uploads\/2014\/12\/AVI\u00d3N-HK873-DE-TAXADER.--300x200.jpg 300w\" sizes=\"(max-width: 550px) 100vw, 550px\" \/><p id=\"caption-attachment-14705\" class=\"wp-caption-text\">AVI\u00d3N HK873 DE TAXADER<\/p><\/div>\n<p>&nbsp;<\/p>\n<p>Felicitamos a la distinguida autora por su libro y le agradecemos, como bumangueses de pura cepa que somos, todo cuanto este trabajo de investigaci\u00f3n nos ense\u00f1ar\u00e1 alrededor de lo que fue la construcci\u00f3n de ese importante sector citadino, el mismo que se congrega por estas calendas alrededor del templo de Nuestra Se\u00f1ora de la Consolata para celebrar las festividades decembrinas con esa alegr\u00eda incomparable e insuperable de las gentes sencillas, trabajadoras y honorables como lo son los habitantes del Mutis; de nuestro querido y siempre gratamente recordado barrio Mutis.<\/p>\n<p>&nbsp;<\/p>\n<div id=\"attachment_14707\" style=\"width: 1034px\" class=\"wp-caption aligncenter\"><img loading=\"lazy\" decoding=\"async\" aria-describedby=\"caption-attachment-14707\" class=\"size-full wp-image-14707\" title=\"BARRIO MUTIS IGLESIA DE LA CONSOLATA\" src=\"https:\/\/lapiedrafilosofal.com\/wp-content\/uploads\/2014\/12\/BARRIO-MUTIS-IGLESIA-DE-LA-CONSOLATA.jpg\" alt=\"\" width=\"1024\" height=\"768\" srcset=\"https:\/\/oscarhumbertogomez.com\/wp-content\/uploads\/2014\/12\/BARRIO-MUTIS-IGLESIA-DE-LA-CONSOLATA.jpg 1024w, https:\/\/oscarhumbertogomez.com\/wp-content\/uploads\/2014\/12\/BARRIO-MUTIS-IGLESIA-DE-LA-CONSOLATA-300x225.jpg 300w\" sizes=\"auto, (max-width: 1024px) 100vw, 1024px\" \/><p id=\"caption-attachment-14707\" class=\"wp-caption-text\">IGLESIA NUESTRA SE\u00d1ORA DE LA CONSOLATA \/ Barrio Mutis \/ Bucaramanga &#8211; Santander (Colombia)<\/p><\/div>\n<p>&nbsp;<\/p>\n<p>A continuaci\u00f3n publicamos el texto de la misiva con la que tan amablemente nos participa la aparici\u00f3n de su libro en el escenario cultural e hist\u00f3rico santandereano la autora de &#8220;<strong>MEMORIAS DEL BARRIO MUTIS. 46 a\u00f1os de bellos recuerdos<\/strong>&#8220;. Por adelantado, un mill\u00f3n de gracias, do\u00f1a Alix: para nosotros tambi\u00e9n son bellos.<\/p>\n<p>&nbsp;<\/p>\n<div id=\"attachment_14711\" style=\"width: 1034px\" class=\"wp-caption aligncenter\"><img loading=\"lazy\" decoding=\"async\" aria-describedby=\"caption-attachment-14711\" class=\"size-full wp-image-14711\" title=\"BARRIO MUTIS\" src=\"https:\/\/lapiedrafilosofal.com\/wp-content\/uploads\/2014\/12\/BARRIO-MUTIS.jpg\" alt=\"\" width=\"1024\" height=\"768\" srcset=\"https:\/\/oscarhumbertogomez.com\/wp-content\/uploads\/2014\/12\/BARRIO-MUTIS.jpg 1024w, https:\/\/oscarhumbertogomez.com\/wp-content\/uploads\/2014\/12\/BARRIO-MUTIS-300x225.jpg 300w\" sizes=\"auto, (max-width: 1024px) 100vw, 1024px\" \/><p id=\"caption-attachment-14711\" class=\"wp-caption-text\">BARRIO MUTIS \/ Bucaramanga &#8211; Santander (Colombia)<\/p><\/div>\n<p>&nbsp;<\/p>\n<p>(Por adelantado, un mill\u00f3n de gracias, do\u00f1a Alix: para nosotros tambi\u00e9n son bellos).<\/p>\n<p>&nbsp;<\/p>\n<p><img decoding=\"async\" class=\"aligncenter size-full wp-image-14699\" title=\"PORTADA BARRIO MUTIS\" src=\"https:\/\/lapiedrafilosofal.com\/wp-content\/uploads\/2014\/12\/PORTADA-BARRIO-MUTIS.jpg\" alt=\"\" width=\"900\" srcset=\"https:\/\/oscarhumbertogomez.com\/wp-content\/uploads\/2014\/12\/PORTADA-BARRIO-MUTIS.jpg 439w, https:\/\/oscarhumbertogomez.com\/wp-content\/uploads\/2014\/12\/PORTADA-BARRIO-MUTIS-206x300.jpg 206w\" sizes=\"(max-width: 439px) 100vw, 439px\" \/><\/p>\n<p>&nbsp;<\/p>\n<p><em>&#8220;Me permito compartirle un proyecto cultural sobre la historia del barrio mutis, que tuve la oportunidad de editar hace poco, titulada: &#8220;Memorias del barrio Mutis, 46 a\u00f1os de bellos recuerdos&#8221;. Adjunto env\u00edo presentaci\u00f3n de esta obra, por si le interesa adquirir esta edici\u00f3n, que se sumar\u00eda de alguna forma al interesante libro que Usted escribi\u00f3 sobre la Historia de Bucaramanga.<\/em><\/p>\n<p><em>El libro consta de 13 cap\u00edtulos distribuidos as\u00ed:<\/em><\/p>\n<p><em>I. Aeropuerto G\u00f3mez Ni\u00f1o.<\/em><br \/>\n<em> 1. Rese\u00f1a Hist\u00f3rica del Barrio.<\/em><br \/>\n<em> 2. Hechos que empa\u00f1aron el entorno.<\/em><br \/>\n<em> 3. Reinados Comunales.<\/em><br \/>\n<em> 4. Presidentes de la acci\u00f3n comunal ya fallecidos.<\/em><br \/>\n<em> 5. Periodistas que vivieron en el barrio.<\/em><br \/>\n<em> 6. Primeros supermercados del sector.<\/em><br \/>\n<em> 7. Algunos eventos de importancia.<\/em><br \/>\n<em> 7.1 Primera ruta de bus.<\/em><br \/>\n<em> 7.2 Sistema de l\u00ednea telef\u00f3nica.<\/em><br \/>\n<em> 7.3 Abastecimiento del agua.<\/em><br \/>\n<em> 7.4 Epoca del gas.<\/em><br \/>\n<em> 7.5 Melcochas bailables.<\/em><br \/>\n<em> 7.6 Mis aguinaldos.<\/em><\/p>\n<p><em>II. Entidades Educativas &#8211; Primeros colegios.<\/em><br \/>\n<em> III. Parroquia Nuestra Se\u00f1ora de la Consolata.<\/em><br \/>\n<em> IV. Biblioteca Mar\u00eda Isabel Parra -Woman&#8217;s Club-.<\/em><br \/>\n<em> V. Acoapacos.<\/em><br \/>\n<em> VI.Parques que conforman el barrio.<\/em><br \/>\n<em> VII.Algunos personajes sobresalientes de la comunidad.<\/em><br \/>\n<em> VIII.Entes de servicio social.<\/em><br \/>\n<em> IX. Principales negocios de la comunidad Mutis.<\/em><br \/>\n<em> X. Canchas del barrio.<\/em><br \/>\n<em> XI.Rutas de transporte.<\/em><br \/>\n<em> XII.Otros sitios de inter\u00e9s general en el barrio.<\/em><br \/>\n<em> XIII.Requerimientos y necesidades de nuestro sector&#8221;<\/em>.<\/p>\n<p>&nbsp;<\/p>\n<p><img decoding=\"async\" class=\"aligncenter size-full wp-image-14699\" title=\"PORTADA BARRIO MUTIS\" src=\"https:\/\/lapiedrafilosofal.com\/wp-content\/uploads\/2014\/12\/PORTADA-BARRIO-MUTIS.jpg\" alt=\"\" width=\"900\" srcset=\"https:\/\/oscarhumbertogomez.com\/wp-content\/uploads\/2014\/12\/PORTADA-BARRIO-MUTIS.jpg 439w, https:\/\/oscarhumbertogomez.com\/wp-content\/uploads\/2014\/12\/PORTADA-BARRIO-MUTIS-206x300.jpg 206w\" sizes=\"(max-width: 439px) 100vw, 439px\" \/><\/p>\n<p>&nbsp;<\/p>\n<p>Por supuesto que no solo lo adquiriremos, do\u00f1a Alix, sino que lo leeremos con fruici\u00f3n.<\/p>\n<p>Es un deber de todo bumangu\u00e9s hacerlo.<\/p>\n<p>&nbsp;<\/p>\n","protected":false},"excerpt":{"rendered":"<p>&nbsp; La escritora santandereana Alix Serrano Otero ha publicado una obra que recoge el devenir hist\u00f3rico del barrio Mutis, el conglomerado social que naci\u00f3 y creci\u00f3 al occidente del Llano de los Ord\u00f3\u00f1ez, m\u00e1s tarde la pista del que fuera &hellip; <a href=\"https:\/\/oscarhumbertogomez.com\/?p=14698\">Sigue leyendo <span class=\"meta-nav\">&rarr;<\/span><\/a><\/p>\n<div class='heateorSssClear'><\/div><div  class='heateor_sss_sharing_container heateor_sss_horizontal_sharing' heateor-sss-data-href='https:\/\/oscarhumbertogomez.com\/?p=14698'><div class='heateor_sss_sharing_title' style=\"font-weight:bold\" >\u00a1Gracias por compartirla!<\/div><ul class=\"heateor_sss_sharing_ul\"><li class=\"heateorSssSharingRound\"><i style=\"width:35px;height:35px;border-radius:999px;\" alt=\"Facebook\" Title=\"Facebook\" class=\"heateorSssSharing heateorSssFacebookBackground\" onclick='heateorSssPopup(\"https:\/\/www.facebook.com\/sharer\/sharer.php?u=https%3A%2F%2Foscarhumbertogomez.com%2Findex.php%3Frest_route%3D%252Fwp%252Fv2%252Fposts%252F14698\")'><ss style=\"display:block;border-radius:999px;\" class=\"heateorSssSharingSvg heateorSssFacebookSvg\"><\/ss><\/i><\/li><li class=\"heateorSssSharingRound\"><i style=\"width:35px;height:35px;border-radius:999px;\" alt=\"Twitter\" Title=\"Twitter\" class=\"heateorSssSharing heateorSssTwitterBackground\" onclick='heateorSssPopup(\"http:\/\/twitter.com\/intent\/tweet?text=De%20Alix%20Serrano%20Otero%20%22MEMORIAS%20DEL%20BARRIO%20MUTIS.%2046%20a%C3%B1os%20de%20bellos%20recuerdos%22.%20Por%20%C3%93scar%20Humberto%20G%C3%B3mez%20G%C3%B3mez%2C%20Miembro%20Correspondiente%20de%20la%20Academia%20de%20Historia%20de%20Santander&url=https%3A%2F%2Foscarhumbertogomez.com%2Findex.php%3Frest_route%3D%252Fwp%252Fv2%252Fposts%252F14698\")'><ss style=\"display:block;border-radius:999px;\" class=\"heateorSssSharingSvg heateorSssTwitterSvg\"><\/ss><\/i><\/li><li class=\"heateorSssSharingRound\"><i style=\"width:35px;height:35px;border-radius:999px;\" alt=\"Whatsapp\" Title=\"Whatsapp\" class=\"heateorSssSharing heateorSssWhatsappBackground\" onclick='heateorSssPopup(\"https:\/\/web.whatsapp.com\/send?text=De%20Alix%20Serrano%20Otero%20%22MEMORIAS%20DEL%20BARRIO%20MUTIS.%2046%20a%C3%B1os%20de%20bellos%20recuerdos%22.%20Por%20%C3%93scar%20Humberto%20G%C3%B3mez%20G%C3%B3mez%2C%20Miembro%20Correspondiente%20de%20la%20Academia%20de%20Historia%20de%20Santander https%3A%2F%2Foscarhumbertogomez.com%2Findex.php%3Frest_route%3D%252Fwp%252Fv2%252Fposts%252F14698\")'><ss style=\"display:block\" class=\"heateorSssSharingSvg heateorSssWhatsappSvg\"><\/ss><\/i><\/li><li class=\"heateorSssSharingRound\"><i style=\"width:35px;height:35px;border-radius:999px;\" alt=\"Pinterest\" Title=\"Pinterest\" class=\"heateorSssSharing heateorSssPinterestBackground\" onclick=\"javascript:void( (function() {var e=document.createElement('script' );e.setAttribute('type','text\/javascript' );e.setAttribute('charset','UTF-8' );e.setAttribute('src','\/\/assets.pinterest.com\/js\/pinmarklet.js?r='+Math.random()*99999999);document.body.appendChild(e)})());\"><ss style=\"display:block;border-radius:999px;\" class=\"heateorSssSharingSvg heateorSssPinterestSvg\"><\/ss><\/i><\/li><li class=\"heateorSssSharingRound\"><i style=\"width:35px;height:35px;border-radius:999px;\" alt=\"Google Gmail\" Title=\"Google Gmail\" class=\"heateorSssSharing heateorSssGoogleGmailBackground\" onclick='heateorSssPopup(\"https:\/\/mail.google.com\/mail\/?ui=2&view=cm&fs=1&tf=1&su=De%20Alix%20Serrano%20Otero%20%22MEMORIAS%20DEL%20BARRIO%20MUTIS.%2046%20a%C3%B1os%20de%20bellos%20recuerdos%22.%20Por%20%C3%93scar%20Humberto%20G%C3%B3mez%20G%C3%B3mez%2C%20Miembro%20Correspondiente%20de%20la%20Academia%20de%20Historia%20de%20Santander&body=Link:https%3A%2F%2Foscarhumbertogomez.com%2Findex.php%3Frest_route%3D%252Fwp%252Fv2%252Fposts%252F14698\")'><ss style=\"display:block;border-radius:999px;\" class=\"heateorSssSharingSvg heateorSssGoogleGmailSvg\"><\/ss><\/i><\/li><li class=\"heateorSssSharingRound\"><i style=\"width:35px;height:35px;border-radius:999px;\" title=\"More\" alt=\"More\" class=\"heateorSssSharing heateorSssMoreBackground\" onclick=\"heateorSssMoreSharingPopup(this, 'https:\/\/oscarhumbertogomez.com\/index.php?rest_route=%2Fwp%2Fv2%2Fposts%2F14698', 'De%20Alix%20Serrano%20Otero%20%22MEMORIAS%20DEL%20BARRIO%20MUTIS.%2046%20a%C3%B1os%20de%20bellos%20recuerdos%22.%20Por%20%C3%93scar%20Humberto%20G%C3%B3mez%20G%C3%B3mez%2C%20Miembro%20Correspondiente%20de%20la%20Academia%20de%20Historia%20de%20Santander', '' )\" ><ss style=\"display:block\" class=\"heateorSssSharingSvg heateorSssMoreSvg\"><\/ss><\/i><\/li><\/ul><div class=\"heateorSssClear\"><\/div><\/div><div class='heateorSssClear'><\/div>","protected":false},"author":2,"featured_media":0,"comment_status":"open","ping_status":"open","sticky":false,"template":"","format":"standard","meta":{"spay_email":"","footnotes":""},"categories":[12,16],"tags":[],"class_list":["post-14698","post","type-post","status-publish","format-standard","hentry","category-historia","category-libros"],"jetpack_featured_media_url":"","jetpack_shortlink":"https:\/\/wp.me\/p1FYrr-3P4","_links":{"self":[{"href":"https:\/\/oscarhumbertogomez.com\/index.php?rest_route=\/wp\/v2\/posts\/14698","targetHints":{"allow":["GET"]}}],"collection":[{"href":"https:\/\/oscarhumbertogomez.com\/index.php?rest_route=\/wp\/v2\/posts"}],"about":[{"href":"https:\/\/oscarhumbertogomez.com\/index.php?rest_route=\/wp\/v2\/types\/post"}],"author":[{"embeddable":true,"href":"https:\/\/oscarhumbertogomez.com\/index.php?rest_route=\/wp\/v2\/users\/2"}],"replies":[{"embeddable":true,"href":"https:\/\/oscarhumbertogomez.com\/index.php?rest_route=%2Fwp%2Fv2%2Fcomments&post=14698"}],"version-history":[{"count":6,"href":"https:\/\/oscarhumbertogomez.com\/index.php?rest_route=\/wp\/v2\/posts\/14698\/revisions"}],"predecessor-version":[{"id":52236,"href":"https:\/\/oscarhumbertogomez.com\/index.php?rest_route=\/wp\/v2\/posts\/14698\/revisions\/52236"}],"wp:attachment":[{"href":"https:\/\/oscarhumbertogomez.com\/index.php?rest_route=%2Fwp%2Fv2%2Fmedia&parent=14698"}],"wp:term":[{"taxonomy":"category","embeddable":true,"href":"https:\/\/oscarhumbertogomez.com\/index.php?rest_route=%2Fwp%2Fv2%2Fcategories&post=14698"},{"taxonomy":"post_tag","embeddable":true,"href":"https:\/\/oscarhumbertogomez.com\/index.php?rest_route=%2Fwp%2Fv2%2Ftags&post=14698"}],"curies":[{"name":"wp","href":"https:\/\/api.w.org\/{rel}","templated":true}]}}