{"id":14773,"date":"2014-12-27T13:34:40","date_gmt":"2014-12-27T18:34:40","guid":{"rendered":"http:\/\/www.oscarhumbertogomez.com\/?p=14773"},"modified":"2025-04-03T09:38:55","modified_gmt":"2025-04-03T14:38:55","slug":"perecio-un-lider-de-la-aviacion-en-santander-por-rafael-serrano-prada","status":"publish","type":"post","link":"https:\/\/oscarhumbertogomez.com\/?p=14773","title":{"rendered":"Pereci\u00f3 un l\u00edder de la aviaci\u00f3n en Santander. Por Rafael Serrano Prada [*]"},"content":{"rendered":"<p><img decoding=\"async\" class=\"aligncenter size-medium wp-image-14774\" title=\"RAFAEL SERRANO PRADA I\" src=\"https:\/\/lapiedrafilosofal.com\/wp-content\/uploads\/2014\/12\/RAFAEL-SERRANO-PRADA-I-248x300.jpg\" alt=\"\" width=\"500\" height=\"\" srcset=\"https:\/\/oscarhumbertogomez.com\/wp-content\/uploads\/2014\/12\/RAFAEL-SERRANO-PRADA-I-248x300.jpg 248w, https:\/\/oscarhumbertogomez.com\/wp-content\/uploads\/2014\/12\/RAFAEL-SERRANO-PRADA-I-849x1024.jpg 849w, https:\/\/oscarhumbertogomez.com\/wp-content\/uploads\/2014\/12\/RAFAEL-SERRANO-PRADA-I.jpg 1200w\" sizes=\"(max-width: 248px) 100vw, 248px\" \/><\/p>\n<p>&nbsp;<\/p>\n<p>El Gordo Rueda, como le dec\u00edamos cari\u00f1osamente sus amigos, se hab\u00eda sometido a la aplicaci\u00f3n del bal\u00f3n g\u00e1strico para reducir peso porque la avioneta que piloteaba durante muchos a\u00f1os deb\u00eda multiplicar su esfuerzo cuando el n\u00famero de pasajeros copaba los siete puestos distribuidos por el estrecho fuselaje del aparato. Jam\u00e1s, durante veintisiete a\u00f1os de experiencia, volando por los aires de Santander, hab\u00eda sentido temor por el remolino de los vientos que sacuden la estructura de las aeronaves en el Ca\u00f1\u00f3n del Chicamocha, en el cruce de la cordillera de Yarigu\u00edes, en la peligrosa turbulencia de la ruta a M\u00e1laga, donde varios de sus colegas han perdido la vida.<\/p>\n<p>Carlos Alberto Rueda Pinz\u00f3n era hijo del ex alcalde de Bucaramanga y ex gerente del Acueducto Metropolitano Eduardo Rueda Clausen, el \u00faltimo basti\u00f3n de la independencia pol\u00edtica y administrativa, que se regodeaba enfrentando al gobierno del ex presidente Alfonso L\u00f3pez Michelsen, que le despoj\u00f3 al sector privado santandereano el derecho a la propiedad en la empresa del Acueducto. Su hijo Carlos Alberto desafi\u00f3 la turbulencia de los cielos de Santander y era el amigo de ministros, gobernadores, parlamentarios, alcaldes, empresarios, cl\u00e9rigos y l\u00edderes sociales que utilizaban sus servicios.<\/p>\n<p>Desde muy tempranas horas de la ma\u00f1ana, el capit\u00e1n Carlos Alberto Rueda Pinz\u00f3n se instalaba en el aeropuerto internacional de Palonegro con su peque\u00f1a avioneta Cessna 207, que realizaba vuelos permanentes a los aeropuertos regionales de Santander, Cesar, Sur de Bol\u00edvar y los Llanos Orientales. Nunca pens\u00f3 que el d\u00eda de la Navidad terminara su periplo mortal por este valle de l\u00e1grimas.<\/p>\n<p>Piloteaba la avioneta de matr\u00edcula HK 4892, monomotor, que bramaba en el ca\u00f1\u00f3n del Chicamocha, llevando pasajeros a la ciudad de M\u00e1laga y hab\u00eda consentido el peligro en muchas ocasiones, ateni\u00e9ndose a la experiencia de navegar por los aires de Santander, que son especialmente agitados en las zonas de la cordillera oriental y en la cordillera de Yarigu\u00edes, donde las aeronaves se mecen como hojas de papel que se las lleva el viento.<\/p>\n<p>En los farallones de Umpal\u00e1, donde otrora habitaron las tribus ind\u00edgenas, recreaba su pensamiento, observando c\u00f3mo se convertir\u00edan esas bre\u00f1as en zonas des\u00e9rticas, donde solamente crecen las guas\u00e1baras que pinchan la piel de los animales caprinos y de los seres humanos que se atreven a tocarlas. El Ca\u00f1\u00f3n del Chicamocha fue el centro de sus experiencias en el ejercicio de su profesi\u00f3n y recordaba momentos dif\u00edciles, que anteriormente hab\u00eda tenido que superar para llegar a los aeropuertos de la regi\u00f3n.<\/p>\n<p>Talvez nunca pensaba en la muerte, porque la Parca lo sorprendi\u00f3 desprevenido en la fecha hermosa de la Navidad, el pasado veinticuatro de diciembre, a las dos y treinta de la tarde, cuando zarpaba del aeropuerto Internacional de Palonegro, con seis pasajeros hacia la ciudad de M\u00e1laga, en la fr\u00e1gil aeronave que hab\u00eda adquirido hace poco tiempo. La avioneta sufri\u00f3 una falla mec\u00e1nica y se vino a tierra. Alcanz\u00f3 a pedir ayuda a la torre de control, advirtiendo que hab\u00eda una fuga de aceite y que el \u00fanico motor de la aeronave perd\u00eda potencia. Uno de los pasajeros alcanz\u00f3 a llamar a su familia por el tel\u00e9fono celular, poco antes del siniestro.<\/p>\n<p>Con el capit\u00e1n Carlos Alberto Rueda Pinz\u00f3n se fueron tambi\u00e9n vidas e ilusiones de los seis pasajeros, que quedaron muertos en los farallones de Umpal\u00e1, actual corregimiento de Piedecuesta.<\/p>\n<p>La historia del Gordo Rueda deber\u00e1 contarse por cap\u00edtulos, porque fue un hombre honrado, todo un profesional de la aviaci\u00f3n colombiana, que se march\u00f3 junto con sus pasajeros en los veleros blancos de la eternidad, cuando en casa los esperaban para celebrar la noche m\u00e1s importante, la de la Navidad.<\/p>\n<p>Terrible paradoja del destino, que nos deja arrugada el alma por la dimensi\u00f3n de la tragedia.<\/p>\n<p>&nbsp;<\/p>\n<p>* <strong>RAFAEL SERRANO PRADA<\/strong>.\u2014 Periodista, locutor y pol\u00edtico santandereano. Director del diario EL FRENTE de Bucaramanga.<\/p>\n<p>&nbsp;<\/p>\n","protected":false},"excerpt":{"rendered":"<p>&nbsp; El Gordo Rueda, como le dec\u00edamos cari\u00f1osamente sus amigos, se hab\u00eda sometido a la aplicaci\u00f3n del bal\u00f3n g\u00e1strico para reducir peso porque la avioneta que piloteaba durante muchos a\u00f1os deb\u00eda multiplicar su esfuerzo cuando el n\u00famero de pasajeros copaba &hellip; <a href=\"https:\/\/oscarhumbertogomez.com\/?p=14773\">Sigue leyendo <span class=\"meta-nav\">&rarr;<\/span><\/a><\/p>\n<div class='heateorSssClear'><\/div><div  class='heateor_sss_sharing_container heateor_sss_horizontal_sharing' heateor-sss-data-href='https:\/\/oscarhumbertogomez.com\/?p=14773'><div class='heateor_sss_sharing_title' style=\"font-weight:bold\" >\u00a1Gracias por compartirla!<\/div><ul class=\"heateor_sss_sharing_ul\"><li class=\"heateorSssSharingRound\"><i style=\"width:35px;height:35px;border-radius:999px;\" alt=\"Facebook\" Title=\"Facebook\" class=\"heateorSssSharing heateorSssFacebookBackground\" onclick='heateorSssPopup(\"https:\/\/www.facebook.com\/sharer\/sharer.php?u=https%3A%2F%2Foscarhumbertogomez.com%2Findex.php%3Frest_route%3D%252Fwp%252Fv2%252Fposts%252F14773\")'><ss style=\"display:block;border-radius:999px;\" class=\"heateorSssSharingSvg heateorSssFacebookSvg\"><\/ss><\/i><\/li><li class=\"heateorSssSharingRound\"><i style=\"width:35px;height:35px;border-radius:999px;\" alt=\"Twitter\" Title=\"Twitter\" class=\"heateorSssSharing heateorSssTwitterBackground\" onclick='heateorSssPopup(\"http:\/\/twitter.com\/intent\/tweet?text=Pereci%C3%B3%20un%20l%C3%ADder%20de%20la%20aviaci%C3%B3n%20en%20Santander.%20Por%20Rafael%20Serrano%20Prada%20%5B%2A%5D&url=https%3A%2F%2Foscarhumbertogomez.com%2Findex.php%3Frest_route%3D%252Fwp%252Fv2%252Fposts%252F14773\")'><ss style=\"display:block;border-radius:999px;\" class=\"heateorSssSharingSvg heateorSssTwitterSvg\"><\/ss><\/i><\/li><li class=\"heateorSssSharingRound\"><i style=\"width:35px;height:35px;border-radius:999px;\" alt=\"Whatsapp\" Title=\"Whatsapp\" class=\"heateorSssSharing heateorSssWhatsappBackground\" onclick='heateorSssPopup(\"https:\/\/web.whatsapp.com\/send?text=Pereci%C3%B3%20un%20l%C3%ADder%20de%20la%20aviaci%C3%B3n%20en%20Santander.%20Por%20Rafael%20Serrano%20Prada%20%5B%2A%5D https%3A%2F%2Foscarhumbertogomez.com%2Findex.php%3Frest_route%3D%252Fwp%252Fv2%252Fposts%252F14773\")'><ss style=\"display:block\" class=\"heateorSssSharingSvg heateorSssWhatsappSvg\"><\/ss><\/i><\/li><li class=\"heateorSssSharingRound\"><i style=\"width:35px;height:35px;border-radius:999px;\" alt=\"Pinterest\" Title=\"Pinterest\" class=\"heateorSssSharing heateorSssPinterestBackground\" onclick=\"javascript:void( (function() {var e=document.createElement('script' );e.setAttribute('type','text\/javascript' );e.setAttribute('charset','UTF-8' );e.setAttribute('src','\/\/assets.pinterest.com\/js\/pinmarklet.js?r='+Math.random()*99999999);document.body.appendChild(e)})());\"><ss style=\"display:block;border-radius:999px;\" class=\"heateorSssSharingSvg heateorSssPinterestSvg\"><\/ss><\/i><\/li><li class=\"heateorSssSharingRound\"><i style=\"width:35px;height:35px;border-radius:999px;\" alt=\"Google Gmail\" Title=\"Google Gmail\" class=\"heateorSssSharing heateorSssGoogleGmailBackground\" onclick='heateorSssPopup(\"https:\/\/mail.google.com\/mail\/?ui=2&view=cm&fs=1&tf=1&su=Pereci%C3%B3%20un%20l%C3%ADder%20de%20la%20aviaci%C3%B3n%20en%20Santander.%20Por%20Rafael%20Serrano%20Prada%20%5B%2A%5D&body=Link:https%3A%2F%2Foscarhumbertogomez.com%2Findex.php%3Frest_route%3D%252Fwp%252Fv2%252Fposts%252F14773\")'><ss style=\"display:block;border-radius:999px;\" class=\"heateorSssSharingSvg heateorSssGoogleGmailSvg\"><\/ss><\/i><\/li><li class=\"heateorSssSharingRound\"><i style=\"width:35px;height:35px;border-radius:999px;\" title=\"More\" alt=\"More\" class=\"heateorSssSharing heateorSssMoreBackground\" onclick=\"heateorSssMoreSharingPopup(this, 'https:\/\/oscarhumbertogomez.com\/index.php?rest_route=%2Fwp%2Fv2%2Fposts%2F14773', 'Pereci%C3%B3%20un%20l%C3%ADder%20de%20la%20aviaci%C3%B3n%20en%20Santander.%20Por%20Rafael%20Serrano%20Prada%20%5B%2A%5D', '' )\" ><ss style=\"display:block\" class=\"heateorSssSharingSvg heateorSssMoreSvg\"><\/ss><\/i><\/li><\/ul><div class=\"heateorSssClear\"><\/div><\/div><div class='heateorSssClear'><\/div>","protected":false},"author":2,"featured_media":0,"comment_status":"closed","ping_status":"closed","sticky":false,"template":"","format":"standard","meta":{"spay_email":"","footnotes":""},"categories":[1],"tags":[],"class_list":["post-14773","post","type-post","status-publish","format-standard","hentry","category-blog"],"jetpack_featured_media_url":"","jetpack_shortlink":"https:\/\/wp.me\/p1FYrr-3Qh","_links":{"self":[{"href":"https:\/\/oscarhumbertogomez.com\/index.php?rest_route=\/wp\/v2\/posts\/14773","targetHints":{"allow":["GET"]}}],"collection":[{"href":"https:\/\/oscarhumbertogomez.com\/index.php?rest_route=\/wp\/v2\/posts"}],"about":[{"href":"https:\/\/oscarhumbertogomez.com\/index.php?rest_route=\/wp\/v2\/types\/post"}],"author":[{"embeddable":true,"href":"https:\/\/oscarhumbertogomez.com\/index.php?rest_route=\/wp\/v2\/users\/2"}],"replies":[{"embeddable":true,"href":"https:\/\/oscarhumbertogomez.com\/index.php?rest_route=%2Fwp%2Fv2%2Fcomments&post=14773"}],"version-history":[{"count":5,"href":"https:\/\/oscarhumbertogomez.com\/index.php?rest_route=\/wp\/v2\/posts\/14773\/revisions"}],"predecessor-version":[{"id":53496,"href":"https:\/\/oscarhumbertogomez.com\/index.php?rest_route=\/wp\/v2\/posts\/14773\/revisions\/53496"}],"wp:attachment":[{"href":"https:\/\/oscarhumbertogomez.com\/index.php?rest_route=%2Fwp%2Fv2%2Fmedia&parent=14773"}],"wp:term":[{"taxonomy":"category","embeddable":true,"href":"https:\/\/oscarhumbertogomez.com\/index.php?rest_route=%2Fwp%2Fv2%2Fcategories&post=14773"},{"taxonomy":"post_tag","embeddable":true,"href":"https:\/\/oscarhumbertogomez.com\/index.php?rest_route=%2Fwp%2Fv2%2Ftags&post=14773"}],"curies":[{"name":"wp","href":"https:\/\/api.w.org\/{rel}","templated":true}]}}