{"id":14804,"date":"2014-12-28T14:15:51","date_gmt":"2014-12-28T19:15:51","guid":{"rendered":"http:\/\/www.oscarhumbertogomez.com\/?p=14804"},"modified":"2025-04-03T10:32:16","modified_gmt":"2025-04-03T15:32:16","slug":"la-matanza-de-los-inocentes-por-oscar-humberto-gomez-gomez","status":"publish","type":"post","link":"https:\/\/oscarhumbertogomez.com\/?p=14804","title":{"rendered":"La matanza de los inocentes. Por \u00d3scar Humberto G\u00f3mez G\u00f3mez"},"content":{"rendered":"<p><img decoding=\"async\" class=\"aligncenter size-full wp-image-7611\" title=\"OSCAR-HBTO\" src=\"https:\/\/lapiedrafilosofal.com\/wp-content\/uploads\/2013\/03\/OSCAR-HBTO.jpg\" alt=\"\" width=\"500\" height=\"\" srcset=\"https:\/\/oscarhumbertogomez.com\/wp-content\/uploads\/2013\/03\/OSCAR-HBTO.jpg 299w, https:\/\/oscarhumbertogomez.com\/wp-content\/uploads\/2013\/03\/OSCAR-HBTO-200x300.jpg 200w\" sizes=\"(max-width: 299px) 100vw, 299px\" \/><\/p>\n<p>&nbsp;<\/p>\n<p>Herodes el Grande gobern\u00f3 Judea desde el a\u00f1o 40 a.C. hasta el a\u00f1o 4 a.C. Dado que Jes\u00fas, aunque parezca contradictorio, naci\u00f3 hacia el a\u00f1o 4 a.C. (no en el a\u00f1o 1 como calcul\u00f3 err\u00f3neamente Dionisio el Exiguo en el siglo VI), es a este rey a quien se le imputa la matanza de los ni\u00f1os de la comarca de Bel\u00e9n.<\/p>\n<p>&nbsp;<\/p>\n<div id=\"attachment_14820\" style=\"width: 1000px\" class=\"wp-caption aligncenter\"><img loading=\"lazy\" decoding=\"async\" aria-describedby=\"caption-attachment-14820\" class=\"size-full wp-image-14820\" title=\"BEL\u00c9N\" src=\"https:\/\/lapiedrafilosofal.com\/wp-content\/uploads\/2014\/12\/BEL\u00c9N.jpg\" alt=\"\" width=\"990\" height=\"640\" srcset=\"https:\/\/oscarhumbertogomez.com\/wp-content\/uploads\/2014\/12\/BEL\u00c9N.jpg 990w, https:\/\/oscarhumbertogomez.com\/wp-content\/uploads\/2014\/12\/BEL\u00c9N-300x193.jpg 300w\" sizes=\"auto, (max-width: 990px) 100vw, 990px\" \/><p id=\"caption-attachment-14820\" class=\"wp-caption-text\">BEL\u00c9N hoy.<\/p><\/div>\n<p>&nbsp;<\/p>\n<p>La matanza se habr\u00eda producido a ra\u00edz de que el supersticioso rey crey\u00f3 lo que le vaticinaron los magos que pasaron por su palacio en el sentido de que acababa de nacer quien habr\u00eda de destronarlo; para cerciorarse de que cayera el supuesto monarca en potencia, Herodes orden\u00f3 ejecutar a todos los ni\u00f1os menores de dos a\u00f1os.<\/p>\n<p>&nbsp;<\/p>\n<div id=\"attachment_14805\" style=\"width: 650px\" class=\"wp-caption aligncenter\"><img loading=\"lazy\" decoding=\"async\" aria-describedby=\"caption-attachment-14805\" class=\"size-large wp-image-14805\" title=\"Peter_Paul_Rubens_Massacre_of_the_Innocents\" src=\"https:\/\/lapiedrafilosofal.com\/wp-content\/uploads\/2014\/12\/Peter_Paul_Rubens_Massacre_of_the_Innocents-1024x799.jpg\" alt=\"\" width=\"640\" height=\"499\" srcset=\"https:\/\/oscarhumbertogomez.com\/wp-content\/uploads\/2014\/12\/Peter_Paul_Rubens_Massacre_of_the_Innocents-1024x799.jpg 1024w, https:\/\/oscarhumbertogomez.com\/wp-content\/uploads\/2014\/12\/Peter_Paul_Rubens_Massacre_of_the_Innocents-300x234.jpg 300w, https:\/\/oscarhumbertogomez.com\/wp-content\/uploads\/2014\/12\/Peter_Paul_Rubens_Massacre_of_the_Innocents.jpg 1920w\" sizes=\"auto, (max-width: 640px) 100vw, 640px\" \/><p id=\"caption-attachment-14805\" class=\"wp-caption-text\">PETER PAUL RUBENS [pintor alem\u00e1n, 1577 &#8211; 1640]. Masacre de los inocentes.<\/p><\/div>\n<p>&nbsp;<\/p>\n<p>El episodio de la matanza solo encuentra su soporte en uno de los cuatro evangelios, el de san Mateo (Cap\u00edtulo 2, vers\u00edculos 16 a 18). En cambio, el historiador Josefo, nacido cuatro a\u00f1os despu\u00e9s de la crucifixi\u00f3n de Jes\u00fas, (Tito Flavio Josefo, 37 a.C. &#8211; 100 d.C. aprox.), a pesar de haber desnudado toda la maldad de este monarca y narrado sus cr\u00edmenes [<em>Antig\u00fcedades jud\u00edas<\/em>, cap\u00edtulos XV &#8211; XVII], no se refiri\u00f3 a tal matanza. Por ello, hay quienes aseguran que no es un hecho hist\u00f3rico. Para el resto, sin embargo, la sola menci\u00f3n del episodio en el Evangelio seg\u00fan san Mateo es suficiente.<\/p>\n<p>&nbsp;<\/p>\n<div id=\"attachment_14823\" style=\"width: 550px\" class=\"wp-caption aligncenter\"><img decoding=\"async\" aria-describedby=\"caption-attachment-14823\" class=\"size-full wp-image-14823\" title=\"Josefo\" src=\"https:\/\/lapiedrafilosofal.com\/wp-content\/uploads\/2014\/12\/Josefo2.jpg\" alt=\"\" width=\"540\"><p id=\"caption-attachment-14823\" class=\"wp-caption-text\">JOSEFO, seg\u00fan un supuesto retrato suyo elaborado en la antigua Roma.<\/p><\/div>\n<p>&nbsp;<\/p>\n<p>No hay que confundir a este Herodes el Grande con aquel otro Herodes que acept\u00f3 la petici\u00f3n de Salom\u00e9, la hija de su malvada esposa, Herod\u00edas, y mand\u00f3 decapitar a san Juan Bautista. Y es que este episodio sucede cuando ya Jes\u00fas tiene m\u00e1s de 30 a\u00f1os. Recu\u00e9rdese, en efecto, que Juan estaba bautizando en el r\u00edo Jord\u00e1n y hasta all\u00ed lleg\u00f3 Jes\u00fas a bautizarse, y que el bautismo de Jes\u00fas \u2014y el inicio de su predicaci\u00f3n\u2014 tuvo lugar cuando ya contaba con aproximadamente 30 a\u00f1os de edad [Evangelio seg\u00fan san Lucas, cap\u00edtulo 3 vers\u00edculo 23]. Recu\u00e9rdese tambi\u00e9n que es despu\u00e9s cuando a Jes\u00fas le llega la noticia de que Juan ha sido arrestado. Ese otro Herodes es Herodes Antipas. Ante este mismo Herodes Antipas fue que hubo de presentarse Jes\u00fas antes de la crucifixi\u00f3n.<\/p>\n<p>No deja de llamar la atenci\u00f3n el hecho de que hasta hace poco, la matanza de los inocentes se celebraba con un juego de bromas al cabo de las cuales el bromista le dec\u00eda a su v\u00edctima, con una anchurosa sonrisa de satisfacci\u00f3n: &#8220;P\u00e1selo por inocente&#8221;.<\/p>\n<p>Dado que Bel\u00e9n era un pueblo peque\u00f1o y su entorno no era muy poblado, se calcula que en la matanza habr\u00edan muerto unos 20 ni\u00f1os aproximadamente.<\/p>\n<p>&nbsp;<\/p>\n","protected":false},"excerpt":{"rendered":"<p>&nbsp; Herodes el Grande gobern\u00f3 Judea desde el a\u00f1o 40 a.C. hasta el a\u00f1o 4 a.C. Dado que Jes\u00fas, aunque parezca contradictorio, naci\u00f3 hacia el a\u00f1o 4 a.C. (no en el a\u00f1o 1 como calcul\u00f3 err\u00f3neamente Dionisio el Exiguo en &hellip; <a href=\"https:\/\/oscarhumbertogomez.com\/?p=14804\">Sigue leyendo <span class=\"meta-nav\">&rarr;<\/span><\/a><\/p>\n<div class='heateorSssClear'><\/div><div  class='heateor_sss_sharing_container heateor_sss_horizontal_sharing' heateor-sss-data-href='https:\/\/oscarhumbertogomez.com\/?p=14804'><div class='heateor_sss_sharing_title' style=\"font-weight:bold\" >\u00a1Gracias por compartirla!<\/div><ul class=\"heateor_sss_sharing_ul\"><li class=\"heateorSssSharingRound\"><i style=\"width:35px;height:35px;border-radius:999px;\" alt=\"Facebook\" Title=\"Facebook\" class=\"heateorSssSharing heateorSssFacebookBackground\" onclick='heateorSssPopup(\"https:\/\/www.facebook.com\/sharer\/sharer.php?u=https%3A%2F%2Foscarhumbertogomez.com%2Findex.php%3Frest_route%3D%252Fwp%252Fv2%252Fposts%252F14804\")'><ss style=\"display:block;border-radius:999px;\" class=\"heateorSssSharingSvg heateorSssFacebookSvg\"><\/ss><\/i><\/li><li class=\"heateorSssSharingRound\"><i style=\"width:35px;height:35px;border-radius:999px;\" alt=\"Twitter\" Title=\"Twitter\" class=\"heateorSssSharing heateorSssTwitterBackground\" onclick='heateorSssPopup(\"http:\/\/twitter.com\/intent\/tweet?text=La%20matanza%20de%20los%20inocentes.%20Por%20%C3%93scar%20Humberto%20G%C3%B3mez%20G%C3%B3mez&url=https%3A%2F%2Foscarhumbertogomez.com%2Findex.php%3Frest_route%3D%252Fwp%252Fv2%252Fposts%252F14804\")'><ss style=\"display:block;border-radius:999px;\" class=\"heateorSssSharingSvg heateorSssTwitterSvg\"><\/ss><\/i><\/li><li class=\"heateorSssSharingRound\"><i style=\"width:35px;height:35px;border-radius:999px;\" alt=\"Whatsapp\" Title=\"Whatsapp\" class=\"heateorSssSharing heateorSssWhatsappBackground\" onclick='heateorSssPopup(\"https:\/\/web.whatsapp.com\/send?text=La%20matanza%20de%20los%20inocentes.%20Por%20%C3%93scar%20Humberto%20G%C3%B3mez%20G%C3%B3mez https%3A%2F%2Foscarhumbertogomez.com%2Findex.php%3Frest_route%3D%252Fwp%252Fv2%252Fposts%252F14804\")'><ss style=\"display:block\" class=\"heateorSssSharingSvg heateorSssWhatsappSvg\"><\/ss><\/i><\/li><li class=\"heateorSssSharingRound\"><i style=\"width:35px;height:35px;border-radius:999px;\" alt=\"Pinterest\" Title=\"Pinterest\" class=\"heateorSssSharing heateorSssPinterestBackground\" onclick=\"javascript:void( (function() {var e=document.createElement('script' );e.setAttribute('type','text\/javascript' );e.setAttribute('charset','UTF-8' );e.setAttribute('src','\/\/assets.pinterest.com\/js\/pinmarklet.js?r='+Math.random()*99999999);document.body.appendChild(e)})());\"><ss style=\"display:block;border-radius:999px;\" class=\"heateorSssSharingSvg heateorSssPinterestSvg\"><\/ss><\/i><\/li><li class=\"heateorSssSharingRound\"><i style=\"width:35px;height:35px;border-radius:999px;\" alt=\"Google Gmail\" Title=\"Google Gmail\" class=\"heateorSssSharing heateorSssGoogleGmailBackground\" onclick='heateorSssPopup(\"https:\/\/mail.google.com\/mail\/?ui=2&view=cm&fs=1&tf=1&su=La%20matanza%20de%20los%20inocentes.%20Por%20%C3%93scar%20Humberto%20G%C3%B3mez%20G%C3%B3mez&body=Link:https%3A%2F%2Foscarhumbertogomez.com%2Findex.php%3Frest_route%3D%252Fwp%252Fv2%252Fposts%252F14804\")'><ss style=\"display:block;border-radius:999px;\" class=\"heateorSssSharingSvg heateorSssGoogleGmailSvg\"><\/ss><\/i><\/li><li class=\"heateorSssSharingRound\"><i style=\"width:35px;height:35px;border-radius:999px;\" title=\"More\" alt=\"More\" class=\"heateorSssSharing heateorSssMoreBackground\" onclick=\"heateorSssMoreSharingPopup(this, 'https:\/\/oscarhumbertogomez.com\/index.php?rest_route=%2Fwp%2Fv2%2Fposts%2F14804', 'La%20matanza%20de%20los%20inocentes.%20Por%20%C3%93scar%20Humberto%20G%C3%B3mez%20G%C3%B3mez', '' )\" ><ss style=\"display:block\" class=\"heateorSssSharingSvg heateorSssMoreSvg\"><\/ss><\/i><\/li><\/ul><div class=\"heateorSssClear\"><\/div><\/div><div class='heateorSssClear'><\/div>","protected":false},"author":2,"featured_media":0,"comment_status":"open","ping_status":"open","sticky":false,"template":"","format":"standard","meta":{"spay_email":"","footnotes":""},"categories":[1],"tags":[],"class_list":["post-14804","post","type-post","status-publish","format-standard","hentry","category-blog"],"jetpack_featured_media_url":"","jetpack_shortlink":"https:\/\/wp.me\/p1FYrr-3QM","_links":{"self":[{"href":"https:\/\/oscarhumbertogomez.com\/index.php?rest_route=\/wp\/v2\/posts\/14804","targetHints":{"allow":["GET"]}}],"collection":[{"href":"https:\/\/oscarhumbertogomez.com\/index.php?rest_route=\/wp\/v2\/posts"}],"about":[{"href":"https:\/\/oscarhumbertogomez.com\/index.php?rest_route=\/wp\/v2\/types\/post"}],"author":[{"embeddable":true,"href":"https:\/\/oscarhumbertogomez.com\/index.php?rest_route=\/wp\/v2\/users\/2"}],"replies":[{"embeddable":true,"href":"https:\/\/oscarhumbertogomez.com\/index.php?rest_route=%2Fwp%2Fv2%2Fcomments&post=14804"}],"version-history":[{"count":6,"href":"https:\/\/oscarhumbertogomez.com\/index.php?rest_route=\/wp\/v2\/posts\/14804\/revisions"}],"predecessor-version":[{"id":53504,"href":"https:\/\/oscarhumbertogomez.com\/index.php?rest_route=\/wp\/v2\/posts\/14804\/revisions\/53504"}],"wp:attachment":[{"href":"https:\/\/oscarhumbertogomez.com\/index.php?rest_route=%2Fwp%2Fv2%2Fmedia&parent=14804"}],"wp:term":[{"taxonomy":"category","embeddable":true,"href":"https:\/\/oscarhumbertogomez.com\/index.php?rest_route=%2Fwp%2Fv2%2Fcategories&post=14804"},{"taxonomy":"post_tag","embeddable":true,"href":"https:\/\/oscarhumbertogomez.com\/index.php?rest_route=%2Fwp%2Fv2%2Ftags&post=14804"}],"curies":[{"name":"wp","href":"https:\/\/api.w.org\/{rel}","templated":true}]}}