{"id":14815,"date":"2014-12-29T10:24:00","date_gmt":"2014-12-29T15:24:00","guid":{"rendered":"http:\/\/www.oscarhumbertogomez.com\/?p=14815"},"modified":"2014-12-29T10:24:00","modified_gmt":"2014-12-29T15:24:00","slug":"la-muerte-asecha-en-los-aires-y-en-las-carreteras-por-rafael-serrano-prada","status":"publish","type":"post","link":"https:\/\/oscarhumbertogomez.com\/?p=14815","title":{"rendered":"La muerte asecha en los aires y en las carreteras. Por Rafael Serrano Prada [*]"},"content":{"rendered":"<p><img loading=\"lazy\" decoding=\"async\" src=\"https:\/\/lapiedrafilosofal.com\/wp-content\/uploads\/2014\/12\/RAFAEL-SERRANO-PRADA-I2-248x300.jpg\" alt=\"\" title=\"RAFAEL SERRANO PRADA I\" width=\"248\" height=\"300\" class=\"aligncenter size-medium wp-image-14817\" srcset=\"https:\/\/oscarhumbertogomez.com\/wp-content\/uploads\/2014\/12\/RAFAEL-SERRANO-PRADA-I2-248x300.jpg 248w, https:\/\/oscarhumbertogomez.com\/wp-content\/uploads\/2014\/12\/RAFAEL-SERRANO-PRADA-I2-849x1024.jpg 849w, https:\/\/oscarhumbertogomez.com\/wp-content\/uploads\/2014\/12\/RAFAEL-SERRANO-PRADA-I2.jpg 1200w\" sizes=\"auto, (max-width: 248px) 100vw, 248px\" \/>El incremento del parque automotor, que invade las calles de las grandes ciudades y las carreteras de Santander, ha fortalecido la industria del transporte a\u00e9reo, que se mueve por los aires, sin que exista una clara pol\u00edtica de la Direcci\u00f3n Nacional de Aeron\u00e1utica Civil para la revisi\u00f3n permanente de las aeronaves que prestan sus servicios en las rutas regionales, como parece haber sido la causa del accidente de la avioneta Cessna que se precipit\u00f3 al abismo en la zona de Pescadero, corregimiento de Umpal\u00e1, el pasado 24 de diciembre.<\/p>\n<p>La revisi\u00f3n permanente de las aeronaves y el control de calidad de los equipos es funci\u00f3n de las autoridades aeron\u00e1uticas, que en las regiones brillan por su ausencia, seguramente por la falta de personal especializado en los terminales a\u00e9reos. Los Centros de Diagn\u00f3stico, que examinan las condiciones en que se encuentran los veh\u00edculos de transporte terrestre, deber\u00edan existir en todos los aeropuertos del pa\u00eds para los aparatos utilizados en la aviaci\u00f3n comercial.<\/p>\n<p>Un aparato que realiza veinte vuelos diarios en las rutas dom\u00e9sticas  est\u00e1 expuesto a la fatiga del metal, especialmente en aeronaves cuyo fuselaje est\u00e1 soportado por estructuras met\u00e1licas muy d\u00e9biles, que terminan agot\u00e1ndose como cualquier ser viviente, al contacto con la atm\u00f3sfera, al choque permanente con Nimbos y C\u00famulos que golpean las aeronaves  y ocasionan deterioro del metal.<\/p>\n<p>La prensa regional ha publicado una impresionante racha de accidentes a\u00e9reos ocurridos en el departamento de Santander durante estos a\u00f1os, con la p\u00e9rdida lamentable de vidas humanas muy valiosas, en la mayor\u00eda de los casos por el recalentamiento de motores, por exceso de confianza de los pilotos y por el deterioro de los equipos utilizados por las peque\u00f1as aeronaves dedicadas al transporte de pasajeros entre el Aeropuerto Internacional Palonegro y los terminales a\u00e9reos de M\u00e1laga, San Gil, Socorro, Cimitarra, San Vicente, El Carmen de Chucur\u00ed, Zapatoca, San Pablo en el sur de Bol\u00edvar, San Alberto  y Aguachica en el sur del Cesar.<\/p>\n<p> Inmenso dolor ha producido el accidente de la avioneta que cost\u00f3 la vida del Capit\u00e1n Carlos Alberto Rueda Castellanos y de los seis pasajeros que hab\u00edan abordado la aeronave en el aeropuerto de Palonegro, la v\u00edspera de la navidad. El Capit\u00e1n Rueda era un personaje con veinticinco a\u00f1os de experiencia, un veterano que hab\u00eda desafiado el riesgo de los vientos cruzados en el ca\u00f1\u00f3n del R\u00edo Chicamocha, donde han ocurrido muchas tragedias.<\/p>\n<p>El mal estado de la carretera Los Curos \u2013 M\u00e1laga, cuya ampliaci\u00f3n y pavimentaci\u00f3n se ha prometido tantas veces, con enorme irresponsabilidad del gobierno nacional, obliga a muchas personas a servirse del transporte a\u00e9reo. Los fuertes vientos en esta zona del departamento han sido muchas veces la causa de accidentes fatales para quienes utilizan este medio de transporte.<\/p>\n<p>Este s\u00e1bado un inmenso cortejo recorri\u00f3 las calles de la emblem\u00e1tica ciudad de M\u00e1laga, capital de la provincia de Garc\u00eda Rovira, transportando los cad\u00e1veres insepultos de las v\u00edctimas de este siniestro. El pueblo apesadumbrado atest\u00f3 la Iglesia Catedral, donde el se\u00f1or Obispo y un grupo de sacerdotes ofreci\u00f3 la liturgia, recordando que los seres humanos somos briznas en las manos de Dios. Algo tiene que hacerse para mejorar las comunicaciones terrestres con esta apartada regi\u00f3n del departamento y mucho tiene que exigirse a las aerol\u00edneas, para evitar que se repitan estos accidentes, que arrugan el coraz\u00f3n del pueblo santandereano, donde la muerte ha dejado un recuerdo amargo de esta navidad.<\/p>\n<p>________<\/p>\n<p><strong>RAFAEL SERRANO PRADA<\/strong>.\u2014 Educador, periodista, locutor, escritor y pol\u00edtico santandereano. Director del diario EL FRENTE de Bucaramanga. <\/p>\n","protected":false},"excerpt":{"rendered":"<p>El incremento del parque automotor, que invade las calles de las grandes ciudades y las carreteras de Santander, ha fortalecido la industria del transporte a\u00e9reo, que se mueve por los aires, sin que exista una clara pol\u00edtica de la Direcci\u00f3n &hellip; <a href=\"https:\/\/oscarhumbertogomez.com\/?p=14815\">Sigue leyendo <span class=\"meta-nav\">&rarr;<\/span><\/a><\/p>\n<div class='heateorSssClear'><\/div><div  class='heateor_sss_sharing_container heateor_sss_horizontal_sharing' heateor-sss-data-href='https:\/\/oscarhumbertogomez.com\/?p=14815'><div class='heateor_sss_sharing_title' style=\"font-weight:bold\" >\u00a1Gracias por compartirla!<\/div><ul class=\"heateor_sss_sharing_ul\"><li class=\"heateorSssSharingRound\"><i style=\"width:35px;height:35px;border-radius:999px;\" alt=\"Facebook\" Title=\"Facebook\" class=\"heateorSssSharing heateorSssFacebookBackground\" onclick='heateorSssPopup(\"https:\/\/www.facebook.com\/sharer\/sharer.php?u=https%3A%2F%2Foscarhumbertogomez.com%2Findex.php%3Frest_route%3D%252Fwp%252Fv2%252Fposts%252F14815\")'><ss style=\"display:block;border-radius:999px;\" class=\"heateorSssSharingSvg heateorSssFacebookSvg\"><\/ss><\/i><\/li><li class=\"heateorSssSharingRound\"><i style=\"width:35px;height:35px;border-radius:999px;\" alt=\"Twitter\" Title=\"Twitter\" class=\"heateorSssSharing heateorSssTwitterBackground\" onclick='heateorSssPopup(\"http:\/\/twitter.com\/intent\/tweet?text=La%20muerte%20asecha%20en%20los%20aires%20y%20en%20las%20carreteras.%20Por%20Rafael%20Serrano%20Prada%20%5B%2A%5D&url=https%3A%2F%2Foscarhumbertogomez.com%2Findex.php%3Frest_route%3D%252Fwp%252Fv2%252Fposts%252F14815\")'><ss style=\"display:block;border-radius:999px;\" class=\"heateorSssSharingSvg heateorSssTwitterSvg\"><\/ss><\/i><\/li><li class=\"heateorSssSharingRound\"><i style=\"width:35px;height:35px;border-radius:999px;\" alt=\"Whatsapp\" Title=\"Whatsapp\" class=\"heateorSssSharing heateorSssWhatsappBackground\" onclick='heateorSssPopup(\"https:\/\/web.whatsapp.com\/send?text=La%20muerte%20asecha%20en%20los%20aires%20y%20en%20las%20carreteras.%20Por%20Rafael%20Serrano%20Prada%20%5B%2A%5D https%3A%2F%2Foscarhumbertogomez.com%2Findex.php%3Frest_route%3D%252Fwp%252Fv2%252Fposts%252F14815\")'><ss style=\"display:block\" class=\"heateorSssSharingSvg heateorSssWhatsappSvg\"><\/ss><\/i><\/li><li class=\"heateorSssSharingRound\"><i style=\"width:35px;height:35px;border-radius:999px;\" alt=\"Pinterest\" Title=\"Pinterest\" class=\"heateorSssSharing heateorSssPinterestBackground\" onclick=\"javascript:void( (function() {var e=document.createElement('script' );e.setAttribute('type','text\/javascript' );e.setAttribute('charset','UTF-8' );e.setAttribute('src','\/\/assets.pinterest.com\/js\/pinmarklet.js?r='+Math.random()*99999999);document.body.appendChild(e)})());\"><ss style=\"display:block;border-radius:999px;\" class=\"heateorSssSharingSvg heateorSssPinterestSvg\"><\/ss><\/i><\/li><li class=\"heateorSssSharingRound\"><i style=\"width:35px;height:35px;border-radius:999px;\" alt=\"Google Gmail\" Title=\"Google Gmail\" class=\"heateorSssSharing heateorSssGoogleGmailBackground\" onclick='heateorSssPopup(\"https:\/\/mail.google.com\/mail\/?ui=2&view=cm&fs=1&tf=1&su=La%20muerte%20asecha%20en%20los%20aires%20y%20en%20las%20carreteras.%20Por%20Rafael%20Serrano%20Prada%20%5B%2A%5D&body=Link:https%3A%2F%2Foscarhumbertogomez.com%2Findex.php%3Frest_route%3D%252Fwp%252Fv2%252Fposts%252F14815\")'><ss style=\"display:block;border-radius:999px;\" class=\"heateorSssSharingSvg heateorSssGoogleGmailSvg\"><\/ss><\/i><\/li><li class=\"heateorSssSharingRound\"><i style=\"width:35px;height:35px;border-radius:999px;\" title=\"More\" alt=\"More\" class=\"heateorSssSharing heateorSssMoreBackground\" onclick=\"heateorSssMoreSharingPopup(this, 'https:\/\/oscarhumbertogomez.com\/index.php?rest_route=%2Fwp%2Fv2%2Fposts%2F14815', 'La%20muerte%20asecha%20en%20los%20aires%20y%20en%20las%20carreteras.%20Por%20Rafael%20Serrano%20Prada%20%5B%2A%5D', '' )\" ><ss style=\"display:block\" class=\"heateorSssSharingSvg heateorSssMoreSvg\"><\/ss><\/i><\/li><\/ul><div class=\"heateorSssClear\"><\/div><\/div><div class='heateorSssClear'><\/div>","protected":false},"author":2,"featured_media":0,"comment_status":"open","ping_status":"open","sticky":false,"template":"","format":"standard","meta":{"spay_email":"","footnotes":""},"categories":[],"tags":[],"class_list":["post-14815","post","type-post","status-publish","format-standard","hentry"],"jetpack_featured_media_url":"","jetpack_shortlink":"https:\/\/wp.me\/p1FYrr-3QX","_links":{"self":[{"href":"https:\/\/oscarhumbertogomez.com\/index.php?rest_route=\/wp\/v2\/posts\/14815","targetHints":{"allow":["GET"]}}],"collection":[{"href":"https:\/\/oscarhumbertogomez.com\/index.php?rest_route=\/wp\/v2\/posts"}],"about":[{"href":"https:\/\/oscarhumbertogomez.com\/index.php?rest_route=\/wp\/v2\/types\/post"}],"author":[{"embeddable":true,"href":"https:\/\/oscarhumbertogomez.com\/index.php?rest_route=\/wp\/v2\/users\/2"}],"replies":[{"embeddable":true,"href":"https:\/\/oscarhumbertogomez.com\/index.php?rest_route=%2Fwp%2Fv2%2Fcomments&post=14815"}],"version-history":[{"count":2,"href":"https:\/\/oscarhumbertogomez.com\/index.php?rest_route=\/wp\/v2\/posts\/14815\/revisions"}],"predecessor-version":[{"id":14819,"href":"https:\/\/oscarhumbertogomez.com\/index.php?rest_route=\/wp\/v2\/posts\/14815\/revisions\/14819"}],"wp:attachment":[{"href":"https:\/\/oscarhumbertogomez.com\/index.php?rest_route=%2Fwp%2Fv2%2Fmedia&parent=14815"}],"wp:term":[{"taxonomy":"category","embeddable":true,"href":"https:\/\/oscarhumbertogomez.com\/index.php?rest_route=%2Fwp%2Fv2%2Fcategories&post=14815"},{"taxonomy":"post_tag","embeddable":true,"href":"https:\/\/oscarhumbertogomez.com\/index.php?rest_route=%2Fwp%2Fv2%2Ftags&post=14815"}],"curies":[{"name":"wp","href":"https:\/\/api.w.org\/{rel}","templated":true}]}}