{"id":14875,"date":"2015-01-02T12:41:41","date_gmt":"2015-01-02T17:41:41","guid":{"rendered":"http:\/\/www.oscarhumbertogomez.com\/?p=14875"},"modified":"2025-03-17T16:36:11","modified_gmt":"2025-03-17T21:36:11","slug":"excontralor-umana-se-defiende-de-senalamientos-de-la-fiscalia","status":"publish","type":"post","link":"https:\/\/oscarhumbertogomez.com\/?p=14875","title":{"rendered":"Excontralor Uma\u00f1a se defiende de se\u00f1alamientos de la Fiscal\u00eda. Por \u00d3scar Humberto G\u00f3mez G\u00f3mez"},"content":{"rendered":"<p><img decoding=\"async\" class=\"aligncenter size-full wp-image-4481\" src=\"https:\/\/lapiedrafilosofal.com\/wp-content\/uploads\/2012\/06\/OSCAR-HUMBERTO-GOMEZ.jpg\" alt=\"OSCAR HUMBERTO GOMEZ\" width=\"500\"><\/p>\n<p>&nbsp;<\/p>\n<p>No recuerdo bien si era el cuarto o era el quinto a\u00f1o de primaria el que yo cursaba en la Concentraci\u00f3n Escolar de Varones Jos\u00e9 Camacho Carre\u00f1o, de Bucaramanga, cuando uno de los textos obligatorios era el libro &#8220;Lecturas escolares&#8221;, de \u00c1lvaro Mar\u00edn, pero lo cierto es que en uno o en otro, en el de cuarto o en el de quinto, se hallaba un poema titulado &#8220;El mundo al rev\u00e9s&#8221; que empezaba diciendo:<\/p>\n<p>&#8220;Juan Locato se so\u00f1\u00f3<br \/>\nque todo al rev\u00e9s andaba&#8221;.<\/p>\n<p>En este poema, que lamentablemente no recuerdo, ni he logrado conseguir tampoco un ejemplar de esas dos cartillas, o al menos un ejemplar de alguna de ellas, para poder copiarlo, el autor (que tampoco recuerdo) tra\u00eda varios ejemplos de las escenas absurdas que aquel personaje so\u00f1aba, como por ejemplo (esta s\u00ed la recuerdo muy bien) &#8220;la perdiz tras el halc\u00f3n&#8221;.<\/p>\n<p>En todo caso, la sabidur\u00eda popular habla de &#8220;los p\u00e1jaros tir\u00e1ndoles a las escopetas&#8221; para denotar lo mismo que so\u00f1aba aquel durmiente a quien la realidad se le trastoc\u00f3 por completo en el sue\u00f1o.<\/p>\n<p>Sirvan las anteriores palabras a manera de introducci\u00f3n para presentar lo que est\u00e1 sucediendo por estos d\u00edas en esta Colombia irreal donde al hombre honrado lo persigue el Estado mientras que, por el contrario, condecora y asciende en los escalafones de la burocracia al violador de la ley.<\/p>\n<p>No otra cosa, la m\u00e1s enconada persecuci\u00f3n del hombre honrado y el premio de la impunidad a los violadores de la ley, es lo que acontece con el doctor Carlos Uma\u00f1a, el contralor que en el natural ejercicio de sus funciones inherentes a la defensa del erario tom\u00f3 cartas en el esc\u00e1ndalo conocido como &#8220;el carrusel de las palomitas&#8221;, puesto al descubierto dentro de la Sala Jurisdiccional Disciplinaria del Consejo Superior de la Judicatura, corporaci\u00f3n judicial donde vino a saberse que a punta de &#8220;palomitas&#8221; (que es como se les llama a eso de ocupar un alto cargo por poco tiempo y en provisionalidad para pensionarse con el sueldo correspondiente a ese fugaz cargo y no con el salario propio del cargo titular) muchos funcionarios judiciales se hab\u00edan jubilado con jugosas mesadas y con un fraude manifiesto en contra del tesoro nacional.<\/p>\n<p>Y es que ahora al investigador lo est\u00e1n investigando y no ser\u00eda raro que hasta resulte en la c\u00e1rcel mientras quienes saquearon las arcas oficiales con las &#8220;palomitas&#8221; se salgan con la suya y terminen celebrando con g\u00fcisqui y con mariachis el apresamiento de quien se atrevi\u00f3 a investigarles sus indelicadezas.<\/p>\n<p>Y para que no digan que son meras invenciones m\u00edas, les comparto el siguiente informe del diario nacional EL ESPECTADOR:<\/p>\n<p>&nbsp;<\/p>\n<div id=\"attachment_14876\" style=\"width: 810px\" class=\"wp-caption aligncenter\"><img decoding=\"async\" aria-describedby=\"caption-attachment-14876\" class=\"size-full wp-image-14876\" title=\"CARLOS UMA\u00d1A\" src=\"https:\/\/lapiedrafilosofal.com\/wp-content\/uploads\/2015\/01\/CARLOS-UMA\u00d1A2.jpg\" alt=\"\" width=\"800\" srcset=\"https:\/\/oscarhumbertogomez.com\/wp-content\/uploads\/2015\/01\/CARLOS-UMA\u00d1A2.jpg 200w, https:\/\/oscarhumbertogomez.com\/wp-content\/uploads\/2015\/01\/CARLOS-UMA\u00d1A2-150x150.jpg 150w\" sizes=\"(max-width: 200px) 100vw, 200px\" \/><p id=\"caption-attachment-14876\" class=\"wp-caption-text\">DR. CARLOS EDUARDO UMA\u00d1A, ABOGADO EGRESADO DE LA UNIVERSIDAD EXTERNADO DE COLOMBIA Y EXFUNCIONARIO DE LA CONTRALOR\u00cdA GENERAL DE LA REP\u00daBLICA QUE INTENT\u00d3 LLEGAR AL FONDO DE LO QUE ESTABA SUCEDIENDO DENTRO DE LA SALA DISCIPLINARIA DEL CONSEJO SUPERIOR DE LA JUDICATURA CON EL LLAMADO &#8220;CARRUSEL DE LAS PENSIONES&#8221; O &#8220;CARRUSEL DE LAS PALOMITAS&#8221;. AHORA LA FISCAL\u00cdA GENERAL DE LA NACI\u00d3N QUIERE METERLO PRESO.<\/p><\/div>\n<p>&nbsp;<\/p>\n<p>&#8220;Carlos Eduardo Uma\u00f1a, el excontralor que hoy est\u00e1 en el radar de la Fiscal\u00eda por supuestamente excederse en sus funciones tras investigar a magistrados y exmagistrados del Consejo Superior de la Judicatura por el tema de las megapensiones, advirti\u00f3 que en ning\u00fan momento prevaric\u00f3 y que hasta la fecha no ha sido notificado para asistir a una audiencia de imputaci\u00f3n de cargos. Sus l\u00edos se deben a que cuando ejerci\u00f3 como contralor delegado para el Sector Social \u2013se retir\u00f3 el pasado 6 de octubre\u2013 le abri\u00f3 un proceso de responsabilidad fiscal a personas que ten\u00edan fuero constitucional y supuestamente no manejaban recursos p\u00fablicos.<\/p>\n<p>En di\u00e1logo con El Espectador, el excontralor Uma\u00f1a indic\u00f3 que, cuando abri\u00f3 el proceso contra los magistrados del Consejo Superior de la Judicatura y sus magistrados auxiliares, precis\u00f3 que no estaba diciendo que los funcionarios manejaran presupuesto, sino que s\u00ed ejerc\u00edan funciones administrativas que ten\u00edan incidencia en los recursos p\u00fablicos. Es decir, que Uma\u00f1a ten\u00eda la hip\u00f3tesis de que a trav\u00e9s de los nombramientos los magistrados favorecieron a personas que estaban a meses de jubilarse para ayudarles a incrementar considerablemente sus pensiones.<\/p>\n<p>\u201cAlgunos pasaban de tener pensiones de $5 millones a unas de $15 millones, cuando jam\u00e1s hab\u00edan cotizado sobre esa base. Esos $10 millones los termina asumiendo el Estado, por lo que hay un detrimento patrimonial\u201d. Uma\u00f1a tambi\u00e9n precis\u00f3 que la discusi\u00f3n sobre si la Contralor\u00eda no puede investigar aforados a\u00fan no est\u00e1 muy clara. Precis\u00f3 que mientras el Consejo de Estado ha manejado una l\u00ednea que le da la raz\u00f3n al organismo de control, un fallo en septiembre de 2013 de la Corte Suprema de justicia le orden\u00f3 cesar cualquier proceso con los aforados constitucionales. La sentencia indic\u00f3 que s\u00f3lo pod\u00edan ser investigados por la Comisi\u00f3n de Acusaci\u00f3n de la C\u00e1mara de Representantes as\u00ed se tratara de un expediente penal, disciplinario o fiscal.<\/p>\n<p>Uno de los argumentos de la Fiscal\u00eda para advertir que el excontralor Uma\u00f1a prevaric\u00f3, fue cuando \u00e9ste solicit\u00f3 informaci\u00f3n a la Unidad de Informaci\u00f3n y An\u00e1lisis Financiero (Uiaf) de los magistrados y su c\u00edrculo familiar sobre sus productos financieros y bienes. Para el ente investigador, a pesar de sus dudas sobre si se estaban o no enajenando bienes, Uma\u00f1a no pod\u00eda recibir informaci\u00f3n ya que no pertenec\u00eda a un organismo judicial y adem\u00e1s estas personas no administraban recursos p\u00fablicos.<\/p>\n<p>En su defensa, el excontralor puntualiz\u00f3 que despu\u00e9s de solicitar la informaci\u00f3n, la Uiaf le envi\u00f3 una \u201cpastoral\u201d en la que se negaba a enviarle los reportes argumentando que no ten\u00eda facultades. \u201cNo volv\u00ed a insistir en el tema a pesar que lo hac\u00eda para levantar unas medidas cautelares. Por eso es falso cuando dicen que acced\u00ed a informaci\u00f3n de la Uiaf. Nunca recib\u00ed informaci\u00f3n alguna\u201d, agreg\u00f3. Tras ese episodio fue cuando el Consejo de Estado le dijo a la Contralor\u00eda que s\u00ed pod\u00eda investigar a aforados constitucionales. Sin embargo, tras el pronunciamiento de la Corte Suprema, Uma\u00f1a envi\u00f3 todas las cajas que compon\u00edan el expediente a la Comisi\u00f3n de Acusaci\u00f3n. Desde ese entonces no se ha tomado determinaci\u00f3n alguna. La decisi\u00f3n final sobre si la Contralor\u00eda puede o no investigar a los aforados, la tiene la Corte Constitucional&#8221;. [EL ESPECTADOR, lunes 22 de diciembre de 2014].<\/p>\n<p>&nbsp;<\/p>\n","protected":false},"excerpt":{"rendered":"<p>&nbsp; No recuerdo bien si era el cuarto o era el quinto a\u00f1o de primaria el que yo cursaba en la Concentraci\u00f3n Escolar de Varones Jos\u00e9 Camacho Carre\u00f1o, de Bucaramanga, cuando uno de los textos obligatorios era el libro &#8220;Lecturas &hellip; <a href=\"https:\/\/oscarhumbertogomez.com\/?p=14875\">Sigue leyendo <span class=\"meta-nav\">&rarr;<\/span><\/a><\/p>\n<div class='heateorSssClear'><\/div><div  class='heateor_sss_sharing_container heateor_sss_horizontal_sharing' heateor-sss-data-href='https:\/\/oscarhumbertogomez.com\/?p=14875'><div class='heateor_sss_sharing_title' style=\"font-weight:bold\" >\u00a1Gracias por compartirla!<\/div><ul class=\"heateor_sss_sharing_ul\"><li class=\"heateorSssSharingRound\"><i style=\"width:35px;height:35px;border-radius:999px;\" alt=\"Facebook\" Title=\"Facebook\" class=\"heateorSssSharing heateorSssFacebookBackground\" onclick='heateorSssPopup(\"https:\/\/www.facebook.com\/sharer\/sharer.php?u=https%3A%2F%2Foscarhumbertogomez.com%2Findex.php%3Frest_route%3D%252Fwp%252Fv2%252Fposts%252F14875\")'><ss style=\"display:block;border-radius:999px;\" class=\"heateorSssSharingSvg heateorSssFacebookSvg\"><\/ss><\/i><\/li><li class=\"heateorSssSharingRound\"><i style=\"width:35px;height:35px;border-radius:999px;\" alt=\"Twitter\" Title=\"Twitter\" class=\"heateorSssSharing heateorSssTwitterBackground\" onclick='heateorSssPopup(\"http:\/\/twitter.com\/intent\/tweet?text=Excontralor%20Uma%C3%B1a%20se%20defiende%20de%20se%C3%B1alamientos%20de%20la%20Fiscal%C3%ADa.%20Por%20%C3%93scar%20Humberto%20G%C3%B3mez%20G%C3%B3mez&url=https%3A%2F%2Foscarhumbertogomez.com%2Findex.php%3Frest_route%3D%252Fwp%252Fv2%252Fposts%252F14875\")'><ss style=\"display:block;border-radius:999px;\" class=\"heateorSssSharingSvg heateorSssTwitterSvg\"><\/ss><\/i><\/li><li class=\"heateorSssSharingRound\"><i style=\"width:35px;height:35px;border-radius:999px;\" alt=\"Whatsapp\" Title=\"Whatsapp\" class=\"heateorSssSharing heateorSssWhatsappBackground\" onclick='heateorSssPopup(\"https:\/\/web.whatsapp.com\/send?text=Excontralor%20Uma%C3%B1a%20se%20defiende%20de%20se%C3%B1alamientos%20de%20la%20Fiscal%C3%ADa.%20Por%20%C3%93scar%20Humberto%20G%C3%B3mez%20G%C3%B3mez https%3A%2F%2Foscarhumbertogomez.com%2Findex.php%3Frest_route%3D%252Fwp%252Fv2%252Fposts%252F14875\")'><ss style=\"display:block\" class=\"heateorSssSharingSvg heateorSssWhatsappSvg\"><\/ss><\/i><\/li><li class=\"heateorSssSharingRound\"><i style=\"width:35px;height:35px;border-radius:999px;\" alt=\"Pinterest\" Title=\"Pinterest\" class=\"heateorSssSharing heateorSssPinterestBackground\" onclick=\"javascript:void( (function() {var e=document.createElement('script' );e.setAttribute('type','text\/javascript' );e.setAttribute('charset','UTF-8' );e.setAttribute('src','\/\/assets.pinterest.com\/js\/pinmarklet.js?r='+Math.random()*99999999);document.body.appendChild(e)})());\"><ss style=\"display:block;border-radius:999px;\" class=\"heateorSssSharingSvg heateorSssPinterestSvg\"><\/ss><\/i><\/li><li class=\"heateorSssSharingRound\"><i style=\"width:35px;height:35px;border-radius:999px;\" alt=\"Google Gmail\" Title=\"Google Gmail\" class=\"heateorSssSharing heateorSssGoogleGmailBackground\" onclick='heateorSssPopup(\"https:\/\/mail.google.com\/mail\/?ui=2&view=cm&fs=1&tf=1&su=Excontralor%20Uma%C3%B1a%20se%20defiende%20de%20se%C3%B1alamientos%20de%20la%20Fiscal%C3%ADa.%20Por%20%C3%93scar%20Humberto%20G%C3%B3mez%20G%C3%B3mez&body=Link:https%3A%2F%2Foscarhumbertogomez.com%2Findex.php%3Frest_route%3D%252Fwp%252Fv2%252Fposts%252F14875\")'><ss style=\"display:block;border-radius:999px;\" class=\"heateorSssSharingSvg heateorSssGoogleGmailSvg\"><\/ss><\/i><\/li><li class=\"heateorSssSharingRound\"><i style=\"width:35px;height:35px;border-radius:999px;\" title=\"More\" alt=\"More\" class=\"heateorSssSharing heateorSssMoreBackground\" onclick=\"heateorSssMoreSharingPopup(this, 'https:\/\/oscarhumbertogomez.com\/index.php?rest_route=%2Fwp%2Fv2%2Fposts%2F14875', 'Excontralor%20Uma%C3%B1a%20se%20defiende%20de%20se%C3%B1alamientos%20de%20la%20Fiscal%C3%ADa.%20Por%20%C3%93scar%20Humberto%20G%C3%B3mez%20G%C3%B3mez', '' )\" ><ss style=\"display:block\" class=\"heateorSssSharingSvg heateorSssMoreSvg\"><\/ss><\/i><\/li><\/ul><div class=\"heateorSssClear\"><\/div><\/div><div class='heateorSssClear'><\/div>","protected":false},"author":2,"featured_media":0,"comment_status":"closed","ping_status":"closed","sticky":false,"template":"","format":"standard","meta":{"spay_email":"","footnotes":""},"categories":[11],"tags":[],"class_list":["post-14875","post","type-post","status-publish","format-standard","hentry","category-periodismo"],"jetpack_featured_media_url":"","jetpack_shortlink":"https:\/\/wp.me\/p1FYrr-3RV","_links":{"self":[{"href":"https:\/\/oscarhumbertogomez.com\/index.php?rest_route=\/wp\/v2\/posts\/14875","targetHints":{"allow":["GET"]}}],"collection":[{"href":"https:\/\/oscarhumbertogomez.com\/index.php?rest_route=\/wp\/v2\/posts"}],"about":[{"href":"https:\/\/oscarhumbertogomez.com\/index.php?rest_route=\/wp\/v2\/types\/post"}],"author":[{"embeddable":true,"href":"https:\/\/oscarhumbertogomez.com\/index.php?rest_route=\/wp\/v2\/users\/2"}],"replies":[{"embeddable":true,"href":"https:\/\/oscarhumbertogomez.com\/index.php?rest_route=%2Fwp%2Fv2%2Fcomments&post=14875"}],"version-history":[{"count":5,"href":"https:\/\/oscarhumbertogomez.com\/index.php?rest_route=\/wp\/v2\/posts\/14875\/revisions"}],"predecessor-version":[{"id":52529,"href":"https:\/\/oscarhumbertogomez.com\/index.php?rest_route=\/wp\/v2\/posts\/14875\/revisions\/52529"}],"wp:attachment":[{"href":"https:\/\/oscarhumbertogomez.com\/index.php?rest_route=%2Fwp%2Fv2%2Fmedia&parent=14875"}],"wp:term":[{"taxonomy":"category","embeddable":true,"href":"https:\/\/oscarhumbertogomez.com\/index.php?rest_route=%2Fwp%2Fv2%2Fcategories&post=14875"},{"taxonomy":"post_tag","embeddable":true,"href":"https:\/\/oscarhumbertogomez.com\/index.php?rest_route=%2Fwp%2Fv2%2Ftags&post=14875"}],"curies":[{"name":"wp","href":"https:\/\/api.w.org\/{rel}","templated":true}]}}