{"id":14907,"date":"2015-01-04T09:40:58","date_gmt":"2015-01-04T14:40:58","guid":{"rendered":"http:\/\/www.oscarhumbertogomez.com\/?p=14907"},"modified":"2015-01-05T09:42:12","modified_gmt":"2015-01-05T14:42:12","slug":"dramaticas-cabanuelas-por-rafael-serrano-prada","status":"publish","type":"post","link":"https:\/\/oscarhumbertogomez.com\/?p=14907","title":{"rendered":"Dram\u00e1ticas caba\u00f1uelas. Por Rafael Serrano Prada (*)"},"content":{"rendered":"<p><img decoding=\"async\" class=\"aligncenter size-medium wp-image-14909\" title=\"RAFAEL SERRANO PRADA I\" src=\"https:\/\/lapiedrafilosofal.com\/wp-content\/uploads\/2015\/01\/RAFAEL-SERRANO-PRADA-I-248x300.jpg\" alt=\"\" width=\"500\" srcset=\"https:\/\/oscarhumbertogomez.com\/wp-content\/uploads\/2015\/01\/RAFAEL-SERRANO-PRADA-I-248x300.jpg 248w, https:\/\/oscarhumbertogomez.com\/wp-content\/uploads\/2015\/01\/RAFAEL-SERRANO-PRADA-I-849x1024.jpg 849w, https:\/\/oscarhumbertogomez.com\/wp-content\/uploads\/2015\/01\/RAFAEL-SERRANO-PRADA-I.jpg 1200w\" sizes=\"(max-width: 248px) 100vw, 248px\" \/>Con temperaturas que desbordan el comportamiento tradicional de esta \u00e9poca de caba\u00f1uelas, Colombia empieza a sentir cambios clim\u00e1ticos que provocan incendios forestales y deterioro de las fuentes naturales de agua potable. En menos de dos semanas, hemos pasados de una \u00e9poca de lluvias al intenso verano, que ha provocado da\u00f1os al eco-sistema, especialmente en el departamento de Santander, donde se presagia un mayor impacto del \u201cFen\u00f3meno del Ni\u00f1o\u201d, que puede provocar una intensa sequ\u00eda.<\/p>\n<p>Poca informaci\u00f3n existe de las autoridades ambientales encargadas de prevenir desastres forestales, estimulados por la quema de p\u00f3lvora, por el rezago de botellas y otros envases de vidrio en los basureros, donde el fen\u00f3meno \u201cLupa\u201d, enciende la capa vegetal en descomposici\u00f3n, por la imprudencia de la gente que arroja vidrio, colillas y globos, para celebrar el jolgorio de las fiestas de A\u00f1o Nuevo.<\/p>\n<p>El pa\u00eds est\u00e1 incendiado por la mala conducta de los ciudadanos que tiran basuras a la calle, que utilizan p\u00f3lvora en la algazara de la navidad, que taponan las alcantarillas, que hacen mal uso de los empaques desechables, que rellenaron de tierra los humedales y que han contaminado aljibes, quebradas y r\u00edos, convertidos en cloacas, como ocurre en los municipios de Barrancabermeja, Floridablanca y Gir\u00f3n, las ciudades con mayor volumen de basuras en las fuentes h\u00eddricas.<\/p>\n<p>Las corporaciones aut\u00f3nomas regionales tienen una delicada misi\u00f3n pedag\u00f3gica que cumplir, para exigirles a las comunidades un comportamiento arm\u00f3nico con el medio ambiente. El uso del agua debe reglamentarse, reduciendo los consumos y evitando el riego de jardines. En los lavaderos de veh\u00edculos debe existir el control de las autoridades ambientales.<\/p>\n<p>Las caba\u00f1uelas de enero presagian un aumento de dos y cuatro grados en la temperatura bajo sombra y un sol incandescente que impide a los trabajadores agrarios un mayor rendimiento en sus respectivas jornadas. Es hora de conocer el talento y la sabidur\u00eda de quienes dirigen la pol\u00edtica ambiental en los diferentes municipios de Santander, para evitar incendios forestales y preservar las fuentes de agua que nacen en las cordilleras.<\/p>\n<p>En menos de quince d\u00edas, pasamos de la temporada de lluvias, que hab\u00eda protegido los cultivos de nuestros campesinos a una temporada insoportable de calor, que empieza a producir estragos en potreros y labranzas. De acuerdo con los pron\u00f3sticos del IDEAM, las lluvias estar\u00e1n ausentes de los cielos de Colombia durante los primeros tres meses del a\u00f1o, con todas las implicaciones que se derivan de la falta de agua en municipios de Santander, totalmente devastados por la mano irracional de los seres humanos.<\/p>\n<p>Las unidades bomberiles de los municipios de Santander han tenido que actuar en los primeros d\u00edas de enero en los sectores de El Porvenir, municipio de Gir\u00f3n; vereda Las Flores del municipio de Zapatoca; en sectores del Magdalena Medio; en la regi\u00f3n Andina de las provincias de Garc\u00eda Rovira y V\u00e9lez. Es hora de adoptar un plan de emergencia para proteger los acueductos, mientras avanza la temporada de verano.<\/p>\n<p>___________<\/p>\n<p>*: Educador, periodista, locutor, empresario y pol\u00edtico santandereano. Director del diario EL FRENTE de Bucaramanga.<\/p>\n","protected":false},"excerpt":{"rendered":"<p>Con temperaturas que desbordan el comportamiento tradicional de esta \u00e9poca de caba\u00f1uelas, Colombia empieza a sentir cambios clim\u00e1ticos que provocan incendios forestales y deterioro de las fuentes naturales de agua potable. En menos de dos semanas, hemos pasados de una &hellip; <a href=\"https:\/\/oscarhumbertogomez.com\/?p=14907\">Sigue leyendo <span class=\"meta-nav\">&rarr;<\/span><\/a><\/p>\n<div class='heateorSssClear'><\/div><div  class='heateor_sss_sharing_container heateor_sss_horizontal_sharing' heateor-sss-data-href='https:\/\/oscarhumbertogomez.com\/?p=14907'><div class='heateor_sss_sharing_title' style=\"font-weight:bold\" >\u00a1Gracias por compartirla!<\/div><ul class=\"heateor_sss_sharing_ul\"><li class=\"heateorSssSharingRound\"><i style=\"width:35px;height:35px;border-radius:999px;\" alt=\"Facebook\" Title=\"Facebook\" class=\"heateorSssSharing heateorSssFacebookBackground\" onclick='heateorSssPopup(\"https:\/\/www.facebook.com\/sharer\/sharer.php?u=https%3A%2F%2Foscarhumbertogomez.com%2Findex.php%3Frest_route%3D%252Fwp%252Fv2%252Fposts%252F14907\")'><ss style=\"display:block;border-radius:999px;\" class=\"heateorSssSharingSvg heateorSssFacebookSvg\"><\/ss><\/i><\/li><li class=\"heateorSssSharingRound\"><i style=\"width:35px;height:35px;border-radius:999px;\" alt=\"Twitter\" Title=\"Twitter\" class=\"heateorSssSharing heateorSssTwitterBackground\" onclick='heateorSssPopup(\"http:\/\/twitter.com\/intent\/tweet?text=Dram%C3%A1ticas%20caba%C3%B1uelas.%20Por%20Rafael%20Serrano%20Prada%20%28%2A%29&url=https%3A%2F%2Foscarhumbertogomez.com%2Findex.php%3Frest_route%3D%252Fwp%252Fv2%252Fposts%252F14907\")'><ss style=\"display:block;border-radius:999px;\" class=\"heateorSssSharingSvg heateorSssTwitterSvg\"><\/ss><\/i><\/li><li class=\"heateorSssSharingRound\"><i style=\"width:35px;height:35px;border-radius:999px;\" alt=\"Whatsapp\" Title=\"Whatsapp\" class=\"heateorSssSharing heateorSssWhatsappBackground\" onclick='heateorSssPopup(\"https:\/\/web.whatsapp.com\/send?text=Dram%C3%A1ticas%20caba%C3%B1uelas.%20Por%20Rafael%20Serrano%20Prada%20%28%2A%29 https%3A%2F%2Foscarhumbertogomez.com%2Findex.php%3Frest_route%3D%252Fwp%252Fv2%252Fposts%252F14907\")'><ss style=\"display:block\" class=\"heateorSssSharingSvg heateorSssWhatsappSvg\"><\/ss><\/i><\/li><li class=\"heateorSssSharingRound\"><i style=\"width:35px;height:35px;border-radius:999px;\" alt=\"Pinterest\" Title=\"Pinterest\" class=\"heateorSssSharing heateorSssPinterestBackground\" onclick=\"javascript:void( (function() {var e=document.createElement('script' );e.setAttribute('type','text\/javascript' );e.setAttribute('charset','UTF-8' );e.setAttribute('src','\/\/assets.pinterest.com\/js\/pinmarklet.js?r='+Math.random()*99999999);document.body.appendChild(e)})());\"><ss style=\"display:block;border-radius:999px;\" class=\"heateorSssSharingSvg heateorSssPinterestSvg\"><\/ss><\/i><\/li><li class=\"heateorSssSharingRound\"><i style=\"width:35px;height:35px;border-radius:999px;\" alt=\"Google Gmail\" Title=\"Google Gmail\" class=\"heateorSssSharing heateorSssGoogleGmailBackground\" onclick='heateorSssPopup(\"https:\/\/mail.google.com\/mail\/?ui=2&view=cm&fs=1&tf=1&su=Dram%C3%A1ticas%20caba%C3%B1uelas.%20Por%20Rafael%20Serrano%20Prada%20%28%2A%29&body=Link:https%3A%2F%2Foscarhumbertogomez.com%2Findex.php%3Frest_route%3D%252Fwp%252Fv2%252Fposts%252F14907\")'><ss style=\"display:block;border-radius:999px;\" class=\"heateorSssSharingSvg heateorSssGoogleGmailSvg\"><\/ss><\/i><\/li><li class=\"heateorSssSharingRound\"><i style=\"width:35px;height:35px;border-radius:999px;\" title=\"More\" alt=\"More\" class=\"heateorSssSharing heateorSssMoreBackground\" onclick=\"heateorSssMoreSharingPopup(this, 'https:\/\/oscarhumbertogomez.com\/index.php?rest_route=%2Fwp%2Fv2%2Fposts%2F14907', 'Dram%C3%A1ticas%20caba%C3%B1uelas.%20Por%20Rafael%20Serrano%20Prada%20%28%2A%29', '' )\" ><ss style=\"display:block\" class=\"heateorSssSharingSvg heateorSssMoreSvg\"><\/ss><\/i><\/li><\/ul><div class=\"heateorSssClear\"><\/div><\/div><div class='heateorSssClear'><\/div>","protected":false},"author":2,"featured_media":0,"comment_status":"open","ping_status":"open","sticky":false,"template":"","format":"standard","meta":{"spay_email":"","footnotes":""},"categories":[],"tags":[],"class_list":["post-14907","post","type-post","status-publish","format-standard","hentry"],"jetpack_featured_media_url":"","jetpack_shortlink":"https:\/\/wp.me\/p1FYrr-3Sr","_links":{"self":[{"href":"https:\/\/oscarhumbertogomez.com\/index.php?rest_route=\/wp\/v2\/posts\/14907","targetHints":{"allow":["GET"]}}],"collection":[{"href":"https:\/\/oscarhumbertogomez.com\/index.php?rest_route=\/wp\/v2\/posts"}],"about":[{"href":"https:\/\/oscarhumbertogomez.com\/index.php?rest_route=\/wp\/v2\/types\/post"}],"author":[{"embeddable":true,"href":"https:\/\/oscarhumbertogomez.com\/index.php?rest_route=\/wp\/v2\/users\/2"}],"replies":[{"embeddable":true,"href":"https:\/\/oscarhumbertogomez.com\/index.php?rest_route=%2Fwp%2Fv2%2Fcomments&post=14907"}],"version-history":[{"count":2,"href":"https:\/\/oscarhumbertogomez.com\/index.php?rest_route=\/wp\/v2\/posts\/14907\/revisions"}],"predecessor-version":[{"id":14911,"href":"https:\/\/oscarhumbertogomez.com\/index.php?rest_route=\/wp\/v2\/posts\/14907\/revisions\/14911"}],"wp:attachment":[{"href":"https:\/\/oscarhumbertogomez.com\/index.php?rest_route=%2Fwp%2Fv2%2Fmedia&parent=14907"}],"wp:term":[{"taxonomy":"category","embeddable":true,"href":"https:\/\/oscarhumbertogomez.com\/index.php?rest_route=%2Fwp%2Fv2%2Fcategories&post=14907"},{"taxonomy":"post_tag","embeddable":true,"href":"https:\/\/oscarhumbertogomez.com\/index.php?rest_route=%2Fwp%2Fv2%2Ftags&post=14907"}],"curies":[{"name":"wp","href":"https:\/\/api.w.org\/{rel}","templated":true}]}}