{"id":14912,"date":"2015-01-05T17:51:49","date_gmt":"2015-01-05T22:51:49","guid":{"rendered":"http:\/\/www.oscarhumbertogomez.com\/?p=14912"},"modified":"2025-03-17T16:38:47","modified_gmt":"2025-03-17T21:38:47","slug":"las-cabanuelas-por-oscar-humberto-gomez-gomez","status":"publish","type":"post","link":"https:\/\/oscarhumbertogomez.com\/?p=14912","title":{"rendered":"Las caba\u00f1uelas. Por \u00d3scar Humberto G\u00f3mez G\u00f3mez"},"content":{"rendered":"<div id=\"attachment_14915\" style=\"width: 1066px\" class=\"wp-caption aligncenter\"><img loading=\"lazy\" decoding=\"async\" aria-describedby=\"caption-attachment-14915\" class=\"size-full wp-image-14915\" title=\"MILLET : PLANTANDO PATATAS\" src=\"https:\/\/lapiedrafilosofal.com\/wp-content\/uploads\/2015\/01\/MILLET-PLANTANDO-PATATAS.jpg\" alt=\"\" width=\"1056\" height=\"851\" srcset=\"https:\/\/oscarhumbertogomez.com\/wp-content\/uploads\/2015\/01\/MILLET-PLANTANDO-PATATAS.jpg 1056w, https:\/\/oscarhumbertogomez.com\/wp-content\/uploads\/2015\/01\/MILLET-PLANTANDO-PATATAS-300x241.jpg 300w, https:\/\/oscarhumbertogomez.com\/wp-content\/uploads\/2015\/01\/MILLET-PLANTANDO-PATATAS-1024x825.jpg 1024w\" sizes=\"auto, (max-width: 1056px) 100vw, 1056px\" \/><p id=\"caption-attachment-14915\" class=\"wp-caption-text\">JEAN-FRANCOIS MILLET, pintor franc\u00e9s (1814-1875)\/ Plantando patatas.<\/p><\/div>\n<p>&nbsp;<\/p>\n<p>El director del diario <em>El Frente<\/em> Rafael Serrano Prada ha rememorado en su \u00faltima columna editorial [V. Entrada del 4 de enero\/15] la antiqu\u00edsima tradici\u00f3n popular campesina de &#8220;Las caba\u00f1uelas&#8221;, de la cual unos sostienen que s\u00ed es acertada, otros admiten que lo es, pero solo en \u00e1reas muy peque\u00f1as y en tiempos igualmente muy cortos, mientras otros aseguran que carece por completo de fundamento cient\u00edfico.<\/p>\n<p>Se trata de la predicci\u00f3n emp\u00edrica del clima que habr\u00e1n de tener los diversos meses del a\u00f1o, esto es, de enero a diciembre, mediante la observaci\u00f3n del clima de los d\u00edas del mes de enero. En algunos lugares del planeta, las previsiones se hacen tomando como punto de referencia el mes de agosto. MAR\u00cdA MOLINER define as\u00ed el vocablo: &#8220;Caba\u00f1uelas (dim. pl. de &#8220;caba\u00f1a&#8221;) Pron\u00f3stico hecho por la gente de los pueblos sobre el tiempo que va hacer en cada uno de los doce meses siguientes, observando las variaciones de los primeros d\u00edas de enero y agosto&#8221;. (Diccionario de Uso del Espa\u00f1ol. Editorial Gredos. 2a edici\u00f3n, Madrid, p. 437).<\/p>\n<p>Los c\u00e1lculos se hacen en tres grupos, que supuestamente dar\u00edan resultados coincidentes.<\/p>\n<p>En primer lugar, est\u00e1n las <em>&#8220;caba\u00f1uelas de ida&#8221;<\/em>. Seg\u00fan ellas, el clima de los doce meses del a\u00f1o ser\u00e1 el que tengan los doce primeros d\u00edas del mes de enero.<\/p>\n<p>As\u00ed, el clima del 1 de enero corresponder\u00eda al clima de enero; el del 2 de enero vendr\u00eda a ser el del mes de febrero; el del 3 de enero ser\u00eda el del mes de marzo; el del 4 de enero corresponder\u00eda al del mes de abril; y as\u00ed sucesivamente hasta el 12 de enero, que ser\u00eda el de diciembre.<\/p>\n<p>A partir del 13 de enero y hasta el 30, se dan las llamadas <em>&#8220;caba\u00f1uelas de retorno&#8221;<\/em>, que predicen el clima de los meses correspondientes, pero al rev\u00e9s, o sea, en sentido contrario: el clima del 13 de enero ser\u00e1 el de diciembre; el del 14, el de noviembre; el del 15, el de octubre; el del 16, el de setiembre; el del 17, el de agosto, y as\u00ed sucesivamente hasta llegar al d\u00eda 30 de enero, cuyo clima ser\u00eda el del mes de enero.<\/p>\n<p>Finalmente, en cuanto al d\u00eda 31 de enero, seg\u00fan las caba\u00f1uelas, este se parte en segmentos de a 2 horas, para un total de 12 segmentos, cada uno de los cuales corresponder\u00e1 al respectivo mes: as\u00ed, el clima del 31 de enero entre las 00:01 horas hasta la 1:59 a.m. ser\u00e1 el clima de enero; el del 31 de enero entre las 2:00 a.m. y las 3:59 a.m. ser\u00e1 el clima de febrero; el del 31 de enero entre las 4:00 a.m. &nbsp;y las 6:00 a.m. ser\u00e1 el clima de marzo, etc\u00e9tera.<\/p>\n<p>A lo largo de muchos a\u00f1os, las caba\u00f1uelas, con algunas variantes, formaron parte de la cultura popular, aunque en el norte de Espa\u00f1a reciben otro nombre, el de <em>&#8220;t\u00e9mporas&#8221;<\/em>, vocablo con connotaci\u00f3n religiosa y referido al ayuno ordenado por la Iglesia durante los d\u00edas mi\u00e9rcoles, viernes y s\u00e1bado al inicio de las estaciones de verano, oto\u00f1o, invierno y primavera.<\/p>\n<p>La meteorolog\u00eda moderna no le da importancia alguna a las caba\u00f1uelas como m\u00e9todo para el pron\u00f3stico del tiempo. No obstante, en diversos sectores sociales se persiste en ten\u00e9rseles como parte de la sabidur\u00eda popular y se afirma que si no resultan verificados sus vaticinios no es porque en s\u00ed carezcan de valor, sino porque el hombre se ha encargado de alterar por completo los ciclos de la naturaleza, no solo en el tema del clima, las siembras y las cosechas, sino en otros no menos importantes para el ser humano como el sue\u00f1o, alteraci\u00f3n esta \u00faltima derivada de la invenci\u00f3n de la bombilla el\u00e9ctrica y de la prolongaci\u00f3n consiguiente de las actividades diurnas en las horas de la noche, y cuya secuela m\u00e1s grave es el fen\u00f3meno moderno del insomnio.<\/p>\n<p>&nbsp;<\/p>\n","protected":false},"excerpt":{"rendered":"<p>&nbsp; El director del diario El Frente Rafael Serrano Prada ha rememorado en su \u00faltima columna editorial [V. Entrada del 4 de enero\/15] la antiqu\u00edsima tradici\u00f3n popular campesina de &#8220;Las caba\u00f1uelas&#8221;, de la cual unos sostienen que s\u00ed es acertada, &hellip; <a href=\"https:\/\/oscarhumbertogomez.com\/?p=14912\">Sigue leyendo <span class=\"meta-nav\">&rarr;<\/span><\/a><\/p>\n<div class='heateorSssClear'><\/div><div  class='heateor_sss_sharing_container heateor_sss_horizontal_sharing' heateor-sss-data-href='https:\/\/oscarhumbertogomez.com\/?p=14912'><div class='heateor_sss_sharing_title' style=\"font-weight:bold\" >\u00a1Gracias por compartirla!<\/div><ul class=\"heateor_sss_sharing_ul\"><li class=\"heateorSssSharingRound\"><i style=\"width:35px;height:35px;border-radius:999px;\" alt=\"Facebook\" Title=\"Facebook\" class=\"heateorSssSharing heateorSssFacebookBackground\" onclick='heateorSssPopup(\"https:\/\/www.facebook.com\/sharer\/sharer.php?u=https%3A%2F%2Foscarhumbertogomez.com%2Findex.php%3Frest_route%3D%252Fwp%252Fv2%252Fposts%252F14912\")'><ss style=\"display:block;border-radius:999px;\" class=\"heateorSssSharingSvg heateorSssFacebookSvg\"><\/ss><\/i><\/li><li class=\"heateorSssSharingRound\"><i style=\"width:35px;height:35px;border-radius:999px;\" alt=\"Twitter\" Title=\"Twitter\" class=\"heateorSssSharing heateorSssTwitterBackground\" onclick='heateorSssPopup(\"http:\/\/twitter.com\/intent\/tweet?text=Las%20caba%C3%B1uelas.%20Por%20%C3%93scar%20Humberto%20G%C3%B3mez%20G%C3%B3mez&url=https%3A%2F%2Foscarhumbertogomez.com%2Findex.php%3Frest_route%3D%252Fwp%252Fv2%252Fposts%252F14912\")'><ss style=\"display:block;border-radius:999px;\" class=\"heateorSssSharingSvg heateorSssTwitterSvg\"><\/ss><\/i><\/li><li class=\"heateorSssSharingRound\"><i style=\"width:35px;height:35px;border-radius:999px;\" alt=\"Whatsapp\" Title=\"Whatsapp\" class=\"heateorSssSharing heateorSssWhatsappBackground\" onclick='heateorSssPopup(\"https:\/\/web.whatsapp.com\/send?text=Las%20caba%C3%B1uelas.%20Por%20%C3%93scar%20Humberto%20G%C3%B3mez%20G%C3%B3mez https%3A%2F%2Foscarhumbertogomez.com%2Findex.php%3Frest_route%3D%252Fwp%252Fv2%252Fposts%252F14912\")'><ss style=\"display:block\" class=\"heateorSssSharingSvg heateorSssWhatsappSvg\"><\/ss><\/i><\/li><li class=\"heateorSssSharingRound\"><i style=\"width:35px;height:35px;border-radius:999px;\" alt=\"Pinterest\" Title=\"Pinterest\" class=\"heateorSssSharing heateorSssPinterestBackground\" onclick=\"javascript:void( (function() {var e=document.createElement('script' );e.setAttribute('type','text\/javascript' );e.setAttribute('charset','UTF-8' );e.setAttribute('src','\/\/assets.pinterest.com\/js\/pinmarklet.js?r='+Math.random()*99999999);document.body.appendChild(e)})());\"><ss style=\"display:block;border-radius:999px;\" class=\"heateorSssSharingSvg heateorSssPinterestSvg\"><\/ss><\/i><\/li><li class=\"heateorSssSharingRound\"><i style=\"width:35px;height:35px;border-radius:999px;\" alt=\"Google Gmail\" Title=\"Google Gmail\" class=\"heateorSssSharing heateorSssGoogleGmailBackground\" onclick='heateorSssPopup(\"https:\/\/mail.google.com\/mail\/?ui=2&view=cm&fs=1&tf=1&su=Las%20caba%C3%B1uelas.%20Por%20%C3%93scar%20Humberto%20G%C3%B3mez%20G%C3%B3mez&body=Link:https%3A%2F%2Foscarhumbertogomez.com%2Findex.php%3Frest_route%3D%252Fwp%252Fv2%252Fposts%252F14912\")'><ss style=\"display:block;border-radius:999px;\" class=\"heateorSssSharingSvg heateorSssGoogleGmailSvg\"><\/ss><\/i><\/li><li class=\"heateorSssSharingRound\"><i style=\"width:35px;height:35px;border-radius:999px;\" title=\"More\" alt=\"More\" class=\"heateorSssSharing heateorSssMoreBackground\" onclick=\"heateorSssMoreSharingPopup(this, 'https:\/\/oscarhumbertogomez.com\/index.php?rest_route=%2Fwp%2Fv2%2Fposts%2F14912', 'Las%20caba%C3%B1uelas.%20Por%20%C3%93scar%20Humberto%20G%C3%B3mez%20G%C3%B3mez', '' )\" ><ss style=\"display:block\" class=\"heateorSssSharingSvg heateorSssMoreSvg\"><\/ss><\/i><\/li><\/ul><div class=\"heateorSssClear\"><\/div><\/div><div class='heateorSssClear'><\/div>","protected":false},"author":2,"featured_media":0,"comment_status":"closed","ping_status":"closed","sticky":false,"template":"","format":"standard","meta":{"spay_email":"","footnotes":""},"categories":[11],"tags":[],"class_list":["post-14912","post","type-post","status-publish","format-standard","hentry","category-periodismo"],"jetpack_featured_media_url":"","jetpack_shortlink":"https:\/\/wp.me\/p1FYrr-3Sw","_links":{"self":[{"href":"https:\/\/oscarhumbertogomez.com\/index.php?rest_route=\/wp\/v2\/posts\/14912","targetHints":{"allow":["GET"]}}],"collection":[{"href":"https:\/\/oscarhumbertogomez.com\/index.php?rest_route=\/wp\/v2\/posts"}],"about":[{"href":"https:\/\/oscarhumbertogomez.com\/index.php?rest_route=\/wp\/v2\/types\/post"}],"author":[{"embeddable":true,"href":"https:\/\/oscarhumbertogomez.com\/index.php?rest_route=\/wp\/v2\/users\/2"}],"replies":[{"embeddable":true,"href":"https:\/\/oscarhumbertogomez.com\/index.php?rest_route=%2Fwp%2Fv2%2Fcomments&post=14912"}],"version-history":[{"count":4,"href":"https:\/\/oscarhumbertogomez.com\/index.php?rest_route=\/wp\/v2\/posts\/14912\/revisions"}],"predecessor-version":[{"id":52530,"href":"https:\/\/oscarhumbertogomez.com\/index.php?rest_route=\/wp\/v2\/posts\/14912\/revisions\/52530"}],"wp:attachment":[{"href":"https:\/\/oscarhumbertogomez.com\/index.php?rest_route=%2Fwp%2Fv2%2Fmedia&parent=14912"}],"wp:term":[{"taxonomy":"category","embeddable":true,"href":"https:\/\/oscarhumbertogomez.com\/index.php?rest_route=%2Fwp%2Fv2%2Fcategories&post=14912"},{"taxonomy":"post_tag","embeddable":true,"href":"https:\/\/oscarhumbertogomez.com\/index.php?rest_route=%2Fwp%2Fv2%2Ftags&post=14912"}],"curies":[{"name":"wp","href":"https:\/\/api.w.org\/{rel}","templated":true}]}}