{"id":15112,"date":"2015-01-29T19:48:41","date_gmt":"2015-01-30T00:48:41","guid":{"rendered":"http:\/\/www.oscarhumbertogomez.com\/?p=15112"},"modified":"2025-03-19T09:34:48","modified_gmt":"2025-03-19T14:34:48","slug":"nuevo-escandalo-estremece-a-la-sala-disciplinaria-del-consejo-superior-de-la-judicatura","status":"publish","type":"post","link":"https:\/\/oscarhumbertogomez.com\/?p=15112","title":{"rendered":"Nuevo esc\u00e1ndalo estremece a la Sala Disciplinaria del Consejo Superior de la Judicatura. Por \u00d3scar Humberto G\u00f3mez G\u00f3mez, Miembro del Colegio Nacional de Periodistas"},"content":{"rendered":"<p><img decoding=\"async\" class=\"aligncenter size-full wp-image-4481\" src=\"https:\/\/lapiedrafilosofal.com\/wp-content\/uploads\/2012\/06\/OSCAR-HUMBERTO-GOMEZ.jpg\" alt=\"OSCAR HUMBERTO GOMEZ\" width=\"500\"><\/p>\n<p>&nbsp;<\/p>\n<p>Yo no lo pod\u00eda creer. Otra vez la Sala Disciplinaria del Consejo Superior de la Judicatura, otra vez el magistrado Ovidio Claros, otra vez el magistrado Henry Villarraga, en fin, otra vez \u2014como dec\u00eda Gait\u00e1n\u2014 los mismos con las mismas. El informe de la FM, rendido por uno de los periodistas subalternos de Vicky D\u00e1vila, no dejaba lugar a dudas: de nuevo el esc\u00e1ndalo sacud\u00eda a la corporaci\u00f3n que se ufana de las cifras de abogados sancionados por ella en raz\u00f3n a no haber actuado con \u00c9tica, entre ellos aquellos que son multados por tener el valor civil de reprocharles a los malos funcionarios judiciales sus reprobables actuaciones en contra de los derechos de los m\u00e1s fr\u00e1giles. Aunque en esta oportunidad ya no era el &#8220;carrusel&#8221; de las &#8220;palomitas&#8221; dentro de la propia Sala Disciplinaria del Consejo Superior de la Judicatura, denunciado por la revista <em>Semana<\/em> y que ahora tiene a las puertas de la c\u00e1rcel, no a los implicados en aquella imp\u00fadica desfachatez contra el erario, la \u00c9tica y la decencia p\u00fablica \u2014quienes siguieron campantes en sus cargos\u2014, sino al investigador, el doctor Carlos Uma\u00f1a, el honesto y valeroso contralor delegado que intent\u00f3 ir hasta el fondo del asunto: ahora es otro &#8220;carrusel&#8221;, tambi\u00e9n de pensiones, pero para timar al Instituto de Seguros Sociales (ISS) a punta de tutelas previamente arregladas desde el reparto mismo.<\/p>\n<p>&nbsp;<\/p>\n<div id=\"attachment_15116\" style=\"width: 910px\" class=\"wp-caption aligncenter\"><img decoding=\"async\" aria-describedby=\"caption-attachment-15116\" class=\"size-full wp-image-15116\" title=\"MAGISTRADOS II\" src=\"https:\/\/lapiedrafilosofal.com\/wp-content\/uploads\/2015\/01\/MAGISTRADOS-II.jpeg\" alt=\"\" width=\"900\" srcset=\"https:\/\/oscarhumbertogomez.com\/wp-content\/uploads\/2015\/01\/MAGISTRADOS-II.jpeg 450w, https:\/\/oscarhumbertogomez.com\/wp-content\/uploads\/2015\/01\/MAGISTRADOS-II-300x200.jpeg 300w\" sizes=\"(max-width: 450px) 100vw, 450px\" \/><p id=\"caption-attachment-15116\" class=\"wp-caption-text\">OVIDIO CLAROS \/ JULIA EMMA GARZ\u00d3N \/ HENRY VILLARRAGA, MAGISTRADOS DE LA SALA DISCIPLINARIA DEL CONSEJO SUPERIOR DE LA JUDICATURA A QUIENES LA FISCAL\u00cdA GENERAL DE LA NACI\u00d3N HA PEDIDO INVESTIGAR PENALMENTE POR UN NUEVO &#8220;CARRUSEL&#8221; DE PENSIONES.<\/p><\/div>\n<p>&nbsp;<\/p>\n<p>Ustedes mismos lean la noticia dando clic izquierdo encima del enlace:<\/p>\n<p>&nbsp;<\/p>\n<p><a href=\"http:\/\/www.radiored.com.co\/noticias\/ovidio-claros-actual-presidente-del-consejo-de-la-judicatura-y-dos-magistrados-mas-seran-investigados-penalmente\/\">http:\/\/www.radiored.com.co\/noticias\/ovidio-claros-actual-presidente-del-consejo-de-la-judicatura-y-dos-magistrados-mas-seran-investigados-penalmente\/<\/a><\/p>\n<p>\u00a1Esto hasta cu\u00e1ndo, por Dios!<\/p>\n<p>&nbsp;<\/p>\n","protected":false},"excerpt":{"rendered":"<p>&nbsp; Yo no lo pod\u00eda creer. Otra vez la Sala Disciplinaria del Consejo Superior de la Judicatura, otra vez el magistrado Ovidio Claros, otra vez el magistrado Henry Villarraga, en fin, otra vez \u2014como dec\u00eda Gait\u00e1n\u2014 los mismos con las &hellip; <a href=\"https:\/\/oscarhumbertogomez.com\/?p=15112\">Sigue leyendo <span class=\"meta-nav\">&rarr;<\/span><\/a><\/p>\n<div class='heateorSssClear'><\/div><div  class='heateor_sss_sharing_container heateor_sss_horizontal_sharing' heateor-sss-data-href='https:\/\/oscarhumbertogomez.com\/?p=15112'><div class='heateor_sss_sharing_title' style=\"font-weight:bold\" >\u00a1Gracias por compartirla!<\/div><ul class=\"heateor_sss_sharing_ul\"><li class=\"heateorSssSharingRound\"><i style=\"width:35px;height:35px;border-radius:999px;\" alt=\"Facebook\" Title=\"Facebook\" class=\"heateorSssSharing heateorSssFacebookBackground\" onclick='heateorSssPopup(\"https:\/\/www.facebook.com\/sharer\/sharer.php?u=https%3A%2F%2Foscarhumbertogomez.com%2Findex.php%3Frest_route%3D%252Fwp%252Fv2%252Fposts%252F15112\")'><ss style=\"display:block;border-radius:999px;\" class=\"heateorSssSharingSvg heateorSssFacebookSvg\"><\/ss><\/i><\/li><li class=\"heateorSssSharingRound\"><i style=\"width:35px;height:35px;border-radius:999px;\" alt=\"Twitter\" Title=\"Twitter\" class=\"heateorSssSharing heateorSssTwitterBackground\" onclick='heateorSssPopup(\"http:\/\/twitter.com\/intent\/tweet?text=Nuevo%20esc%C3%A1ndalo%20estremece%20a%20la%20Sala%20Disciplinaria%20del%20Consejo%20Superior%20de%20la%20Judicatura.%20Por%20%C3%93scar%20Humberto%20G%C3%B3mez%20G%C3%B3mez%2C%20Miembro%20del%20Colegio%20Nacional%20de%20Periodistas&url=https%3A%2F%2Foscarhumbertogomez.com%2Findex.php%3Frest_route%3D%252Fwp%252Fv2%252Fposts%252F15112\")'><ss style=\"display:block;border-radius:999px;\" class=\"heateorSssSharingSvg heateorSssTwitterSvg\"><\/ss><\/i><\/li><li class=\"heateorSssSharingRound\"><i style=\"width:35px;height:35px;border-radius:999px;\" alt=\"Whatsapp\" Title=\"Whatsapp\" class=\"heateorSssSharing heateorSssWhatsappBackground\" onclick='heateorSssPopup(\"https:\/\/web.whatsapp.com\/send?text=Nuevo%20esc%C3%A1ndalo%20estremece%20a%20la%20Sala%20Disciplinaria%20del%20Consejo%20Superior%20de%20la%20Judicatura.%20Por%20%C3%93scar%20Humberto%20G%C3%B3mez%20G%C3%B3mez%2C%20Miembro%20del%20Colegio%20Nacional%20de%20Periodistas https%3A%2F%2Foscarhumbertogomez.com%2Findex.php%3Frest_route%3D%252Fwp%252Fv2%252Fposts%252F15112\")'><ss style=\"display:block\" class=\"heateorSssSharingSvg heateorSssWhatsappSvg\"><\/ss><\/i><\/li><li class=\"heateorSssSharingRound\"><i style=\"width:35px;height:35px;border-radius:999px;\" alt=\"Pinterest\" Title=\"Pinterest\" class=\"heateorSssSharing heateorSssPinterestBackground\" onclick=\"javascript:void( (function() {var e=document.createElement('script' );e.setAttribute('type','text\/javascript' );e.setAttribute('charset','UTF-8' );e.setAttribute('src','\/\/assets.pinterest.com\/js\/pinmarklet.js?r='+Math.random()*99999999);document.body.appendChild(e)})());\"><ss style=\"display:block;border-radius:999px;\" class=\"heateorSssSharingSvg heateorSssPinterestSvg\"><\/ss><\/i><\/li><li class=\"heateorSssSharingRound\"><i style=\"width:35px;height:35px;border-radius:999px;\" alt=\"Google Gmail\" Title=\"Google Gmail\" class=\"heateorSssSharing heateorSssGoogleGmailBackground\" onclick='heateorSssPopup(\"https:\/\/mail.google.com\/mail\/?ui=2&view=cm&fs=1&tf=1&su=Nuevo%20esc%C3%A1ndalo%20estremece%20a%20la%20Sala%20Disciplinaria%20del%20Consejo%20Superior%20de%20la%20Judicatura.%20Por%20%C3%93scar%20Humberto%20G%C3%B3mez%20G%C3%B3mez%2C%20Miembro%20del%20Colegio%20Nacional%20de%20Periodistas&body=Link:https%3A%2F%2Foscarhumbertogomez.com%2Findex.php%3Frest_route%3D%252Fwp%252Fv2%252Fposts%252F15112\")'><ss style=\"display:block;border-radius:999px;\" class=\"heateorSssSharingSvg heateorSssGoogleGmailSvg\"><\/ss><\/i><\/li><li class=\"heateorSssSharingRound\"><i style=\"width:35px;height:35px;border-radius:999px;\" title=\"More\" alt=\"More\" class=\"heateorSssSharing heateorSssMoreBackground\" onclick=\"heateorSssMoreSharingPopup(this, 'https:\/\/oscarhumbertogomez.com\/index.php?rest_route=%2Fwp%2Fv2%2Fposts%2F15112', 'Nuevo%20esc%C3%A1ndalo%20estremece%20a%20la%20Sala%20Disciplinaria%20del%20Consejo%20Superior%20de%20la%20Judicatura.%20Por%20%C3%93scar%20Humberto%20G%C3%B3mez%20G%C3%B3mez%2C%20Miembro%20del%20Colegio%20Nacional%20de%20Periodistas', '' )\" ><ss style=\"display:block\" class=\"heateorSssSharingSvg heateorSssMoreSvg\"><\/ss><\/i><\/li><\/ul><div class=\"heateorSssClear\"><\/div><\/div><div class='heateorSssClear'><\/div>","protected":false},"author":2,"featured_media":0,"comment_status":"closed","ping_status":"closed","sticky":false,"template":"","format":"standard","meta":{"spay_email":"","footnotes":""},"categories":[60,11],"tags":[],"class_list":["post-15112","post","type-post","status-publish","format-standard","hentry","category-tribuna-de-opinion","category-periodismo"],"jetpack_featured_media_url":"","jetpack_shortlink":"https:\/\/wp.me\/p1FYrr-3VK","_links":{"self":[{"href":"https:\/\/oscarhumbertogomez.com\/index.php?rest_route=\/wp\/v2\/posts\/15112","targetHints":{"allow":["GET"]}}],"collection":[{"href":"https:\/\/oscarhumbertogomez.com\/index.php?rest_route=\/wp\/v2\/posts"}],"about":[{"href":"https:\/\/oscarhumbertogomez.com\/index.php?rest_route=\/wp\/v2\/types\/post"}],"author":[{"embeddable":true,"href":"https:\/\/oscarhumbertogomez.com\/index.php?rest_route=\/wp\/v2\/users\/2"}],"replies":[{"embeddable":true,"href":"https:\/\/oscarhumbertogomez.com\/index.php?rest_route=%2Fwp%2Fv2%2Fcomments&post=15112"}],"version-history":[{"count":5,"href":"https:\/\/oscarhumbertogomez.com\/index.php?rest_route=\/wp\/v2\/posts\/15112\/revisions"}],"predecessor-version":[{"id":52549,"href":"https:\/\/oscarhumbertogomez.com\/index.php?rest_route=\/wp\/v2\/posts\/15112\/revisions\/52549"}],"wp:attachment":[{"href":"https:\/\/oscarhumbertogomez.com\/index.php?rest_route=%2Fwp%2Fv2%2Fmedia&parent=15112"}],"wp:term":[{"taxonomy":"category","embeddable":true,"href":"https:\/\/oscarhumbertogomez.com\/index.php?rest_route=%2Fwp%2Fv2%2Fcategories&post=15112"},{"taxonomy":"post_tag","embeddable":true,"href":"https:\/\/oscarhumbertogomez.com\/index.php?rest_route=%2Fwp%2Fv2%2Ftags&post=15112"}],"curies":[{"name":"wp","href":"https:\/\/api.w.org\/{rel}","templated":true}]}}