{"id":15226,"date":"2015-02-04T06:23:29","date_gmt":"2015-02-04T11:23:29","guid":{"rendered":"http:\/\/www.oscarhumbertogomez.com\/?p=15226"},"modified":"2025-03-30T20:55:53","modified_gmt":"2025-03-31T01:55:53","slug":"la-muerte-de-un-hijo-por-hector-hernandez-mateus","status":"publish","type":"post","link":"https:\/\/oscarhumbertogomez.com\/?p=15226","title":{"rendered":"La muerte de un hijo. Por H\u00e9ctor Hern\u00e1ndez Mateus"},"content":{"rendered":"<p><img decoding=\"async\" class=\"aligncenter size-full wp-image-15228\" title=\"H\u00e9ctor-Hern\u00e1ndez-Mateus4\" src=\"https:\/\/lapiedrafilosofal.com\/wp-content\/uploads\/2015\/02\/H\u00e9ctor-Hern\u00e1ndez-Mateus4.jpg\" alt=\"\" width=\"500\" srcset=\"https:\/\/oscarhumbertogomez.com\/wp-content\/uploads\/2015\/02\/H\u00e9ctor-Hern\u00e1ndez-Mateus4.jpg 717w, https:\/\/oscarhumbertogomez.com\/wp-content\/uploads\/2015\/02\/H\u00e9ctor-Hern\u00e1ndez-Mateus4-150x150.jpg 150w, https:\/\/oscarhumbertogomez.com\/wp-content\/uploads\/2015\/02\/H\u00e9ctor-Hern\u00e1ndez-Mateus4-298x300.jpg 298w\" sizes=\"(max-width: 717px) 100vw, 717px\" \/><\/p>\n<p>&nbsp;<\/p>\n<p>\u201cHicimos la paz para que los padres no siguieran enterrando a sus hijos y no pude evitar que me pasara. Estoy aplastado\u2026,\u201d palabras de Antonio Navarro Wolff a ra\u00edz de la muerte de su hijo Gabriel, adolescente, quien supuestamente agobiado por una pena de amor, se suicid\u00f3; su padre se le hab\u00eda dedicado por a\u00f1os en la orientaci\u00f3n de sus tareas acad\u00e9micas.<\/p>\n<p>Corta frase que resume el sentimiento y dolor m\u00e1s humano del hombre que sobrevivi\u00f3 a un atentado, que se expuso a la confrontaci\u00f3n armada, que ha liderado procesos, donde el car\u00e1cter y convicci\u00f3n de su ideal han persuadido a unos y otros.<\/p>\n<p>Sin entrar a juzgar o calificar este tipo de sucesos es bueno hacer reflexi\u00f3n de lo que acontece con nuestra sociedad, llena de perjuicios y donde la imposici\u00f3n de criterios personalistas a\u00edsla a muchos del contenido real de lo que debe de ser una vida mentalmente saludable.<\/p>\n<p>El desequilibrio emocional es una de las afectaciones a las que m\u00e1s propenso se encuentra el ser humano y por ello la tutor\u00eda de padres y familia es indispensablemente necesaria. La juventud est\u00e1 encauzada por un sendero peligroso, lo manifiesta en su vestir, su vocabulario y, en muchas ocasiones, los gustos de est\u00edmulo mediante el licor o drogas psicoactivas; la demas\u00eda tolerancia, que no es m\u00e1s que un libertinaje alcahueta, les lleva a tener experiencias que rayan en el delito, infringen el c\u00f3digo de convivencia, alteran la tranquilidad y exponen su vida y la de los dem\u00e1s en osadas acciones, como los piques y carreras nocturnas.<\/p>\n<p>Un desenlace tan doloroso como el acaecido al honorable senador Navarro debe de servir para que muchos padres y madres de familia se autoanalicen en lo que su hijo o hija pueda estar incubando en su mente, la calidad y cualidad de sus amigos, el aprovechamiento del tiempo libre y las alternativas de recreaci\u00f3n. Cuestionarse cu\u00e1nto tiempo dialogamos con nuestros hijos de manera personal, si solamente nos dedicamos al cuido material y abandonamos la formaci\u00f3n de valores; no debe de entenderse religioso, no: el ser humano tiene un complejo espacio en su mente que es ilimitado.<\/p>\n<p>La tecnolog\u00eda lleva al aislamiento de conversar directamente, en ella no se encuentra el calor o dulzura de la mirada, el cambio de tono de la voz cuando nuestras emociones se alteran, mucho menos el temblor de las manos o los movimientos nerviosos, cuando una situaci\u00f3n es apremiante; no, los fr\u00edos sistemas de comunicaci\u00f3n adem\u00e1s de da\u00f1ar la posibilidad del di\u00e1logo personalizado nos ensimisman en nuestras inquietudes, que se pueden volver problemas y llevar a desenlaces mortales.<\/p>\n<p>El fervor de la juventud no es capaz de asumir muchas de las situaciones que se presentan en el discurrir de su naciente vida; solo el faro de quien en experiencia y afecto puede guiar, ayuda a una orientaci\u00f3n v\u00e1lida, y qu\u00e9 mejor que la de los padres y familia.<\/p>\n<p>_______<\/p>\n<p>&nbsp;<\/p>\n<p>* <strong>H\u00c9CTOR HERN\u00c1NDEZ MATEUS.\u2014<\/strong> Reportero gr\u00e1fico, columnista de EL FRENTE, conciliador en equidad del Tribunal Superior de Bucaramanga y dirigente c\u00edvico y deportivo santandereano.<\/p>\n<p>&nbsp;<\/p>\n","protected":false},"excerpt":{"rendered":"<p>&nbsp; \u201cHicimos la paz para que los padres no siguieran enterrando a sus hijos y no pude evitar que me pasara. Estoy aplastado\u2026,\u201d palabras de Antonio Navarro Wolff a ra\u00edz de la muerte de su hijo Gabriel, adolescente, quien supuestamente &hellip; <a href=\"https:\/\/oscarhumbertogomez.com\/?p=15226\">Sigue leyendo <span class=\"meta-nav\">&rarr;<\/span><\/a><\/p>\n<div class='heateorSssClear'><\/div><div  class='heateor_sss_sharing_container heateor_sss_horizontal_sharing' heateor-sss-data-href='https:\/\/oscarhumbertogomez.com\/?p=15226'><div class='heateor_sss_sharing_title' style=\"font-weight:bold\" >\u00a1Gracias por compartirla!<\/div><ul class=\"heateor_sss_sharing_ul\"><li class=\"heateorSssSharingRound\"><i style=\"width:35px;height:35px;border-radius:999px;\" alt=\"Facebook\" Title=\"Facebook\" class=\"heateorSssSharing heateorSssFacebookBackground\" onclick='heateorSssPopup(\"https:\/\/www.facebook.com\/sharer\/sharer.php?u=https%3A%2F%2Foscarhumbertogomez.com%2Findex.php%3Frest_route%3D%252Fwp%252Fv2%252Fposts%252F15226\")'><ss style=\"display:block;border-radius:999px;\" class=\"heateorSssSharingSvg heateorSssFacebookSvg\"><\/ss><\/i><\/li><li class=\"heateorSssSharingRound\"><i style=\"width:35px;height:35px;border-radius:999px;\" alt=\"Twitter\" Title=\"Twitter\" class=\"heateorSssSharing heateorSssTwitterBackground\" onclick='heateorSssPopup(\"http:\/\/twitter.com\/intent\/tweet?text=La%20muerte%20de%20un%20hijo.%20Por%20H%C3%A9ctor%20Hern%C3%A1ndez%20Mateus&url=https%3A%2F%2Foscarhumbertogomez.com%2Findex.php%3Frest_route%3D%252Fwp%252Fv2%252Fposts%252F15226\")'><ss style=\"display:block;border-radius:999px;\" class=\"heateorSssSharingSvg heateorSssTwitterSvg\"><\/ss><\/i><\/li><li class=\"heateorSssSharingRound\"><i style=\"width:35px;height:35px;border-radius:999px;\" alt=\"Whatsapp\" Title=\"Whatsapp\" class=\"heateorSssSharing heateorSssWhatsappBackground\" onclick='heateorSssPopup(\"https:\/\/web.whatsapp.com\/send?text=La%20muerte%20de%20un%20hijo.%20Por%20H%C3%A9ctor%20Hern%C3%A1ndez%20Mateus https%3A%2F%2Foscarhumbertogomez.com%2Findex.php%3Frest_route%3D%252Fwp%252Fv2%252Fposts%252F15226\")'><ss style=\"display:block\" class=\"heateorSssSharingSvg heateorSssWhatsappSvg\"><\/ss><\/i><\/li><li class=\"heateorSssSharingRound\"><i style=\"width:35px;height:35px;border-radius:999px;\" alt=\"Pinterest\" Title=\"Pinterest\" class=\"heateorSssSharing heateorSssPinterestBackground\" onclick=\"javascript:void( (function() {var e=document.createElement('script' );e.setAttribute('type','text\/javascript' );e.setAttribute('charset','UTF-8' );e.setAttribute('src','\/\/assets.pinterest.com\/js\/pinmarklet.js?r='+Math.random()*99999999);document.body.appendChild(e)})());\"><ss style=\"display:block;border-radius:999px;\" class=\"heateorSssSharingSvg heateorSssPinterestSvg\"><\/ss><\/i><\/li><li class=\"heateorSssSharingRound\"><i style=\"width:35px;height:35px;border-radius:999px;\" alt=\"Google Gmail\" Title=\"Google Gmail\" class=\"heateorSssSharing heateorSssGoogleGmailBackground\" onclick='heateorSssPopup(\"https:\/\/mail.google.com\/mail\/?ui=2&view=cm&fs=1&tf=1&su=La%20muerte%20de%20un%20hijo.%20Por%20H%C3%A9ctor%20Hern%C3%A1ndez%20Mateus&body=Link:https%3A%2F%2Foscarhumbertogomez.com%2Findex.php%3Frest_route%3D%252Fwp%252Fv2%252Fposts%252F15226\")'><ss style=\"display:block;border-radius:999px;\" class=\"heateorSssSharingSvg heateorSssGoogleGmailSvg\"><\/ss><\/i><\/li><li class=\"heateorSssSharingRound\"><i style=\"width:35px;height:35px;border-radius:999px;\" title=\"More\" alt=\"More\" class=\"heateorSssSharing heateorSssMoreBackground\" onclick=\"heateorSssMoreSharingPopup(this, 'https:\/\/oscarhumbertogomez.com\/index.php?rest_route=%2Fwp%2Fv2%2Fposts%2F15226', 'La%20muerte%20de%20un%20hijo.%20Por%20H%C3%A9ctor%20Hern%C3%A1ndez%20Mateus', '' )\" ><ss style=\"display:block\" class=\"heateorSssSharingSvg heateorSssMoreSvg\"><\/ss><\/i><\/li><\/ul><div class=\"heateorSssClear\"><\/div><\/div><div class='heateorSssClear'><\/div>","protected":false},"author":2,"featured_media":0,"comment_status":"closed","ping_status":"closed","sticky":false,"template":"","format":"standard","meta":{"spay_email":"","footnotes":""},"categories":[6],"tags":[],"class_list":["post-15226","post","type-post","status-publish","format-standard","hentry","category-la-pluma-ajena"],"jetpack_featured_media_url":"","jetpack_shortlink":"https:\/\/wp.me\/p1FYrr-3XA","_links":{"self":[{"href":"https:\/\/oscarhumbertogomez.com\/index.php?rest_route=\/wp\/v2\/posts\/15226","targetHints":{"allow":["GET"]}}],"collection":[{"href":"https:\/\/oscarhumbertogomez.com\/index.php?rest_route=\/wp\/v2\/posts"}],"about":[{"href":"https:\/\/oscarhumbertogomez.com\/index.php?rest_route=\/wp\/v2\/types\/post"}],"author":[{"embeddable":true,"href":"https:\/\/oscarhumbertogomez.com\/index.php?rest_route=\/wp\/v2\/users\/2"}],"replies":[{"embeddable":true,"href":"https:\/\/oscarhumbertogomez.com\/index.php?rest_route=%2Fwp%2Fv2%2Fcomments&post=15226"}],"version-history":[{"count":5,"href":"https:\/\/oscarhumbertogomez.com\/index.php?rest_route=\/wp\/v2\/posts\/15226\/revisions"}],"predecessor-version":[{"id":53253,"href":"https:\/\/oscarhumbertogomez.com\/index.php?rest_route=\/wp\/v2\/posts\/15226\/revisions\/53253"}],"wp:attachment":[{"href":"https:\/\/oscarhumbertogomez.com\/index.php?rest_route=%2Fwp%2Fv2%2Fmedia&parent=15226"}],"wp:term":[{"taxonomy":"category","embeddable":true,"href":"https:\/\/oscarhumbertogomez.com\/index.php?rest_route=%2Fwp%2Fv2%2Fcategories&post=15226"},{"taxonomy":"post_tag","embeddable":true,"href":"https:\/\/oscarhumbertogomez.com\/index.php?rest_route=%2Fwp%2Fv2%2Ftags&post=15226"}],"curies":[{"name":"wp","href":"https:\/\/api.w.org\/{rel}","templated":true}]}}