{"id":15413,"date":"2015-02-19T22:10:22","date_gmt":"2015-02-20T03:10:22","guid":{"rendered":"http:\/\/www.oscarhumbertogomez.com\/?p=15413"},"modified":"2025-03-19T09:41:38","modified_gmt":"2025-03-19T14:41:38","slug":"nuevo-escandalo-vuelve-a-estremecer-al-consejo-superior-de-la-judicatura-por-oscar-humberto-gomez-gomez-miembro-del-colegio-nacional-de-periodistas","status":"publish","type":"post","link":"https:\/\/oscarhumbertogomez.com\/?p=15413","title":{"rendered":"Nuevo esc\u00e1ndalo vuelve a estremecer al Consejo Superior de la Judicatura. Por \u00d3scar Humberto G\u00f3mez G\u00f3mez, Miembro del Colegio Nacional de Periodistas"},"content":{"rendered":"<p><img decoding=\"async\" class=\"aligncenter size-full wp-image-4481\" src=\"https:\/\/lapiedrafilosofal.com\/wp-content\/uploads\/2012\/06\/OSCAR-HUMBERTO-GOMEZ.jpg\" alt=\"OSCAR HUMBERTO GOMEZ\" width=\"500\"><\/p>\n<p>&nbsp;<\/p>\n<p>Otro vergonzoso esc\u00e1ndalo sacude \u2014por en\u00e9sima vez\u2014 al cada vez m\u00e1s desacreditado Consejo Superior de la Judicatura. Esta vez se unen en el desprestigio las dos salas de ese organismo, por cuya pronta desaparici\u00f3n clama el pa\u00eds entero.<\/p>\n<p><span style=\"color: #000080;\"><strong>Denunciados por el propio Presidente Santos<\/strong><\/span><\/p>\n<p>Ahora ha sido el propio Presidente de la Rep\u00fablica Juan Manuel Santos Calder\u00f3n quien denuncia las maniobras clandestinas de sus magistrados dentro del Capitolio Nacional.<\/p>\n<p><span style=\"color: #003366;\"><strong>Lobby en el Capitolio<\/strong><\/span><\/p>\n<p>En efecto, los magistrados del Consejo Superior de la Judicatura vienen dedic\u00e1ndose a hacerles un indigno lobby a los congresistas para, en reuniones secretas, fraguar con ellos de qu\u00e9 manera dan al traste con la reforma constitucional impulsada por el Gobierno a trav\u00e9s de la cual se dispone la abolici\u00f3n definitiva de dicha entidad.<\/p>\n<p><span style=\"color: #000080;\"><strong>Puestos en la Justicia a cambio de votos en el Congreso<\/strong><\/span><\/p>\n<p>Ha trascendido que parte de la estrategia de los magistrados del Consejo Superior consiste en ofrecerles a los parlamentarios puestos en la Administraci\u00f3n de Justicia para su clientela a cambio de su voto adverso a la eliminaci\u00f3n del susodicho Consejo.<\/p>\n<p><span style=\"color: #000080;\"><strong>Los magistrados mienten y se contradicen<\/strong><\/span><\/p>\n<p>Para aumentar la verg\u00fcenza, los magistrados \u2014que por su investidura deber\u00edan dar ejemplo de respeto a la verdad\u2014 han incurrido, en sus declaraciones a los medios de comunicaci\u00f3n, en palmarias mentiras y contradicciones, que muestran a las claras en manos de qu\u00e9 clase de personajes est\u00e1 el manejo de la Justicia colombiana y el control \u00e9tico de la Abogac\u00eda. Y es que mientras el presidente de la Sala Disciplinaria, magistrado Wilson Ruiz, neg\u00f3 categ\u00f3ricamente que lo del lobby fuera cierto, termin\u00f3 contradici\u00e9ndose con el magistrado de la Sala Administrativa y expresidente de esa sala magistrado N\u00e9stor Ra\u00fal Correa, quien cont\u00f3 que no solo era cierto el lobby, sino que incluso fue aprobado nada m\u00e1s ni nada menos que en la Sala Plena de la Corporaci\u00f3n, o sea en reuni\u00f3n de las dos salas.<\/p>\n<p><span style=\"color: #003366;\"><strong>El que nada debe&#8230;<\/strong><\/span><\/p>\n<p>La pregunta obvia que surge es: \u00bfpor qu\u00e9, entonces, el magistrado Wilson Ruiz neg\u00f3 que el lobby fuera cierto y hasta dijo que, en caso de que hubiera pruebas, se denunciara el hecho ante &#8220;las autoridades competentes&#8221;?<\/p>\n<p><span style=\"color: #000080;\"><strong>La autoridad &#8220;competente&#8221; es la m\u00e1s incompetente de las autoridades<\/strong><\/span><\/p>\n<p>Ante la pregunta de los periodistas sobre ante cu\u00e1les &#8220;autoridades competentes&#8221; hab\u00eda que presentar la denuncia, el magistrado Wilson Ruiz contest\u00f3 lo de siempre: que como ellos tienen fuero, la denuncia hay que presentarla ante&#8230;\u00a1\u00a1\u00a1 la Comisi\u00f3n de Acusaci\u00f3n de la C\u00e1mara de Representantes !!!<\/p>\n<p>Que es como decir ante nadie, porque toda Colombia sabe que esa comisi\u00f3n no acusa a nadie o, para decirlo m\u00e1s claramente, no sirve para nada.<\/p>\n<p><span style=\"color: #000080;\"><strong>Una lucha totalmente desigual<\/strong><\/span><\/p>\n<p>En otras palabras, mientras quienes vienen abogando hace a\u00f1os por la abolici\u00f3n definitiva y sin contemplaciones de ese engendro creado por la Constituci\u00f3n de 1991 tienen que actuar de frente y \u2014en el caso de los juristas\u2014 exponi\u00e9ndose a las represalias de la Sala Disciplinaria, los magistrados de esa Sala y los de la otra act\u00faan a las escondidas, en concili\u00e1bulos con los congresistas, en los cuales se negocian los cargos p\u00fablicos como si fueran mercanc\u00edas de propiedad de los implicados en tan vulgar y repudiable negocio.<\/p>\n<p>Y mientras un abogado colombiano jam\u00e1s podr\u00eda aspirar a hacer lobby en el Consejo Superior de la Judicatura para ser escuchado acerca de los problemas por los que atraviesa la Abogac\u00eda, porque ese organismo solo ve en los abogados a enemigos a los que hay que perseguir y sobre los que hay que descargar todo el poder disciplinario del Estado para as\u00ed mantener al otrora influyente gremio intimidado y silenciado, sus magistrados s\u00ed salen a hacer lobby en el Capitolio Nacional en causa propia, esto es, para que no les cierren ese sanedr\u00edn de la represi\u00f3n, la mordaza y la injusticia.<\/p>\n<p><span style=\"color: #000080;\"><strong>Que salgan a litigar, como les ha tocado a todos<\/strong><\/span><\/p>\n<p>Ojal\u00e1 se fuerce a estos abogados a que salgan a litigar, es decir, a ejercer la profesi\u00f3n que estudiaron como les ha tocado siempre a todos, esto es, desde el asfalto, lejos de las poltronas y de los escritorios desde donde han mirado hasta ahora a sus colegas como a personajillos de tercera categor\u00eda.<\/p>\n<p>Si ello ocurriese, ver\u00edamos, entonces, si tanta arrogancia se respalda con una elevada preparaci\u00f3n acad\u00e9mica y unos m\u00e9ritos forenses dignos de encomio.<\/p>\n<p><span style=\"color: #000080;\"><strong>La Abogac\u00eda exige claridad<\/strong><\/span><\/p>\n<p>Por ahora, que se nos explique p\u00fablicamente a quienes pagamos impuestos y por eso somos los sostenedores de esa burocracia, en qu\u00e9 ha consistido exactamente el lobby que denunci\u00f3 el Presidente de la Rep\u00fablica, &#8220;lobby&#8221; que \u2014repetimos\u2014 se acord\u00f3 dentro de una sesi\u00f3n de la Sala Plena.<\/p>\n<p><span style=\"color: #000080;\"><strong>La lucha contin\u00faa&#8230;<\/strong><\/span><\/p>\n<p>En lo que a nosotros respecta, como colombianos, como contribuyentes y como periodistas independientes, seguiremos en la lucha hasta ver:<\/p>\n<p><em><strong>i)<\/strong><\/em> que el mentado Consejo Superior de la Judicatura deje de existir,<\/p>\n<p><em><strong>ii)<\/strong><\/em> que el manejo de la Rama Judicial lo reasuma el Ministerio de Justicia, porque para eso existe,<\/p>\n<p><em><strong>iii)<\/strong><\/em> que se cree el Tribunal Nacional de \u00c9tica del Abogado y del Cliente, as\u00ed como existe el Tribunal Nacional de \u00c9tica M\u00e9dica y como cada profesi\u00f3n liberal tiene su propio tribunal de \u00e9tica,<\/p>\n<p><em><strong>iv)<\/strong><\/em> que los conflictos de jurisdicci\u00f3n los resuelva la Corte Constitucional \u2014puesto que esa es una cuesti\u00f3n constitucional\u2014,<\/p>\n<p><em><strong>v)<\/strong><\/em> que el control disciplinario sobre la Administraci\u00f3n de Justicia lo reasuma la Procuradur\u00eda General de la Naci\u00f3n a trav\u00e9s de la Procuradur\u00eda Delegada para la Vigilancia Judicial, y<\/p>\n<p><em><strong>vi)<\/strong><\/em> que de esa manera la Abogac\u00eda colombiana recupere la dignidad y el decoro que perdi\u00f3 como profesi\u00f3n liberal ejercida por hombres y mujeres libres, pensantes e independientes.<\/p>\n<p>&nbsp;<\/p>\n","protected":false},"excerpt":{"rendered":"<p>&nbsp; Otro vergonzoso esc\u00e1ndalo sacude \u2014por en\u00e9sima vez\u2014 al cada vez m\u00e1s desacreditado Consejo Superior de la Judicatura. Esta vez se unen en el desprestigio las dos salas de ese organismo, por cuya pronta desaparici\u00f3n clama el pa\u00eds entero. Denunciados &hellip; <a href=\"https:\/\/oscarhumbertogomez.com\/?p=15413\">Sigue leyendo <span class=\"meta-nav\">&rarr;<\/span><\/a><\/p>\n<div class='heateorSssClear'><\/div><div  class='heateor_sss_sharing_container heateor_sss_horizontal_sharing' heateor-sss-data-href='https:\/\/oscarhumbertogomez.com\/?p=15413'><div class='heateor_sss_sharing_title' style=\"font-weight:bold\" >\u00a1Gracias por compartirla!<\/div><ul class=\"heateor_sss_sharing_ul\"><li class=\"heateorSssSharingRound\"><i style=\"width:35px;height:35px;border-radius:999px;\" alt=\"Facebook\" Title=\"Facebook\" class=\"heateorSssSharing heateorSssFacebookBackground\" onclick='heateorSssPopup(\"https:\/\/www.facebook.com\/sharer\/sharer.php?u=https%3A%2F%2Foscarhumbertogomez.com%2Findex.php%3Frest_route%3D%252Fwp%252Fv2%252Fposts%252F15413\")'><ss style=\"display:block;border-radius:999px;\" class=\"heateorSssSharingSvg heateorSssFacebookSvg\"><\/ss><\/i><\/li><li class=\"heateorSssSharingRound\"><i style=\"width:35px;height:35px;border-radius:999px;\" alt=\"Twitter\" Title=\"Twitter\" class=\"heateorSssSharing heateorSssTwitterBackground\" onclick='heateorSssPopup(\"http:\/\/twitter.com\/intent\/tweet?text=Nuevo%20esc%C3%A1ndalo%20vuelve%20a%20estremecer%20al%20Consejo%20Superior%20de%20la%20Judicatura.%20Por%20%C3%93scar%20Humberto%20G%C3%B3mez%20G%C3%B3mez%2C%20Miembro%20del%20Colegio%20Nacional%20de%20Periodistas&url=https%3A%2F%2Foscarhumbertogomez.com%2Findex.php%3Frest_route%3D%252Fwp%252Fv2%252Fposts%252F15413\")'><ss style=\"display:block;border-radius:999px;\" class=\"heateorSssSharingSvg heateorSssTwitterSvg\"><\/ss><\/i><\/li><li class=\"heateorSssSharingRound\"><i style=\"width:35px;height:35px;border-radius:999px;\" alt=\"Whatsapp\" Title=\"Whatsapp\" class=\"heateorSssSharing heateorSssWhatsappBackground\" onclick='heateorSssPopup(\"https:\/\/web.whatsapp.com\/send?text=Nuevo%20esc%C3%A1ndalo%20vuelve%20a%20estremecer%20al%20Consejo%20Superior%20de%20la%20Judicatura.%20Por%20%C3%93scar%20Humberto%20G%C3%B3mez%20G%C3%B3mez%2C%20Miembro%20del%20Colegio%20Nacional%20de%20Periodistas https%3A%2F%2Foscarhumbertogomez.com%2Findex.php%3Frest_route%3D%252Fwp%252Fv2%252Fposts%252F15413\")'><ss style=\"display:block\" class=\"heateorSssSharingSvg heateorSssWhatsappSvg\"><\/ss><\/i><\/li><li class=\"heateorSssSharingRound\"><i style=\"width:35px;height:35px;border-radius:999px;\" alt=\"Pinterest\" Title=\"Pinterest\" class=\"heateorSssSharing heateorSssPinterestBackground\" onclick=\"javascript:void( (function() {var e=document.createElement('script' );e.setAttribute('type','text\/javascript' );e.setAttribute('charset','UTF-8' );e.setAttribute('src','\/\/assets.pinterest.com\/js\/pinmarklet.js?r='+Math.random()*99999999);document.body.appendChild(e)})());\"><ss style=\"display:block;border-radius:999px;\" class=\"heateorSssSharingSvg heateorSssPinterestSvg\"><\/ss><\/i><\/li><li class=\"heateorSssSharingRound\"><i style=\"width:35px;height:35px;border-radius:999px;\" alt=\"Google Gmail\" Title=\"Google Gmail\" class=\"heateorSssSharing heateorSssGoogleGmailBackground\" onclick='heateorSssPopup(\"https:\/\/mail.google.com\/mail\/?ui=2&view=cm&fs=1&tf=1&su=Nuevo%20esc%C3%A1ndalo%20vuelve%20a%20estremecer%20al%20Consejo%20Superior%20de%20la%20Judicatura.%20Por%20%C3%93scar%20Humberto%20G%C3%B3mez%20G%C3%B3mez%2C%20Miembro%20del%20Colegio%20Nacional%20de%20Periodistas&body=Link:https%3A%2F%2Foscarhumbertogomez.com%2Findex.php%3Frest_route%3D%252Fwp%252Fv2%252Fposts%252F15413\")'><ss style=\"display:block;border-radius:999px;\" class=\"heateorSssSharingSvg heateorSssGoogleGmailSvg\"><\/ss><\/i><\/li><li class=\"heateorSssSharingRound\"><i style=\"width:35px;height:35px;border-radius:999px;\" title=\"More\" alt=\"More\" class=\"heateorSssSharing heateorSssMoreBackground\" onclick=\"heateorSssMoreSharingPopup(this, 'https:\/\/oscarhumbertogomez.com\/index.php?rest_route=%2Fwp%2Fv2%2Fposts%2F15413', 'Nuevo%20esc%C3%A1ndalo%20vuelve%20a%20estremecer%20al%20Consejo%20Superior%20de%20la%20Judicatura.%20Por%20%C3%93scar%20Humberto%20G%C3%B3mez%20G%C3%B3mez%2C%20Miembro%20del%20Colegio%20Nacional%20de%20Periodistas', '' )\" ><ss style=\"display:block\" class=\"heateorSssSharingSvg heateorSssMoreSvg\"><\/ss><\/i><\/li><\/ul><div class=\"heateorSssClear\"><\/div><\/div><div class='heateorSssClear'><\/div>","protected":false},"author":2,"featured_media":0,"comment_status":"closed","ping_status":"closed","sticky":false,"template":"","format":"standard","meta":{"spay_email":"","footnotes":""},"categories":[60,11],"tags":[],"class_list":["post-15413","post","type-post","status-publish","format-standard","hentry","category-tribuna-de-opinion","category-periodismo"],"jetpack_featured_media_url":"","jetpack_shortlink":"https:\/\/wp.me\/p1FYrr-40B","_links":{"self":[{"href":"https:\/\/oscarhumbertogomez.com\/index.php?rest_route=\/wp\/v2\/posts\/15413","targetHints":{"allow":["GET"]}}],"collection":[{"href":"https:\/\/oscarhumbertogomez.com\/index.php?rest_route=\/wp\/v2\/posts"}],"about":[{"href":"https:\/\/oscarhumbertogomez.com\/index.php?rest_route=\/wp\/v2\/types\/post"}],"author":[{"embeddable":true,"href":"https:\/\/oscarhumbertogomez.com\/index.php?rest_route=\/wp\/v2\/users\/2"}],"replies":[{"embeddable":true,"href":"https:\/\/oscarhumbertogomez.com\/index.php?rest_route=%2Fwp%2Fv2%2Fcomments&post=15413"}],"version-history":[{"count":5,"href":"https:\/\/oscarhumbertogomez.com\/index.php?rest_route=\/wp\/v2\/posts\/15413\/revisions"}],"predecessor-version":[{"id":52556,"href":"https:\/\/oscarhumbertogomez.com\/index.php?rest_route=\/wp\/v2\/posts\/15413\/revisions\/52556"}],"wp:attachment":[{"href":"https:\/\/oscarhumbertogomez.com\/index.php?rest_route=%2Fwp%2Fv2%2Fmedia&parent=15413"}],"wp:term":[{"taxonomy":"category","embeddable":true,"href":"https:\/\/oscarhumbertogomez.com\/index.php?rest_route=%2Fwp%2Fv2%2Fcategories&post=15413"},{"taxonomy":"post_tag","embeddable":true,"href":"https:\/\/oscarhumbertogomez.com\/index.php?rest_route=%2Fwp%2Fv2%2Ftags&post=15413"}],"curies":[{"name":"wp","href":"https:\/\/api.w.org\/{rel}","templated":true}]}}