{"id":15429,"date":"2015-02-21T15:30:10","date_gmt":"2015-02-21T20:30:10","guid":{"rendered":"http:\/\/www.oscarhumbertogomez.com\/?p=15429"},"modified":"2025-02-21T09:08:19","modified_gmt":"2025-02-21T14:08:19","slug":"victor-suarez-nuevo-director-artistico-del-centro-cultural-del-oriente-por-oscar-humberto-gomez-gomez-miembro-de-la-sociedad-de-autores-y-compositores-de-colombia-sayco","status":"publish","type":"post","link":"https:\/\/oscarhumbertogomez.com\/?p=15429","title":{"rendered":"V\u00edctor Su\u00e1rez, nuevo Director Art\u00edstico del Centro Cultural del Oriente. Por \u00d3scar Humberto G\u00f3mez G\u00f3mez"},"content":{"rendered":"<p><a href=\"https:\/\/lapiedrafilosofal.com\/wp-content\/uploads\/2015\/02\/VICTOR-SUAREZ-I.jpg\"><img loading=\"lazy\" decoding=\"async\" class=\"alignnone size-full wp-image-24396\" src=\"https:\/\/lapiedrafilosofal.com\/wp-content\/uploads\/2015\/02\/VICTOR-SUAREZ-I.jpg\" alt=\"\" width=\"640\" height=\"640\" srcset=\"https:\/\/oscarhumbertogomez.com\/wp-content\/uploads\/2015\/02\/VICTOR-SUAREZ-I.jpg 640w, https:\/\/oscarhumbertogomez.com\/wp-content\/uploads\/2015\/02\/VICTOR-SUAREZ-I-150x150.jpg 150w, https:\/\/oscarhumbertogomez.com\/wp-content\/uploads\/2015\/02\/VICTOR-SUAREZ-I-300x300.jpg 300w\" sizes=\"auto, (max-width: 640px) 100vw, 640px\" \/><\/a><\/p>\n<p>&nbsp;<\/p>\n<p>La Junta Directiva del <strong>Centro Cultural del Oriente<\/strong> ha tenido el acierto de nombrar al reconocido trabajador de la cultura <strong>V\u00edctor Su\u00e1rez Casta\u00f1eda<\/strong>, creador de la Feria Bazar de Colonias y del \u00c1lbum Musical de Colombia, como nuevo <strong>Director Art\u00edstico<\/strong> de esa entidad.<\/p>\n<p>&nbsp;<\/p>\n<p><img decoding=\"async\" class=\"aligncenter size-full wp-image-15432\" title=\"CENTRO CULTURAL DEL ORIENTE\" src=\"https:\/\/lapiedrafilosofal.com\/wp-content\/uploads\/2015\/02\/CENTRO-CULTURAL-DEL-ORIENTE.jpeg\" alt=\"\" width=\"1000\" srcset=\"https:\/\/oscarhumbertogomez.com\/wp-content\/uploads\/2015\/02\/CENTRO-CULTURAL-DEL-ORIENTE.jpeg 350w, https:\/\/oscarhumbertogomez.com\/wp-content\/uploads\/2015\/02\/CENTRO-CULTURAL-DEL-ORIENTE-300x123.jpeg 300w\" sizes=\"(max-width: 350px) 100vw, 350px\" \/><\/p>\n<p>&nbsp;<\/p>\n<p>V\u00edctor Su\u00e1rez es oriundo de <strong>Barbosa<\/strong> [Barbosa <strong>Santander<\/strong>, aclaramos para que no se le confunda con el hermano municipio de Barbosa Antioquia] y desde su arribo a la ciudad de Bucaramanga se vincul\u00f3 a la radio como profesional del micr\u00f3fono. Miembro de la Asociaci\u00f3n Santandereana de Locutores, ha estado vinculado a Radio Cadena Nacional (RCN), a la Emisora Cultural Luis Carlos Gal\u00e1n Sarmiento y al canal Televisi\u00f3n Regional del Oriente [TRO], as\u00ed como tambi\u00e9n ha desempe\u00f1ado el rol de maestro de ceremonias y presentador de tarima en los m\u00e1s diversos espect\u00e1culos p\u00fablicos de contenido art\u00edstico como el Festival de la Guabina y el Tiple, en V\u00e9lez, o el Concurso Nacional de Tiple Maestro Pedro Nel Mart\u00ednez, en Charal\u00e1. Ha sido, adem\u00e1s, representante y presentador oficial de artistas y agrupaciones musicales, como &#8220;El Campesino Embejucao&#8221;, actividad que ejerce con lujo de competencia.<\/p>\n<p>&nbsp;<\/p>\n<p><img loading=\"lazy\" decoding=\"async\" class=\"aligncenter size-full wp-image-15435\" title=\"TIPLE II\" src=\"https:\/\/lapiedrafilosofal.com\/wp-content\/uploads\/2015\/02\/TIPLE-II.jpg\" alt=\"\" width=\"515\" height=\"978\"><\/p>\n<p>&nbsp;<\/p>\n<p>En un entorno cada vez m\u00e1s hostil contra la m\u00fasica andina de nuestro pa\u00eds, el nuevo funcionario se ha destacado como incansable divulgador de las expresiones culturales de la zona andina nacional, aunque no por ello ha dejado de incentivar el conocimiento de las dem\u00e1s manifestaciones folcl\u00f3ricas colombianas tales como la m\u00fasica llanera, el folclor del Pac\u00edfico y la cultura musical de la Costa Atl\u00e1ntica, tal cual debiera ser la actitud de todo colombiano que se respete.<\/p>\n<p>&nbsp;<\/p>\n<p><img decoding=\"async\" class=\"aligncenter size-full wp-image-15437\" title=\"sanjuanero I\" src=\"https:\/\/lapiedrafilosofal.com\/wp-content\/uploads\/2015\/02\/sanjuanero-I.jpg\" alt=\"\" width=\"1000\" srcset=\"https:\/\/oscarhumbertogomez.com\/wp-content\/uploads\/2015\/02\/sanjuanero-I.jpg 380w, https:\/\/oscarhumbertogomez.com\/wp-content\/uploads\/2015\/02\/sanjuanero-I-300x181.jpg 300w\" sizes=\"(max-width: 380px) 100vw, 380px\" \/><\/p>\n<p>&nbsp;<\/p>\n<p>La intensa y fruct\u00edfera labor cultural desplegada por V\u00edctor Su\u00e1rez no ha sido, desde luego, f\u00e1cil, ni ha estado exenta de las ya consabidas talanqueras y obstrucciones derivadas de la envidia, tan propia de quienes no soportan el \u00e9xito de los dem\u00e1s. Ello no ha sido \u00f3bice, sin embargo, para que la inmensa mayor\u00eda de los seguidores del folclor colombiano lo hayan acogido en el c\u00e1lido seno de su amistad, admiraci\u00f3n y respeto. Por eso, V\u00edctor cuenta, desde hace largos a\u00f1os, con una considerable cantidad de seguidores de su faena, quienes integran el llamado &#8220;<strong>Club de Amigos de la M\u00fasica Colombiana<\/strong>&#8220;. Con ellos comparte las m\u00e1s diversas actividades culturales y sociales, como las &#8220;<strong>chocolatadas<\/strong>&#8221; con fines sociales y humanitarios o los &#8220;<strong>paseos colombianos<\/strong>&#8220;.<\/p>\n<p>Felicitamos a V\u00edctor Su\u00e1rez por este nombramiento \u2014m\u00e1s que merecido\u2014 y ojal\u00e1 sigan para \u00e9l muchos m\u00e1s reconocimientos por parte de las instituciones oficiales y privadas a cargo de la defensa, fortalecimiento y divulgaci\u00f3n de la cultura santandereana.<\/p>\n<p>&nbsp;<\/p>\n","protected":false},"excerpt":{"rendered":"<p>&nbsp; La Junta Directiva del Centro Cultural del Oriente ha tenido el acierto de nombrar al reconocido trabajador de la cultura V\u00edctor Su\u00e1rez Casta\u00f1eda, creador de la Feria Bazar de Colonias y del \u00c1lbum Musical de Colombia, como nuevo Director &hellip; <a href=\"https:\/\/oscarhumbertogomez.com\/?p=15429\">Sigue leyendo <span class=\"meta-nav\">&rarr;<\/span><\/a><\/p>\n<div class='heateorSssClear'><\/div><div  class='heateor_sss_sharing_container heateor_sss_horizontal_sharing' heateor-sss-data-href='https:\/\/oscarhumbertogomez.com\/?p=15429'><div class='heateor_sss_sharing_title' style=\"font-weight:bold\" >\u00a1Gracias por compartirla!<\/div><ul class=\"heateor_sss_sharing_ul\"><li class=\"heateorSssSharingRound\"><i style=\"width:35px;height:35px;border-radius:999px;\" alt=\"Facebook\" Title=\"Facebook\" class=\"heateorSssSharing heateorSssFacebookBackground\" onclick='heateorSssPopup(\"https:\/\/www.facebook.com\/sharer\/sharer.php?u=https%3A%2F%2Foscarhumbertogomez.com%2Findex.php%3Frest_route%3D%252Fwp%252Fv2%252Fposts%252F15429\")'><ss style=\"display:block;border-radius:999px;\" class=\"heateorSssSharingSvg heateorSssFacebookSvg\"><\/ss><\/i><\/li><li class=\"heateorSssSharingRound\"><i style=\"width:35px;height:35px;border-radius:999px;\" alt=\"Twitter\" Title=\"Twitter\" class=\"heateorSssSharing heateorSssTwitterBackground\" onclick='heateorSssPopup(\"http:\/\/twitter.com\/intent\/tweet?text=V%C3%ADctor%20Su%C3%A1rez%2C%20nuevo%20Director%20Art%C3%ADstico%20del%20Centro%20Cultural%20del%20Oriente.%20Por%20%C3%93scar%20Humberto%20G%C3%B3mez%20G%C3%B3mez&url=https%3A%2F%2Foscarhumbertogomez.com%2Findex.php%3Frest_route%3D%252Fwp%252Fv2%252Fposts%252F15429\")'><ss style=\"display:block;border-radius:999px;\" class=\"heateorSssSharingSvg heateorSssTwitterSvg\"><\/ss><\/i><\/li><li class=\"heateorSssSharingRound\"><i style=\"width:35px;height:35px;border-radius:999px;\" alt=\"Whatsapp\" Title=\"Whatsapp\" class=\"heateorSssSharing heateorSssWhatsappBackground\" onclick='heateorSssPopup(\"https:\/\/web.whatsapp.com\/send?text=V%C3%ADctor%20Su%C3%A1rez%2C%20nuevo%20Director%20Art%C3%ADstico%20del%20Centro%20Cultural%20del%20Oriente.%20Por%20%C3%93scar%20Humberto%20G%C3%B3mez%20G%C3%B3mez https%3A%2F%2Foscarhumbertogomez.com%2Findex.php%3Frest_route%3D%252Fwp%252Fv2%252Fposts%252F15429\")'><ss style=\"display:block\" class=\"heateorSssSharingSvg heateorSssWhatsappSvg\"><\/ss><\/i><\/li><li class=\"heateorSssSharingRound\"><i style=\"width:35px;height:35px;border-radius:999px;\" alt=\"Pinterest\" Title=\"Pinterest\" class=\"heateorSssSharing heateorSssPinterestBackground\" onclick=\"javascript:void( (function() {var e=document.createElement('script' );e.setAttribute('type','text\/javascript' );e.setAttribute('charset','UTF-8' );e.setAttribute('src','\/\/assets.pinterest.com\/js\/pinmarklet.js?r='+Math.random()*99999999);document.body.appendChild(e)})());\"><ss style=\"display:block;border-radius:999px;\" class=\"heateorSssSharingSvg heateorSssPinterestSvg\"><\/ss><\/i><\/li><li class=\"heateorSssSharingRound\"><i style=\"width:35px;height:35px;border-radius:999px;\" alt=\"Google Gmail\" Title=\"Google Gmail\" class=\"heateorSssSharing heateorSssGoogleGmailBackground\" onclick='heateorSssPopup(\"https:\/\/mail.google.com\/mail\/?ui=2&view=cm&fs=1&tf=1&su=V%C3%ADctor%20Su%C3%A1rez%2C%20nuevo%20Director%20Art%C3%ADstico%20del%20Centro%20Cultural%20del%20Oriente.%20Por%20%C3%93scar%20Humberto%20G%C3%B3mez%20G%C3%B3mez&body=Link:https%3A%2F%2Foscarhumbertogomez.com%2Findex.php%3Frest_route%3D%252Fwp%252Fv2%252Fposts%252F15429\")'><ss style=\"display:block;border-radius:999px;\" class=\"heateorSssSharingSvg heateorSssGoogleGmailSvg\"><\/ss><\/i><\/li><li class=\"heateorSssSharingRound\"><i style=\"width:35px;height:35px;border-radius:999px;\" title=\"More\" alt=\"More\" class=\"heateorSssSharing heateorSssMoreBackground\" onclick=\"heateorSssMoreSharingPopup(this, 'https:\/\/oscarhumbertogomez.com\/index.php?rest_route=%2Fwp%2Fv2%2Fposts%2F15429', 'V%C3%ADctor%20Su%C3%A1rez%2C%20nuevo%20Director%20Art%C3%ADstico%20del%20Centro%20Cultural%20del%20Oriente.%20Por%20%C3%93scar%20Humberto%20G%C3%B3mez%20G%C3%B3mez', '' )\" ><ss style=\"display:block\" class=\"heateorSssSharingSvg heateorSssMoreSvg\"><\/ss><\/i><\/li><\/ul><div class=\"heateorSssClear\"><\/div><\/div><div class='heateorSssClear'><\/div>","protected":false},"author":2,"featured_media":0,"comment_status":"open","ping_status":"open","sticky":false,"template":"","format":"standard","meta":{"spay_email":"","footnotes":""},"categories":[8],"tags":[],"class_list":["post-15429","post","type-post","status-publish","format-standard","hentry","category-musica"],"jetpack_featured_media_url":"","jetpack_shortlink":"https:\/\/wp.me\/p1FYrr-40R","_links":{"self":[{"href":"https:\/\/oscarhumbertogomez.com\/index.php?rest_route=\/wp\/v2\/posts\/15429","targetHints":{"allow":["GET"]}}],"collection":[{"href":"https:\/\/oscarhumbertogomez.com\/index.php?rest_route=\/wp\/v2\/posts"}],"about":[{"href":"https:\/\/oscarhumbertogomez.com\/index.php?rest_route=\/wp\/v2\/types\/post"}],"author":[{"embeddable":true,"href":"https:\/\/oscarhumbertogomez.com\/index.php?rest_route=\/wp\/v2\/users\/2"}],"replies":[{"embeddable":true,"href":"https:\/\/oscarhumbertogomez.com\/index.php?rest_route=%2Fwp%2Fv2%2Fcomments&post=15429"}],"version-history":[{"count":5,"href":"https:\/\/oscarhumbertogomez.com\/index.php?rest_route=\/wp\/v2\/posts\/15429\/revisions"}],"predecessor-version":[{"id":51054,"href":"https:\/\/oscarhumbertogomez.com\/index.php?rest_route=\/wp\/v2\/posts\/15429\/revisions\/51054"}],"wp:attachment":[{"href":"https:\/\/oscarhumbertogomez.com\/index.php?rest_route=%2Fwp%2Fv2%2Fmedia&parent=15429"}],"wp:term":[{"taxonomy":"category","embeddable":true,"href":"https:\/\/oscarhumbertogomez.com\/index.php?rest_route=%2Fwp%2Fv2%2Fcategories&post=15429"},{"taxonomy":"post_tag","embeddable":true,"href":"https:\/\/oscarhumbertogomez.com\/index.php?rest_route=%2Fwp%2Fv2%2Ftags&post=15429"}],"curies":[{"name":"wp","href":"https:\/\/api.w.org\/{rel}","templated":true}]}}