{"id":1554,"date":"2011-09-17T18:50:00","date_gmt":"2011-09-17T23:50:00","guid":{"rendered":"http:\/\/www.oscarhumbertogomez.com\/?p=1554"},"modified":"2025-01-19T10:52:50","modified_gmt":"2025-01-19T15:52:50","slug":"a-quienes-les-interesa-el-debilitamiento-del-derecho-internacional-2","status":"publish","type":"post","link":"https:\/\/oscarhumbertogomez.com\/?p=1554","title":{"rendered":"\u00bfA qui\u00e9nes les interesa el debilitamiento del Derecho Internacional? Por \u00d3scar Humberto G\u00f3mez G\u00f3mez"},"content":{"rendered":"<p><img loading=\"lazy\" decoding=\"async\" class=\"aligncenter size-full wp-image-1569\" title=\"MAPAMUNDI\" src=\"https:\/\/lapiedrafilosofal.com\/wp-content\/uploads\/2011\/09\/MAPAMUNDI.gif\" alt=\"MAPAMUNDI\" width=\"620\" height=\"402\" srcset=\"https:\/\/oscarhumbertogomez.com\/wp-content\/uploads\/2011\/09\/MAPAMUNDI.gif 620w, https:\/\/oscarhumbertogomez.com\/wp-content\/uploads\/2011\/09\/MAPAMUNDI-300x194.gif 300w\" sizes=\"auto, (max-width: 620px) 100vw, 620px\" \/><\/p>\n<p>&nbsp;<\/p>\n<p>Estados Unidos se niega a suscribir el Tratado de Kyoto sobre las medidas a que quedan obligados los estados miembros de la ONU para frenar el calentamiento global.&nbsp;Estados Unidos y Cuba, en curiosa coincidencia, se niegan a firmar el Tratado de Ottawa sobre las medidas que deber\u00e1n adoptar los estados miembros de la ONU contra ese horror dantesco de las minas antipersonales. Estados Unidos se niega a adherir al tratado internacional sobre la creaci\u00f3n de la Corte Penal Internacional, instrumento generado en el seno de la ONU para el juzgamiento de los cada vez m\u00e1s espeluznantes cr\u00edmenes de guerra. Estados Unidos se niega a acatar la resoluci\u00f3n de la ONU que se interpone al deseo expresado por la colosal naci\u00f3n del norte de invadir militarmente a Iraq para derrocar a Saddam Hussein y, de todas maneras, invade a Iraq, con justificaciones que resultan mentirosas, a pesar de lo cual mantiene la ocupaci\u00f3n. &nbsp;Israel se niega a acatar la resoluci\u00f3n del Consejo de Seguridad de la ONU que le ordena parar la matanza en Palestina y lo que hace es arreciar sus bombardeos causando la muerte de muchos m\u00e1s civiles indefensos que ni siquiera tienen la opci\u00f3n de huir porque el ej\u00e9rcito israel\u00ed tiene cerradas las salidas. Estados Unidos reconoce sin pudor que est\u00e1 torturando a los prisioneros en c\u00e1rceles completamente al margen de la ley como la de Guant\u00e1namo y que all\u00ed no se admiten t\u00e9rminos judiciales de ninguna \u00edndole, ni se le garantiza a nadie el derecho de defensa. El gobierno de Honduras instalado a partir del golpe de Estado contra el presidente de la rep\u00fablica desacata abiertamente a la OEA y Manuel Zelaya tiene que resignarse a quedarse fuera del cargo para el cual fue elegido. Israel no acepta las conclusiones de una comisi\u00f3n internacional designada por la ONU para investigar el brutal y espantoso ataque de sus tropas de asalto contra un barco turco que llevaba ayuda humanitaria a la desgraciada Franja de Gaza. La Corte Penal Internacional mantiene vigentes varias \u00f3rdenes de captura contra jefes de Estado acusados de espeluznantes violaciones a los derechos humanos, pero ellos contin\u00faan campantes en sus cargos. El Presidente de Venezuela Hugo Ch\u00e1vez se refiere despectivamente a la Corte Interamericana de Derechos Humanos diciendo que esa corte vale menos que un corte de cabello, dando a entender que no acatar\u00e1 sus conclusiones seg\u00fan las cuales a un l\u00edder opositor se le est\u00e1 violando su derecho constitucional a ser elegido. En fin, cada vez que un Estado miembro es condenado por violaci\u00f3n a los derechos humanos o por la raz\u00f3n que sea, se desencadenan los improperios y descalificaciones contra los tribunales internacionales. La CIDH, por ejemplo, es atacada por la extrema derecha con similar acritud a como lo es por la extrema izquierda. Las que se cre\u00edan conquistas de la humanidad, como la abolici\u00f3n de los juicios secretos, la tortura o la pena de muerte sin f\u00f3rmula de juicio y la inviolabilidad de las fronteras de los dem\u00e1s pa\u00edses, hoy parecen aseveraciones de tontos ingenuos y no de juristas respetables.<\/p>\n<p>Pero la cuesti\u00f3n en juego no es ninguna tonter\u00eda, ni ingenuidad alguna.<\/p>\n<p>En efecto, eso de que cada Estado poderoso se sienta en absoluta libertad de obedecer o desobedecer lo que disponen los instrumentos del Derecho Internacional est\u00e1 acabando con \u00e9ste, en medio de la indiferencia, cuando no el aplauso, de los observadores, que adoptan una actitud u otra seg\u00fan qui\u00e9n sea el agresor y qui\u00e9n el agredido.<\/p>\n<p>&nbsp;<\/p>\n<div id=\"attachment_1572\" style=\"width: 610px\" class=\"wp-caption aligncenter\"><img loading=\"lazy\" decoding=\"async\" aria-describedby=\"caption-attachment-1572\" class=\"size-full wp-image-1572\" title=\"CORTE INTERNACIONAL DE LA HAYA\" src=\"https:\/\/lapiedrafilosofal.com\/wp-content\/uploads\/2011\/09\/CORTE-INTERNACIONAL-DE-LA-HAYA.jpg\" alt=\"CORTE INTERNACIONAL DE LA HAYA\" width=\"600\" height=\"399\" srcset=\"https:\/\/oscarhumbertogomez.com\/wp-content\/uploads\/2011\/09\/CORTE-INTERNACIONAL-DE-LA-HAYA.jpg 600w, https:\/\/oscarhumbertogomez.com\/wp-content\/uploads\/2011\/09\/CORTE-INTERNACIONAL-DE-LA-HAYA-300x199.jpg 300w\" sizes=\"auto, (max-width: 600px) 100vw, 600px\" \/><p id=\"caption-attachment-1572\" class=\"wp-caption-text\">CORTE INTERNACIONAL DE LA HAYA<\/p><\/div>\n<p>&nbsp;<\/p>\n<p>El ejercicio arbitrario de las propias razones, por muy seductor que parezca, especialmente cuando se es fuerte, trae, no obstante, aparejado el grav\u00edsimo inconveniente de diezmar la solidez del Derecho como instrumento de soluci\u00f3n civilizada de los conflictos. Si mi inquilino es un anciano enclenque que hace diez meses no me paga el canon de arriendo y yo, en lugar de acudir a un juicio, voy directamente y lo saco de mi propiedad a empellones, desde luego que me ahorro los costos de abogado y las vicisitudes propias de un proceso judicial, y ese mismo d\u00eda tengo solucionado mi problema y recuperado mi inmueble. Pero, desde el punto de vista de las conquistas obtenidas por la civilizaci\u00f3n, es evidente que he marcado un peligroso retroceso. Retroceso, porque tal proceder se supon\u00eda ya superado por la historia de la humanidad. Peligroso, porque el d\u00eda de ma\u00f1ana otro m\u00e1s fuerte que yo querr\u00e1 hacer lo mismo conmigo.<\/p>\n<p>&nbsp;<\/p>\n<div id=\"attachment_1573\" style=\"width: 510px\" class=\"wp-caption aligncenter\"><img loading=\"lazy\" decoding=\"async\" aria-describedby=\"caption-attachment-1573\" class=\"size-full wp-image-1573\" title=\"ASAMBLEA GENERAL DE LAS NACIONES UNIDAS\" src=\"https:\/\/lapiedrafilosofal.com\/wp-content\/uploads\/2011\/09\/ASAMBLEA-GENERAL-DE-LAS-NACIONES-UNIDAS.jpg\" alt=\"ASAMBLEA GENERAL DE LAS NACIONES UNIDAS\" width=\"500\" height=\"375\" srcset=\"https:\/\/oscarhumbertogomez.com\/wp-content\/uploads\/2011\/09\/ASAMBLEA-GENERAL-DE-LAS-NACIONES-UNIDAS.jpg 500w, https:\/\/oscarhumbertogomez.com\/wp-content\/uploads\/2011\/09\/ASAMBLEA-GENERAL-DE-LAS-NACIONES-UNIDAS-300x225.jpg 300w\" sizes=\"auto, (max-width: 500px) 100vw, 500px\" \/><p id=\"caption-attachment-1573\" class=\"wp-caption-text\">ASAMBLEA GENERAL DE LAS NACIONES UNIDAS<\/p><\/div>\n<p>&nbsp;<\/p>\n<p>Semejantes soluciones, que tanto exalta el cine norteamericano con personajes como Rambo y que los presidentes estadounidenses tanto ponen en pr\u00e1ctica en todos los rincones de la Tierra, son las que se vienen apoderando del mundo gracias a la influencia que ese poderoso pa\u00eds tiene en todo el orbe. Ya los estados no quieren acudir al seno de las Naciones Unidas, sino enviar sus tropas de una vez a solucionar cada problema que les surge, a sangre y fuego. Y quienes esbozan alguna t\u00edmida cr\u00edtica a semejante modo de actuar son tildados, de una vez, de c\u00f3mplices de los destinatarios del mismo. Si, por ejemplo, se oponen a que Estados Unidos invada a Panam\u00e1 es porque son compinches de Manuel Antonio Noriega. Si se oponen a que la misma Norteam\u00e9rica invada a Iraq es porque son c\u00f3mplices de Saddam Hussein. Es como si por el hecho de que alguien protestara ante el atropello cometido por m\u00ed contra el anciano del ejemplo, yo descalificara a mi cr\u00edtico con el se\u00f1alamiento de que est\u00e1 patrocinando el que la gente viva en lo ajeno sin pagar arriendo.<\/p>\n<p>&nbsp;<\/p>\n<div id=\"attachment_1574\" style=\"width: 426px\" class=\"wp-caption aligncenter\"><img loading=\"lazy\" decoding=\"async\" aria-describedby=\"caption-attachment-1574\" class=\"size-full wp-image-1574\" title=\"ASAMBLEA GENERAL DE LA OEA\" src=\"https:\/\/lapiedrafilosofal.com\/wp-content\/uploads\/2011\/09\/ASAMBLEA-GENERAL-DE-LA-OEA.jpg\" alt=\"ASAMBLEA GENERAL DE LA OEA\" width=\"416\" height=\"200\" srcset=\"https:\/\/oscarhumbertogomez.com\/wp-content\/uploads\/2011\/09\/ASAMBLEA-GENERAL-DE-LA-OEA.jpg 416w, https:\/\/oscarhumbertogomez.com\/wp-content\/uploads\/2011\/09\/ASAMBLEA-GENERAL-DE-LA-OEA-300x144.jpg 300w\" sizes=\"auto, (max-width: 416px) 100vw, 416px\" \/><p id=\"caption-attachment-1574\" class=\"wp-caption-text\">ASAMBLEA GENERAL DE LA OEA<\/p><\/div>\n<p>&nbsp;<\/p>\n<p>Las nuevas generaciones, por fortuna, ya se muestran cansadas de l\u00edderes que se sienten due\u00f1os de la vida ajena y determinan, desde sus c\u00f3modas oficinas burocr\u00e1ticas, si los asustados ni\u00f1os de una escuela o los doloridos y debilitados pacientes de un hospital o la angustiada e indefensa familia que reside en una casa pueden seguir viviendo o deben desaparecer borrados por una bomba.<\/p>\n<p>El hecho de que los estados miembros de la ONU, si son militarmente poderosos, tengan la opci\u00f3n de acatar o no las disposiciones de su Consejo de Seguridad o de su Asamblea General, podr\u00eda estar significando el derrumbamiento de la misma organizaci\u00f3n internacional, tal y como sucedi\u00f3 con la desaparecida Liga de las Naciones. Llama la atenci\u00f3n que el Derecho Internacional es acatado o desconocido seg\u00fan las conveniencias. El Estado de Israel, por ejemplo, que ahora desconoce sistem\u00e1ticamente la autoridad de las Naciones Unidas, fue posible porque, precisamente, una resoluci\u00f3n de la ONU les entreg\u00f3 a los hebreos en 1947 el 50% del territorio de Palestina.<\/p>\n<p>&nbsp;<\/p>\n<div id=\"attachment_1575\" style=\"width: 330px\" class=\"wp-caption aligncenter\"><img loading=\"lazy\" decoding=\"async\" aria-describedby=\"caption-attachment-1575\" class=\"size-full wp-image-1575\" title=\"LA LIGA DE LAS NACIONES PUSO FIN A LA GUERRA ENTRE COLOMBIA Y PER\u00da POR LETICIA\" src=\"https:\/\/lapiedrafilosofal.com\/wp-content\/uploads\/2011\/09\/LA-LIGA-DE-LAS-NACIONES-PUSO-FIN-A-LA-GUERRA-ENTRE-COLOMBIA-Y-PER\u00da-POR-LETICIA.jpg\" alt=\"LA LIGA DE LAS NACIONES PUSO FIN A LA GUERRA ENTRE COLOMBIA Y PER\u00da POR LETICIA\" width=\"320\" height=\"247\" srcset=\"https:\/\/oscarhumbertogomez.com\/wp-content\/uploads\/2011\/09\/LA-LIGA-DE-LAS-NACIONES-PUSO-FIN-A-LA-GUERRA-ENTRE-COLOMBIA-Y-PER\u00da-POR-LETICIA.jpg 320w, https:\/\/oscarhumbertogomez.com\/wp-content\/uploads\/2011\/09\/LA-LIGA-DE-LAS-NACIONES-PUSO-FIN-A-LA-GUERRA-ENTRE-COLOMBIA-Y-PER\u00da-POR-LETICIA-300x231.jpg 300w\" sizes=\"auto, (max-width: 320px) 100vw, 320px\" \/><p id=\"caption-attachment-1575\" class=\"wp-caption-text\">LA LIGA DE LAS NACIONES PUSO FIN A LA GUERRA ENTRE COLOMBIA Y PER\u00da POR LETICIA<\/p><\/div>\n<p>&nbsp;<\/p>\n<p>En cuanto a nosotros, los colombianos, no debemos jugar con la candela: Antes que aplaudir entusiastas la posibilidad de que se debilite del todo el Derecho Internacional, y se derrumbe la Organizaci\u00f3n de las Naciones Unidas, y la Organizaci\u00f3n de Estados Unidos Americanos desaparezca, debemos pronunciarnos porque ello nunca suceda y, al contrario, las entidades supranacionales se fortalezcan cada vez m\u00e1s.<\/p>\n<p>Hag\u00e1moslo as\u00ed, compatriotas, no sea que el d\u00eda en que un Estado poderoso decida invadirnos militarmente (de seguro que en \u201cleg\u00edtima defensa\u201d), tengamos que resignarnos a ver nuestro suelo arrasado por las bombas y a morir en la m\u00e1s absoluta indefensi\u00f3n, acaso a\u00f1orando la \u00e9poca en que, cuando menos, los pa\u00edses d\u00e9biles agredidos pod\u00edan acudir a la OEA o a la ONU.<\/p>\n<p>&nbsp;<\/p>\n<p><strong>\u00d3SCAR HUMBERTO G\u00d3MEZ G\u00d3MEZ<\/strong>: Doctor en Derecho y Ciencias Sociales y Pol\u00edticas. Miembro Correspondiente de la Academia de Historia de Santander. Miembro de la Sociedad de Autores y Compositores de Colombia (SAYCO). Miembro del Colegio Nacional de Periodistas. Ejerce la abogac\u00eda en la rama del Derecho P\u00fablico desde 1981, hace 30 a\u00f1os.<\/p>\n<p>&nbsp;<\/p>\n","protected":false},"excerpt":{"rendered":"<p>&nbsp; Estados Unidos se niega a suscribir el Tratado de Kyoto sobre las medidas a que quedan obligados los estados miembros de la ONU para frenar el calentamiento global.&nbsp;Estados Unidos y Cuba, en curiosa coincidencia, se niegan a firmar el &hellip; <a href=\"https:\/\/oscarhumbertogomez.com\/?p=1554\">Sigue leyendo <span class=\"meta-nav\">&rarr;<\/span><\/a><\/p>\n<div class='heateorSssClear'><\/div><div  class='heateor_sss_sharing_container heateor_sss_horizontal_sharing' heateor-sss-data-href='https:\/\/oscarhumbertogomez.com\/?p=1554'><div class='heateor_sss_sharing_title' style=\"font-weight:bold\" >\u00a1Gracias por compartirla!<\/div><ul class=\"heateor_sss_sharing_ul\"><li class=\"heateorSssSharingRound\"><i style=\"width:35px;height:35px;border-radius:999px;\" alt=\"Facebook\" Title=\"Facebook\" class=\"heateorSssSharing heateorSssFacebookBackground\" onclick='heateorSssPopup(\"https:\/\/www.facebook.com\/sharer\/sharer.php?u=https%3A%2F%2Foscarhumbertogomez.com%2Findex.php%3Frest_route%3D%252Fwp%252Fv2%252Fposts%252F1554\")'><ss style=\"display:block;border-radius:999px;\" class=\"heateorSssSharingSvg heateorSssFacebookSvg\"><\/ss><\/i><\/li><li class=\"heateorSssSharingRound\"><i style=\"width:35px;height:35px;border-radius:999px;\" alt=\"Twitter\" Title=\"Twitter\" class=\"heateorSssSharing heateorSssTwitterBackground\" onclick='heateorSssPopup(\"http:\/\/twitter.com\/intent\/tweet?text=%C2%BFA%20qui%C3%A9nes%20les%20interesa%20el%20debilitamiento%20del%20Derecho%20Internacional%3F%20Por%20%C3%93scar%20Humberto%20G%C3%B3mez%20G%C3%B3mez&url=https%3A%2F%2Foscarhumbertogomez.com%2Findex.php%3Frest_route%3D%252Fwp%252Fv2%252Fposts%252F1554\")'><ss style=\"display:block;border-radius:999px;\" class=\"heateorSssSharingSvg heateorSssTwitterSvg\"><\/ss><\/i><\/li><li class=\"heateorSssSharingRound\"><i style=\"width:35px;height:35px;border-radius:999px;\" alt=\"Whatsapp\" Title=\"Whatsapp\" class=\"heateorSssSharing heateorSssWhatsappBackground\" onclick='heateorSssPopup(\"https:\/\/web.whatsapp.com\/send?text=%C2%BFA%20qui%C3%A9nes%20les%20interesa%20el%20debilitamiento%20del%20Derecho%20Internacional%3F%20Por%20%C3%93scar%20Humberto%20G%C3%B3mez%20G%C3%B3mez https%3A%2F%2Foscarhumbertogomez.com%2Findex.php%3Frest_route%3D%252Fwp%252Fv2%252Fposts%252F1554\")'><ss style=\"display:block\" class=\"heateorSssSharingSvg heateorSssWhatsappSvg\"><\/ss><\/i><\/li><li class=\"heateorSssSharingRound\"><i style=\"width:35px;height:35px;border-radius:999px;\" alt=\"Pinterest\" Title=\"Pinterest\" class=\"heateorSssSharing heateorSssPinterestBackground\" onclick=\"javascript:void( (function() {var e=document.createElement('script' );e.setAttribute('type','text\/javascript' );e.setAttribute('charset','UTF-8' );e.setAttribute('src','\/\/assets.pinterest.com\/js\/pinmarklet.js?r='+Math.random()*99999999);document.body.appendChild(e)})());\"><ss style=\"display:block;border-radius:999px;\" class=\"heateorSssSharingSvg heateorSssPinterestSvg\"><\/ss><\/i><\/li><li class=\"heateorSssSharingRound\"><i style=\"width:35px;height:35px;border-radius:999px;\" alt=\"Google Gmail\" Title=\"Google Gmail\" class=\"heateorSssSharing heateorSssGoogleGmailBackground\" onclick='heateorSssPopup(\"https:\/\/mail.google.com\/mail\/?ui=2&view=cm&fs=1&tf=1&su=%C2%BFA%20qui%C3%A9nes%20les%20interesa%20el%20debilitamiento%20del%20Derecho%20Internacional%3F%20Por%20%C3%93scar%20Humberto%20G%C3%B3mez%20G%C3%B3mez&body=Link:https%3A%2F%2Foscarhumbertogomez.com%2Findex.php%3Frest_route%3D%252Fwp%252Fv2%252Fposts%252F1554\")'><ss style=\"display:block;border-radius:999px;\" class=\"heateorSssSharingSvg heateorSssGoogleGmailSvg\"><\/ss><\/i><\/li><li class=\"heateorSssSharingRound\"><i style=\"width:35px;height:35px;border-radius:999px;\" title=\"More\" alt=\"More\" class=\"heateorSssSharing heateorSssMoreBackground\" onclick=\"heateorSssMoreSharingPopup(this, 'https:\/\/oscarhumbertogomez.com\/index.php?rest_route=%2Fwp%2Fv2%2Fposts%2F1554', '%C2%BFA%20qui%C3%A9nes%20les%20interesa%20el%20debilitamiento%20del%20Derecho%20Internacional%3F%20Por%20%C3%93scar%20Humberto%20G%C3%B3mez%20G%C3%B3mez', '' )\" ><ss style=\"display:block\" class=\"heateorSssSharingSvg heateorSssMoreSvg\"><\/ss><\/i><\/li><\/ul><div class=\"heateorSssClear\"><\/div><\/div><div class='heateorSssClear'><\/div>","protected":false},"author":2,"featured_media":0,"comment_status":"open","ping_status":"open","sticky":false,"template":"","format":"standard","meta":{"spay_email":"","footnotes":""},"categories":[10],"tags":[],"class_list":["post-1554","post","type-post","status-publish","format-standard","hentry","category-derecho"],"jetpack_featured_media_url":"","jetpack_shortlink":"https:\/\/wp.me\/p1FYrr-p4","_links":{"self":[{"href":"https:\/\/oscarhumbertogomez.com\/index.php?rest_route=\/wp\/v2\/posts\/1554","targetHints":{"allow":["GET"]}}],"collection":[{"href":"https:\/\/oscarhumbertogomez.com\/index.php?rest_route=\/wp\/v2\/posts"}],"about":[{"href":"https:\/\/oscarhumbertogomez.com\/index.php?rest_route=\/wp\/v2\/types\/post"}],"author":[{"embeddable":true,"href":"https:\/\/oscarhumbertogomez.com\/index.php?rest_route=\/wp\/v2\/users\/2"}],"replies":[{"embeddable":true,"href":"https:\/\/oscarhumbertogomez.com\/index.php?rest_route=%2Fwp%2Fv2%2Fcomments&post=1554"}],"version-history":[{"count":4,"href":"https:\/\/oscarhumbertogomez.com\/index.php?rest_route=\/wp\/v2\/posts\/1554\/revisions"}],"predecessor-version":[{"id":49900,"href":"https:\/\/oscarhumbertogomez.com\/index.php?rest_route=\/wp\/v2\/posts\/1554\/revisions\/49900"}],"wp:attachment":[{"href":"https:\/\/oscarhumbertogomez.com\/index.php?rest_route=%2Fwp%2Fv2%2Fmedia&parent=1554"}],"wp:term":[{"taxonomy":"category","embeddable":true,"href":"https:\/\/oscarhumbertogomez.com\/index.php?rest_route=%2Fwp%2Fv2%2Fcategories&post=1554"},{"taxonomy":"post_tag","embeddable":true,"href":"https:\/\/oscarhumbertogomez.com\/index.php?rest_route=%2Fwp%2Fv2%2Ftags&post=1554"}],"curies":[{"name":"wp","href":"https:\/\/api.w.org\/{rel}","templated":true}]}}