{"id":15725,"date":"2015-03-08T09:12:42","date_gmt":"2015-03-08T14:12:42","guid":{"rendered":"http:\/\/www.oscarhumbertogomez.com\/?p=15725"},"modified":"2025-02-19T18:59:44","modified_gmt":"2025-02-19T23:59:44","slug":"el-lobby-en-la-justicia-una-catastrofe-que-se-venia-venir-desde-el-principio-por-oscar-humberto-gomez-gomez","status":"publish","type":"post","link":"https:\/\/oscarhumbertogomez.com\/?p=15725","title":{"rendered":"El lobby en la Justicia: una cat\u00e1strofe que se ven\u00eda venir desde el principio. Por \u00d3scar Humberto G\u00f3mez G\u00f3mez"},"content":{"rendered":"<p><img decoding=\"async\" class=\"aligncenter size-full wp-image-4481\" src=\"https:\/\/lapiedrafilosofal.com\/wp-content\/uploads\/2012\/06\/OSCAR-HUMBERTO-GOMEZ.jpg\" alt=\"OSCAR HUMBERTO GOMEZ\" width=\"500\"><\/p>\n<p>&nbsp;<\/p>\n<p>&#8220;No hay peor sordo que el que no quiere o\u00edr&#8221;. De nuevo, en los temas que tienen que ver con la Justicia, vuelve a ganar la sabidur\u00eda popular. Y es que ella siempre advierte de todo lo que es previsible. Lo malo es que en este pa\u00eds sordo nadie le pone cuidado. Y cuando ya est\u00e1 metido en el problema hasta el cuello es cuando la recuerda. Tarde, como siempre.<\/p>\n<p>As\u00ed ha pasado con todo, con absolutamente todo lo que en este pa\u00eds ha tenido que ver con la Justicia. Era previsible el asalto al Palacio de Justicia en 1985. Era previsible el atentado contra el Ministro de Justicia Lara Bonilla. Era previsible el atentado contra el exministro de Justicia Enrique Low Murtra. Era previsible el fracaso del sistema penal acusatorio. Era previsible el caos que se armar\u00eda si entraba a regir la oralidad en lo contencioso-administrativo sin contar con salas de audiencias. Era previsible el fracaso del Consejo Superior de la Judicatura. Era previsible que el ingreso a la Rama Judicial terminara haci\u00e9ndose a dedo y no por concurso, si se permit\u00eda que as\u00ed ocurriera &#8220;mientras tanto&#8221;, porque en este pa\u00eds los &#8220;mientras tanto&#8221; son eternos. Era previsible el fracaso de la reforma a la justicia de Juan Manuel Santos, hecha sin haber escuchado previamente a los abogados para ver en d\u00f3nde radicaban sus fallas, y no a los pol\u00edticos del Congreso, que nunca pisan un juzgado para sacar una fotocopia, ni a los magistrados de las altas cortes, que no salen de las imponentes instalaciones del Palacio de Justicia de Bogot\u00e1 y no tienen que api\u00f1arse dentro de la calurosa caja de bocadillos de un juzgado promiscuo municipal. En fin, no es que tengamos antenas sobrenaturales para adivinar el futuro. Es que en la Justicia todo \u2014absolutamente todo\u2014 ha sido previsible.<\/p>\n<p>Pues bien: desde que se estableci\u00f3 la figura de que una Sala de Selecci\u00f3n rotativa, integrada cada vez por dos magistrados, escoger\u00eda en forma completamente libre, a mera discrecionalidad, sin tener que darle absolutamente la m\u00e1s m\u00ednima explicaci\u00f3n a nadie, qu\u00e9 tutelas ser\u00edan revisadas y cu\u00e1les no, nosotros nos pronunciamos \u2014in\u00fatilmente, se sobreentiende\u2014, criticando ese ambiguo procedimiento, porque eso significaba implantar en la Justicia colombiana el lobby. Y cuando advert\u00edamos que se implantar\u00eda el lobby, lo que est\u00e1bamos advirtiendo era que se implantar\u00eda la siempre latente posibilidad de que en la escogencia de las tutelas lo determinante no fuera la &#8220;importancia&#8221; del asunto desde el punto de vista constitucional \u2014como se dec\u00eda\u2014, sino el poder oculto de la palanca, de la intriga y de las influencias. Y, potencialmente, claro \u2014como en el poema de Francisco de Quevedo\u2014, el poder corruptor de ese &#8220;poderoso caballero&#8221; que es &#8220;Don Dinero&#8221;. Aunque, la verdad sea dicha, la respetabilidad de aquella Corte era tanta, que decir esto \u00faltimo sonaba a sacrilegio.<\/p>\n<p>Dijimos, en t\u00e9rminos m\u00e1s sencillos, que el derecho constitucional en Colombia iba a quedar, no en manos de los m\u00e1s estudiosos, sino de los m\u00e1s lagartos.<\/p>\n<p>Como respuesta a estas advertencias \u2014hechas desde la ignota y remota Mesa de las Tempestades, en el \u00c1rea Metropolitana de Bucaramanga\u2014 el Estado lo que hizo fue extender el deleznable sistema nada m\u00e1s ni nada menos que al recurso extraordinario de casaci\u00f3n. Se dijo, entonces, que a partir de ahora ya no bastar\u00eda, como siempre hab\u00eda bastado, que la sentencia de segunda instancia de un tribunal superior hubiese sido atacada oportuna y debidamente ante la Sala de Casaci\u00f3n Civil de la Corte Suprema de Justicia por la parte afectada, a trav\u00e9s de una demanda de casaci\u00f3n presentada dentro del t\u00e9rmino legal y con el lleno de todos los requisitos legales. No. Ahora, a esos requisitos de toda la vida, se a\u00f1adir\u00eda el requisito novedoso y peligroso de que, presentada la demanda, con el lleno \u2014repetimos\u2014de todos los requisitos y en forma oportuna, la Sala de Casaci\u00f3n Civil de la Corte Suprema de Justicia LA ESCOGIERA para ser examinada. De lo contrario, si a pesar de cumplir todos los requisitos y de haber sido presentada dentro del plazo legal, la  Sala no la escog\u00eda, ser\u00eda devuelta inexorablemente con destino al archivo.<\/p>\n<p>&nbsp;<\/p>\n<p><img decoding=\"async\" class=\"oculto\" src=\"https:\/\/lapiedrafilosofal.com\/wp-content\/uploads\/2015\/01\/justiciaCuadradaPequena.png\" alt=\"\"><br \/>\n<img loading=\"lazy\" decoding=\"async\" class=\"aligncenter size-full wp-image-14967\" title=\"justice\" src=\"https:\/\/lapiedrafilosofal.com\/wp-content\/uploads\/2015\/01\/justice.jpg\" alt=\"\" width=\"408\" height=\"800\" srcset=\"https:\/\/oscarhumbertogomez.com\/wp-content\/uploads\/2015\/01\/justice.jpg 408w, https:\/\/oscarhumbertogomez.com\/wp-content\/uploads\/2015\/01\/justice-153x300.jpg 153w\" sizes=\"auto, (max-width: 408px) 100vw, 408px\" \/><\/p>\n<p>&nbsp;<\/p>\n<p>La escogencia de las demandas de casaci\u00f3n ser\u00eda, entonces, igual de arbitraria a como lo era ya la selecci\u00f3n de las tutelas en la Corte Constitucional. Solo que, a diferencia de lo establecido para la selecci\u00f3n de tutelas en la Corte Constitucional, la Sala de Casaci\u00f3n Civil de la Corte Suprema de Justicia tendr\u00eda que dar una explicaci\u00f3n breve y sucinta. Explicaci\u00f3n que, convincente o no, con sustento en el expediente o no, tendr\u00eda que ser aceptada en silencio por el infeliz recurrente, puesto que respecto de ella solo cabr\u00eda el sempiterno recurso de resignaci\u00f3n.<\/p>\n<p>Advertimos entonces \u2014infructuosamente, desde luego\u2014 que esas tales explicaciones breves y sucintas terminan siendo siempre las famosas <strong>frases de comod\u00edn<\/strong> o frases de caj\u00f3n, de las que se llenaron los actos administrativos que dizque &#8220;explicaban&#8221; por qu\u00e9 raz\u00f3n a un empleado oficial lo echaban del puesto, cuando todo el mundo sabe por qu\u00e9 realmente los echan.<\/p>\n<p>Volviendo al caso de la tutela, a fin de &#8220;democratizar&#8221; la arbitraria escogencia, se dispuso despu\u00e9s que si la de uno no era escogida, se abrir\u00eda la posibilidad de que el Procurador General de la Naci\u00f3n, o el Defensor del Pueblo, o cualquiera de los nueve magistrados de la Corte Constitucional podr\u00edan INSISTIR para que fuera seleccionada, lo cual deber\u00edan hacer en un plazo de quince d\u00edas. O sea, que el lobby se extendi\u00f3 a los quince d\u00edas subsiguientes a aquel en que no se seleccion\u00f3 la tutela y a otros altos funcionarios.<\/p>\n<p>No vamos a ahondar m\u00e1s en el tema, porque la malicia ind\u00edgena completar\u00e1 el resto.<\/p>\n<p>Dicen que lo que pasa es que las tutelas son demasiadas y no queda, por ello, otro camino que escoger a dedo las que ir\u00e1n a revisi\u00f3n de la Corte Constitucional.<\/p>\n<p>Eso es cierto. Pero el problema, entonces, es otro, y otra debe ser la soluci\u00f3n.<\/p>\n<p>Porque en un pa\u00eds donde a much\u00edsima gente le duele la cabeza, el Estado no debe limitarse a distribuir m\u00e1s y m\u00e1s aspirinas.<\/p>\n<p>Lo que debe hacer es atacar aquello que est\u00e1 causando semejante cefalea colectiva.<\/p>\n<p>&nbsp;<\/p>\n","protected":false},"excerpt":{"rendered":"<p>&nbsp; &#8220;No hay peor sordo que el que no quiere o\u00edr&#8221;. De nuevo, en los temas que tienen que ver con la Justicia, vuelve a ganar la sabidur\u00eda popular. Y es que ella siempre advierte de todo lo que es &hellip; <a href=\"https:\/\/oscarhumbertogomez.com\/?p=15725\">Sigue leyendo <span class=\"meta-nav\">&rarr;<\/span><\/a><\/p>\n<div class='heateorSssClear'><\/div><div  class='heateor_sss_sharing_container heateor_sss_horizontal_sharing' heateor-sss-data-href='https:\/\/oscarhumbertogomez.com\/?p=15725'><div class='heateor_sss_sharing_title' style=\"font-weight:bold\" >\u00a1Gracias por compartirla!<\/div><ul class=\"heateor_sss_sharing_ul\"><li class=\"heateorSssSharingRound\"><i style=\"width:35px;height:35px;border-radius:999px;\" alt=\"Facebook\" Title=\"Facebook\" class=\"heateorSssSharing heateorSssFacebookBackground\" onclick='heateorSssPopup(\"https:\/\/www.facebook.com\/sharer\/sharer.php?u=https%3A%2F%2Foscarhumbertogomez.com%2Findex.php%3Frest_route%3D%252Fwp%252Fv2%252Fposts%252F15725\")'><ss style=\"display:block;border-radius:999px;\" class=\"heateorSssSharingSvg heateorSssFacebookSvg\"><\/ss><\/i><\/li><li class=\"heateorSssSharingRound\"><i style=\"width:35px;height:35px;border-radius:999px;\" alt=\"Twitter\" Title=\"Twitter\" class=\"heateorSssSharing heateorSssTwitterBackground\" onclick='heateorSssPopup(\"http:\/\/twitter.com\/intent\/tweet?text=El%20lobby%20en%20la%20Justicia%3A%20una%20cat%C3%A1strofe%20que%20se%20ven%C3%ADa%20venir%20desde%20el%20principio.%20Por%20%C3%93scar%20Humberto%20G%C3%B3mez%20G%C3%B3mez&url=https%3A%2F%2Foscarhumbertogomez.com%2Findex.php%3Frest_route%3D%252Fwp%252Fv2%252Fposts%252F15725\")'><ss style=\"display:block;border-radius:999px;\" class=\"heateorSssSharingSvg heateorSssTwitterSvg\"><\/ss><\/i><\/li><li class=\"heateorSssSharingRound\"><i style=\"width:35px;height:35px;border-radius:999px;\" alt=\"Whatsapp\" Title=\"Whatsapp\" class=\"heateorSssSharing heateorSssWhatsappBackground\" onclick='heateorSssPopup(\"https:\/\/web.whatsapp.com\/send?text=El%20lobby%20en%20la%20Justicia%3A%20una%20cat%C3%A1strofe%20que%20se%20ven%C3%ADa%20venir%20desde%20el%20principio.%20Por%20%C3%93scar%20Humberto%20G%C3%B3mez%20G%C3%B3mez https%3A%2F%2Foscarhumbertogomez.com%2Findex.php%3Frest_route%3D%252Fwp%252Fv2%252Fposts%252F15725\")'><ss style=\"display:block\" class=\"heateorSssSharingSvg heateorSssWhatsappSvg\"><\/ss><\/i><\/li><li class=\"heateorSssSharingRound\"><i style=\"width:35px;height:35px;border-radius:999px;\" alt=\"Pinterest\" Title=\"Pinterest\" class=\"heateorSssSharing heateorSssPinterestBackground\" onclick=\"javascript:void( (function() {var e=document.createElement('script' );e.setAttribute('type','text\/javascript' );e.setAttribute('charset','UTF-8' );e.setAttribute('src','\/\/assets.pinterest.com\/js\/pinmarklet.js?r='+Math.random()*99999999);document.body.appendChild(e)})());\"><ss style=\"display:block;border-radius:999px;\" class=\"heateorSssSharingSvg heateorSssPinterestSvg\"><\/ss><\/i><\/li><li class=\"heateorSssSharingRound\"><i style=\"width:35px;height:35px;border-radius:999px;\" alt=\"Google Gmail\" Title=\"Google Gmail\" class=\"heateorSssSharing heateorSssGoogleGmailBackground\" onclick='heateorSssPopup(\"https:\/\/mail.google.com\/mail\/?ui=2&view=cm&fs=1&tf=1&su=El%20lobby%20en%20la%20Justicia%3A%20una%20cat%C3%A1strofe%20que%20se%20ven%C3%ADa%20venir%20desde%20el%20principio.%20Por%20%C3%93scar%20Humberto%20G%C3%B3mez%20G%C3%B3mez&body=Link:https%3A%2F%2Foscarhumbertogomez.com%2Findex.php%3Frest_route%3D%252Fwp%252Fv2%252Fposts%252F15725\")'><ss style=\"display:block;border-radius:999px;\" class=\"heateorSssSharingSvg heateorSssGoogleGmailSvg\"><\/ss><\/i><\/li><li class=\"heateorSssSharingRound\"><i style=\"width:35px;height:35px;border-radius:999px;\" title=\"More\" alt=\"More\" class=\"heateorSssSharing heateorSssMoreBackground\" onclick=\"heateorSssMoreSharingPopup(this, 'https:\/\/oscarhumbertogomez.com\/index.php?rest_route=%2Fwp%2Fv2%2Fposts%2F15725', 'El%20lobby%20en%20la%20Justicia%3A%20una%20cat%C3%A1strofe%20que%20se%20ven%C3%ADa%20venir%20desde%20el%20principio.%20Por%20%C3%93scar%20Humberto%20G%C3%B3mez%20G%C3%B3mez', '' )\" ><ss style=\"display:block\" class=\"heateorSssSharingSvg heateorSssMoreSvg\"><\/ss><\/i><\/li><\/ul><div class=\"heateorSssClear\"><\/div><\/div><div class='heateorSssClear'><\/div>","protected":false},"author":2,"featured_media":0,"comment_status":"closed","ping_status":"closed","sticky":false,"template":"","format":"standard","meta":{"spay_email":"","footnotes":""},"categories":[10],"tags":[],"class_list":["post-15725","post","type-post","status-publish","format-standard","hentry","category-derecho"],"jetpack_featured_media_url":"","jetpack_shortlink":"https:\/\/wp.me\/p1FYrr-45D","_links":{"self":[{"href":"https:\/\/oscarhumbertogomez.com\/index.php?rest_route=\/wp\/v2\/posts\/15725","targetHints":{"allow":["GET"]}}],"collection":[{"href":"https:\/\/oscarhumbertogomez.com\/index.php?rest_route=\/wp\/v2\/posts"}],"about":[{"href":"https:\/\/oscarhumbertogomez.com\/index.php?rest_route=\/wp\/v2\/types\/post"}],"author":[{"embeddable":true,"href":"https:\/\/oscarhumbertogomez.com\/index.php?rest_route=\/wp\/v2\/users\/2"}],"replies":[{"embeddable":true,"href":"https:\/\/oscarhumbertogomez.com\/index.php?rest_route=%2Fwp%2Fv2%2Fcomments&post=15725"}],"version-history":[{"count":4,"href":"https:\/\/oscarhumbertogomez.com\/index.php?rest_route=\/wp\/v2\/posts\/15725\/revisions"}],"predecessor-version":[{"id":50945,"href":"https:\/\/oscarhumbertogomez.com\/index.php?rest_route=\/wp\/v2\/posts\/15725\/revisions\/50945"}],"wp:attachment":[{"href":"https:\/\/oscarhumbertogomez.com\/index.php?rest_route=%2Fwp%2Fv2%2Fmedia&parent=15725"}],"wp:term":[{"taxonomy":"category","embeddable":true,"href":"https:\/\/oscarhumbertogomez.com\/index.php?rest_route=%2Fwp%2Fv2%2Fcategories&post=15725"},{"taxonomy":"post_tag","embeddable":true,"href":"https:\/\/oscarhumbertogomez.com\/index.php?rest_route=%2Fwp%2Fv2%2Ftags&post=15725"}],"curies":[{"name":"wp","href":"https:\/\/api.w.org\/{rel}","templated":true}]}}