{"id":16350,"date":"2015-05-01T18:29:24","date_gmt":"2015-05-01T23:29:24","guid":{"rendered":"http:\/\/www.oscarhumbertogomez.com\/?p=16350"},"modified":"2025-03-19T10:36:37","modified_gmt":"2025-03-19T15:36:37","slug":"tribunal-nacional-de-etica-del-abogado-y-del-cliente-por-oscar-humberto-gomez-gomez","status":"publish","type":"post","link":"https:\/\/oscarhumbertogomez.com\/?p=16350","title":{"rendered":"Tribunal Nacional de \u00c9tica del Abogado y del Cliente. Por \u00d3scar Humberto G\u00f3mez G\u00f3mez"},"content":{"rendered":"<p><img decoding=\"async\" class=\"aligncenter size-full wp-image-4481\" src=\"https:\/\/lapiedrafilosofal.com\/wp-content\/uploads\/2012\/06\/OSCAR-HUMBERTO-GOMEZ.jpg\" alt=\"OSCAR HUMBERTO GOMEZ\" width=\"500\"><\/p>\n<p>&nbsp;<\/p>\n<p>Desde el principio nos vinculamos a la lucha por la&nbsp;<strong>ABOLICI\u00d3N DEL CONSEJO SUPERIOR DE LA JUDICATURA<\/strong>, y m\u00e1s espec\u00edficamente de su <strong>SALA JURISDICCIONAL- DISCIPLINARIA<\/strong>, pero no para que terminara reemplazado por otra entidad oficial que continuara haciendo lo mismo, sino para que, por fin, se rescatara en Colombia la majestad del derecho mediante el reconocimiento por parte del Estado de la independencia intelectual del abogado y su plena libertad para expresar sus opiniones, formular sus cr\u00edticas y elevar sus clamores de justicia sin la cortapisa que le significa la posibilidad de una reacci\u00f3n disciplinaria oficial en su contra con miras a silenciarlo.<\/p>\n<p>Lo que propugnamos es el final del ya antiguo sometimiento de la Abogac\u00eda al poder disciplinario del Estado.<\/p>\n<p>Y es que consideramos que el Estado no tiene por qu\u00e9 controlar a los abogados en su ejercicio profesional a trav\u00e9s de su poder disciplinario, porque \u2014como lo venimos repitiendo\u2014 los profesionales del derecho no son funcionarios suyos, sino que ejercen una profesi\u00f3n liberal.<\/p>\n<p>Por ello, para el juzgamiento \u00c9TICO de la abogac\u00eda proponemos la creaci\u00f3n del Tribunal Nacional de \u00c9tica del Abogado y del Cliente.<\/p>\n<p>Y en cuanto al juzgamiento disciplinario de los funcionarios judiciales, hemos propuesto el restablecimiento de la desaparecida Procuradur\u00eda Delegada para la Vigilancia Judicial.<\/p>\n<p>De esa manera, la Sala Jurisdiccional- Disciplinaria del Consejo Superior de la Judicatura y las salas jurisdiccionales- disciplinarias seccionales no tendr\u00e1n ya raz\u00f3n de ser.<\/p>\n<p>En cuanto a la otra funci\u00f3n, la de dirimir los conflictos de jurisdicci\u00f3n, la misma debe atribu\u00edrsele a la Corte Constitucional, pues el tema es de rango constitucional.<\/p>\n<p><strong>CREACI\u00d3N DEL TRIBUNAL NACIONAL DE \u00c9TICA DEL ABOGADO Y DEL CLIENTE.&nbsp;<\/strong><\/p>\n<p><strong><\/strong>Es la abogac\u00eda una profesi\u00f3n liberal, s\u00ed, pero sujeta, por supuesto, a la \u00c9tica.<\/p>\n<p>\u00c9tica con la que, dicho sea de paso, tambi\u00e9n debe actuar el cliente, a veces convertido en el peor enemigo de su abogado.<\/p>\n<p>Amenazan con volverse epidemia deslealtades como la de revocarle el poder al abogado cuando, luego de largos a\u00f1os de trabajo profesional, ha ganado limpiamente el pleito. Esas revocatorias de \u00faltima hora persiguen timarle los honorarios.<\/p>\n<p>Como esa, hay muchas conductas que clientes sin \u00e9tica llevan a cabo contra su abogado.<\/p>\n<p>En esto debe haber reciprocidad.<\/p>\n<p>Por eso, insistimos en proponer la creaci\u00f3n del Tribunal Nacional de \u00c9tica del Abogado y del Cliente, conformado por juristas de excelsas calidades y \u2014lo m\u00e1s importante\u2014 que hayan ejercido la profesi\u00f3n de abogado con lujo de competencia y hayan, por tanto, conocido de cerca las vicisitudes que rodean ese ejercicio.<\/p>\n<p>Este tribunal contar\u00eda con sus correspondientes seccionales, todas ellas integradas por magistrados <em>ad-honorem<\/em>, como sucede con, pongamos por caso, el Tribunal Nacional de \u00c9tica M\u00e9dica y los tribunales seccionales de \u00e9tica m\u00e9dica. En el caso de estos tribunales, quienes ejercen la magistratura contin\u00faan ejerciendo tambi\u00e9n su profesi\u00f3n normalmente.<\/p>\n<p><strong>NUESTRA PROPUESTA:<\/strong><\/p>\n<p>Dado lo avanzado que est\u00e1 el tr\u00e1mite de la reforma constitucional, y que toda propuesta debe surtir ocho (8) debates y solo faltan dos (2) sin que el tema se haya ventilado, nos estamos dirigiendo a la senadora Claudia L\u00f3pez, la \u00fanica congresista que se acord\u00f3 de los abogados litigantes como sector que deb\u00eda ser vinculado a la reforma de la justicia, para que dentro de las funciones del ente que reemplazar\u00e1 a la Sala Jurisdiccional &#8211; Disciplinaria del Consejo Superior de la Judicatura NO se incluya a la Abogac\u00eda independiente.<\/p>\n<p>Ello permitir\u00eda que posteriormente, por v\u00eda legislativa, se pudiera crear este Tribunal.<\/p>\n<p>En otras palabras, la cuesti\u00f3n \u00e9tica de la Abogac\u00eda, ni de ninguna profesi\u00f3n liberal, debe formar parte de la Constituci\u00f3n.<\/p>\n<p>&nbsp;<\/p>\n","protected":false},"excerpt":{"rendered":"<p>&nbsp; Desde el principio nos vinculamos a la lucha por la&nbsp;ABOLICI\u00d3N DEL CONSEJO SUPERIOR DE LA JUDICATURA, y m\u00e1s espec\u00edficamente de su SALA JURISDICCIONAL- DISCIPLINARIA, pero no para que terminara reemplazado por otra entidad oficial que continuara haciendo lo mismo, &hellip; <a href=\"https:\/\/oscarhumbertogomez.com\/?p=16350\">Sigue leyendo <span class=\"meta-nav\">&rarr;<\/span><\/a><\/p>\n<div class='heateorSssClear'><\/div><div  class='heateor_sss_sharing_container heateor_sss_horizontal_sharing' heateor-sss-data-href='https:\/\/oscarhumbertogomez.com\/?p=16350'><div class='heateor_sss_sharing_title' style=\"font-weight:bold\" >\u00a1Gracias por compartirla!<\/div><ul class=\"heateor_sss_sharing_ul\"><li class=\"heateorSssSharingRound\"><i style=\"width:35px;height:35px;border-radius:999px;\" alt=\"Facebook\" Title=\"Facebook\" class=\"heateorSssSharing heateorSssFacebookBackground\" onclick='heateorSssPopup(\"https:\/\/www.facebook.com\/sharer\/sharer.php?u=https%3A%2F%2Foscarhumbertogomez.com%2Findex.php%3Frest_route%3D%252Fwp%252Fv2%252Fposts%252F16350\")'><ss style=\"display:block;border-radius:999px;\" class=\"heateorSssSharingSvg heateorSssFacebookSvg\"><\/ss><\/i><\/li><li class=\"heateorSssSharingRound\"><i style=\"width:35px;height:35px;border-radius:999px;\" alt=\"Twitter\" Title=\"Twitter\" class=\"heateorSssSharing heateorSssTwitterBackground\" onclick='heateorSssPopup(\"http:\/\/twitter.com\/intent\/tweet?text=Tribunal%20Nacional%20de%20%C3%89tica%20del%20Abogado%20y%20del%20Cliente.%20Por%20%C3%93scar%20Humberto%20G%C3%B3mez%20G%C3%B3mez&url=https%3A%2F%2Foscarhumbertogomez.com%2Findex.php%3Frest_route%3D%252Fwp%252Fv2%252Fposts%252F16350\")'><ss style=\"display:block;border-radius:999px;\" class=\"heateorSssSharingSvg heateorSssTwitterSvg\"><\/ss><\/i><\/li><li class=\"heateorSssSharingRound\"><i style=\"width:35px;height:35px;border-radius:999px;\" alt=\"Whatsapp\" Title=\"Whatsapp\" class=\"heateorSssSharing heateorSssWhatsappBackground\" onclick='heateorSssPopup(\"https:\/\/web.whatsapp.com\/send?text=Tribunal%20Nacional%20de%20%C3%89tica%20del%20Abogado%20y%20del%20Cliente.%20Por%20%C3%93scar%20Humberto%20G%C3%B3mez%20G%C3%B3mez https%3A%2F%2Foscarhumbertogomez.com%2Findex.php%3Frest_route%3D%252Fwp%252Fv2%252Fposts%252F16350\")'><ss style=\"display:block\" class=\"heateorSssSharingSvg heateorSssWhatsappSvg\"><\/ss><\/i><\/li><li class=\"heateorSssSharingRound\"><i style=\"width:35px;height:35px;border-radius:999px;\" alt=\"Pinterest\" Title=\"Pinterest\" class=\"heateorSssSharing heateorSssPinterestBackground\" onclick=\"javascript:void( (function() {var e=document.createElement('script' );e.setAttribute('type','text\/javascript' );e.setAttribute('charset','UTF-8' );e.setAttribute('src','\/\/assets.pinterest.com\/js\/pinmarklet.js?r='+Math.random()*99999999);document.body.appendChild(e)})());\"><ss style=\"display:block;border-radius:999px;\" class=\"heateorSssSharingSvg heateorSssPinterestSvg\"><\/ss><\/i><\/li><li class=\"heateorSssSharingRound\"><i style=\"width:35px;height:35px;border-radius:999px;\" alt=\"Google Gmail\" Title=\"Google Gmail\" class=\"heateorSssSharing heateorSssGoogleGmailBackground\" onclick='heateorSssPopup(\"https:\/\/mail.google.com\/mail\/?ui=2&view=cm&fs=1&tf=1&su=Tribunal%20Nacional%20de%20%C3%89tica%20del%20Abogado%20y%20del%20Cliente.%20Por%20%C3%93scar%20Humberto%20G%C3%B3mez%20G%C3%B3mez&body=Link:https%3A%2F%2Foscarhumbertogomez.com%2Findex.php%3Frest_route%3D%252Fwp%252Fv2%252Fposts%252F16350\")'><ss style=\"display:block;border-radius:999px;\" class=\"heateorSssSharingSvg heateorSssGoogleGmailSvg\"><\/ss><\/i><\/li><li class=\"heateorSssSharingRound\"><i style=\"width:35px;height:35px;border-radius:999px;\" title=\"More\" alt=\"More\" class=\"heateorSssSharing heateorSssMoreBackground\" onclick=\"heateorSssMoreSharingPopup(this, 'https:\/\/oscarhumbertogomez.com\/index.php?rest_route=%2Fwp%2Fv2%2Fposts%2F16350', 'Tribunal%20Nacional%20de%20%C3%89tica%20del%20Abogado%20y%20del%20Cliente.%20Por%20%C3%93scar%20Humberto%20G%C3%B3mez%20G%C3%B3mez', '' )\" ><ss style=\"display:block\" class=\"heateorSssSharingSvg heateorSssMoreSvg\"><\/ss><\/i><\/li><\/ul><div class=\"heateorSssClear\"><\/div><\/div><div class='heateorSssClear'><\/div>","protected":false},"author":2,"featured_media":0,"comment_status":"open","ping_status":"open","sticky":false,"template":"","format":"standard","meta":{"spay_email":"","footnotes":""},"categories":[60,11],"tags":[],"class_list":["post-16350","post","type-post","status-publish","format-standard","hentry","category-tribuna-de-opinion","category-periodismo"],"jetpack_featured_media_url":"","jetpack_shortlink":"https:\/\/wp.me\/p1FYrr-4fI","_links":{"self":[{"href":"https:\/\/oscarhumbertogomez.com\/index.php?rest_route=\/wp\/v2\/posts\/16350","targetHints":{"allow":["GET"]}}],"collection":[{"href":"https:\/\/oscarhumbertogomez.com\/index.php?rest_route=\/wp\/v2\/posts"}],"about":[{"href":"https:\/\/oscarhumbertogomez.com\/index.php?rest_route=\/wp\/v2\/types\/post"}],"author":[{"embeddable":true,"href":"https:\/\/oscarhumbertogomez.com\/index.php?rest_route=\/wp\/v2\/users\/2"}],"replies":[{"embeddable":true,"href":"https:\/\/oscarhumbertogomez.com\/index.php?rest_route=%2Fwp%2Fv2%2Fcomments&post=16350"}],"version-history":[{"count":5,"href":"https:\/\/oscarhumbertogomez.com\/index.php?rest_route=\/wp\/v2\/posts\/16350\/revisions"}],"predecessor-version":[{"id":52559,"href":"https:\/\/oscarhumbertogomez.com\/index.php?rest_route=\/wp\/v2\/posts\/16350\/revisions\/52559"}],"wp:attachment":[{"href":"https:\/\/oscarhumbertogomez.com\/index.php?rest_route=%2Fwp%2Fv2%2Fmedia&parent=16350"}],"wp:term":[{"taxonomy":"category","embeddable":true,"href":"https:\/\/oscarhumbertogomez.com\/index.php?rest_route=%2Fwp%2Fv2%2Fcategories&post=16350"},{"taxonomy":"post_tag","embeddable":true,"href":"https:\/\/oscarhumbertogomez.com\/index.php?rest_route=%2Fwp%2Fv2%2Ftags&post=16350"}],"curies":[{"name":"wp","href":"https:\/\/api.w.org\/{rel}","templated":true}]}}