{"id":16419,"date":"2015-04-26T12:19:19","date_gmt":"2015-04-26T17:19:19","guid":{"rendered":"http:\/\/www.oscarhumbertogomez.com\/?p=16419"},"modified":"2025-04-05T11:54:08","modified_gmt":"2025-04-05T16:54:08","slug":"el-consejo-de-estado-nos-ha-dado-la-razon-el-abogado-no-esta-obligado-a-apelar-la-sentencia-desfavorable-por-oscar-humberto-gomez-gomez","status":"publish","type":"post","link":"https:\/\/oscarhumbertogomez.com\/?p=16419","title":{"rendered":"El Consejo de Estado nos ha dado la raz\u00f3n: el abogado NO est\u00e1 obligado a apelar la sentencia desfavorable. Por \u00d3scar Humberto G\u00f3mez G\u00f3mez"},"content":{"rendered":"<p><img decoding=\"async\" class=\"aligncenter size-full wp-image-4481\" src=\"https:\/\/lapiedrafilosofal.com\/wp-content\/uploads\/2012\/06\/OSCAR-HUMBERTO-GOMEZ.jpg\" alt=\"OSCAR HUMBERTO GOMEZ\" width=\"500\"><\/p>\n<p>&nbsp;<\/p>\n<p>Tal y como ya lo hab\u00edamos expresado en este portal, NO es cierto que el abogado est\u00e9 OBLIGADO a apelar la sentencia desfavorable si, desde su punto de vista profesional, considera que no debe ser impugnada.<\/p>\n<p>El Consejo de Estado nos acaba de dar la raz\u00f3n. La Caja Agraria en liquidaci\u00f3n pretend\u00eda que su apoderado, por no haber apelado la sentencia condenatoria impuesta en su contra por un juzgado laboral, fuera obligado a reembolsar a la entidad todo cuanto hab\u00eda tenido que pagar como consecuencia de la condena que se le impuso.<\/p>\n<p>Aunque el Consejo de Estado advierte que no est\u00e1 dentro de su \u00f3rbita la cuesti\u00f3n disciplinaria, es obvio que si el abogado NO estaba obligado a apelar, tampoco pod\u00eda ser sancionado disciplinariamente por no hacerlo.<\/p>\n<p>Aqu\u00ed vuelve a verse la imperiosa urgencia que hemos venido se\u00f1alando en el sentido de que no sea una instituci\u00f3n del Estado, como lo es la Sala Jurisdiccional- Disciplinaria del Consejo Superior de la Judicatura, la que tenga en sus manos la potestad de juzgar desde el punto de vista \u00e9tico la conducta de la Abogac\u00eda colombiana. La Abogac\u00eda es una PROFESI\u00d3N LIBERAL y los abogados NO son funcionarios del Estado.<\/p>\n<p>Como nuestros amigos recuerdan, hace poco la precitada Sala Jurisdiccional- Disciplinaria del Consejo Superior de la Judicatura sancion\u00f3 a una abogada por no haber apelado una sentencia adversa a la Empresa de Acueducto de Bogot\u00e1 y nosotros expresamos en aquella oportunidad \u2014y m\u00e1s all\u00e1 de las circunstancias particulares del caso\u2014 nuestras profundas preocupaciones frente a lo que podr\u00eda significar ese precedente.<\/p>\n<p>Lea:<\/p>\n<p><a href=\"http:\/\/www.oscarhumbertogomez.com\/?p=13579\">http:\/\/www.oscarhumbertogomez.com\/?p=13579<\/a><\/p>\n<p>Nuestra lucha, por supuesto, proseguir\u00e1 hasta que desaparezca el Consejo Superior de la Judicatura. Pero no para que se le reemplace por otra instituci\u00f3n estatal. Lo que exigimos es la creaci\u00f3n de un tribunal de \u00e9tica integrado por figuras verdaderamente prominentes de la Abogac\u00eda colombiana. Solo as\u00ed tendr\u00edamos una Abogac\u00eda libre, decente, influyente, respetada y digna.<br \/>\n<img loading=\"lazy\" decoding=\"async\" class=\"aligncenter size-full wp-image-16332\" title=\"justice\" src=\"https:\/\/lapiedrafilosofal.com\/wp-content\/uploads\/2015\/04\/justice.jpg\" alt=\"\" width=\"408\" height=\"800\" srcset=\"https:\/\/oscarhumbertogomez.com\/wp-content\/uploads\/2015\/04\/justice.jpg 408w, https:\/\/oscarhumbertogomez.com\/wp-content\/uploads\/2015\/04\/justice-153x300.jpg 153w\" sizes=\"auto, (max-width: 408px) 100vw, 408px\" \/><br \/>\nA continuaci\u00f3n, reproducimos textualmente el importante pronunciamiento del Consejo de Estado:<\/p>\n<p>&#8220;<strong>CONSEJO DE ESTADO<br \/>\nSALA DE LO CONTENCIOSO ADMINISTRATIVO<br \/>\nSECCI\u00d3N TERCERA \u2013 SUBSECCI\u00d3N A<\/strong><br \/>\n<strong>Consejero ponente (E):<\/strong> <strong>HERN\u00c1N ANDRADE RINC\u00d3N<\/strong>.<br \/>\nBogot\u00e1 D.C., veinticinco (25) de marzo de dos mil quince (2015)<br \/>\n<strong>RADICACI\u00d3N:<\/strong> <strong>25000233100020060013101<\/strong><br \/>\n<strong>EXPEDIENTE: 37725<\/strong><br \/>\n<strong>ACTOR:<\/strong> <strong>Caja Agraria, en liquidaci\u00f3n<\/strong><br \/>\n<strong> DEMANDADO: Rodrigo Hernando Vargas Parra<\/strong><br \/>\n<strong> REFERENCIA: Contractual<\/strong><\/p>\n<p>Conoce la Sala el recurso de apelaci\u00f3n presentado por la parte demandante contra la<br \/>\nsentencia proferida por el Tribunal Administrativo de Cundinamarca, Secci\u00f3n Tercera,<br \/>\nSubsecci\u00f3n A, el cuatro (4) de junio de dos mil nueve (2009), mediante la cual se<br \/>\ndispuso:<\/p>\n<p>\u201cPRIMERO.- Declarar no probada la excepci\u00f3n de falta de jurisdicci\u00f3n y caducidad<br \/>\npropuestas por el demandado Rodrigo Vargas Parra.<br \/>\nSEGUNDO.- Negar las pretensiones de la demanda.<br \/>\nTERCERO.- Sin condena en costas.\u201d<\/p>\n<p>I. A N T E C E D E N T E S<\/p>\n<p>1. La demanda.<\/p>\n<p>Mediante demanda presentada el 19 de diciembre de 2005, la Caja Agraria \u2013 en<br \/>\nliquidaci\u00f3n, en ejercicio de la acci\u00f3n contractual consagrada en el art\u00edculo 87 del<br \/>\nC\u00f3digo Contencioso Administrativo, solicit\u00f3 las siguientes declaraciones y<br \/>\ncondenas contra Rodrigo Hernando Vargas Parra:<\/p>\n<p>\u201c1\u00ba Que se declare que entre las partes existi\u00f3 un contrato, en virtud del cual<br \/>\nel abogado RODRIGO HERNANDO VARGAS PARRA, en su condici\u00f3n de<br \/>\nmandatario judicial externo, le prest\u00f3 sus servicios profesionales a LA CAJA<br \/>\nAGRARIA \u2013 EN LIQUIDACI\u00d3N &#8211; dentro del proceso ordinario laboral que en contra<br \/>\nde \u00e9sta hab\u00eda instaurado el se\u00f1or Ovidio Buitrago Grimaldo.<\/p>\n<p>2\u00ba Que se declare que el abogado RODRIGO HERNANDO VARGAS PARRA<br \/>\nincumpli\u00f3 el aludido contrato, al no haber ejecutado satisfactoriamente la totalidad<br \/>\nde las obligaciones a su cargo.<\/p>\n<p>3\u00ba Que como consecuencia de la anterior declaraci\u00f3n se condene al abogado<br \/>\nRODRIGO HERNANDO VARGAS PARRA, a pagarle a la demandante CAJA<br \/>\nAGRARIA \u2013 EN LIQUIDACI\u00d3N -, a t\u00edtulo de perjuicios, una suma no inferior a<br \/>\ndoscientos veintisiete millones treinta mil ciento diez y ocho pesos ($227\u2019030.118)<br \/>\nm\/cte, y que ese pronunciamiento se extienda a los pagos que mes a mes debe<br \/>\nhacer la demandante para cubrir la pensi\u00f3n de jubilaci\u00f3n del se\u00f1or Ovidio Buitrago<br \/>\nGrimaldo.<\/p>\n<p>4\u00ba Que la suma de dinero por la que se condene al demandado con fundamento en<br \/>\nla pretensi\u00f3n anterior, sea indexada, esto es corregida monetariamente como<br \/>\nmecanismo para cubrir la desvalorizaci\u00f3n de la moneda.<\/p>\n<p>5\u00ba Que se condene a la parte demandada al pago de las costas que se generen a<br \/>\nra\u00edz del presente tr\u00e1mite judicial.\u201d<\/p>\n<p>2. Los hechos.<\/p>\n<p>En el escrito de demanda, la parte actora narr\u00f3 los siguientes hechos:<\/p>\n<p>2.1. En 1995, el se\u00f1or Ovidio Buitrago Grimaldo demand\u00f3 a la Caja de Cr\u00e9dito<br \/>\nAgrario Industrial y Minero, con el fin de obtener la reliquidaci\u00f3n de su pensi\u00f3n de<br \/>\njubilaci\u00f3n y de otras prestaciones derivadas del contrato de trabajo que existi\u00f3 entre las<br \/>\npartes. Para ello, el se\u00f1or Ovidio Buitrago Grimaldo demand\u00f3 el reconocimiento del<br \/>\nincentivo extraordinario por trabajos especiales equivalente al 60% del sueldo b\u00e1sico<br \/>\nasignado al cargo del jefe grado 24 y la reliquidaci\u00f3n de las prestaciones<br \/>\ncorrespondientes, a lo cual consider\u00f3 tener derecho en raz\u00f3n de su vinculaci\u00f3n al<br \/>\nproyecto de modernizaci\u00f3n que adelant\u00f3 la mencionada entidad.<\/p>\n<p>2.2. La Caja de Cr\u00e9dito Agrario Industrial y Minero, otorg\u00f3 poder especial al abogado<br \/>\nRodrigo Hernando Vargas Parra, el cual, en ejercicio de su gesti\u00f3n contest\u00f3 la<br \/>\ndemanda, invoc\u00f3 las excepciones de prescripci\u00f3n, compensaci\u00f3n, falta de t\u00edtulo para<br \/>\npedir, cobro de lo no debido, pago y todo hecho que pueda tipificar excepci\u00f3n.<\/p>\n<p>2.3. Luego de rituadas las etapas propias del proceso, el Juez 5\u00ba Laboral del Circuito<br \/>\nde Bogot\u00e1 en sentencia del 14 de agosto de 2002 declar\u00f3 no probadas las excepciones<br \/>\ny conden\u00f3 a la Caja de Cr\u00e9dito Agrario Industrial y Minero a pagar al demandante las<br \/>\nsumas debidas por reliquidaci\u00f3n de la pensi\u00f3n de jubilaci\u00f3n, sobre remuneraci\u00f3n<br \/>\nsalarial, reliquidaci\u00f3n de las primas de servicios escolaridad y vacaciones,<br \/>\nreliquidaci\u00f3n de las cesant\u00edas y la indemnizaci\u00f3n moratoria por cada d\u00eda de retardo en<br \/>\nel pago.<\/p>\n<p>2.4. Seg\u00fan narr\u00f3 la demandante, incumpliendo sus obligaciones, el abogado Rodrigo<br \/>\nHernando Vargas Parra no interpuso recurso de apelaci\u00f3n contra la sentencia de<br \/>\nagosto 14 de 2002, \u201ca pesar de que dicho prove\u00eddo no s\u00f3lo era susceptible de ser<br \/>\nimpugnado por esa v\u00eda, sino que adem\u00e1s el juez a quo no se pronunci\u00f3 de fondo<br \/>\ndesvirtuando la totalidad de los medios exceptivos por \u00e9l mismo alegados y en<br \/>\nconsideraci\u00f3n a que a su mandante le impusieron una serie de onerosas prestaciones,<br \/>\ncircunstancias todas estas que implicaban tener que haber agotado la alzada\u201d.<\/p>\n<p>2.5. El Juzgado 5\u00ba Laboral del Circuito, liquid\u00f3 las costas y agencias en derecho y el<br \/>\nabogado las objet\u00f3. Finalmente, previo dictamen pericial, las agencias en derecho<br \/>\nquedaron en firme por la suma de $50\u2019000.000. La demandante indic\u00f3 que esa suma<br \/>\ntambi\u00e9n se reclama dentro del perjuicio solicitado en este proceso, por ser derivado de<br \/>\nla no apelaci\u00f3n de la sentencia.<\/p>\n<p>2.6. Encontr\u00e1ndose en firme la sentencia de primera instancia, el apoderado solicit\u00f3<br \/>\nque se tramitara el grado de consulta respecto de la sentencia de agosto 14 de 2002,<br \/>\npetici\u00f3n que fue negada por el Tribunal Superior del Distrito Judicial, b\u00e1sicamente por la<br \/>\nnaturaleza jur\u00eddica de la Caja Agraria \u2013 en liquidaci\u00f3n, al \u201cno existir evidencia de que la<br \/>\ncondena impuesta a la Caja Agraria sea adversa a la Naci\u00f3n.\u201d<\/p>\n<p>2.7. Habiendo sido requerido para explicar los motivos por los cuales no present\u00f3<br \/>\nrecurso de apelaci\u00f3n contra la sentencia, el abogado remiti\u00f3 la comunicaci\u00f3n del 20 de<br \/>\nnoviembre de 2002, en la cual se limit\u00f3 a indicar que \u201cno fue posible apelarla dentro de<br \/>\nla oportunidad procesal\u201d.<\/p>\n<p>2.8. Posteriormente, ante la insistencia de la Caja Agraria &#8211; en liquidaci\u00f3n, el<br \/>\nabogado indic\u00f3 en comunicaci\u00f3n del 16 de abril de 2004, que la no interposici\u00f3n del<br \/>\nrecurso obedeci\u00f3 finalmente a un an\u00e1lisis juicioso del suscrito, a trav\u00e9s del cual lleg\u00f3 a<br \/>\n\u201cla convicci\u00f3n de que no exist\u00edan argumentos jur\u00eddicos ni de car\u00e1cter probatorio que<br \/>\nmodificaran la decisi\u00f3n tomada por el a quo\u201d.<\/p>\n<p>(&#8230;)<\/p>\n<p>2.9. La demandante extract\u00f3 y transcribi\u00f3 en la demanda las observaciones tomadas<br \/>\nde la carpeta de la hoja de vida del se\u00f1or Ovidio Buitrago Grimaldo, toda vez que all\u00ed<br \/>\nconstaron los documentos en los cuales la Caja de Cr\u00e9dito Agrario Industrial y Minero<br \/>\ndecidi\u00f3 en su oportunidad, que el se\u00f1or Buitrago no ten\u00eda derecho al incentivo<br \/>\nextraordinario por trabajos especiales, b\u00e1sicamente por cuanto no existi\u00f3 un acto de<br \/>\nvinculaci\u00f3n a uno de los cargos del proyecto de modernizaci\u00f3n y se afirm\u00f3 que<br \/>\n\u00fanicamente colabor\u00f3 en forma temporal y espec\u00edfica por espacio de 30 d\u00edas apoyando a<br \/>\nla firma Price Waterhouse, entre el 9 de octubre, fecha en que se inform\u00f3 su asignaci\u00f3n<br \/>\npara ese prop\u00f3sito y 20 de diciembre de 1989, fecha en que termin\u00f3 el proyecto, seg\u00fan<br \/>\nla afirmaci\u00f3n contenida en la referida transcripci\u00f3n de documetos.<\/p>\n<p>2.10. El 6 de octubre de 2005 se llev\u00f3 a cabo la diligencia de conciliaci\u00f3n prejudicial<br \/>\nante la Procuradur\u00eda S\u00e9ptima Judicial, delegada ante el Tribunal Administrativo de<br \/>\nCundinamarca, la cual se declar\u00f3 cerrada por falta de acuerdo entre las partes.<br \/>\n(&#8230;)<\/p>\n<p>Del art\u00edculo 70 del C\u00f3digo de Procedimiento Civil se establece igualmente que el acto<br \/>\nde apoderamiento para la representaci\u00f3n judicial incluye la facultad de apelar la<br \/>\nsentencia y no se requiere poder o autorizaci\u00f3n adicional para ello.<br \/>\nSin embargo, a diferencia de lo que sostuvo la Caja Agraria -en liquidaci\u00f3n-, el mandato<br \/>\npara la representaci\u00f3n judicial que exhibi\u00f3 en este caso, no incluy\u00f3 la obligaci\u00f3n de<br \/>\ninterponer el recurso de apelaci\u00f3n contra la sentencia desfavorable, ello se establece<br \/>\npor cuanto el plenario careci\u00f3 de prueba alguna sobre una instrucci\u00f3n en ese sentido y<br \/>\nla ley no impone esta conducta como un deber imperativo, ni en el r\u00e9gimen del contrato<br \/>\nde mandato ni en el estatuto de la profesi\u00f3n.<\/p>\n<p>No es mandatorio acudir en la alzada, por el solo hecho del apoderamiento judicial.<br \/>\nSiendo as\u00ed, a falta de pacto contractual que permita configurar ese deber, no se puede<br \/>\ncalificar como incumplimiento contractual la sola conducta consistente en omitir la<br \/>\npresentaci\u00f3n del recurso de apelaci\u00f3n.<\/p>\n<p>Por otra parte, se advierte que la falta de apelaci\u00f3n no es necesariamente lesiva, toda<br \/>\nvez que de acuerdo con las circunstancias particulares puede ser beneficioso a los<br \/>\nintereses de un parte dejar de recurrir la sentencia de primera instancia, a\u00fan cuando<br \/>\nsea condenatoria.<\/p>\n<p>En consecuencia, resulta determinante en el sentido del fallo que ha de proferirse en<br \/>\neste proceso, que la demandante dej\u00f3 de especificar las obligaciones del abogado al<br \/>\nque confiri\u00f3 el mandato judicial y brill\u00f3 por su ausencia la prueba de que hubiera<br \/>\nexistido el deber de apelar o de solicitar autorizaci\u00f3n para no presentar el recurso.<br \/>\nEn el presente proceso, la Caja Agraria \u2013 en liquidaci\u00f3n, aleg\u00f3 que exist\u00eda la obligaci\u00f3n<br \/>\nde apelar la sentencia de primera instancia, basada en el deber de colaboraci\u00f3n que la<br \/>\nLey 80 impone al contratista del Estado y afirm\u00f3 que en este caso exist\u00edan argumentos<br \/>\njur\u00eddicos para apelar. Por su parte, el demandado aleg\u00f3 que no estaba obligado a<br \/>\npresentar la apelaci\u00f3n, que pod\u00eda aplicar su buen juicio, que careci\u00f3 de pruebas y<br \/>\nargumentos para acudir en la alzada y afirm\u00f3 que la segunda instancia causar\u00eda<br \/>\nmayores erogaciones a la Caja Agraria \u2013 en liquidaci\u00f3n.<\/p>\n<p>A juicio de la Sala procede el argumento del demandado, toda vez que seg\u00fan lo<br \/>\nprobado en este plenario, la conducta sub judice no se apart\u00f3 de las instrucciones del<br \/>\nmandante ni falt\u00f3 a los deberes legales de la profesi\u00f3n y en este contexto, se acepta<br \/>\nque el apoderado pod\u00eda aplicar su buen juicio.<\/p>\n<p>Sin entrar a dilucidar lo que ocurri\u00f3 entre el 14 y el 17 de agosto de 2002, en el t\u00e9rmino<br \/>\nde la ejecutoria del fallo, pues se desconoce si en ese lapso hubo un razonamiento<br \/>\nsobre la protecci\u00f3n de la posici\u00f3n econ\u00f3mica de la demandada o simplemente el<br \/>\napoderado fall\u00f3 en el control del conocimiento oportuno de la sentencia, se observa que<br \/>\nel dicho del demandante en cuanto a las erogaciones en caso de apelaci\u00f3n y la defensa<br \/>\nde esos intereses, cobra sentido en este acervo probatorio, seg\u00fan se observa con<br \/>\nfundamento en lo siguiente:<\/p>\n<p>La condena impon\u00eda, entre otras, una sanci\u00f3n moratoria diaria, la cual a 30 de junio de<br \/>\n2004, alcanzaba el valor de $157\u2019760.295, impuesta con base en la apreciaci\u00f3n de la<br \/>\nprueba de la mala fe por la renuencia a pagar que present\u00f3 la Caja Agraria, para la<br \/>\n\u00e9poca en que el trabajador le reclam\u00f3. Dicha sanci\u00f3n ir\u00eda creciendo a raz\u00f3n de<br \/>\n$34.095 diarios, seg\u00fan la sentencia de primera instancia y en caso de acudir en la<br \/>\nalzada, estar\u00eda en el riesgo de incremento, bajo el supuesto de que el Tribunal Superior<br \/>\nde Distrito Judicial de Bogot\u00e1 coincidiera con la apreciaci\u00f3n de la conducta que tuvo el<br \/>\njuez de primera instancia, por el tratamiento que la Caja Agraria dispens\u00f3 al trabajador<br \/>\nen las reclamaciones \u00e9ste le present\u00f3 en la v\u00eda gubernativa.<\/p>\n<p>Desde la perspectiva que otorga el acervo probatorio en este caso, se advierte adem\u00e1s<br \/>\nque el valor de la sanci\u00f3n moratoria no se acredit\u00f3 como pagado por la Caja Agraria &#8211;<br \/>\nen liquidaci\u00f3n, ni fue espec\u00edficamente reclamado en este proceso, de donde se<br \/>\ninfiere que en efecto la ejecutoria de la sentencia de primera instancia abri\u00f3 paso a la<br \/>\nreliquidaci\u00f3n de la base de la pensi\u00f3n y al pago de la condena por ese concepto, con<br \/>\ncargo a la masa de liquidaci\u00f3n, sin incluir mayores valores por moratoria.<\/p>\n<p>Por otra parte, en relaci\u00f3n con las costas del proceso se tiene en cuenta que el<br \/>\ndemandado SI present\u00f3 objeci\u00f3n, seg\u00fan se acredit\u00f3 en el plenario, am\u00e9n de que se<br \/>\nacepta que pudo entenderse por el mandatario que la segunda instancia habr\u00eda<br \/>\nincrementado la base de las costas tomadas por el Juez, teniendo en cuenta que se<br \/>\ndeterminaron en relaci\u00f3n con las prestaciones peri\u00f3dicas resultantes de la condena y<br \/>\nellas seguir\u00edan caus\u00e1ndose hasta tanto se diera la decisi\u00f3n final.<\/p>\n<p>No corresponde evaluar aqu\u00ed si la sentencia de primera instancia en el proceso laboral<br \/>\nhabr\u00eda sido susceptible de revocaci\u00f3n, ni predecir el \u00e9xito o fracaso de la segunda<br \/>\ninstancia, puesto que basta advertir que la labor del apoderado judicial es de medios en<br \/>\ncuanto al resultado de la sentencia y en caso alguno puede obligarse a obtener el fallo<br \/>\nen un determinado sentido.<\/p>\n<p>Por lo tanto, aunque la facultad de apelaci\u00f3n estaba incluida dentro de la gesti\u00f3n<br \/>\ncontratada al apoderado y te\u00f3ricamente pod\u00eda ser un medio de defensa recomendable,<br \/>\nno se prob\u00f3 la obligaci\u00f3n consistente en el deber de presentar apelaci\u00f3n, por lo tanto,<br \/>\nse destruye la base de la argumentaci\u00f3n de la demandante y resulta improcedente<br \/>\ndeclarar el incumplimiento del abogado por la falta de presentaci\u00f3n del recurso.<\/p>\n<p>En conclusi\u00f3n, se confirma la consideraci\u00f3n del Tribunal a quo en el sentido de que<br \/>\nresult\u00f3 insuficiente la prueba a cargo de la demandante para efecto de fundar una<br \/>\ncondena; se recuerda que a la demandante correspond\u00eda demostrar el acuerdo<br \/>\ncontractual acerca del deber o la obligaci\u00f3n de apelar la sentencia y no lo hizo, por<br \/>\nmanera que se asume que ese deber no existi\u00f3 en el caso particular que ahora se<br \/>\nexamina.<\/p>\n<p>De conformidad con las consideraciones acerca de la responsabilidad contractual por<br \/>\nincumplimiento, no habiendo omisi\u00f3n de la obligaci\u00f3n, el plenario carece de prueba de<br \/>\nun elemento b\u00e1sico de la responsabilidad civil, por lo cual no existe base para imponer<br \/>\nla condena.<\/p>\n<p>(&#8230;)<\/p>\n<p><strong>12.2. Nexo de causalidad o imputaci\u00f3n del perjuicio derivado de la falta de<br \/>\napelaci\u00f3n.<\/strong><\/p>\n<p>Adem\u00e1s de que no acredit\u00f3 la existencia de la obligaci\u00f3n, la parte actora fall\u00f3 en<br \/>\ndesplegar los medios probatorios id\u00f3neos acerca del deber de colaboraci\u00f3n que<br \/>\nargument\u00f3 como necesario para la adecuada defensa de sus intereses: se limit\u00f3 a<br \/>\nrelacionar los argumentos jur\u00eddicos que en su oportunidad tuvo la entidad para no<br \/>\natender la reclamaci\u00f3n prejudicial, pero careci\u00f3 de pruebas para soportar su argumento<br \/>\nen relaci\u00f3n con la condena judicial, por ejemplo, a trav\u00e9s de casos an\u00e1logos: con fallos<br \/>\nfavorables para la entidad, identificaci\u00f3n de pruebas no valoradas en el proceso u otro<br \/>\naspecto pertinente para desprender el deber de apelar la sentencia en defensa de sus<br \/>\nintereses.<\/p>\n<p>Por el contrario, en el plenario se encuentra acreditada una sentencia del Tribunal<br \/>\nSuperior de Bogot\u00e1 a favor de una trabajadora vinculada al mismo proyecto de<br \/>\nmodernizaci\u00f3n, con fallo condenatorio en segunda instancia.<\/p>\n<p>Seg\u00fan declar\u00f3 el demandado, llev\u00f3 alrededor de 300 procesos, tuvo contratos con la<br \/>\nentidad para otros juicios laborales y obtuvo fallo favorable a la Caja Agraria en la<br \/>\nmayor\u00eda, pero la demandante dej\u00f3 de enfocar esos contratos entre las mismas partes y<br \/>\nla gesti\u00f3n de los procesos respectivos, lo cual podr\u00eda haber arrojado luces sobre la<br \/>\ninterpretaci\u00f3n del contrato sub judice, en torno al alegado deber de colaboraci\u00f3n en la<br \/>\nrelaci\u00f3n contractual121. Si no lo hizo, se asume que esas pruebas no lo ayudaban en su<br \/>\npretensi\u00f3n o no cont\u00f3 con ellas a pesar de que deb\u00edan hacer parte de su archivo y<br \/>\ncorrespondencia.<\/p>\n<p>Por lo tanto, fall\u00f3 la prueba del deber de colaboraci\u00f3n, lo cual lleva a desligar la omisi\u00f3n<br \/>\nen la presentaci\u00f3n del recurso de apelaci\u00f3n, con el supuesto da\u00f1o, es decir, no qued\u00f3<br \/>\nacreditado el elemento correspondiente al nexo de causalidad o la imputaci\u00f3n del da\u00f1o<br \/>\nal demandado.<\/p>\n<p>Aunque parece obvio, debe advertirse al actor que en este proceso no aport\u00f3<br \/>\nelementos para establecer el perjuicio atribuido sobre la base de que el abogado se<br \/>\nhubiera constituido en garante del resultado \u2013 objeto contractual que habr\u00eda sido ilegal- ,<br \/>\ntampoco demostr\u00f3 que el demandado hubiera obrado como determinante del sentido<br \/>\ndel fallo, en consecuencia, ha de estarse a que la conducta del profesional del derecho<br \/>\nno incidi\u00f3 en el sentido del fallo que la Caja Agraria \u2013 en liquidaci\u00f3n, se vio compelida a<br \/>\ncumplir.<\/p>\n<p>(&#8230;)<\/p>\n<p><strong>12.3. El da\u00f1o alegado.<\/strong><\/p>\n<p>Con relaci\u00f3n a la tasaci\u00f3n del perjuicio, la Sala considera importante hacer una reflexi\u00f3n<br \/>\nacerca del m\u00e9todo de liquidaci\u00f3n que se propuso por la demandante, toda vez que la<br \/>\nsola falla de presentaci\u00f3n de un recurso de apelaci\u00f3n en el proceso laboral, no lleva<br \/>\nindefectiblemente a determinar un perjuicio equivalente a la condena en el mismo, ni<br \/>\nsiquiera en el supuesto de la culpa del abogado por falencia en el control de los<br \/>\nt\u00e9rminos de ejecutoria.<\/p>\n<p>En este plenario, nada permiti\u00f3 inferir el resultado que habr\u00eda obtenido la apelaci\u00f3n y<br \/>\nmucho menos se encuentran elementos para trasladar al abogado el valor equivalente a<br \/>\nlas obligaciones pensionales que estaban a cargo de la Caja Agraria \u2013 en liquidaci\u00f3n,<br \/>\nen su calidad de patrono vencido en el juicio en primera instancia.<\/p>\n<p>Por el contrario, de acuerdo con el contenido de la sentencia, la apreciaci\u00f3n de las<br \/>\npruebas y los riesgos de la apelaci\u00f3n, la Sala da credibilidad a lo que en su<br \/>\noportunidad, inform\u00f3 el abogado a la liquidadora de la entidad:<\/p>\n<p>\u201c(\u2026) la no interposici\u00f3n del recurso de apelaci\u00f3n dentro del proceso del se\u00f1or Ovidio<br \/>\nBuitrago Grimaldo, obedeci\u00f3 finalmente, a un an\u00e1lisis juicioso del suscrito[,] del conjunto<br \/>\nde pruebas practicadas por las partes, a trav\u00e9s de las cuales llegu\u00e9 a la convicci\u00f3n de que<br \/>\nno exist\u00edan argumentos jur\u00eddicos ni de car\u00e1cter probatorio que modificaran la<br \/>\ndecisi\u00f3n.\u201d<\/p>\n<p>Ahora bien, seg\u00fan se expuso en las consideraciones generales de la sentencia, la<br \/>\nresponsabilidad civil es suced\u00e1nea de la prestaci\u00f3n incumplida, de manera que en este<br \/>\ncontexto, se entiende bien que el perjuicio imputable a la falta de apelaci\u00f3n [en el<br \/>\nsupuesto- no probado- de que presentar el recurso fuera obligatorio], solo podr\u00eda dar<br \/>\nlugar a un da\u00f1o tasado en relaci\u00f3n con el valor de la prestaci\u00f3n contractual a cambio de<br \/>\nla gesti\u00f3n encomendada, esto es el monto de los honorarios.<\/p>\n<p>En el evento de reclamar otros perjuicios, se requerir\u00edan pruebas diferentes para llevar<br \/>\nal Juez a la convicci\u00f3n de avanzar en la valoraci\u00f3n de lo que habr\u00eda sido la privaci\u00f3n de<br \/>\nuna instancia de discusi\u00f3n en el proceso laboral, frente a la posibilidad razonada de<br \/>\nrevocaci\u00f3n de la condena.<\/p>\n<p>Lo cierto es que en este estado, no resulta procedente imponer al apoderado una<br \/>\ncondena por perjuicios, menos a\u00fan para tasar dichos perjuicios en el valor equivalente<br \/>\nal monto de las obligaciones que la sentencia estableci\u00f3 a cargo del patrono, es decir,<br \/>\nno existe base suficiente para liquidar el supuesto da\u00f1o ocasionado por la falta de<br \/>\npresentaci\u00f3n del recurso de apelaci\u00f3n, ni para acceder a la pretensi\u00f3n del demandante,<br \/>\nen orden a imponer al apoderado el pago por el monto equivalente al ajuste de la<br \/>\nmesada pensional. Por lo tanto, la pretensi\u00f3n ser\u00e1 denegada.<\/p>\n<p>En este aspecto procesal no logr\u00f3 la Caja Agraria &#8211; en liquidaci\u00f3n, soportar su dicho,<br \/>\npor falta de prueba del da\u00f1o, teniendo en cuenta que present\u00f3 una sumatoria de los<br \/>\nvalores de reliquidaci\u00f3n de la pensi\u00f3n m\u00e1s costas y solicit\u00f3 que el abogado fuera<br \/>\ncondenado a ellos, sin prueba suficiente de los elementos que configurar\u00edan la<br \/>\nresponsabilidad del profesional del derecho sobre tal valor, lo cual, en caso de acceder,<br \/>\nllevar\u00eda a una injusticia palmaria en la correcci\u00f3n del da\u00f1o supuestamente causado.<br \/>\nSe agrega, adem\u00e1s, que Fiduciaria la Previsora S.A. &#8211; patrimonio aut\u00f3nomo de<br \/>\nremanentes de la Caja Agraria -en liquidaci\u00f3n-, lleg\u00f3 a realizar el pago que se acredit\u00f3<br \/>\nen este proceso tres a\u00f1os despu\u00e9s de la condena, tr\u00e1mite del cual no se conoci\u00f3 detalle<br \/>\no relaci\u00f3n con la gesti\u00f3n del abogado ahora demandado.<\/p>\n<p>Nada permite inferir que hubiera existido otra fuente de responsabilidad imputable al<br \/>\ndemandado, puesto que la sentencia de primera instancia en el proceso laboral se<br \/>\nobserva soportada en las pruebas all\u00ed practicadas, la conducta del abogado en la<br \/>\natenci\u00f3n de ese litigio aparece acorde con un deber de cuidado normal en la<br \/>\ncontestaci\u00f3n de la demanda y durante todo el debate probatorio, sin perjuicio de que<br \/>\nposteriormente no act\u00fao en el t\u00e9rmino de ejecutoria de la sentencia. Los asuntos<br \/>\ndisciplinarios est\u00e1n por fuera de este debate, fueron conocidos por la jurisdicci\u00f3n<br \/>\ncompetente seg\u00fan se infiere de los oficios cruzados y no existe aqu\u00ed factor alguno que<br \/>\npermita construir justamente el deber de reparar, ni menos el de reembolsar lo pagado<br \/>\npor la demandante.<\/p>\n<p>En consecuencia, se confirmar\u00e1 la decisi\u00f3n de denegar la declaraci\u00f3n de<br \/>\nincumplimiento del contrato y desestimar las pretensiones de pago de perjuicios&#8221;.<\/p>\n<p>&nbsp;<\/p>\n","protected":false},"excerpt":{"rendered":"<p>&nbsp; Tal y como ya lo hab\u00edamos expresado en este portal, NO es cierto que el abogado est\u00e9 OBLIGADO a apelar la sentencia desfavorable si, desde su punto de vista profesional, considera que no debe ser impugnada. El Consejo de &hellip; <a href=\"https:\/\/oscarhumbertogomez.com\/?p=16419\">Sigue leyendo <span class=\"meta-nav\">&rarr;<\/span><\/a><\/p>\n<div class='heateorSssClear'><\/div><div  class='heateor_sss_sharing_container heateor_sss_horizontal_sharing' heateor-sss-data-href='https:\/\/oscarhumbertogomez.com\/?p=16419'><div class='heateor_sss_sharing_title' style=\"font-weight:bold\" >\u00a1Gracias por compartirla!<\/div><ul class=\"heateor_sss_sharing_ul\"><li class=\"heateorSssSharingRound\"><i style=\"width:35px;height:35px;border-radius:999px;\" alt=\"Facebook\" Title=\"Facebook\" class=\"heateorSssSharing heateorSssFacebookBackground\" onclick='heateorSssPopup(\"https:\/\/www.facebook.com\/sharer\/sharer.php?u=https%3A%2F%2Foscarhumbertogomez.com%2Findex.php%3Frest_route%3D%252Fwp%252Fv2%252Fposts%252F16419\")'><ss style=\"display:block;border-radius:999px;\" class=\"heateorSssSharingSvg heateorSssFacebookSvg\"><\/ss><\/i><\/li><li class=\"heateorSssSharingRound\"><i style=\"width:35px;height:35px;border-radius:999px;\" alt=\"Twitter\" Title=\"Twitter\" class=\"heateorSssSharing heateorSssTwitterBackground\" onclick='heateorSssPopup(\"http:\/\/twitter.com\/intent\/tweet?text=El%20Consejo%20de%20Estado%20nos%20ha%20dado%20la%20raz%C3%B3n%3A%20el%20abogado%20NO%20est%C3%A1%20obligado%20a%20apelar%20la%20sentencia%20desfavorable.%20Por%20%C3%93scar%20Humberto%20G%C3%B3mez%20G%C3%B3mez&url=https%3A%2F%2Foscarhumbertogomez.com%2Findex.php%3Frest_route%3D%252Fwp%252Fv2%252Fposts%252F16419\")'><ss style=\"display:block;border-radius:999px;\" class=\"heateorSssSharingSvg heateorSssTwitterSvg\"><\/ss><\/i><\/li><li class=\"heateorSssSharingRound\"><i style=\"width:35px;height:35px;border-radius:999px;\" alt=\"Whatsapp\" Title=\"Whatsapp\" class=\"heateorSssSharing heateorSssWhatsappBackground\" onclick='heateorSssPopup(\"https:\/\/web.whatsapp.com\/send?text=El%20Consejo%20de%20Estado%20nos%20ha%20dado%20la%20raz%C3%B3n%3A%20el%20abogado%20NO%20est%C3%A1%20obligado%20a%20apelar%20la%20sentencia%20desfavorable.%20Por%20%C3%93scar%20Humberto%20G%C3%B3mez%20G%C3%B3mez https%3A%2F%2Foscarhumbertogomez.com%2Findex.php%3Frest_route%3D%252Fwp%252Fv2%252Fposts%252F16419\")'><ss style=\"display:block\" class=\"heateorSssSharingSvg heateorSssWhatsappSvg\"><\/ss><\/i><\/li><li class=\"heateorSssSharingRound\"><i style=\"width:35px;height:35px;border-radius:999px;\" alt=\"Pinterest\" Title=\"Pinterest\" class=\"heateorSssSharing heateorSssPinterestBackground\" onclick=\"javascript:void( (function() {var e=document.createElement('script' );e.setAttribute('type','text\/javascript' );e.setAttribute('charset','UTF-8' );e.setAttribute('src','\/\/assets.pinterest.com\/js\/pinmarklet.js?r='+Math.random()*99999999);document.body.appendChild(e)})());\"><ss style=\"display:block;border-radius:999px;\" class=\"heateorSssSharingSvg heateorSssPinterestSvg\"><\/ss><\/i><\/li><li class=\"heateorSssSharingRound\"><i style=\"width:35px;height:35px;border-radius:999px;\" alt=\"Google Gmail\" Title=\"Google Gmail\" class=\"heateorSssSharing heateorSssGoogleGmailBackground\" onclick='heateorSssPopup(\"https:\/\/mail.google.com\/mail\/?ui=2&view=cm&fs=1&tf=1&su=El%20Consejo%20de%20Estado%20nos%20ha%20dado%20la%20raz%C3%B3n%3A%20el%20abogado%20NO%20est%C3%A1%20obligado%20a%20apelar%20la%20sentencia%20desfavorable.%20Por%20%C3%93scar%20Humberto%20G%C3%B3mez%20G%C3%B3mez&body=Link:https%3A%2F%2Foscarhumbertogomez.com%2Findex.php%3Frest_route%3D%252Fwp%252Fv2%252Fposts%252F16419\")'><ss style=\"display:block;border-radius:999px;\" class=\"heateorSssSharingSvg heateorSssGoogleGmailSvg\"><\/ss><\/i><\/li><li class=\"heateorSssSharingRound\"><i style=\"width:35px;height:35px;border-radius:999px;\" title=\"More\" alt=\"More\" class=\"heateorSssSharing heateorSssMoreBackground\" onclick=\"heateorSssMoreSharingPopup(this, 'https:\/\/oscarhumbertogomez.com\/index.php?rest_route=%2Fwp%2Fv2%2Fposts%2F16419', 'El%20Consejo%20de%20Estado%20nos%20ha%20dado%20la%20raz%C3%B3n%3A%20el%20abogado%20NO%20est%C3%A1%20obligado%20a%20apelar%20la%20sentencia%20desfavorable.%20Por%20%C3%93scar%20Humberto%20G%C3%B3mez%20G%C3%B3mez', '' )\" ><ss style=\"display:block\" class=\"heateorSssSharingSvg heateorSssMoreSvg\"><\/ss><\/i><\/li><\/ul><div class=\"heateorSssClear\"><\/div><\/div><div class='heateorSssClear'><\/div>","protected":false},"author":2,"featured_media":0,"comment_status":"open","ping_status":"open","sticky":false,"template":"","format":"standard","meta":{"spay_email":"","footnotes":""},"categories":[60,11],"tags":[],"class_list":["post-16419","post","type-post","status-publish","format-standard","hentry","category-tribuna-de-opinion","category-periodismo"],"jetpack_featured_media_url":"","jetpack_shortlink":"https:\/\/wp.me\/p1FYrr-4gP","_links":{"self":[{"href":"https:\/\/oscarhumbertogomez.com\/index.php?rest_route=\/wp\/v2\/posts\/16419","targetHints":{"allow":["GET"]}}],"collection":[{"href":"https:\/\/oscarhumbertogomez.com\/index.php?rest_route=\/wp\/v2\/posts"}],"about":[{"href":"https:\/\/oscarhumbertogomez.com\/index.php?rest_route=\/wp\/v2\/types\/post"}],"author":[{"embeddable":true,"href":"https:\/\/oscarhumbertogomez.com\/index.php?rest_route=\/wp\/v2\/users\/2"}],"replies":[{"embeddable":true,"href":"https:\/\/oscarhumbertogomez.com\/index.php?rest_route=%2Fwp%2Fv2%2Fcomments&post=16419"}],"version-history":[{"count":5,"href":"https:\/\/oscarhumbertogomez.com\/index.php?rest_route=\/wp\/v2\/posts\/16419\/revisions"}],"predecessor-version":[{"id":53604,"href":"https:\/\/oscarhumbertogomez.com\/index.php?rest_route=\/wp\/v2\/posts\/16419\/revisions\/53604"}],"wp:attachment":[{"href":"https:\/\/oscarhumbertogomez.com\/index.php?rest_route=%2Fwp%2Fv2%2Fmedia&parent=16419"}],"wp:term":[{"taxonomy":"category","embeddable":true,"href":"https:\/\/oscarhumbertogomez.com\/index.php?rest_route=%2Fwp%2Fv2%2Fcategories&post=16419"},{"taxonomy":"post_tag","embeddable":true,"href":"https:\/\/oscarhumbertogomez.com\/index.php?rest_route=%2Fwp%2Fv2%2Ftags&post=16419"}],"curies":[{"name":"wp","href":"https:\/\/api.w.org\/{rel}","templated":true}]}}