{"id":1671,"date":"2012-03-25T22:37:19","date_gmt":"2012-03-26T03:37:19","guid":{"rendered":"http:\/\/www.oscarhumbertogomez.com\/?p=1671"},"modified":"2025-04-01T15:54:24","modified_gmt":"2025-04-01T20:54:24","slug":"feria-de-bucaramanga","status":"publish","type":"post","link":"https:\/\/oscarhumbertogomez.com\/?p=1671","title":{"rendered":"Feria&#8230;\u00bfde Bucaramanga? Por \u00d3scar Humberto G\u00f3mez G\u00f3mez"},"content":{"rendered":"<p><img loading=\"lazy\" decoding=\"async\" class=\"aligncenter size-full wp-image-3400\" title=\"Parque Garcia Rovira Buca1\" src=\"https:\/\/lapiedrafilosofal.com\/wp-content\/uploads\/2012\/03\/Parque-Garcia-Rovira-Buca1.jpg\" alt=\"\" width=\"600\" height=\"400\" srcset=\"https:\/\/oscarhumbertogomez.com\/wp-content\/uploads\/2012\/03\/Parque-Garcia-Rovira-Buca1.jpg 600w, https:\/\/oscarhumbertogomez.com\/wp-content\/uploads\/2012\/03\/Parque-Garcia-Rovira-Buca1-300x200.jpg 300w\" sizes=\"auto, (max-width: 600px) 100vw, 600px\" \/><\/p>\n<p>&nbsp;<\/p>\n<p>En septiembre se llevar\u00e1 a cabo, como todos los a\u00f1os, la Feria de Bucaramanga.<\/p>\n<p>Ustedes mismos, lectores de El Frente y de Vanguardia Liberal, los dos diarios bumangueses, han tenido, a\u00f1o tras a\u00f1o, la ocasi\u00f3n de revisar la n\u00f3mina art\u00edstica oficial de ese certamen. S\u00ed, de la Feria DE BUCARAMANGA (as\u00ed, &#8220;DE BUCARAMANGA&#8221;, con may\u00fasculas), es decir, de la capital DE SANTANDER (s\u00ed, &#8220;DE SANTANDER&#8221;, tambi\u00e9n con may\u00fasculas).<\/p>\n<p>Repasando los peri\u00f3dicos correspondientes, pongamos por caso, al 2007, encontramos la n\u00f3mina art\u00edstica OFICIAL de ese a\u00f1o. S\u00ed, la n\u00f3mina OFICIAL (con may\u00fasculas), &nbsp;porque lo \u00fanico que hicieron los peri\u00f3dicos locales fue reproducir textualmente el bolet\u00edn de la entidad que la organiza, en el cual se le\u00eda que hab\u00edan sido contratados &#8220;Artistas&#8230;como Jorge Celed\u00f3n, Iv\u00e1n Villaz\u00f3n, Uriel Henao, Binomio de Oro, Luifer Cuello, Los Inquietos, Orquesta Bananas, Penchy Castro, Checo Acosta, Beto Zabaleta, Juan Carlos Coronel, Fabi\u00e1n Corrales&#8230;Como talento local Misi\u00f3n Secreta, Tropibanda, Rey and Rey, la Parranda es con Juancho, Lucho Zabaleta, Alfonso Guerrero y Rh Positivo&#8221;.<\/p>\n<p>Esto rezaba, repito, el bolet\u00edn de prensa de la Feria, que la prensa local public\u00f3 al pie de la letra.<\/p>\n<p>&nbsp;<\/p>\n<p><img decoding=\"async\" class=\"aligncenter size-full wp-image-3404\" title=\"tabac2r\" src=\"https:\/\/lapiedrafilosofal.com\/wp-content\/uploads\/2012\/03\/tabac2r.jpg\" alt=\"\" width=\"500\" height=\"\" srcset=\"https:\/\/oscarhumbertogomez.com\/wp-content\/uploads\/2012\/03\/tabac2r.jpg 400w, https:\/\/oscarhumbertogomez.com\/wp-content\/uploads\/2012\/03\/tabac2r-300x174.jpg 300w\" sizes=\"(max-width: 400px) 100vw, 400px\" \/><\/p>\n<p>&nbsp;<\/p>\n<p>Lo ocurrido en el 2007 sucedi\u00f3, igualmente, tanto en los a\u00f1os inmediatamente anteriores como en los inmediatamente posteriores a \u00e9l.<\/p>\n<p>Pues bien: nada hay de reprochable en ello. Todos son artistas y agrupaciones de altas calidades, algunos -incluso- cercanos a nuestros gustos y afectos. &nbsp;Es, adem\u00e1s, entendible que en un certamen ferial tienen que haber orquestas de m\u00fasica bailable. Eso nadie lo cuestiona. De hecho, nosotros tambi\u00e9n tiramos paso en la caseta Mateca\u00f1a.<\/p>\n<p>Pero si ustedes, haciendo abstracci\u00f3n del maestro Guerrero y dem\u00e1s grupos tropicales locales, cuentan las agrupaciones vallenatas y las de m\u00fasica norte\u00f1a que vinieron, ver\u00e1n que pulularon. En cambio, si observan, <span style=\"text-decoration: underline;\">no hubo una sola agrupaci\u00f3n folcl\u00f3rica santandereana<\/span>, es decir, <span style=\"text-decoration: underline;\">no son\u00f3 en la feria de ese a\u00f1o ni siquiera un bambuco, ni una guabina, ni un torbellino<\/span>: nada, absolutamente nada de la m\u00fasica santandereana, de las aut\u00e9nticas expresiones culturales de nuestro pueblo, de nuestros ancestros, de nuestros or\u00edgenes. Eso, a menos que el bolet\u00edn oficial de la feria hubiera mentido [Porque tambi\u00e9n se miente cuando se oculta parcialmente la verdad].<\/p>\n<p>&nbsp;<\/p>\n<div id=\"attachment_3172\" style=\"width: 620px\" class=\"wp-caption aligncenter\"><img loading=\"lazy\" decoding=\"async\" aria-describedby=\"caption-attachment-3172\" class=\"size-full wp-image-3172\" title=\"BAMBUCO\" src=\"https:\/\/lapiedrafilosofal.com\/wp-content\/uploads\/2012\/03\/BAMBUCO.jpg\" alt=\"\" width=\"610\" height=\"404\" srcset=\"https:\/\/oscarhumbertogomez.com\/wp-content\/uploads\/2012\/03\/BAMBUCO.jpg 610w, https:\/\/oscarhumbertogomez.com\/wp-content\/uploads\/2012\/03\/BAMBUCO-300x198.jpg 300w\" sizes=\"auto, (max-width: 610px) 100vw, 610px\" \/><p id=\"caption-attachment-3172\" class=\"wp-caption-text\">FESTIVAL NACIONAL DEL BAMBUCO. NEIVA (HUILA) \/ COLOMBIA<\/p><\/div>\n<p>&nbsp;<\/p>\n<p>La evidente y grav\u00edsima orfandad cultural que vive la Feria de Bucaramanga desde hace varios a\u00f1os contrasta con las noticias que uno lee, por ejemplo, en El Frente de los a\u00f1os 60, cuando era secretaria de educaci\u00f3n Dorila L\u00f3pez Mendoza y eran numerosas las presentaciones art\u00edsticas de grupos folcl\u00f3ricos santandereanos que abr\u00edan, en alegre y colorido desfile a lo largo de la carrera 15, el certamen ferial y, dentro de \u00e9l, exaltaban, con singular hermosura, los aires t\u00edpicos de nuestra tierra. &nbsp;Esa orfandad cultural explica por qu\u00e9 nombres como Luis Mar\u00eda Carvajal, Jos\u00e9 A. Morales, Jorge Ariza, Gustavo G\u00f3mez Ardila, Lelio Olarte, Pacho Benavides o Francisco Dur\u00e1n Naranjo nada les dicen a las nuevas generaciones de santandereanos.<\/p>\n<p>&nbsp;<\/p>\n<div id=\"attachment_3173\" style=\"width: 525px\" class=\"wp-caption aligncenter\"><img loading=\"lazy\" decoding=\"async\" aria-describedby=\"caption-attachment-3173\" class=\"size-full wp-image-3173\" title=\"TIPLE II\" src=\"https:\/\/lapiedrafilosofal.com\/wp-content\/uploads\/2012\/03\/TIPLE-II.jpg\" alt=\"\" width=\"515\" height=\"978\"><p id=\"caption-attachment-3173\" class=\"wp-caption-text\">EL TIPLE, EL GRAN DISCRIMINADO EN LA FERIA DE BUCARAMANGA<\/p><\/div>\n<p>&nbsp;<\/p>\n<p>Pero este proceso, que en Antropolog\u00eda se conoce con el nombre de <em>aculturaci\u00f3n<\/em> o <em>transculturaci\u00f3n<\/em>, no es inocente, ni lleg\u00f3 por generaci\u00f3n espont\u00e1nea. &nbsp;Alg\u00fan d\u00eda deber\u00e1n responder, ante el tribunal de la Historia, ante el pueblo santandereano, ante la memoria de nuestros antepasados, ante lo que fue nuestra identidad, ante lo que era nuestra cultura, deber\u00e1n responder, repetimos, la Alcald\u00eda Municipal de Bucaramanga y el Estado en general, los medios de comunicaci\u00f3n, los establecimientos educativos, la empresa privada y un largo etc\u00e9tera, todos los cuales conforman el haz de culpables de semejante hecatombe.<\/p>\n<p>&nbsp;<\/p>\n<p><img loading=\"lazy\" decoding=\"async\" class=\"aligncenter size-full wp-image-3402\" title=\"Fiestas-y-Eventos\" src=\"https:\/\/lapiedrafilosofal.com\/wp-content\/uploads\/2012\/03\/Fiestas-y-Eventos.gif\" alt=\"\" width=\"425\" height=\"293\" srcset=\"https:\/\/oscarhumbertogomez.com\/wp-content\/uploads\/2012\/03\/Fiestas-y-Eventos.gif 425w, https:\/\/oscarhumbertogomez.com\/wp-content\/uploads\/2012\/03\/Fiestas-y-Eventos-300x206.gif 300w\" sizes=\"auto, (max-width: 425px) 100vw, 425px\" \/><\/p>\n<p>&nbsp;<\/p>\n<p>Por fortuna, un comunicador santandereano logr\u00f3 que se incluyera dentro del certamen septembrino lo que se denomina la&nbsp;<em>Feria &#8211; Bazar de Colonias<\/em>.&nbsp;Idea que, dicho sea de paso, ya han intentado arrebatarle, como si \u00e9l no hubiese sido el primero que la organiz\u00f3 (y no precisamente dentro de la Feria de Bucaramanga) en las instalaciones de CENFER en el a\u00f1o 2002, evento en el cual, justamente, nosotros tomamos parte cerr\u00e1ndolo.<\/p>\n<p>Pero, inclusive tomando en cuenta esa feria-bazar de colonias, de todos modos, la presencia de la m\u00fasica andina santandereana en la Feria de Bucaramanga sigue siendo muy precaria. Una precariedad que, al cotejarse con la presencia de las dem\u00e1s expresiones musicales -colombianas y extranjeras- la convierte en una cifra de esas que los matem\u00e1ticos llaman despreciable.<\/p>\n<p>La tarea que le espera a quien pretenda recobrar la m\u00edstica cultural que se perdi\u00f3 no va a ser sencilla. No va a ser tarea f\u00e1cil recuperar, por ejemplo, el terreno que se perdi\u00f3 ante el desenfrenado y arrollador dominio del vallenato comercial (<span style=\"text-decoration: underline;\">del comercial<\/span>, subrayo, porque el folcl\u00f3rico desapareci\u00f3 hace rato y ya no lo dejan sonar ni siquiera en el festival vallenato de Valledupar, como advirti\u00f3 en memorable canci\u00f3n, \u00e9xito de hace ya algunos lustros, un insigne compositor coste\u00f1o), manifestaci\u00f3n musical absorbente que a punta de monopolio radial, vol\u00famenes estridentes y complicidad oficial arras\u00f3 con lo poco que quedaba de lo nuestro y conden\u00f3 a nuestros artistas a morirse de hambre, a tocar gratis para que no los olviden, a ver c\u00f3mo se les ignora e irrespeta en su propio terru\u00f1o nativo, mientras los de afuera vienen y se van con las alforjas cargadas de millones.<\/p>\n<p>&nbsp;<\/p>\n<div id=\"attachment_3416\" style=\"width: 410px\" class=\"wp-caption aligncenter\"><img decoding=\"async\" aria-describedby=\"caption-attachment-3416\" class=\"size-full wp-image-3416\" title=\"AUTOM\u00d3VIL CON ALTOPARLANTES\" src=\"https:\/\/lapiedrafilosofal.com\/wp-content\/uploads\/2012\/03\/AUTOM\u00d3VIL-CON-ALTOPARLANTES.jpg\" alt=\"\" width=\"500\" height=\"\" srcset=\"https:\/\/oscarhumbertogomez.com\/wp-content\/uploads\/2012\/03\/AUTOM\u00d3VIL-CON-ALTOPARLANTES.jpg 400w, https:\/\/oscarhumbertogomez.com\/wp-content\/uploads\/2012\/03\/AUTOM\u00d3VIL-CON-ALTOPARLANTES-300x189.jpg 300w\" sizes=\"(max-width: 400px) 100vw, 400px\" \/><p id=\"caption-attachment-3416\" class=\"wp-caption-text\">LOS VOL\u00daMENES ALT\u00cdSIMOS QUE DURANTE LA FERIA ENSORDECEN LA CIUDAD NO EST\u00c1N RELACIONADOS, PRECISAMENTE, CON LA M\u00daSICA AUT\u00d3CTONA DE NUESTRA TIERRA<\/p><\/div>\n<p>&nbsp;<\/p>\n<p>Apoyados en el sof\u00edstico argumento de que debemos ser universales (que es una afirmaci\u00f3n indiscutible, como la de todo sofisma) lo que hicimos fue abrirle de par en par las puertas a lo de afuera y cerr\u00e1rsela en las narices a lo propio, como si la m\u00fasica santandereana no formara parte del universo musical (que es, precisamente, de lo que nunca se habla).<\/p>\n<p>No ocurre igual en otras latitudes, desde luego. En la Feria de Cali la salsa cada vez se escucha m\u00e1s. En la Feria de Barranquilla cada vez suena m\u00e1s fuerte la cumbia y cada vez es m\u00e1s conocida en el mundo la guacherna. En el Carnaval de Negros y Blancos de Pasto no ha dejado de sonar la guane\u00f1a. En la Feria de las Flores de Medell\u00edn el folclor andino goza del respeto, el aprecio, la admiraci\u00f3n y la acogida popular. &nbsp;Y ni se hable del exterior, porque todo el mundo sabe cu\u00e1nto se aprecian en M\u00e9xico las rancheras, en Cuba los sones, en Argentina los tangos, en Austria los valses, en Chile las cuecas o en Espa\u00f1a los pasodobles. Esta -Santander- es la \u00fanica tierra del mundo donde los nativos se averg\u00fcenzan de su cultura.<\/p>\n<p>&nbsp;<\/p>\n<p><img decoding=\"async\" class=\"aligncenter size-full wp-image-3403\" title=\"Torbellino2\" src=\"https:\/\/lapiedrafilosofal.com\/wp-content\/uploads\/2012\/03\/Torbellino2.jpg\" alt=\"\" width=\"500\" height=\"\" srcset=\"https:\/\/oscarhumbertogomez.com\/wp-content\/uploads\/2012\/03\/Torbellino2.jpg 320w, https:\/\/oscarhumbertogomez.com\/wp-content\/uploads\/2012\/03\/Torbellino2-300x199.jpg 300w\" sizes=\"(max-width: 320px) 100vw, 320px\" \/>Preguntamos: \u00bfCu\u00e1ndo comenzar\u00e1 la reconquista?<\/p>\n<p>&nbsp;<\/p>\n<p>\u00bfO ser\u00e1 que ya jam\u00e1s habr\u00e1 reconquista, o ni siquiera se intentar\u00e1 que la haya?<\/p>\n<p>\u00bfSer\u00e1n capaces nuestros dirigentes, los que tienen en sus manos el manejo de nuestra cultura, y hasta disfrutan de jugosos sueldos gracias a ella, de poner a sonar alg\u00fan d\u00eda los bambucos santandereanos, digamos, en las fiestas de la Costa, as\u00ed como la m\u00fasica coste\u00f1a suena aqu\u00ed, y domina, y arrasa?<\/p>\n<p>&nbsp;<\/p>\n<div id=\"attachment_3406\" style=\"width: 650px\" class=\"wp-caption aligncenter\"><img loading=\"lazy\" decoding=\"async\" aria-describedby=\"caption-attachment-3406\" class=\"size-full wp-image-3406\" title=\"Danza del chulo, aire t\u00edpico santandereano\" src=\"https:\/\/lapiedrafilosofal.com\/wp-content\/uploads\/2012\/03\/Danza-del-chulo-aire-t\u00edpico-santandereano.jpg\" alt=\"\" width=\"640\" height=\"480\" srcset=\"https:\/\/oscarhumbertogomez.com\/wp-content\/uploads\/2012\/03\/Danza-del-chulo-aire-t\u00edpico-santandereano.jpg 640w, https:\/\/oscarhumbertogomez.com\/wp-content\/uploads\/2012\/03\/Danza-del-chulo-aire-t\u00edpico-santandereano-300x225.jpg 300w\" sizes=\"auto, (max-width: 640px) 100vw, 640px\" \/><p id=\"caption-attachment-3406\" class=\"wp-caption-text\">LA DANZA DEL CHULO, BAILE T\u00cdPICO DEL FOLCLOR SANTANDEREANO<\/p><\/div>\n<p>&nbsp;<\/p>\n<p>La reacci\u00f3n por la defensa de nuestra m\u00fasica no da espera. O el Estado y lo que llaman &#8220;las fuerzas vivas&#8221; de nuestra sociedad (que a veces parecieran estar agonizando o haber muerto definitivamente) la emprenden ya, o la cultura santandereana desaparecer\u00e1 de manera irremediable.<\/p>\n<p>Hay algunos ingenuos que arguyen el hecho de que todav\u00eda se hacen por ah\u00ed presentaciones de danzas y grupos folcl\u00f3ricos santandereanos. Pero, \u00bfpor qu\u00e9 no indagan cu\u00e1nto se les paga a los grupos vallenatos o norte\u00f1os y a las agrupaciones extranjeras que vienen a tocar en la feria, por ejemplo, y cu\u00e1nto, en cambio, se les paga a nuestros artistas locales por esas presentaciones?<\/p>\n<p>\u00bfY por qu\u00e9 no preguntan si en la Costa se difunde nuestra m\u00fasica siquiera con la cent\u00e9sima parte del empuje con que aqu\u00ed se difunde la de all\u00e1?<\/p>\n<p>&nbsp;<\/p>\n<p><img loading=\"lazy\" decoding=\"async\" class=\"aligncenter size-full wp-image-3405\" title=\"V\u00e9lez\" src=\"https:\/\/lapiedrafilosofal.com\/wp-content\/uploads\/2012\/03\/V\u00e9lez.jpg\" alt=\"\" width=\"600\" height=\"450\" srcset=\"https:\/\/oscarhumbertogomez.com\/wp-content\/uploads\/2012\/03\/V\u00e9lez.jpg 600w, https:\/\/oscarhumbertogomez.com\/wp-content\/uploads\/2012\/03\/V\u00e9lez-300x225.jpg 300w\" sizes=\"auto, (max-width: 600px) 100vw, 600px\" \/><\/p>\n<p>&nbsp;<\/p>\n<p>\u00bfY qu\u00e9 decir de la divulgaci\u00f3n de nuestra m\u00fasica aut\u00f3ctona fuera de Colombia? \u00bfQu\u00e9 han hecho a favor de ella los agregados culturales de las embajadas colombianas a lo largo y ancho del mundo?<\/p>\n<p>No sigamos en esta farsa, santandereanos: fuera de Santander nuestra m\u00fasica, salvo una que otra aislada excepci\u00f3n, tiene cerradas las puertas en todas partes a lo largo y ancho de la Costa Atl\u00e1ntica colombiana y a lo largo y ancho del orbe.<\/p>\n<p>Y si cert\u00e1menes nuestros, como la Feria de Bucaramanga, siguen apagando, con todo su ensordecedor bullicio, los sonidos de nuestros requintos, de nuestros tiples y de nuestros aires aut\u00f3ctonos, \u00bfen cu\u00e1les escenarios, entonces, tendr\u00e1n nuestros artistas sobrevivientes \u2013como no la tuvieron las estirpes de Macondo seg\u00fan la pluma garciamarquiana\u2013 una segunda oportunidad sobre la tierra?<\/p>\n<p>&nbsp;<\/p>\n","protected":false},"excerpt":{"rendered":"<p>&nbsp; En septiembre se llevar\u00e1 a cabo, como todos los a\u00f1os, la Feria de Bucaramanga. Ustedes mismos, lectores de El Frente y de Vanguardia Liberal, los dos diarios bumangueses, han tenido, a\u00f1o tras a\u00f1o, la ocasi\u00f3n de revisar la n\u00f3mina &hellip; <a href=\"https:\/\/oscarhumbertogomez.com\/?p=1671\">Sigue leyendo <span class=\"meta-nav\">&rarr;<\/span><\/a><\/p>\n<div class='heateorSssClear'><\/div><div  class='heateor_sss_sharing_container heateor_sss_horizontal_sharing' heateor-sss-data-href='https:\/\/oscarhumbertogomez.com\/?p=1671'><div class='heateor_sss_sharing_title' style=\"font-weight:bold\" >\u00a1Gracias por compartirla!<\/div><ul class=\"heateor_sss_sharing_ul\"><li class=\"heateorSssSharingRound\"><i style=\"width:35px;height:35px;border-radius:999px;\" alt=\"Facebook\" Title=\"Facebook\" class=\"heateorSssSharing heateorSssFacebookBackground\" onclick='heateorSssPopup(\"https:\/\/www.facebook.com\/sharer\/sharer.php?u=https%3A%2F%2Foscarhumbertogomez.com%2Findex.php%3Frest_route%3D%252Fwp%252Fv2%252Fposts%252F1671\")'><ss style=\"display:block;border-radius:999px;\" class=\"heateorSssSharingSvg heateorSssFacebookSvg\"><\/ss><\/i><\/li><li class=\"heateorSssSharingRound\"><i style=\"width:35px;height:35px;border-radius:999px;\" alt=\"Twitter\" Title=\"Twitter\" class=\"heateorSssSharing heateorSssTwitterBackground\" onclick='heateorSssPopup(\"http:\/\/twitter.com\/intent\/tweet?text=Feria...%C2%BFde%20Bucaramanga%3F%20Por%20%C3%93scar%20Humberto%20G%C3%B3mez%20G%C3%B3mez&url=https%3A%2F%2Foscarhumbertogomez.com%2Findex.php%3Frest_route%3D%252Fwp%252Fv2%252Fposts%252F1671\")'><ss style=\"display:block;border-radius:999px;\" class=\"heateorSssSharingSvg heateorSssTwitterSvg\"><\/ss><\/i><\/li><li class=\"heateorSssSharingRound\"><i style=\"width:35px;height:35px;border-radius:999px;\" alt=\"Whatsapp\" Title=\"Whatsapp\" class=\"heateorSssSharing heateorSssWhatsappBackground\" onclick='heateorSssPopup(\"https:\/\/web.whatsapp.com\/send?text=Feria...%C2%BFde%20Bucaramanga%3F%20Por%20%C3%93scar%20Humberto%20G%C3%B3mez%20G%C3%B3mez https%3A%2F%2Foscarhumbertogomez.com%2Findex.php%3Frest_route%3D%252Fwp%252Fv2%252Fposts%252F1671\")'><ss style=\"display:block\" class=\"heateorSssSharingSvg heateorSssWhatsappSvg\"><\/ss><\/i><\/li><li class=\"heateorSssSharingRound\"><i style=\"width:35px;height:35px;border-radius:999px;\" alt=\"Pinterest\" Title=\"Pinterest\" class=\"heateorSssSharing heateorSssPinterestBackground\" onclick=\"javascript:void( (function() {var e=document.createElement('script' );e.setAttribute('type','text\/javascript' );e.setAttribute('charset','UTF-8' );e.setAttribute('src','\/\/assets.pinterest.com\/js\/pinmarklet.js?r='+Math.random()*99999999);document.body.appendChild(e)})());\"><ss style=\"display:block;border-radius:999px;\" class=\"heateorSssSharingSvg heateorSssPinterestSvg\"><\/ss><\/i><\/li><li class=\"heateorSssSharingRound\"><i style=\"width:35px;height:35px;border-radius:999px;\" alt=\"Google Gmail\" Title=\"Google Gmail\" class=\"heateorSssSharing heateorSssGoogleGmailBackground\" onclick='heateorSssPopup(\"https:\/\/mail.google.com\/mail\/?ui=2&view=cm&fs=1&tf=1&su=Feria...%C2%BFde%20Bucaramanga%3F%20Por%20%C3%93scar%20Humberto%20G%C3%B3mez%20G%C3%B3mez&body=Link:https%3A%2F%2Foscarhumbertogomez.com%2Findex.php%3Frest_route%3D%252Fwp%252Fv2%252Fposts%252F1671\")'><ss style=\"display:block;border-radius:999px;\" class=\"heateorSssSharingSvg heateorSssGoogleGmailSvg\"><\/ss><\/i><\/li><li class=\"heateorSssSharingRound\"><i style=\"width:35px;height:35px;border-radius:999px;\" title=\"More\" alt=\"More\" class=\"heateorSssSharing heateorSssMoreBackground\" onclick=\"heateorSssMoreSharingPopup(this, 'https:\/\/oscarhumbertogomez.com\/index.php?rest_route=%2Fwp%2Fv2%2Fposts%2F1671', 'Feria...%C2%BFde%20Bucaramanga%3F%20Por%20%C3%93scar%20Humberto%20G%C3%B3mez%20G%C3%B3mez', '' )\" ><ss style=\"display:block\" class=\"heateorSssSharingSvg heateorSssMoreSvg\"><\/ss><\/i><\/li><\/ul><div class=\"heateorSssClear\"><\/div><\/div><div class='heateorSssClear'><\/div>","protected":false},"author":2,"featured_media":0,"comment_status":"open","ping_status":"open","sticky":false,"template":"","format":"standard","meta":{"spay_email":"","footnotes":""},"categories":[1],"tags":[],"class_list":["post-1671","post","type-post","status-publish","format-standard","hentry","category-blog"],"jetpack_featured_media_url":"","jetpack_shortlink":"https:\/\/wp.me\/p1FYrr-qX","_links":{"self":[{"href":"https:\/\/oscarhumbertogomez.com\/index.php?rest_route=\/wp\/v2\/posts\/1671","targetHints":{"allow":["GET"]}}],"collection":[{"href":"https:\/\/oscarhumbertogomez.com\/index.php?rest_route=\/wp\/v2\/posts"}],"about":[{"href":"https:\/\/oscarhumbertogomez.com\/index.php?rest_route=\/wp\/v2\/types\/post"}],"author":[{"embeddable":true,"href":"https:\/\/oscarhumbertogomez.com\/index.php?rest_route=\/wp\/v2\/users\/2"}],"replies":[{"embeddable":true,"href":"https:\/\/oscarhumbertogomez.com\/index.php?rest_route=%2Fwp%2Fv2%2Fcomments&post=1671"}],"version-history":[{"count":5,"href":"https:\/\/oscarhumbertogomez.com\/index.php?rest_route=\/wp\/v2\/posts\/1671\/revisions"}],"predecessor-version":[{"id":53385,"href":"https:\/\/oscarhumbertogomez.com\/index.php?rest_route=\/wp\/v2\/posts\/1671\/revisions\/53385"}],"wp:attachment":[{"href":"https:\/\/oscarhumbertogomez.com\/index.php?rest_route=%2Fwp%2Fv2%2Fmedia&parent=1671"}],"wp:term":[{"taxonomy":"category","embeddable":true,"href":"https:\/\/oscarhumbertogomez.com\/index.php?rest_route=%2Fwp%2Fv2%2Fcategories&post=1671"},{"taxonomy":"post_tag","embeddable":true,"href":"https:\/\/oscarhumbertogomez.com\/index.php?rest_route=%2Fwp%2Fv2%2Ftags&post=1671"}],"curies":[{"name":"wp","href":"https:\/\/api.w.org\/{rel}","templated":true}]}}