{"id":1677,"date":"2012-08-05T06:47:25","date_gmt":"2012-08-05T11:47:25","guid":{"rendered":"http:\/\/www.oscarhumbertogomez.com\/?p=1677"},"modified":"2024-08-19T08:36:11","modified_gmt":"2024-08-19T13:36:11","slug":"feria-de-las-flores-buena-esa-antioquia","status":"publish","type":"post","link":"https:\/\/oscarhumbertogomez.com\/?p=1677","title":{"rendered":"FERIA DE LAS FLORES&#8230;DEL 3 AL 12 DE AGOSTO&#8230;\u00a1BUENA ESA, ANTIOQUIA! Por \u00d3scar Humberto G\u00f3mez G\u00f3mez"},"content":{"rendered":"<div id=\"attachment_1678\" style=\"width: 343px\" class=\"wp-caption aligncenter\"><img loading=\"lazy\" decoding=\"async\" aria-describedby=\"caption-attachment-1678\" class=\"size-full wp-image-1678\" title=\"FERIA DE LAS FLORES\" src=\"https:\/\/lapiedrafilosofal.com\/wp-content\/uploads\/2011\/09\/FERIA-DE-LAS-FLORES.jpg\" alt=\"FERIA DE LAS FLORES\" width=\"333\" height=\"249\" srcset=\"https:\/\/oscarhumbertogomez.com\/wp-content\/uploads\/2011\/09\/FERIA-DE-LAS-FLORES.jpg 333w, https:\/\/oscarhumbertogomez.com\/wp-content\/uploads\/2011\/09\/FERIA-DE-LAS-FLORES-300x224.jpg 300w\" sizes=\"auto, (max-width: 333px) 100vw, 333px\" \/><p id=\"caption-attachment-1678\" class=\"wp-caption-text\">DESDE SU NI\u00d1EZ, LOS COLOMBIANOS DE ANTIOQUIA LA GRANDE SE IDENTIFICAN CON LA FERIA DE LAS FLORES, SUS TRADICIONES CULTURALES Y LA M\u00daSICA ANDINA DE SU REGI\u00d3N<\/p><\/div>\n<p><strong>&nbsp;<\/strong><\/p>\n<div id=\"attachment_1679\" style=\"width: 601px\" class=\"wp-caption aligncenter\"><img loading=\"lazy\" decoding=\"async\" aria-describedby=\"caption-attachment-1679\" class=\"size-full wp-image-1679\" title=\"FERIA DE LAS FLORES II\" src=\"https:\/\/lapiedrafilosofal.com\/wp-content\/uploads\/2011\/09\/FERIA-DE-LAS-FLORES-II.jpg\" alt=\"FERIA DE LAS FLORES\" width=\"591\" height=\"417\" srcset=\"https:\/\/oscarhumbertogomez.com\/wp-content\/uploads\/2011\/09\/FERIA-DE-LAS-FLORES-II.jpg 591w, https:\/\/oscarhumbertogomez.com\/wp-content\/uploads\/2011\/09\/FERIA-DE-LAS-FLORES-II-300x211.jpg 300w\" sizes=\"auto, (max-width: 591px) 100vw, 591px\" \/><p id=\"caption-attachment-1679\" class=\"wp-caption-text\">DESDE SU NI\u00d1EZ, LOS PAISAS APRENDEN A RESPETAR, CULTIVAR Y EXALTAR CON ORGULLO LA TROVA Y LOS AIRES T\u00cdPICOS DE LA MONTA\u00d1A<\/p><\/div>\n<p><strong>&nbsp;<\/strong><\/p>\n<div id=\"attachment_1680\" style=\"width: 498px\" class=\"wp-caption aligncenter\"><img loading=\"lazy\" decoding=\"async\" aria-describedby=\"caption-attachment-1680\" class=\"size-full wp-image-1680\" title=\"FERIA DE LAS FLORES III\" src=\"https:\/\/lapiedrafilosofal.com\/wp-content\/uploads\/2011\/09\/FERIA-DE-LAS-FLORES-III.jpg\" alt=\"FERIA DE LAS FLORES III\" width=\"488\" height=\"325\" srcset=\"https:\/\/oscarhumbertogomez.com\/wp-content\/uploads\/2011\/09\/FERIA-DE-LAS-FLORES-III.jpg 488w, https:\/\/oscarhumbertogomez.com\/wp-content\/uploads\/2011\/09\/FERIA-DE-LAS-FLORES-III-300x199.jpg 300w\" sizes=\"auto, (max-width: 488px) 100vw, 488px\" \/><p id=\"caption-attachment-1680\" class=\"wp-caption-text\">LA JUVENTUD SE VISTE CON LOS TRAJES T\u00cdPICOS Y BAILA LOS AIRES AUT\u00d3CTONOS DE ESA REGI\u00d3N COLOMBIANA<\/p><\/div>\n<p><strong>&nbsp;<\/strong><\/p>\n<div id=\"attachment_1681\" style=\"width: 570px\" class=\"wp-caption aligncenter\"><img loading=\"lazy\" decoding=\"async\" aria-describedby=\"caption-attachment-1681\" class=\"size-full wp-image-1681\" title=\"FERIA DE LAS FLORES IV\" src=\"https:\/\/lapiedrafilosofal.com\/wp-content\/uploads\/2011\/09\/FERIA-DE-LAS-FLORES-IV.jpg\" alt=\"FERIA DE LAS FLORES IV\" width=\"560\" height=\"373\" srcset=\"https:\/\/oscarhumbertogomez.com\/wp-content\/uploads\/2011\/09\/FERIA-DE-LAS-FLORES-IV.jpg 560w, https:\/\/oscarhumbertogomez.com\/wp-content\/uploads\/2011\/09\/FERIA-DE-LAS-FLORES-IV-300x199.jpg 300w\" sizes=\"auto, (max-width: 560px) 100vw, 560px\" \/><p id=\"caption-attachment-1681\" class=\"wp-caption-text\">EL DESFILE DE LOS SILLETEROS, CAMPESINOS DE SANTA HELENA, ESPECT\u00c1CULO FLORAL CON EL CUAL SE CIERRA LA FERIA<\/p><\/div>\n<p><strong>&nbsp;<\/strong><\/p>\n<div id=\"attachment_1683\" style=\"width: 806px\" class=\"wp-caption aligncenter\"><img loading=\"lazy\" decoding=\"async\" aria-describedby=\"caption-attachment-1683\" class=\"size-full wp-image-1683\" title=\"FERIA DE LAS FLORES VI\" src=\"https:\/\/lapiedrafilosofal.com\/wp-content\/uploads\/2011\/09\/FERIA-DE-LAS-FLORES-VI.jpg\" alt=\"FERIA DE LAS FLORES VI\" width=\"796\" height=\"500\" srcset=\"https:\/\/oscarhumbertogomez.com\/wp-content\/uploads\/2011\/09\/FERIA-DE-LAS-FLORES-VI.jpg 796w, https:\/\/oscarhumbertogomez.com\/wp-content\/uploads\/2011\/09\/FERIA-DE-LAS-FLORES-VI-300x188.jpg 300w\" sizes=\"auto, (max-width: 796px) 100vw, 796px\" \/><p id=\"caption-attachment-1683\" class=\"wp-caption-text\">PARA ESTOS NI\u00d1OS, CUANDO SEAN MAYORES, LA FERIA SER\u00c1 UN RECUERDO CARGADO DE NOSTALGIA<\/p><\/div>\n<p><strong>&nbsp;<\/strong><\/p>\n<div id=\"attachment_1682\" style=\"width: 510px\" class=\"wp-caption aligncenter\"><img loading=\"lazy\" decoding=\"async\" aria-describedby=\"caption-attachment-1682\" class=\"size-full wp-image-1682\" title=\"FERIA DE LAS FLORES V\" src=\"https:\/\/lapiedrafilosofal.com\/wp-content\/uploads\/2011\/09\/FERIA-DE-LAS-FLORES-V.jpg\" alt=\"FERIA DE LAS FLORES V\" width=\"500\" height=\"375\" srcset=\"https:\/\/oscarhumbertogomez.com\/wp-content\/uploads\/2011\/09\/FERIA-DE-LAS-FLORES-V.jpg 500w, https:\/\/oscarhumbertogomez.com\/wp-content\/uploads\/2011\/09\/FERIA-DE-LAS-FLORES-V-300x225.jpg 300w\" sizes=\"auto, (max-width: 500px) 100vw, 500px\" \/><p id=\"caption-attachment-1682\" class=\"wp-caption-text\">LA SILLETA, EL FLORERO NATURAL M\u00c1S BELLO DEL MUNDO<\/p><\/div>\n<p><strong>&nbsp;<\/strong><\/p>\n<div id=\"attachment_1684\" style=\"width: 550px\" class=\"wp-caption aligncenter\"><img loading=\"lazy\" decoding=\"async\" aria-describedby=\"caption-attachment-1684\" class=\"size-full wp-image-1684\" title=\"FERIA DE LAS FLORES VII\" src=\"https:\/\/lapiedrafilosofal.com\/wp-content\/uploads\/2011\/09\/FERIA-DE-LAS-FLORES-VII.jpg\" alt=\"FERIA DE LAS FLORES VII\" width=\"540\" height=\"440\" srcset=\"https:\/\/oscarhumbertogomez.com\/wp-content\/uploads\/2011\/09\/FERIA-DE-LAS-FLORES-VII.jpg 540w, https:\/\/oscarhumbertogomez.com\/wp-content\/uploads\/2011\/09\/FERIA-DE-LAS-FLORES-VII-300x244.jpg 300w\" sizes=\"auto, (max-width: 540px) 100vw, 540px\" \/><p id=\"caption-attachment-1684\" class=\"wp-caption-text\">UNA JUVENTUD QUE NO SE AVERG\u00dcENZA DE SUS TRADICIONES NI DE SU CULTURA<\/p><\/div>\n<p><strong>&nbsp;<\/strong><\/p>\n<div id=\"attachment_1686\" style=\"width: 345px\" class=\"wp-caption aligncenter\"><img loading=\"lazy\" decoding=\"async\" aria-describedby=\"caption-attachment-1686\" class=\"size-full wp-image-1686\" title=\"FERIA DE LAS FLORES IX\" src=\"https:\/\/lapiedrafilosofal.com\/wp-content\/uploads\/2011\/09\/FERIA-DE-LAS-FLORES-IX.jpg\" alt=\"FERIA DE LAS FLORES IX\" width=\"335\" height=\"500\" srcset=\"https:\/\/oscarhumbertogomez.com\/wp-content\/uploads\/2011\/09\/FERIA-DE-LAS-FLORES-IX.jpg 335w, https:\/\/oscarhumbertogomez.com\/wp-content\/uploads\/2011\/09\/FERIA-DE-LAS-FLORES-IX-201x300.jpg 201w\" sizes=\"auto, (max-width: 335px) 100vw, 335px\" \/><p id=\"caption-attachment-1686\" class=\"wp-caption-text\">LOS PAISAS DICEN QUE CUANDO LOS SILLETEROS PASAN, ES ANTIOQUIA LA QUE PASA<\/p><\/div>\n<p><strong>&nbsp;<\/strong><\/p>\n<div id=\"attachment_1688\" style=\"width: 288px\" class=\"wp-caption aligncenter\"><img loading=\"lazy\" decoding=\"async\" aria-describedby=\"caption-attachment-1688\" class=\"size-full wp-image-1688\" title=\"LA MUJER CUMPLE UN PAPEL DE CAPITAL IMPORTANCIA EN LA EXALTACI\u00d3N DE LA CULTURA Y LAS TRADICIONES ANTIOQUE\u00d1AS\" src=\"https:\/\/lapiedrafilosofal.com\/wp-content\/uploads\/2011\/09\/LA-MUJER-CUMPLE-POR-SUPUESTO-UN-PAPEL-DE-CAPITAL-IMPORTANCIA-EN-LA-FERIA-DE-LAS-FLORES1.jpg\" alt=\"LA MUJER CUMPLE UN PAPEL DE CAPITAL IMPORTANCIA EN LA EXALTACI\u00d3N DE LA CULTURA Y LAS TRADICIONES PAISAS\" width=\"278\" height=\"200\"><p id=\"caption-attachment-1688\" class=\"wp-caption-text\">LA MUJER CUMPLE UN PAPEL DE CAPITAL IMPORTANCIA EN LA EXALTACI\u00d3N DE LA CULTURA Y LAS TRADICIONES ANTIOQUE\u00d1AS<\/p><\/div>\n<p><strong>&nbsp;<\/strong><\/p>\n<div id=\"attachment_1690\" style=\"width: 294px\" class=\"wp-caption aligncenter\"><img loading=\"lazy\" decoding=\"async\" aria-describedby=\"caption-attachment-1690\" class=\"size-full wp-image-1690\" title=\"EL DUETO DE HUMOR Y M\u00daSICA &quot;LOS MARINILLOS&quot;, INTEGRADO POR SAULO GARC\u00cdA Y GERM\u00c1N DAR\u00cdO CARVAJAL, SON UN S\u00cdMBOLO VIVIENTE DE UNA DE LAS TRADICIONES M\u00c1S QUERIDAS Y RESPETADAS EN ANTIOQUIA, LA TROVA\" src=\"https:\/\/lapiedrafilosofal.com\/wp-content\/uploads\/2011\/09\/EL-DUETO-DE-HUMOR-Y-M\u00daSICA-LOS-MARINILLOS-INTEGRADO-POR-SAULO-GARC\u00cdA-Y-GERM\u00c1N-DAR\u00cdO-CARVAJAL-SON-UN-S\u00cdMBOLO-VIVIENTE-DE-UNA-DE-LAS-TRADICIONES-M\u00c1S-QUERIDAS-Y-RESPETADAS-EN-ANTIOQUIA-LA-TROVA.jpg\" alt=\"EL DUETO DE HUMOR Y M\u00daSICA &quot;LOS MARINILLOS&quot;, INTEGRADO POR SAULO GARC\u00cdA Y GERM\u00c1N DAR\u00cdO CARVAJAL, SON UN S\u00cdMBOLO VIVIENTE DE UNA DE LAS TRADICIONES M\u00c1S QUERIDAS Y RESPETADAS EN ANTIOQUIA: LA TROVA\" width=\"284\" height=\"400\" srcset=\"https:\/\/oscarhumbertogomez.com\/wp-content\/uploads\/2011\/09\/EL-DUETO-DE-HUMOR-Y-M\u00daSICA-LOS-MARINILLOS-INTEGRADO-POR-SAULO-GARC\u00cdA-Y-GERM\u00c1N-DAR\u00cdO-CARVAJAL-SON-UN-S\u00cdMBOLO-VIVIENTE-DE-UNA-DE-LAS-TRADICIONES-M\u00c1S-QUERIDAS-Y-RESPETADAS-EN-ANTIOQUIA-LA-TROVA.jpg 284w, https:\/\/oscarhumbertogomez.com\/wp-content\/uploads\/2011\/09\/EL-DUETO-DE-HUMOR-Y-M\u00daSICA-LOS-MARINILLOS-INTEGRADO-POR-SAULO-GARC\u00cdA-Y-GERM\u00c1N-DAR\u00cdO-CARVAJAL-SON-UN-S\u00cdMBOLO-VIVIENTE-DE-UNA-DE-LAS-TRADICIONES-M\u00c1S-QUERIDAS-Y-RESPETADAS-EN-ANTIOQUIA-LA-TROVA-213x300.jpg 213w\" sizes=\"auto, (max-width: 284px) 100vw, 284px\" \/><p id=\"caption-attachment-1690\" class=\"wp-caption-text\">EL DUETO DE HUMOR Y M\u00daSICA &#8220;LOS MARINILLOS&#8221;, INTEGRADO POR SAULO GARC\u00cdA Y GERM\u00c1N DAR\u00cdO CARVAJAL, SON UN S\u00cdMBOLO VIVIENTE DE UNA DE LAS TRADICIONES M\u00c1S QUERIDAS Y RESPETADAS EN ANTIOQUIA: LA TROVA<\/p><\/div>\n<p><strong>&nbsp;<\/strong><\/p>\n<div id=\"attachment_1692\" style=\"width: 250px\" class=\"wp-caption aligncenter\"><img loading=\"lazy\" decoding=\"async\" aria-describedby=\"caption-attachment-1692\" class=\"size-full wp-image-1692\" title=\"LOS MARINILLOS TAMBI\u00c9N SE LLAMARON &quot;GELATINA Y MINISICU\u00cd&quot;. ANTES DEL DESFILE DE SILLETEROS, LA FERIA DE LA FLORES SE CIERRA CON EL FESTIVAL DE LA TROVA\" src=\"https:\/\/lapiedrafilosofal.com\/wp-content\/uploads\/2011\/09\/LOS-MARINILLOS-TAMBI\u00c9N-SE-LLAMARON-GELATINA-Y-MINISICU\u00cd.-ANTES-DEL-DESFILE-DE-SILLETEROS-LA-FERIA-DE-LA-FLORES-SE-CIERRA-CON-EL-FESTIVAL-DE-LA-TROVA.jpg\" alt=\"\" width=\"240\" height=\"320\" srcset=\"https:\/\/oscarhumbertogomez.com\/wp-content\/uploads\/2011\/09\/LOS-MARINILLOS-TAMBI\u00c9N-SE-LLAMARON-GELATINA-Y-MINISICU\u00cd.-ANTES-DEL-DESFILE-DE-SILLETEROS-LA-FERIA-DE-LA-FLORES-SE-CIERRA-CON-EL-FESTIVAL-DE-LA-TROVA.jpg 240w, https:\/\/oscarhumbertogomez.com\/wp-content\/uploads\/2011\/09\/LOS-MARINILLOS-TAMBI\u00c9N-SE-LLAMARON-GELATINA-Y-MINISICU\u00cd.-ANTES-DEL-DESFILE-DE-SILLETEROS-LA-FERIA-DE-LA-FLORES-SE-CIERRA-CON-EL-FESTIVAL-DE-LA-TROVA-225x300.jpg 225w\" sizes=\"auto, (max-width: 240px) 100vw, 240px\" \/><p id=\"caption-attachment-1692\" class=\"wp-caption-text\">&#8220;LOS MARINILLOS&#8221; TAMBI\u00c9N SE LLAMARON &#8220;GELATINA Y MINISICU\u00cd&#8221;. ANTES DEL DESFILE DE SILLETEROS, LA FERIA DE LAS FLORES SE CIERRA CON EL FESTIVAL DE LA TROVA<\/p><\/div>\n<p><strong>&nbsp;<\/strong><\/p>\n<p>La FERIA DE LAS FLORES de Medell\u00edn re\u00fane cada a\u00f1o, en los principios del mes de agosto, a Antioquia la Grande alrededor del folclor.<\/p>\n<p>Tal y como deber\u00eda suceder en todas las ferias, en este certamen se le rinde culto, ante todo y por sobre todo, <span style=\"text-decoration: underline;\">a las tradiciones y manifestaciones culturales del pueblo antioque\u00f1o<\/span>, de manera que si bien es cierto se contratan orquestas y artistas de otras latitudes -nacionales e internacionales- lo primero all\u00ed es <span style=\"text-decoration: underline;\">la cultura antioque\u00f1a<\/span>.<\/p>\n<p>Por ello, los trovadores son apreciados por el p\u00fablico como artistas <span style=\"text-decoration: underline;\">de primera l\u00ednea<\/span>, &nbsp;el tiple no es instrumento secundario, acallado por el estruendo de las agrupaciones llegadas del extranjero, sino &#8220;fundador de pueblos&#8221; &#8220;con la ruana&#8221; y &#8220;con el hacha&#8221; y &#8220;con el perro andariego que se trag\u00f3 las monta\u00f1as&#8221;, como se canta en ese bell\u00edsimo poema de Luis Carlos Gonz\u00e1lez musicalizado en aire de bambuco por Jos\u00e9 Mac\u00edas y que se titula &#8220;La Ruana&#8221;; ni el carriel es un mero bolso terciado, sino <span style=\"text-decoration: underline;\">el respetado s\u00edmbolo de los antepasados<\/span> que con su trabajo honesto hicieron posible a Antioquia.<\/p>\n<p>Pero eso no es todo. En Antioquia se entiende, tambi\u00e9n, que el manejo de la parte art\u00edstica de la feria debe d\u00e1rseles a quienes est\u00e1n vinculados a esa actividad, y no a empresarios voraces a quienes el \u00fanico \u00e1nimo que los mueve es el consabido \u00e1nimo de lucro.<\/p>\n<p>Por ello, como Director Art\u00edstico de la FERIA DE LAS FLORES se ha desempe\u00f1ado (no s\u00e9 si contin\u00faa haci\u00e9ndolo), por cierto que con lujo de competencia, una de las figuras m\u00e1s queridas por el pueblo antioque\u00f1o: el talentoso trovador Germ\u00e1n Dar\u00edo Carvajal Lopera, integrante, junto con Sa\u00fal Garc\u00eda, del dueto Los Marinillos.<\/p>\n<p><strong>&nbsp;<\/strong><\/p>\n<p>A prop\u00f3sito, en el a\u00f1o 2007 la alcald\u00eda de Medell\u00edn, en ese entonces a cargo de Sergio Fajardo, me contrat\u00f3 para presentarme en dicho certamen y doy fe de la inmejorable atenci\u00f3n de la que fui objeto. En muestra de agradecimiento, compuse y grab\u00e9 un bambuco fiestero titulado &#8220;EN LA FERIA DE LAS FLORES&#8221;, que se encuentra en el volumen 6 de la serie discogr\u00e1fica &#8220;El campesino embejucao&#8221;.<\/p>\n<p><strong>&nbsp;<\/strong><\/p>\n<p><span style=\"color: #ff0000;\"><span style=\"color: #000000;\">\u00a1Buena esa, Antioquia!<\/span><\/span><\/p>\n<p><span style=\"color: #000000;\"><br \/>\n<\/span><\/p>\n","protected":false},"excerpt":{"rendered":"<p>&nbsp; &nbsp; &nbsp; &nbsp; &nbsp; &nbsp; &nbsp; &nbsp; &nbsp; &nbsp; &nbsp; La FERIA DE LAS FLORES de Medell\u00edn re\u00fane cada a\u00f1o, en los principios del mes de agosto, a Antioquia la Grande alrededor del folclor. Tal y como deber\u00eda suceder &hellip; <a href=\"https:\/\/oscarhumbertogomez.com\/?p=1677\">Sigue leyendo <span class=\"meta-nav\">&rarr;<\/span><\/a><\/p>\n<div class='heateorSssClear'><\/div><div  class='heateor_sss_sharing_container heateor_sss_horizontal_sharing' heateor-sss-data-href='https:\/\/oscarhumbertogomez.com\/?p=1677'><div class='heateor_sss_sharing_title' style=\"font-weight:bold\" >\u00a1Gracias por compartirla!<\/div><ul class=\"heateor_sss_sharing_ul\"><li class=\"heateorSssSharingRound\"><i style=\"width:35px;height:35px;border-radius:999px;\" alt=\"Facebook\" Title=\"Facebook\" class=\"heateorSssSharing heateorSssFacebookBackground\" onclick='heateorSssPopup(\"https:\/\/www.facebook.com\/sharer\/sharer.php?u=https%3A%2F%2Foscarhumbertogomez.com%2Findex.php%3Frest_route%3D%252Fwp%252Fv2%252Fposts%252F1677\")'><ss style=\"display:block;border-radius:999px;\" class=\"heateorSssSharingSvg heateorSssFacebookSvg\"><\/ss><\/i><\/li><li class=\"heateorSssSharingRound\"><i style=\"width:35px;height:35px;border-radius:999px;\" alt=\"Twitter\" Title=\"Twitter\" class=\"heateorSssSharing heateorSssTwitterBackground\" onclick='heateorSssPopup(\"http:\/\/twitter.com\/intent\/tweet?text=FERIA%20DE%20LAS%20FLORES...DEL%203%20AL%2012%20DE%20AGOSTO...%C2%A1BUENA%20ESA%2C%20ANTIOQUIA%21%20Por%20%C3%93scar%20Humberto%20G%C3%B3mez%20G%C3%B3mez&url=https%3A%2F%2Foscarhumbertogomez.com%2Findex.php%3Frest_route%3D%252Fwp%252Fv2%252Fposts%252F1677\")'><ss style=\"display:block;border-radius:999px;\" class=\"heateorSssSharingSvg heateorSssTwitterSvg\"><\/ss><\/i><\/li><li class=\"heateorSssSharingRound\"><i style=\"width:35px;height:35px;border-radius:999px;\" alt=\"Whatsapp\" Title=\"Whatsapp\" class=\"heateorSssSharing heateorSssWhatsappBackground\" onclick='heateorSssPopup(\"https:\/\/web.whatsapp.com\/send?text=FERIA%20DE%20LAS%20FLORES...DEL%203%20AL%2012%20DE%20AGOSTO...%C2%A1BUENA%20ESA%2C%20ANTIOQUIA%21%20Por%20%C3%93scar%20Humberto%20G%C3%B3mez%20G%C3%B3mez https%3A%2F%2Foscarhumbertogomez.com%2Findex.php%3Frest_route%3D%252Fwp%252Fv2%252Fposts%252F1677\")'><ss style=\"display:block\" class=\"heateorSssSharingSvg heateorSssWhatsappSvg\"><\/ss><\/i><\/li><li class=\"heateorSssSharingRound\"><i style=\"width:35px;height:35px;border-radius:999px;\" alt=\"Pinterest\" Title=\"Pinterest\" class=\"heateorSssSharing heateorSssPinterestBackground\" onclick=\"javascript:void( (function() {var e=document.createElement('script' );e.setAttribute('type','text\/javascript' );e.setAttribute('charset','UTF-8' );e.setAttribute('src','\/\/assets.pinterest.com\/js\/pinmarklet.js?r='+Math.random()*99999999);document.body.appendChild(e)})());\"><ss style=\"display:block;border-radius:999px;\" class=\"heateorSssSharingSvg heateorSssPinterestSvg\"><\/ss><\/i><\/li><li class=\"heateorSssSharingRound\"><i style=\"width:35px;height:35px;border-radius:999px;\" alt=\"Google Gmail\" Title=\"Google Gmail\" class=\"heateorSssSharing heateorSssGoogleGmailBackground\" onclick='heateorSssPopup(\"https:\/\/mail.google.com\/mail\/?ui=2&view=cm&fs=1&tf=1&su=FERIA%20DE%20LAS%20FLORES...DEL%203%20AL%2012%20DE%20AGOSTO...%C2%A1BUENA%20ESA%2C%20ANTIOQUIA%21%20Por%20%C3%93scar%20Humberto%20G%C3%B3mez%20G%C3%B3mez&body=Link:https%3A%2F%2Foscarhumbertogomez.com%2Findex.php%3Frest_route%3D%252Fwp%252Fv2%252Fposts%252F1677\")'><ss style=\"display:block;border-radius:999px;\" class=\"heateorSssSharingSvg heateorSssGoogleGmailSvg\"><\/ss><\/i><\/li><li class=\"heateorSssSharingRound\"><i style=\"width:35px;height:35px;border-radius:999px;\" title=\"More\" alt=\"More\" class=\"heateorSssSharing heateorSssMoreBackground\" onclick=\"heateorSssMoreSharingPopup(this, 'https:\/\/oscarhumbertogomez.com\/index.php?rest_route=%2Fwp%2Fv2%2Fposts%2F1677', 'FERIA%20DE%20LAS%20FLORES...DEL%203%20AL%2012%20DE%20AGOSTO...%C2%A1BUENA%20ESA%2C%20ANTIOQUIA%21%20Por%20%C3%93scar%20Humberto%20G%C3%B3mez%20G%C3%B3mez', '' )\" ><ss style=\"display:block\" class=\"heateorSssSharingSvg heateorSssMoreSvg\"><\/ss><\/i><\/li><\/ul><div class=\"heateorSssClear\"><\/div><\/div><div class='heateorSssClear'><\/div>","protected":false},"author":2,"featured_media":0,"comment_status":"closed","ping_status":"closed","sticky":false,"template":"","format":"standard","meta":{"spay_email":"","footnotes":""},"categories":[18],"tags":[],"class_list":["post-1677","post","type-post","status-publish","format-standard","hentry","category-ecologia"],"jetpack_featured_media_url":"","jetpack_shortlink":"https:\/\/wp.me\/p1FYrr-r3","_links":{"self":[{"href":"https:\/\/oscarhumbertogomez.com\/index.php?rest_route=\/wp\/v2\/posts\/1677","targetHints":{"allow":["GET"]}}],"collection":[{"href":"https:\/\/oscarhumbertogomez.com\/index.php?rest_route=\/wp\/v2\/posts"}],"about":[{"href":"https:\/\/oscarhumbertogomez.com\/index.php?rest_route=\/wp\/v2\/types\/post"}],"author":[{"embeddable":true,"href":"https:\/\/oscarhumbertogomez.com\/index.php?rest_route=\/wp\/v2\/users\/2"}],"replies":[{"embeddable":true,"href":"https:\/\/oscarhumbertogomez.com\/index.php?rest_route=%2Fwp%2Fv2%2Fcomments&post=1677"}],"version-history":[{"count":5,"href":"https:\/\/oscarhumbertogomez.com\/index.php?rest_route=\/wp\/v2\/posts\/1677\/revisions"}],"predecessor-version":[{"id":48629,"href":"https:\/\/oscarhumbertogomez.com\/index.php?rest_route=\/wp\/v2\/posts\/1677\/revisions\/48629"}],"wp:attachment":[{"href":"https:\/\/oscarhumbertogomez.com\/index.php?rest_route=%2Fwp%2Fv2%2Fmedia&parent=1677"}],"wp:term":[{"taxonomy":"category","embeddable":true,"href":"https:\/\/oscarhumbertogomez.com\/index.php?rest_route=%2Fwp%2Fv2%2Fcategories&post=1677"},{"taxonomy":"post_tag","embeddable":true,"href":"https:\/\/oscarhumbertogomez.com\/index.php?rest_route=%2Fwp%2Fv2%2Ftags&post=1677"}],"curies":[{"name":"wp","href":"https:\/\/api.w.org\/{rel}","templated":true}]}}