{"id":1707,"date":"2011-10-06T20:29:40","date_gmt":"2011-10-07T01:29:40","guid":{"rendered":"http:\/\/www.oscarhumbertogomez.com\/?p=1707"},"modified":"2025-03-09T22:35:15","modified_gmt":"2025-03-10T03:35:15","slug":"la-guerra-del-futbol","status":"publish","type":"post","link":"https:\/\/oscarhumbertogomez.com\/?p=1707","title":{"rendered":"Historia de Am\u00e9rica Latina. LA GUERRA DEL F\u00daTBOL. Por \u00d3scar Humberto G\u00f3mez G\u00f3mez, Miembro Correspondiente de la Academia de Historia de Santander"},"content":{"rendered":"<div id=\"attachment_49906\" style=\"width: 650px\" class=\"wp-caption aligncenter\"><img loading=\"lazy\" decoding=\"async\" aria-describedby=\"caption-attachment-49906\" class=\"size-large wp-image-49906\" src=\"https:\/\/oscarhumbertogomez.com\/wp-content\/uploads\/2011\/06\/WhatsApp-Image-2025-01-19-at-16.33.19-1024x690.jpeg\" alt=\"\" width=\"640\" height=\"431\" srcset=\"https:\/\/oscarhumbertogomez.com\/wp-content\/uploads\/2011\/06\/WhatsApp-Image-2025-01-19-at-16.33.19-1024x690.jpeg 1024w, https:\/\/oscarhumbertogomez.com\/wp-content\/uploads\/2011\/06\/WhatsApp-Image-2025-01-19-at-16.33.19-300x202.jpeg 300w, https:\/\/oscarhumbertogomez.com\/wp-content\/uploads\/2011\/06\/WhatsApp-Image-2025-01-19-at-16.33.19-768x517.jpeg 768w, https:\/\/oscarhumbertogomez.com\/wp-content\/uploads\/2011\/06\/WhatsApp-Image-2025-01-19-at-16.33.19.jpeg 1280w\" sizes=\"auto, (max-width: 640px) 100vw, 640px\" \/><p id=\"caption-attachment-49906\" class=\"wp-caption-text\">\u00d3SCAR HUMBERTO G\u00d3MEZ G\u00d3MEZ. Fotograf\u00eda de Nylse Blackburn. 2009<\/p><\/div>\n<p>&nbsp;<\/p>\n<p>Al lado de la Guerra de las Malvinas y de la Guerra del Chaco, la Guerra del F\u00fatbol ha sido uno de los conflictos b\u00e9licos que han tenido como escenario a territorios de esta martirizada Am\u00e9rica Latina.<\/p>\n<p>No me estoy refiriendo a esa permanente oleada de violencia que se suscita en los estadios y fuera de ellos cada vez que hay jornada de balompi\u00e9 profesional. &nbsp;A lo que me refiero es a lo que fue ese espantoso conflicto b\u00e9lico que tuvo como escenario la frontera entre Honduras y El Salvador, uno de los tantos segmentos hist\u00f3ricos latinoamericanos que han significado el enfrentamiento armado entre naciones hermanas, con el consiguiente derramamiento de sangre, el incremento inusitado del gasto militar, el empobrecimiento a\u00fan mayor de los pueblos involucrados y, por supuesto, la inutilidad final de tanto sacrificio.<\/p>\n<p>&nbsp;<\/p>\n<div id=\"attachment_1710\" style=\"width: 486px\" class=\"wp-caption aligncenter\"><img loading=\"lazy\" decoding=\"async\" aria-describedby=\"caption-attachment-1710\" class=\"size-full wp-image-1710\" title=\"La guerra del f\u00fatbol III\" src=\"https:\/\/lapiedrafilosofal.com\/wp-content\/uploads\/2011\/10\/La-guerra-del-f\u00fatbol-III.jpg\" alt=\"\" width=\"476\" height=\"317\" srcset=\"https:\/\/oscarhumbertogomez.com\/wp-content\/uploads\/2011\/10\/La-guerra-del-f\u00fatbol-III.jpg 476w, https:\/\/oscarhumbertogomez.com\/wp-content\/uploads\/2011\/10\/La-guerra-del-f\u00fatbol-III-300x199.jpg 300w\" sizes=\"auto, (max-width: 476px) 100vw, 476px\" \/><p id=\"caption-attachment-1710\" class=\"wp-caption-text\">LA GUERRA DEL F\u00daTBOL. 1969<\/p><\/div>\n<p>&nbsp;<\/p>\n<p>En el a\u00f1o 1969, en efecto, se celebraban los partidos correspondientes a las eliminatorias que definir\u00edan los pa\u00edses presentes en el Mundial de F\u00fatbol M\u00e9xico 1970. Honduras y El Salvador deb\u00edan enfrentarse en dos partidos, uno en Tegucigalpa y otro en San Salvador, a menos que resultara necesario un tercer encuentro por presentarse empate en los dos juegos o triunfo de un equipo en uno de los encuentros y victoria del otro en el segundo de ellos, como efectivamente sucedi\u00f3. El primer partido, es decir, el que tuvo como escenario el estadio de Tegucigalpa se cumpli\u00f3 el domingo 8 de junio de 1969 y termin\u00f3 con triunfo del equipo local, Honduras, por marcador de 1-0. S\u00f3lo que la noche anterior al juego, una multitud de hinchas hondure\u00f1os hab\u00edan saboteado, en hostil manifestaci\u00f3n realizada en los alrededores del hotel donde se hospedaban los jugadores de la selecci\u00f3n salvadore\u00f1a, el descanso y el sue\u00f1o de \u00e9stos, y el que se present\u00f3 al estadio fue un equipo visitante somnoliento y cansado. El ambiente comenz\u00f3 a enrarecerse cuando se conoci\u00f3 el absurdo suicidio de la joven salvadore\u00f1a Amelia Bola\u00f1os.<\/p>\n<p>&nbsp;<\/p>\n<div id=\"attachment_1711\" style=\"width: 458px\" class=\"wp-caption aligncenter\"><img loading=\"lazy\" decoding=\"async\" aria-describedby=\"caption-attachment-1711\" class=\"size-full wp-image-1711\" title=\"La guerra del f\u00fatbol IV\" src=\"https:\/\/lapiedrafilosofal.com\/wp-content\/uploads\/2011\/10\/La-guerra-del-f\u00fatbol-IV.jpg\" alt=\"\" width=\"448\" height=\"288\" srcset=\"https:\/\/oscarhumbertogomez.com\/wp-content\/uploads\/2011\/10\/La-guerra-del-f\u00fatbol-IV.jpg 448w, https:\/\/oscarhumbertogomez.com\/wp-content\/uploads\/2011\/10\/La-guerra-del-f\u00fatbol-IV-300x192.jpg 300w\" sizes=\"auto, (max-width: 448px) 100vw, 448px\" \/><p id=\"caption-attachment-1711\" class=\"wp-caption-text\">LA GUERRA DEL F\u00daTBOL. 1969.<\/p><\/div>\n<p>&nbsp;<\/p>\n<p>Amelia Bola\u00f1os era una chica de apenas dieciocho a\u00f1os de edad que al observar por la televisi\u00f3n la derrota de la selecci\u00f3n de su pa\u00eds tom\u00f3 la pistola de su padre y se suicid\u00f3 de un balazo. A sus exequias asisti\u00f3 la selecci\u00f3n salvadore\u00f1a y hasta el presidente de la Rep\u00fablica.<\/p>\n<p>Por supuesto, la v\u00edspera del segundo partido, es decir, del que se llevar\u00eda a cabo en San Salvador, capital de El Salvador, fue una agresiva multitud de hinchas salvadore\u00f1os la que, en desquite, sabote\u00f3 el descanso y el sue\u00f1o de la selecci\u00f3n hondure\u00f1a.<\/p>\n<p>El partido, celebrado el 15 de junio, termin\u00f3 con triunfo para el equipo local 3-0. La tensi\u00f3n lleg\u00f3 al cl\u00edmax.&nbsp;\u201cNos vengaremos del 3-0\u201d dec\u00edan los grafitis.&nbsp;<\/p>\n<p>El tercer partido hab\u00eda que jugarlo en territorio neutral.<\/p>\n<p>Se llev\u00f3 a cabo en M\u00e9xico el 27 de junio. Los hinchas salvadore\u00f1os fueron ubicados separados de los fan\u00e1ticos hondure\u00f1os por un enjambre de cinco mil militares mexicanos. El Salvador gan\u00f3 3-2 y as\u00ed clasific\u00f3 por Centroam\u00e9rica al Mundial de M\u00e9xico 1970. El gol del triunfo lo marc\u00f3 Mauricio <em>Pipo<\/em> Rodr\u00edguez.<\/p>\n<p>&nbsp;<\/p>\n<div id=\"attachment_1740\" style=\"width: 310px\" class=\"wp-caption aligncenter\"><img loading=\"lazy\" decoding=\"async\" aria-describedby=\"caption-attachment-1740\" class=\"size-full wp-image-1740\" title=\"LA GUERRA DEL F\u00daTBOL. 1969. CAMPESINOS SALVADORE\u00d1OS HUYENDO DE LOS COMBATES.\" src=\"https:\/\/lapiedrafilosofal.com\/wp-content\/uploads\/2011\/10\/LA-GUERRA-DEL-F\u00daTBOL.-1969.-CAMPESINOS-SALVADORE\u00d1OS-HUYENDO-DE-LOS-COMBATES.-.jpg\" alt=\"\" width=\"300\" height=\"231\"><p id=\"caption-attachment-1740\" class=\"wp-caption-text\">LA GUERRA DEL F\u00daTBOL. 1969. CAMPESINOS SALVADORE\u00d1OS HUYENDO DE LOS COMBATES<\/p><\/div>\n<p>&nbsp;<\/p>\n<p>En ambos pa\u00edses, tanto en Honduras como en El Salvador, se desat\u00f3 un nacionalismo exagerado que se pone de presente en las letras de canciones ofensivas, en arengas como \u201c<em>Hondure\u00f1o, toma un le\u00f1o y mata a un salvadore\u00f1o<\/em>\u201d y en las informaciones y comentarios de prensa de esa \u00e9poca en los peri\u00f3dicos de ambas naciones.<\/p>\n<p>&nbsp;<\/p>\n<div id=\"attachment_1741\" style=\"width: 330px\" class=\"wp-caption aligncenter\"><img loading=\"lazy\" decoding=\"async\" aria-describedby=\"caption-attachment-1741\" class=\"size-full wp-image-1741\" title=\"GUERRA DEL F\u00daTBOL. 1969.\" src=\"https:\/\/lapiedrafilosofal.com\/wp-content\/uploads\/2011\/10\/GUERRA-DEL-F\u00daTBOL.-1969.-.jpg\" alt=\"\" width=\"320\" height=\"235\" srcset=\"https:\/\/oscarhumbertogomez.com\/wp-content\/uploads\/2011\/10\/GUERRA-DEL-F\u00daTBOL.-1969.-.jpg 320w, https:\/\/oscarhumbertogomez.com\/wp-content\/uploads\/2011\/10\/GUERRA-DEL-F\u00daTBOL.-1969.--300x220.jpg 300w\" sizes=\"auto, (max-width: 320px) 100vw, 320px\" \/><p id=\"caption-attachment-1741\" class=\"wp-caption-text\">GUERRA DEL F\u00daTBOL. 1969.<\/p><\/div>\n<p>&nbsp;<\/p>\n<p>Fue cuando el presidente de El Salvador, Fidel S\u00e1nchez Hern\u00e1ndez, orden\u00f3 la invasi\u00f3n militar al territorio hondure\u00f1o. &nbsp;S\u00e1nchez Hern\u00e1ndez acusaba a Honduras de violaci\u00f3n de los derechos humanos contra la poblaci\u00f3n de inmigrantes salvadore\u00f1os. &nbsp;Las tropas de El Salvador penetraron a Honduras el 14 de julio y se desencaden\u00f3, desde luego, la reacci\u00f3n de rechazo armado por parte del ej\u00e9rcito hondure\u00f1o. &nbsp;La perspectiva de El Salvador era, por supuesto, otra: seg\u00fan el gobierno salvadore\u00f1o hab\u00eda sido Honduras el pa\u00eds que hab\u00eda iniciado las hostilidades con la brutal represi\u00f3n en contra de sus nacionales.<\/p>\n<p>&nbsp;<\/p>\n<div id=\"attachment_1712\" style=\"width: 260px\" class=\"wp-caption aligncenter\"><img loading=\"lazy\" decoding=\"async\" aria-describedby=\"caption-attachment-1712\" class=\"size-full wp-image-1712\" title=\"Guerra del futbol\" src=\"https:\/\/lapiedrafilosofal.com\/wp-content\/uploads\/2011\/10\/Guerra-del-futbol.jpg\" alt=\"\" width=\"250\" height=\"179\"><p id=\"caption-attachment-1712\" class=\"wp-caption-text\">LA GUERRA DEL F\u00daTBOL. 1969.<\/p><\/div>\n<p>&nbsp;<\/p>\n<p>En todo caso, lo cierto fue que estall\u00f3 la guerra. &nbsp;Las tropas fueron movilizadas a la boscosa y monta\u00f1osa frontera y fue all\u00ed donde se dio inicio al horror de los ca\u00f1ones, las bombas, la metralla y la fusiler\u00eda. La guerra dur\u00f3 cien horas (14 de julio de 1969- 18 de julio de 1969) y produjo un saldo de seis mil muertos, doce mil heridos, cincuenta mil damnificados que perdieron sus viviendas por destrucci\u00f3n de las mismas y numerosas aldeas reducidas a escombros. Finalmente, el conflicto armado lleg\u00f3 a su terminaci\u00f3n gracias a la intervenci\u00f3n de la comunidad internacional latinoamericana y mediante la firma de un convenio en Lima, la capital del Per\u00fa, con el consabido apret\u00f3n de manos, los correspondientes abrazos y las inevitables copas de champa\u00f1a.<\/p>\n<p>&nbsp;<\/p>\n<div id=\"attachment_1768\" style=\"width: 486px\" class=\"wp-caption aligncenter\"><img loading=\"lazy\" decoding=\"async\" aria-describedby=\"caption-attachment-1768\" class=\"size-full wp-image-1768\" title=\"La guerra del f\u00fatbol. Recibimiento popular a las tropas salvadore\u00f1as en El Salvador\" src=\"https:\/\/lapiedrafilosofal.com\/wp-content\/uploads\/2011\/10\/La-guerra-del-f\u00fatbol.-Recibimiento-popular-a-las-tropas-salvadore\u00f1as-en-El-Salvador2.jpg\" alt=\"\" width=\"476\" height=\"317\" srcset=\"https:\/\/oscarhumbertogomez.com\/wp-content\/uploads\/2011\/10\/La-guerra-del-f\u00fatbol.-Recibimiento-popular-a-las-tropas-salvadore\u00f1as-en-El-Salvador2.jpg 476w, https:\/\/oscarhumbertogomez.com\/wp-content\/uploads\/2011\/10\/La-guerra-del-f\u00fatbol.-Recibimiento-popular-a-las-tropas-salvadore\u00f1as-en-El-Salvador2-300x199.jpg 300w\" sizes=\"auto, (max-width: 476px) 100vw, 476px\" \/><p id=\"caption-attachment-1768\" class=\"wp-caption-text\">LA GUERRA DEL F\u00daTBOL. 1969. RECIBIMIENTO POPULAR A LAS TROPAS SALVADORE\u00d1AS EN SAN SALVADOR<\/p><\/div>\n<p>&nbsp;<\/p>\n<p>Sin embargo, hay que anotar que, m\u00e1s all\u00e1 del f\u00fatbol, realmente en el fondo el enfrentamiento b\u00e9lico tuvo unas ra\u00edces sociales muy hondas. Trescientos mil campesinos salvadore\u00f1os despose\u00eddos y sin esperanzas de redenci\u00f3n econ\u00f3mica en su patria, debido a que en ella la tierra estaba en manos de unos cuantos clanes, hab\u00edan emigrado desde mucho tiempo atr\u00e1s a Honduras y se hab\u00edan establecido all\u00ed, a ciencia y paciencia de las autoridades, en tierras que ya constitu\u00edan su hogar y el de los suyos cuando se conoci\u00f3 la decisi\u00f3n del gobierno hondure\u00f1o de efectuar una redistribuci\u00f3n de la tierra entre el campesinado pobre, pero sin tocar los poderosos intereses de la United Fruit Company y de los grandes latifundistas, sino precisamente la tierra que ocupaban los campesinos salvadore\u00f1os, a quienes se les notific\u00f3, entonces, que deb\u00edan retornar a El Salvador, perspectiva que para el gobierno de este pa\u00eds resultaba completamente inconveniente ya que hac\u00eda vislumbrar la posibilidad de que estallara all\u00ed un peligroso polvor\u00edn social. Los insultos mutuos se desencadenaron de inmediato y fueron haci\u00e9ndose cada vez m\u00e1s agresivos. La prensa de ambos pa\u00edses aliment\u00f3 el odio nacionalista y se hicieron p\u00fablicos vocablos ofensivos como el de \u201cenanos\u201d, \u201cagresores\u201d, \u201cladrones\u201d, \u201cs\u00e1dicos\u201d y \u201cborrachos\u201d para referirse a sus vecinos. En medio de esas crecientes tensiones tuvieron que jugarse los partidos de f\u00fatbol clasificatorios para el Mundial. El marco sociopol\u00edtico hostil que se ha expuesto, y no solamente el ya conocido fanatismo de buena parte de los seguidores de este deporte, explica, pues, la multitudinaria hostilidad frente al hotel de Tegucigalpa contra la selecci\u00f3n de El Salvador y el desquite similar alrededor del hotel de San Salvador contra la selecci\u00f3n de Honduras.<\/p>\n<p>&nbsp;<\/p>\n<div id=\"attachment_1714\" style=\"width: 410px\" class=\"wp-caption aligncenter\"><img loading=\"lazy\" decoding=\"async\" aria-describedby=\"caption-attachment-1714\" class=\"size-full wp-image-1714\" title=\"La guerra del f\u00fatbol V\" src=\"https:\/\/lapiedrafilosofal.com\/wp-content\/uploads\/2011\/10\/La-guerra-del-f\u00fatbol-V.jpg\" alt=\"\" width=\"400\" height=\"319\" srcset=\"https:\/\/oscarhumbertogomez.com\/wp-content\/uploads\/2011\/10\/La-guerra-del-f\u00fatbol-V.jpg 400w, https:\/\/oscarhumbertogomez.com\/wp-content\/uploads\/2011\/10\/La-guerra-del-f\u00fatbol-V-300x239.jpg 300w\" sizes=\"auto, (max-width: 400px) 100vw, 400px\" \/><p id=\"caption-attachment-1714\" class=\"wp-caption-text\">LA GUERRA DEL FUTBOL. 1969. MONUMENTO AL SOLDADO CA\u00cdDO. NUEVA OCOTEPEQUE, HONDURAS.<\/p><\/div>\n<p>&nbsp;<\/p>\n<p>De que la Guerra del F\u00fatbol fue un sacrificio en vano, como el de la mayor\u00eda de las guerras, me parece suficiente demostraci\u00f3n el que hoy, cuarenta y dos a\u00f1os despu\u00e9s, casi nadie se acuerde de ella, o incluso mucha gente ni siquiera sepa que la hubo, y se haya pensado, cuando la nombr\u00e9, que se trataba de esa otra guerra que, repito, arman los seguidores de los equipos de f\u00fatbol colombianos, argentinos y del resto del continente cada vez que sus clubes se enfrentan en las canchas.<\/p>\n<p>Guerra tan est\u00fapida como la otra.<\/p>\n<p>Y, por supuesto, igual o peor de in\u00fatil.<\/p>\n<p>&nbsp;<\/p>\n<div id=\"attachment_1742\" style=\"width: 310px\" class=\"wp-caption aligncenter\"><img loading=\"lazy\" decoding=\"async\" aria-describedby=\"caption-attachment-1742\" class=\"size-medium wp-image-1742\" title=\"LA GUERRA DEL F\u00daTBOL. VETERANOS DE LA GUERRA.\" src=\"https:\/\/lapiedrafilosofal.com\/wp-content\/uploads\/2011\/10\/LA-GUERRA-DEL-F\u00daRBOL.-VETERANOS-DE-LA-GUERRA.--300x225.jpg\" alt=\"\" width=\"300\" height=\"225\" srcset=\"https:\/\/oscarhumbertogomez.com\/wp-content\/uploads\/2011\/10\/LA-GUERRA-DEL-F\u00daRBOL.-VETERANOS-DE-LA-GUERRA.--300x225.jpg 300w, https:\/\/oscarhumbertogomez.com\/wp-content\/uploads\/2011\/10\/LA-GUERRA-DEL-F\u00daRBOL.-VETERANOS-DE-LA-GUERRA.-.jpg 640w\" sizes=\"auto, (max-width: 300px) 100vw, 300px\" \/><p id=\"caption-attachment-1742\" class=\"wp-caption-text\">LA GUERRA DEL F\u00daTBOL. VETERANOS DE GUERRA<\/p><\/div>\n<p>&nbsp;<\/p>\n<div id=\"attachment_1744\" style=\"width: 308px\" class=\"wp-caption aligncenter\"><img loading=\"lazy\" decoding=\"async\" aria-describedby=\"caption-attachment-1744\" class=\"size-medium wp-image-1744\" title=\"LA GUERRA DEL F\u00daTBOL. 1969.\" src=\"https:\/\/lapiedrafilosofal.com\/wp-content\/uploads\/2011\/10\/LA-GUERRA-DEL-F\u00daTBOL.-1969.--298x300.jpg\" alt=\"\" width=\"298\" height=\"300\" srcset=\"https:\/\/oscarhumbertogomez.com\/wp-content\/uploads\/2011\/10\/LA-GUERRA-DEL-F\u00daTBOL.-1969.--298x300.jpg 298w, https:\/\/oscarhumbertogomez.com\/wp-content\/uploads\/2011\/10\/LA-GUERRA-DEL-F\u00daTBOL.-1969.--150x150.jpg 150w, https:\/\/oscarhumbertogomez.com\/wp-content\/uploads\/2011\/10\/LA-GUERRA-DEL-F\u00daTBOL.-1969.-.jpg 318w\" sizes=\"auto, (max-width: 298px) 100vw, 298px\" \/><p id=\"caption-attachment-1744\" class=\"wp-caption-text\">LA GUERRA DEL F\u00daTBOL. 1969. MAPA<\/p><\/div>\n<p>&nbsp;<\/p>\n<div id=\"attachment_1745\" style=\"width: 330px\" class=\"wp-caption aligncenter\"><img loading=\"lazy\" decoding=\"async\" aria-describedby=\"caption-attachment-1745\" class=\"size-full wp-image-1745\" title=\"LA GUERRA DEL F\u00daTBOL. 1969. DESFILE DE TROPAS RUMBO AL COMBATE.\" src=\"https:\/\/lapiedrafilosofal.com\/wp-content\/uploads\/2011\/10\/LA-GUERRA-DEL-F\u00daTBOL.-1969.-DESFILE-DE-TROPAS-RUMBO-AL-COMBATE..jpg\" alt=\"\" width=\"320\" height=\"206\" srcset=\"https:\/\/oscarhumbertogomez.com\/wp-content\/uploads\/2011\/10\/LA-GUERRA-DEL-F\u00daTBOL.-1969.-DESFILE-DE-TROPAS-RUMBO-AL-COMBATE..jpg 320w, https:\/\/oscarhumbertogomez.com\/wp-content\/uploads\/2011\/10\/LA-GUERRA-DEL-F\u00daTBOL.-1969.-DESFILE-DE-TROPAS-RUMBO-AL-COMBATE.-300x193.jpg 300w\" sizes=\"auto, (max-width: 320px) 100vw, 320px\" \/><p id=\"caption-attachment-1745\" class=\"wp-caption-text\">LA GUERRA DEL F\u00daTBOL. 1969. DESFILE DE TROPAS RUMBO AL COMBATE<\/p><\/div>\n<p>&nbsp;<\/p>\n<div id=\"attachment_1746\" style=\"width: 310px\" class=\"wp-caption aligncenter\"><img loading=\"lazy\" decoding=\"async\" aria-describedby=\"caption-attachment-1746\" class=\"size-full wp-image-1746\" title=\"LA GUERRA DEL F\u00daTBOL. 1969. EL EQUIPO SALVADORE\u00d1O CELEBRA EL GOL DEL TRIUNFO. DESPU\u00c9S VINO LA GUERRA.\" src=\"https:\/\/lapiedrafilosofal.com\/wp-content\/uploads\/2011\/10\/LA-GUERRA-DEL-F\u00daTBOL.-1969.-EL-EQUIPO-SALVADORE\u00d1O-CELEBRA-EL-DESEMPATE.-EN-SEGUIDA-VINO-LA-GUERRA.-.jpg\" alt=\"\" width=\"300\" height=\"215\"><p id=\"caption-attachment-1746\" class=\"wp-caption-text\">LA GUERRA DEL F\u00daTBOL. 1969. EL EQUIPO SALVADORE\u00d1O CELEBRA EL GOL DEL TRIUNFO. DESPU\u00c9S VINO LA GUERRA.<\/p><\/div>\n<div id=\"attachment_1748\" style=\"width: 410px\" class=\"wp-caption aligncenter\"><img loading=\"lazy\" decoding=\"async\" aria-describedby=\"caption-attachment-1748\" class=\"size-full wp-image-1748\" title=\"LA GUERRA DEL F\u00daTBOL. 1969. EN LA TRINCHERA.\" src=\"https:\/\/lapiedrafilosofal.com\/wp-content\/uploads\/2011\/10\/LA-GUERRA-DEL-F\u00daTBOL.-1969.-EN-LA-TRINCHERA.-.jpg\" alt=\"\" width=\"400\" height=\"264\" srcset=\"https:\/\/oscarhumbertogomez.com\/wp-content\/uploads\/2011\/10\/LA-GUERRA-DEL-F\u00daTBOL.-1969.-EN-LA-TRINCHERA.-.jpg 400w, https:\/\/oscarhumbertogomez.com\/wp-content\/uploads\/2011\/10\/LA-GUERRA-DEL-F\u00daTBOL.-1969.-EN-LA-TRINCHERA.--300x198.jpg 300w\" sizes=\"auto, (max-width: 400px) 100vw, 400px\" \/><p id=\"caption-attachment-1748\" class=\"wp-caption-text\">LA GUERRA DEL F\u00daTBOL. 1969. EN LA TRINCHERA.<\/p><\/div>\n<p>&nbsp;<\/p>\n<div id=\"attachment_1749\" style=\"width: 260px\" class=\"wp-caption aligncenter\"><img loading=\"lazy\" decoding=\"async\" aria-describedby=\"caption-attachment-1749\" class=\"size-full wp-image-1749\" title=\"LA GUERRA DEL F\u00daTBOL. 1969. UN MILITAR HONDURE\u00d1O FRENTE A RUINAS DEJADAS POR LOS COMBATES.\" src=\"https:\/\/lapiedrafilosofal.com\/wp-content\/uploads\/2011\/10\/LA-GUERRA-DEL-F\u00daTBOL.-1969.-UN-MILITAR-HONDURE\u00d1O-FRENTE-A-RUINAS-DEJADAS-POR-LOS-COMBATES.-.jpg\" alt=\"\" width=\"250\" height=\"289\"><p id=\"caption-attachment-1749\" class=\"wp-caption-text\">LA GUERRA DEL F\u00daTBOL. 1969. UN MILITAR HONDURE\u00d1O FRENTE A RUINAS<\/p><\/div>\n<p>&nbsp;<\/p>\n<div id=\"attachment_1750\" style=\"width: 210px\" class=\"wp-caption aligncenter\"><img loading=\"lazy\" decoding=\"async\" aria-describedby=\"caption-attachment-1750\" class=\"size-full wp-image-1750\" title=\"LA GUERRA DEL F\u00daTBOL. 1969. TROPAS A CABALLO.\" src=\"https:\/\/lapiedrafilosofal.com\/wp-content\/uploads\/2011\/10\/LA-GUERRA-DEL-F\u00daTBOL.-1969.-TROPAS-A-CABALLO.-.jpg\" alt=\"\" width=\"200\" height=\"195\"><p id=\"caption-attachment-1750\" class=\"wp-caption-text\">LA GUERRA DEL F\u00daTBOL. 1969. TROPAS A CABALLO.<\/p><\/div>\n<p>&nbsp;<\/p>\n<div id=\"attachment_1751\" style=\"width: 510px\" class=\"wp-caption aligncenter\"><img loading=\"lazy\" decoding=\"async\" aria-describedby=\"caption-attachment-1751\" class=\"size-full wp-image-1751\" title=\"LA GUERRA DEL F\u00daTBOL. 1969. SELECCI\u00d3N DE EL SALVADOR.\" src=\"https:\/\/lapiedrafilosofal.com\/wp-content\/uploads\/2011\/10\/LA-GUERRA-DEL-F\u00daTBOL.-1969.-SELECCI\u00d3N-DE-EL-SALVADOR.-.jpg\" alt=\"\" width=\"500\" height=\"318\" srcset=\"https:\/\/oscarhumbertogomez.com\/wp-content\/uploads\/2011\/10\/LA-GUERRA-DEL-F\u00daTBOL.-1969.-SELECCI\u00d3N-DE-EL-SALVADOR.-.jpg 500w, https:\/\/oscarhumbertogomez.com\/wp-content\/uploads\/2011\/10\/LA-GUERRA-DEL-F\u00daTBOL.-1969.-SELECCI\u00d3N-DE-EL-SALVADOR.--300x190.jpg 300w\" sizes=\"auto, (max-width: 500px) 100vw, 500px\" \/><p id=\"caption-attachment-1751\" class=\"wp-caption-text\">LA GUERRA DEL F\u00daTBOL. 1969. SELECCI\u00d3N DE EL SALVADOR.<\/p><\/div>\n<p>&nbsp;<\/p>\n<div id=\"attachment_1754\" style=\"width: 349px\" class=\"wp-caption aligncenter\"><img loading=\"lazy\" decoding=\"async\" aria-describedby=\"caption-attachment-1754\" class=\"size-full wp-image-1754\" title=\"LA GUERRA DEL F\u00daTBOL. CARICATURA DE LA \u00c9POCA. AN\u00d3NIMO.\" src=\"https:\/\/lapiedrafilosofal.com\/wp-content\/uploads\/2011\/10\/LA-GUERRA-DEL-F\u00daTBOL.-CARICATURA-DE-LA-\u00c9POCA.-AN\u00d3NIMO.-.jpg\" alt=\"\" width=\"339\" height=\"440\" srcset=\"https:\/\/oscarhumbertogomez.com\/wp-content\/uploads\/2011\/10\/LA-GUERRA-DEL-F\u00daTBOL.-CARICATURA-DE-LA-\u00c9POCA.-AN\u00d3NIMO.-.jpg 339w, https:\/\/oscarhumbertogomez.com\/wp-content\/uploads\/2011\/10\/LA-GUERRA-DEL-F\u00daTBOL.-CARICATURA-DE-LA-\u00c9POCA.-AN\u00d3NIMO.--231x300.jpg 231w\" sizes=\"auto, (max-width: 339px) 100vw, 339px\" \/><p id=\"caption-attachment-1754\" class=\"wp-caption-text\">LA GUERRA DEL F\u00daTBOL. 1969. CARICATURA DE LA \u00c9POCA. AN\u00d3NIMO.<\/p><\/div>\n<p>&nbsp;<\/p>\n<div id=\"attachment_1756\" style=\"width: 236px\" class=\"wp-caption aligncenter\"><img loading=\"lazy\" decoding=\"async\" aria-describedby=\"caption-attachment-1756\" class=\"size-full wp-image-1756\" title=\"LA GUERRA DEL F\u00daTBOL. EL GOL DETONANTE\" src=\"https:\/\/lapiedrafilosofal.com\/wp-content\/uploads\/2011\/10\/LA-GUERRA-DEL-F\u00daTBOL.-EL-GOL-DETONANTE.jpg\" alt=\"\" width=\"226\" height=\"170\"><p id=\"caption-attachment-1756\" class=\"wp-caption-text\">LA GUERRA DEL F\u00daTBOL. EL GOL DETONANTE EN PORTADA DE UN PERI\u00d3DICO MEXICANO<\/p><\/div>\n<p>&nbsp;<\/p>\n<div id=\"attachment_1757\" style=\"width: 236px\" class=\"wp-caption aligncenter\"><img loading=\"lazy\" decoding=\"async\" aria-describedby=\"caption-attachment-1757\" class=\"size-full wp-image-1757\" title=\"LA GUERRA DEL F\u00daTBOL. 1969. MAURICIO &quot;PIPO&quot; RODR\u00cdGUEZ, AUTOR DEL GOL DETONANTE.\" src=\"https:\/\/lapiedrafilosofal.com\/wp-content\/uploads\/2011\/10\/LA-GUERRA-DEL-F\u00daTBOL.-1969.-MAURICIO-PIPO-RODR\u00cdGUEZ-AUTOR-DEL-GOL-DETONANTE..jpg\" alt=\"\" width=\"226\" height=\"170\"><p id=\"caption-attachment-1757\" class=\"wp-caption-text\">LA GUERRA DEL F\u00daTBOL. MAURICIO PIPO RODR\u00cdGUEZ, AUTOR DEL GOL DETONANTE<\/p><\/div>\n<p>&nbsp;<\/p>\n<div id=\"attachment_1758\" style=\"width: 486px\" class=\"wp-caption aligncenter\"><img loading=\"lazy\" decoding=\"async\" aria-describedby=\"caption-attachment-1758\" class=\"size-full wp-image-1758\" title=\"LA GUERRA DEL F\u00daTBOL. 1969. FIRMA DE CONSTANCIAS SOBRE NO MALTRATO DE CIVILES.\" src=\"https:\/\/lapiedrafilosofal.com\/wp-content\/uploads\/2011\/10\/LA-GUERRA-DEL-F\u00daTBOL.-1969.-FIRMA-DE-CONSTANCIAS-SOBRE-NO-MALTRATO-DE-CIVILES.-.jpg\" alt=\"\" width=\"476\" height=\"317\" srcset=\"https:\/\/oscarhumbertogomez.com\/wp-content\/uploads\/2011\/10\/LA-GUERRA-DEL-F\u00daTBOL.-1969.-FIRMA-DE-CONSTANCIAS-SOBRE-NO-MALTRATO-DE-CIVILES.-.jpg 476w, https:\/\/oscarhumbertogomez.com\/wp-content\/uploads\/2011\/10\/LA-GUERRA-DEL-F\u00daTBOL.-1969.-FIRMA-DE-CONSTANCIAS-SOBRE-NO-MALTRATO-DE-CIVILES.--300x199.jpg 300w\" sizes=\"auto, (max-width: 476px) 100vw, 476px\" \/><p id=\"caption-attachment-1758\" class=\"wp-caption-text\">LA GUERRA DEL F\u00daTBOL. 1969. FIRMA DE CONSTANCIAS SOBRE NO MALTRATO A CIVILES<\/p><\/div>\n<p>&nbsp;<\/p>\n<div id=\"attachment_1759\" style=\"width: 411px\" class=\"wp-caption aligncenter\"><img loading=\"lazy\" decoding=\"async\" aria-describedby=\"caption-attachment-1759\" class=\"size-full wp-image-1759\" title=\"LA GUERRA DEL F\u00daTBOL. 1969. INFORME DE PRENSA DE LA \u00c9POCA.\" src=\"https:\/\/lapiedrafilosofal.com\/wp-content\/uploads\/2011\/10\/LA-GUERRA-DEL-F\u00daTBOL.-1969.-INFORME-DE-PRENSA-DE-LA-\u00c9POCA.-.jpg\" alt=\"\" width=\"401\" height=\"440\" srcset=\"https:\/\/oscarhumbertogomez.com\/wp-content\/uploads\/2011\/10\/LA-GUERRA-DEL-F\u00daTBOL.-1969.-INFORME-DE-PRENSA-DE-LA-\u00c9POCA.-.jpg 401w, https:\/\/oscarhumbertogomez.com\/wp-content\/uploads\/2011\/10\/LA-GUERRA-DEL-F\u00daTBOL.-1969.-INFORME-DE-PRENSA-DE-LA-\u00c9POCA.--273x300.jpg 273w\" sizes=\"auto, (max-width: 401px) 100vw, 401px\" \/><p id=\"caption-attachment-1759\" class=\"wp-caption-text\">LA GUERRA DEL F\u00daTBOL. 1969. INFORME DE PRENSA DE LA \u00c9POCA<\/p><\/div>\n<p>&nbsp;<\/p>\n<div id=\"attachment_1764\" style=\"width: 350px\" class=\"wp-caption aligncenter\"><img loading=\"lazy\" decoding=\"async\" aria-describedby=\"caption-attachment-1764\" class=\"size-full wp-image-1764\" title=\"GUERRA DEL F\u00daTBOL. EL GOL DE PIPO RODR\u00cdGUEZ AL ARQUERO VARELA\" src=\"https:\/\/lapiedrafilosofal.com\/wp-content\/uploads\/2011\/10\/GUERRA-DEL-F\u00daTBOL.-EL-GOL-DE-PIPO-RODR\u00cdGUEZ-AL-ARQUERO-VARELA.jpg\" alt=\"\" width=\"340\" height=\"250\" srcset=\"https:\/\/oscarhumbertogomez.com\/wp-content\/uploads\/2011\/10\/GUERRA-DEL-F\u00daTBOL.-EL-GOL-DE-PIPO-RODR\u00cdGUEZ-AL-ARQUERO-VARELA.jpg 340w, https:\/\/oscarhumbertogomez.com\/wp-content\/uploads\/2011\/10\/GUERRA-DEL-F\u00daTBOL.-EL-GOL-DE-PIPO-RODR\u00cdGUEZ-AL-ARQUERO-VARELA-300x220.jpg 300w\" sizes=\"auto, (max-width: 340px) 100vw, 340px\" \/><p id=\"caption-attachment-1764\" class=\"wp-caption-text\">GUERRA DEL F\u00daTBOL. 1969. EL GOL DE PIPO RODR\u00cdGUEZ AL ARQUERO VARELA<\/p><\/div>\n<p>&nbsp;<\/p>\n<div id=\"attachment_1765\" style=\"width: 350px\" class=\"wp-caption aligncenter\"><img loading=\"lazy\" decoding=\"async\" aria-describedby=\"caption-attachment-1765\" class=\"size-full wp-image-1765\" title=\"LA GUERRA DEL F\u00daTBOL. 1969. JUGADORES DE HONDURAS CON EL ROSTRO DE LA DERROTA Y LA ELIMINACI\u00d3N AL MUNDIAL. EL PROPIO EMBAJADOR FUE AL CAMERINO A ADVERTIRLES LO QUE SE IBA A VENIR ENCIMA\" src=\"https:\/\/lapiedrafilosofal.com\/wp-content\/uploads\/2011\/10\/LA-GUERRA-DEL-F\u00daTBOL.-1969.-JUGADORES-DE-HONDURAS-CON-EL-ROSTRO-DE-LA-DERROTA-Y-LA-ELIMINACI\u00d3N-AL-MUNDIAL.-EL-PROPIO-EMBAJADOR-FUE-AL-CAMERINO-A-ADVERTIRLES-LO-QUE-SE-IBA-A-VENIR-ENCIMA.jpg\" alt=\"\" width=\"340\" height=\"250\" srcset=\"https:\/\/oscarhumbertogomez.com\/wp-content\/uploads\/2011\/10\/LA-GUERRA-DEL-F\u00daTBOL.-1969.-JUGADORES-DE-HONDURAS-CON-EL-ROSTRO-DE-LA-DERROTA-Y-LA-ELIMINACI\u00d3N-AL-MUNDIAL.-EL-PROPIO-EMBAJADOR-FUE-AL-CAMERINO-A-ADVERTIRLES-LO-QUE-SE-IBA-A-VENIR-ENCIMA.jpg 340w, https:\/\/oscarhumbertogomez.com\/wp-content\/uploads\/2011\/10\/LA-GUERRA-DEL-F\u00daTBOL.-1969.-JUGADORES-DE-HONDURAS-CON-EL-ROSTRO-DE-LA-DERROTA-Y-LA-ELIMINACI\u00d3N-AL-MUNDIAL.-EL-PROPIO-EMBAJADOR-FUE-AL-CAMERINO-A-ADVERTIRLES-LO-QUE-SE-IBA-A-VENIR-ENCIMA-300x220.jpg 300w\" sizes=\"auto, (max-width: 340px) 100vw, 340px\" \/><p id=\"caption-attachment-1765\" class=\"wp-caption-text\">LA GUERRA DEL F\u00daTBOL. 1969. JUGADORES DE HONDURAS CON EL ROSTRO DE LA DERROTA Y LA ELIMINACI\u00d3N AL MUNDIAL. EL PROPIO EMBAJADOR DE HONDURAS EN M\u00c9XICO FUE AL CAMERINO A ADVERTIRLES LO QUE SE IBA A VENIR ENCIMA<\/p><\/div>\n<p>&nbsp;<\/p>\n<div id=\"attachment_1760\" style=\"width: 450px\" class=\"wp-caption aligncenter\"><img loading=\"lazy\" decoding=\"async\" aria-describedby=\"caption-attachment-1760\" class=\"size-full wp-image-1760\" title=\"LA GUERRA DEL F\u00daTBOL. 1969. LUEGO DE DEJAR 6.000 MUERTOS, EL CONFLICTO TERMINA EN APRET\u00d3N DE MANOS. \" src=\"https:\/\/lapiedrafilosofal.com\/wp-content\/uploads\/2011\/10\/LA-GUERRA-DEL-F\u00daTBOL.-1969.-LUEGO-DE-DEJAR-6.000-MUERTOS-EL-CONFLICTO-TERMINA-EN-UN-APRET\u00d3N-DE-MANOS.-LIMA-PER\u00da.-30-DE-OCTUBRE-DE-1969.-.jpg\" alt=\"\" width=\"440\" height=\"292\" srcset=\"https:\/\/oscarhumbertogomez.com\/wp-content\/uploads\/2011\/10\/LA-GUERRA-DEL-F\u00daTBOL.-1969.-LUEGO-DE-DEJAR-6.000-MUERTOS-EL-CONFLICTO-TERMINA-EN-UN-APRET\u00d3N-DE-MANOS.-LIMA-PER\u00da.-30-DE-OCTUBRE-DE-1969.-.jpg 440w, https:\/\/oscarhumbertogomez.com\/wp-content\/uploads\/2011\/10\/LA-GUERRA-DEL-F\u00daTBOL.-1969.-LUEGO-DE-DEJAR-6.000-MUERTOS-EL-CONFLICTO-TERMINA-EN-UN-APRET\u00d3N-DE-MANOS.-LIMA-PER\u00da.-30-DE-OCTUBRE-DE-1969.--300x199.jpg 300w\" sizes=\"auto, (max-width: 440px) 100vw, 440px\" \/><p id=\"caption-attachment-1760\" class=\"wp-caption-text\">LA GUERRA DEL F\u00daTBOL. 1969. LUEGO DE DEJAR 6.000 MUERTOS, EL CONFLICTO TERMINA EN UN APRET\u00d3N DE MANOS<\/p><\/div>\n<p>&nbsp;<\/p>\n","protected":false},"excerpt":{"rendered":"<p>&nbsp; Al lado de la Guerra de las Malvinas y de la Guerra del Chaco, la Guerra del F\u00fatbol ha sido uno de los conflictos b\u00e9licos que han tenido como escenario a territorios de esta martirizada Am\u00e9rica Latina. No me &hellip; <a href=\"https:\/\/oscarhumbertogomez.com\/?p=1707\">Sigue leyendo <span class=\"meta-nav\">&rarr;<\/span><\/a><\/p>\n<div class='heateorSssClear'><\/div><div  class='heateor_sss_sharing_container heateor_sss_horizontal_sharing' heateor-sss-data-href='https:\/\/oscarhumbertogomez.com\/?p=1707'><div class='heateor_sss_sharing_title' style=\"font-weight:bold\" >\u00a1Gracias por compartirla!<\/div><ul class=\"heateor_sss_sharing_ul\"><li class=\"heateorSssSharingRound\"><i style=\"width:35px;height:35px;border-radius:999px;\" alt=\"Facebook\" Title=\"Facebook\" class=\"heateorSssSharing heateorSssFacebookBackground\" onclick='heateorSssPopup(\"https:\/\/www.facebook.com\/sharer\/sharer.php?u=https%3A%2F%2Foscarhumbertogomez.com%2Findex.php%3Frest_route%3D%252Fwp%252Fv2%252Fposts%252F1707\")'><ss style=\"display:block;border-radius:999px;\" class=\"heateorSssSharingSvg heateorSssFacebookSvg\"><\/ss><\/i><\/li><li class=\"heateorSssSharingRound\"><i style=\"width:35px;height:35px;border-radius:999px;\" alt=\"Twitter\" Title=\"Twitter\" class=\"heateorSssSharing heateorSssTwitterBackground\" onclick='heateorSssPopup(\"http:\/\/twitter.com\/intent\/tweet?text=Historia%20de%20Am%C3%A9rica%20Latina.%20LA%20GUERRA%20DEL%20F%C3%9ATBOL.%20Por%20%C3%93scar%20Humberto%20G%C3%B3mez%20G%C3%B3mez%2C%20Miembro%20Correspondiente%20de%20la%20Academia%20de%20Historia%20de%20Santander&url=https%3A%2F%2Foscarhumbertogomez.com%2Findex.php%3Frest_route%3D%252Fwp%252Fv2%252Fposts%252F1707\")'><ss style=\"display:block;border-radius:999px;\" class=\"heateorSssSharingSvg heateorSssTwitterSvg\"><\/ss><\/i><\/li><li class=\"heateorSssSharingRound\"><i style=\"width:35px;height:35px;border-radius:999px;\" alt=\"Whatsapp\" Title=\"Whatsapp\" class=\"heateorSssSharing heateorSssWhatsappBackground\" onclick='heateorSssPopup(\"https:\/\/web.whatsapp.com\/send?text=Historia%20de%20Am%C3%A9rica%20Latina.%20LA%20GUERRA%20DEL%20F%C3%9ATBOL.%20Por%20%C3%93scar%20Humberto%20G%C3%B3mez%20G%C3%B3mez%2C%20Miembro%20Correspondiente%20de%20la%20Academia%20de%20Historia%20de%20Santander https%3A%2F%2Foscarhumbertogomez.com%2Findex.php%3Frest_route%3D%252Fwp%252Fv2%252Fposts%252F1707\")'><ss style=\"display:block\" class=\"heateorSssSharingSvg heateorSssWhatsappSvg\"><\/ss><\/i><\/li><li class=\"heateorSssSharingRound\"><i style=\"width:35px;height:35px;border-radius:999px;\" alt=\"Pinterest\" Title=\"Pinterest\" class=\"heateorSssSharing heateorSssPinterestBackground\" onclick=\"javascript:void( (function() {var e=document.createElement('script' );e.setAttribute('type','text\/javascript' );e.setAttribute('charset','UTF-8' );e.setAttribute('src','\/\/assets.pinterest.com\/js\/pinmarklet.js?r='+Math.random()*99999999);document.body.appendChild(e)})());\"><ss style=\"display:block;border-radius:999px;\" class=\"heateorSssSharingSvg heateorSssPinterestSvg\"><\/ss><\/i><\/li><li class=\"heateorSssSharingRound\"><i style=\"width:35px;height:35px;border-radius:999px;\" alt=\"Google Gmail\" Title=\"Google Gmail\" class=\"heateorSssSharing heateorSssGoogleGmailBackground\" onclick='heateorSssPopup(\"https:\/\/mail.google.com\/mail\/?ui=2&view=cm&fs=1&tf=1&su=Historia%20de%20Am%C3%A9rica%20Latina.%20LA%20GUERRA%20DEL%20F%C3%9ATBOL.%20Por%20%C3%93scar%20Humberto%20G%C3%B3mez%20G%C3%B3mez%2C%20Miembro%20Correspondiente%20de%20la%20Academia%20de%20Historia%20de%20Santander&body=Link:https%3A%2F%2Foscarhumbertogomez.com%2Findex.php%3Frest_route%3D%252Fwp%252Fv2%252Fposts%252F1707\")'><ss style=\"display:block;border-radius:999px;\" class=\"heateorSssSharingSvg heateorSssGoogleGmailSvg\"><\/ss><\/i><\/li><li class=\"heateorSssSharingRound\"><i style=\"width:35px;height:35px;border-radius:999px;\" title=\"More\" alt=\"More\" class=\"heateorSssSharing heateorSssMoreBackground\" onclick=\"heateorSssMoreSharingPopup(this, 'https:\/\/oscarhumbertogomez.com\/index.php?rest_route=%2Fwp%2Fv2%2Fposts%2F1707', 'Historia%20de%20Am%C3%A9rica%20Latina.%20LA%20GUERRA%20DEL%20F%C3%9ATBOL.%20Por%20%C3%93scar%20Humberto%20G%C3%B3mez%20G%C3%B3mez%2C%20Miembro%20Correspondiente%20de%20la%20Academia%20de%20Historia%20de%20Santander', '' )\" ><ss style=\"display:block\" class=\"heateorSssSharingSvg heateorSssMoreSvg\"><\/ss><\/i><\/li><\/ul><div class=\"heateorSssClear\"><\/div><\/div><div class='heateorSssClear'><\/div>","protected":false},"author":2,"featured_media":0,"comment_status":"closed","ping_status":"closed","sticky":false,"template":"","format":"standard","meta":{"spay_email":"","footnotes":""},"categories":[12],"tags":[],"class_list":["post-1707","post","type-post","status-publish","format-standard","hentry","category-historia"],"jetpack_featured_media_url":"","jetpack_shortlink":"https:\/\/wp.me\/p1FYrr-rx","_links":{"self":[{"href":"https:\/\/oscarhumbertogomez.com\/index.php?rest_route=\/wp\/v2\/posts\/1707","targetHints":{"allow":["GET"]}}],"collection":[{"href":"https:\/\/oscarhumbertogomez.com\/index.php?rest_route=\/wp\/v2\/posts"}],"about":[{"href":"https:\/\/oscarhumbertogomez.com\/index.php?rest_route=\/wp\/v2\/types\/post"}],"author":[{"embeddable":true,"href":"https:\/\/oscarhumbertogomez.com\/index.php?rest_route=\/wp\/v2\/users\/2"}],"replies":[{"embeddable":true,"href":"https:\/\/oscarhumbertogomez.com\/index.php?rest_route=%2Fwp%2Fv2%2Fcomments&post=1707"}],"version-history":[{"count":5,"href":"https:\/\/oscarhumbertogomez.com\/index.php?rest_route=\/wp\/v2\/posts\/1707\/revisions"}],"predecessor-version":[{"id":52166,"href":"https:\/\/oscarhumbertogomez.com\/index.php?rest_route=\/wp\/v2\/posts\/1707\/revisions\/52166"}],"wp:attachment":[{"href":"https:\/\/oscarhumbertogomez.com\/index.php?rest_route=%2Fwp%2Fv2%2Fmedia&parent=1707"}],"wp:term":[{"taxonomy":"category","embeddable":true,"href":"https:\/\/oscarhumbertogomez.com\/index.php?rest_route=%2Fwp%2Fv2%2Fcategories&post=1707"},{"taxonomy":"post_tag","embeddable":true,"href":"https:\/\/oscarhumbertogomez.com\/index.php?rest_route=%2Fwp%2Fv2%2Ftags&post=1707"}],"curies":[{"name":"wp","href":"https:\/\/api.w.org\/{rel}","templated":true}]}}