{"id":17284,"date":"2015-08-01T11:00:12","date_gmt":"2015-08-01T16:00:12","guid":{"rendered":"http:\/\/www.oscarhumbertogomez.com\/?p=17284"},"modified":"2025-02-07T09:41:58","modified_gmt":"2025-02-07T14:41:58","slug":"murio-don-rafael-gutierrez-ribero","status":"publish","type":"post","link":"https:\/\/oscarhumbertogomez.com\/?p=17284","title":{"rendered":"Muri\u00f3 don Rafael Guti\u00e9rrez Ribero. Porr \u00d3scar Humberto G\u00f3mez G\u00f3mez"},"content":{"rendered":"<div id=\"attachment_17285\" style=\"width: 2602px\" class=\"wp-caption aligncenter\"><a href=\"https:\/\/lapiedrafilosofal.com\/wp-content\/uploads\/2015\/08\/IMG_4155.jpg\"><img loading=\"lazy\" decoding=\"async\" aria-describedby=\"caption-attachment-17285\" class=\"size-full wp-image-17285\" src=\"https:\/\/lapiedrafilosofal.com\/wp-content\/uploads\/2015\/08\/IMG_4155.jpg\" alt=\"DON RAFAEL GUTI\u00c9RREZ RIBERO JUNTO CON SU SE\u00d1ORA ESPOSA DO\u00d1A LEONOR SOLANO DE GUTI\u00c9RREZ Y SUS HIJOS EN LA CELEBRACI\u00d3N DE SUS OCHENTA A\u00d1OS. [Cortes\u00eda: Carlos Julio Manrique Aguill\u00f3n].)\" width=\"2592\" height=\"1944\" srcset=\"https:\/\/oscarhumbertogomez.com\/wp-content\/uploads\/2015\/08\/IMG_4155.jpg 2592w, https:\/\/oscarhumbertogomez.com\/wp-content\/uploads\/2015\/08\/IMG_4155-300x225.jpg 300w, https:\/\/oscarhumbertogomez.com\/wp-content\/uploads\/2015\/08\/IMG_4155-1024x768.jpg 1024w\" sizes=\"auto, (max-width: 2592px) 100vw, 2592px\" \/><\/a><p id=\"caption-attachment-17285\" class=\"wp-caption-text\">DON RAFAEL GUTI\u00c9RREZ RIBERO JUNTO CON SU SE\u00d1ORA ESPOSA DO\u00d1A LEONOR SOLANO DE GUTI\u00c9RREZ Y SUS HIJOS EN LA CELEBRACI\u00d3N DE SUS OCHENTA A\u00d1OS. [Cortes\u00eda: Carlos Julio Manrique Aguill\u00f3n].)<\/p><\/div>\n<p>&nbsp;<\/p>\n<p>Nos unimos al luto que embarga a la distinguida familia Guti\u00e9rrez, de la Villa de Santa Cruz y San Gil de la Nueva Baeza, por el fallecimiento de don Rafael Guti\u00e9rrez Ribero, hermano de nuestro profesor de Teor\u00eda del Estado en la Facultad de Derecho de la Universidad Aut\u00f3noma de Bucaramanga (UNAB) doctor Jaime Guti\u00e9rrez Ribero, en el lejano a\u00f1o de 1975, y padre de nuestro apreciado compa\u00f1ero en la Academia de Historia de Santander, Miembro de N\u00famero de esa augusta instituci\u00f3n y dignatario que ha sido de ella, Magistrado del Honorable Tribunal Administrativo de Santander y columnista del diario <em>Vanguardia Liberal<\/em> doctor Rafael Guti\u00e9rrez Solano.<br \/>\nEran muchas las facetas que adornaban la personalidad del extinto paisano, pero solo queremos resaltar una que nos es cercana: la de su inquebrantable amor por la m\u00fasica, por la buena, por la que afortunadamente nos ense\u00f1aron a apreciar en lo que vale, por la que encarna lo que somos como pueblo y que \u00e9l cultiv\u00f3 con su piano, con sus manos y con su inextinguible alegr\u00eda.<\/p>\n<p>&nbsp;<\/p>\n<div id=\"attachment_17286\" style=\"width: 2602px\" class=\"wp-caption aligncenter\"><a href=\"https:\/\/lapiedrafilosofal.com\/wp-content\/uploads\/2015\/08\/IMG_4168.jpg\"><img loading=\"lazy\" decoding=\"async\" aria-describedby=\"caption-attachment-17286\" class=\"size-full wp-image-17286\" src=\"https:\/\/lapiedrafilosofal.com\/wp-content\/uploads\/2015\/08\/IMG_4168.jpg\" alt=\"DON RAFAEL GUTI\u00c9RREZ SOLANO Y SUS HERMANOS, ENTRE ELLOS NUESTRO PROFESOR DE TEOR\u00cdA DEL ESTADO EN LA FACULTAD DE DERECHO DE LA UNIVERSIDAD AUT\u00d3NOMA DE BUCARAMANGA (UNAB) DOCTOR JAIME GUTI\u00c9RREZ RIBERO. [Cortes\u00eda: Carlos Julio Manrique Aguill\u00f3n].\" width=\"2592\" height=\"1944\" srcset=\"https:\/\/oscarhumbertogomez.com\/wp-content\/uploads\/2015\/08\/IMG_4168.jpg 2592w, https:\/\/oscarhumbertogomez.com\/wp-content\/uploads\/2015\/08\/IMG_4168-300x225.jpg 300w, https:\/\/oscarhumbertogomez.com\/wp-content\/uploads\/2015\/08\/IMG_4168-1024x768.jpg 1024w\" sizes=\"auto, (max-width: 2592px) 100vw, 2592px\" \/><\/a><p id=\"caption-attachment-17286\" class=\"wp-caption-text\">DON RAFAEL GUTI\u00c9RREZ RIBERO EN MEDIO DE SUS HERMANOS, NUESTRO PROFESOR DE TEOR\u00cdA DEL ESTADO EN LA FACULTAD DE DERECHO DE LA UNIVERSIDAD AUT\u00d3NOMA DE BUCARAMANGA (UNAB) DOCTOR JAIME GUTI\u00c9RREZ RIBERO, Y EL DOCTOR ALONSO GUTI\u00c9RREZ RIBERO, ADEM\u00c1S, M\u00daSICO EXQUISITO. [Cortes\u00eda: Carlos Julio Manrique Aguill\u00f3n].<\/p><\/div>\n<p>&nbsp;<\/p>\n<p>Las honras f\u00fanebres de don Rafael Guti\u00e9rrez Ribero se llevar\u00e1n a cabo hoy, s\u00e1bado 1 de agosto de 2015, en el mismo San Gil del que se volvi\u00f3 referente obligado para quienes todav\u00eda nos empecinamos en no aceptar el languidecimiento y extinci\u00f3n de nuestra cultura aut\u00f3ctona y de nuestra invaluable riqueza hist\u00f3rica, folcl\u00f3rica y art\u00edstica, pero sobre todo de nuestros valores \u00e9ticos m\u00e1s elevados, especialmente ese que, en emotivas palabras, destac\u00f3 su hijo, el doctor Rafael Guti\u00e9rrez Solano, en la sobria respetabilidad de la Academia de Historia de Santander, durante la presentaci\u00f3n de su libro <em>Memorias cotidianas<\/em>, cuando dijo \u2014repitiendo la dedicatoria de la obra\u2014 que les agradec\u00eda, ante todo, a sus padres, no solo por haberle dado la existencia, sino porque lo hab\u00edan ense\u00f1ado &#8220;<em>a ser un hombre honesto<\/em>&#8220;.<\/p>\n<p>&nbsp;<\/p>\n<div id=\"attachment_17294\" style=\"width: 848px\" class=\"wp-caption aligncenter\"><a href=\"https:\/\/lapiedrafilosofal.com\/wp-content\/uploads\/2015\/08\/Catedral-de-San-Gil.jpg\"><img loading=\"lazy\" decoding=\"async\" aria-describedby=\"caption-attachment-17294\" src=\"https:\/\/lapiedrafilosofal.com\/wp-content\/uploads\/2015\/08\/Catedral-de-San-Gil.jpg\" alt=\"CATEDRAL DE SAN GIL [Fotograf\u00eda tomada de: EL TEODOLITO. Director: Paulo Duque].\" width=\"838\" height=\"506\" class=\"size-full wp-image-17294\" srcset=\"https:\/\/oscarhumbertogomez.com\/wp-content\/uploads\/2015\/08\/Catedral-de-San-Gil.jpg 838w, https:\/\/oscarhumbertogomez.com\/wp-content\/uploads\/2015\/08\/Catedral-de-San-Gil-300x181.jpg 300w\" sizes=\"auto, (max-width: 838px) 100vw, 838px\" \/><\/a><p id=\"caption-attachment-17294\" class=\"wp-caption-text\">CATEDRAL DE SAN GIL [Fotograf\u00eda tomada de: EL TEODOLITO. Director: Paulo Duque].<\/p><\/div>\n<p>&nbsp;<\/p>\n<p>Va nuestro sincero saludo de condolencia para toda la familia de don Rafael Guti\u00e9rrez Ribero. Y a \u00e9l le expresamos nuestra imperecedera gratitud por todo cuanto nos dej\u00f3, como grata memoria, a quienes amamos a esta tierra y profesamos por ello admiraci\u00f3n, respeto y afecto hacia sus mejores hijos.<\/p>\n<p>&nbsp;<\/p>\n<p><em>Mesa de las Tempestades \/ \u00c1rea metropolitana de Bucaramanga, s\u00e1bado 1 de agosto de 2015.<\/em><\/p>\n<p>&nbsp;<\/p>\n","protected":false},"excerpt":{"rendered":"<p>&nbsp; Nos unimos al luto que embarga a la distinguida familia Guti\u00e9rrez, de la Villa de Santa Cruz y San Gil de la Nueva Baeza, por el fallecimiento de don Rafael Guti\u00e9rrez Ribero, hermano de nuestro profesor de Teor\u00eda del &hellip; <a href=\"https:\/\/oscarhumbertogomez.com\/?p=17284\">Sigue leyendo <span class=\"meta-nav\">&rarr;<\/span><\/a><\/p>\n<div class='heateorSssClear'><\/div><div  class='heateor_sss_sharing_container heateor_sss_horizontal_sharing' heateor-sss-data-href='https:\/\/oscarhumbertogomez.com\/?p=17284'><div class='heateor_sss_sharing_title' style=\"font-weight:bold\" >\u00a1Gracias por compartirla!<\/div><ul class=\"heateor_sss_sharing_ul\"><li class=\"heateorSssSharingRound\"><i style=\"width:35px;height:35px;border-radius:999px;\" alt=\"Facebook\" Title=\"Facebook\" class=\"heateorSssSharing heateorSssFacebookBackground\" onclick='heateorSssPopup(\"https:\/\/www.facebook.com\/sharer\/sharer.php?u=https%3A%2F%2Foscarhumbertogomez.com%2Findex.php%3Frest_route%3D%252Fwp%252Fv2%252Fposts%252F17284\")'><ss style=\"display:block;border-radius:999px;\" class=\"heateorSssSharingSvg heateorSssFacebookSvg\"><\/ss><\/i><\/li><li class=\"heateorSssSharingRound\"><i style=\"width:35px;height:35px;border-radius:999px;\" alt=\"Twitter\" Title=\"Twitter\" class=\"heateorSssSharing heateorSssTwitterBackground\" onclick='heateorSssPopup(\"http:\/\/twitter.com\/intent\/tweet?text=Muri%C3%B3%20don%20Rafael%20Guti%C3%A9rrez%20Ribero.%20Porr%20%C3%93scar%20Humberto%20G%C3%B3mez%20G%C3%B3mez&url=https%3A%2F%2Foscarhumbertogomez.com%2Findex.php%3Frest_route%3D%252Fwp%252Fv2%252Fposts%252F17284\")'><ss style=\"display:block;border-radius:999px;\" class=\"heateorSssSharingSvg heateorSssTwitterSvg\"><\/ss><\/i><\/li><li class=\"heateorSssSharingRound\"><i style=\"width:35px;height:35px;border-radius:999px;\" alt=\"Whatsapp\" Title=\"Whatsapp\" class=\"heateorSssSharing heateorSssWhatsappBackground\" onclick='heateorSssPopup(\"https:\/\/web.whatsapp.com\/send?text=Muri%C3%B3%20don%20Rafael%20Guti%C3%A9rrez%20Ribero.%20Porr%20%C3%93scar%20Humberto%20G%C3%B3mez%20G%C3%B3mez https%3A%2F%2Foscarhumbertogomez.com%2Findex.php%3Frest_route%3D%252Fwp%252Fv2%252Fposts%252F17284\")'><ss style=\"display:block\" class=\"heateorSssSharingSvg heateorSssWhatsappSvg\"><\/ss><\/i><\/li><li class=\"heateorSssSharingRound\"><i style=\"width:35px;height:35px;border-radius:999px;\" alt=\"Pinterest\" Title=\"Pinterest\" class=\"heateorSssSharing heateorSssPinterestBackground\" onclick=\"javascript:void( (function() {var e=document.createElement('script' );e.setAttribute('type','text\/javascript' );e.setAttribute('charset','UTF-8' );e.setAttribute('src','\/\/assets.pinterest.com\/js\/pinmarklet.js?r='+Math.random()*99999999);document.body.appendChild(e)})());\"><ss style=\"display:block;border-radius:999px;\" class=\"heateorSssSharingSvg heateorSssPinterestSvg\"><\/ss><\/i><\/li><li class=\"heateorSssSharingRound\"><i style=\"width:35px;height:35px;border-radius:999px;\" alt=\"Google Gmail\" Title=\"Google Gmail\" class=\"heateorSssSharing heateorSssGoogleGmailBackground\" onclick='heateorSssPopup(\"https:\/\/mail.google.com\/mail\/?ui=2&view=cm&fs=1&tf=1&su=Muri%C3%B3%20don%20Rafael%20Guti%C3%A9rrez%20Ribero.%20Porr%20%C3%93scar%20Humberto%20G%C3%B3mez%20G%C3%B3mez&body=Link:https%3A%2F%2Foscarhumbertogomez.com%2Findex.php%3Frest_route%3D%252Fwp%252Fv2%252Fposts%252F17284\")'><ss style=\"display:block;border-radius:999px;\" class=\"heateorSssSharingSvg heateorSssGoogleGmailSvg\"><\/ss><\/i><\/li><li class=\"heateorSssSharingRound\"><i style=\"width:35px;height:35px;border-radius:999px;\" title=\"More\" alt=\"More\" class=\"heateorSssSharing heateorSssMoreBackground\" onclick=\"heateorSssMoreSharingPopup(this, 'https:\/\/oscarhumbertogomez.com\/index.php?rest_route=%2Fwp%2Fv2%2Fposts%2F17284', 'Muri%C3%B3%20don%20Rafael%20Guti%C3%A9rrez%20Ribero.%20Porr%20%C3%93scar%20Humberto%20G%C3%B3mez%20G%C3%B3mez', '' )\" ><ss style=\"display:block\" class=\"heateorSssSharingSvg heateorSssMoreSvg\"><\/ss><\/i><\/li><\/ul><div class=\"heateorSssClear\"><\/div><\/div><div class='heateorSssClear'><\/div>","protected":false},"author":2,"featured_media":0,"comment_status":"open","ping_status":"open","sticky":false,"template":"","format":"standard","meta":{"spay_email":"","footnotes":""},"categories":[1],"tags":[],"class_list":["post-17284","post","type-post","status-publish","format-standard","hentry","category-blog"],"jetpack_featured_media_url":"","jetpack_shortlink":"https:\/\/wp.me\/p1FYrr-4uM","_links":{"self":[{"href":"https:\/\/oscarhumbertogomez.com\/index.php?rest_route=\/wp\/v2\/posts\/17284","targetHints":{"allow":["GET"]}}],"collection":[{"href":"https:\/\/oscarhumbertogomez.com\/index.php?rest_route=\/wp\/v2\/posts"}],"about":[{"href":"https:\/\/oscarhumbertogomez.com\/index.php?rest_route=\/wp\/v2\/types\/post"}],"author":[{"embeddable":true,"href":"https:\/\/oscarhumbertogomez.com\/index.php?rest_route=\/wp\/v2\/users\/2"}],"replies":[{"embeddable":true,"href":"https:\/\/oscarhumbertogomez.com\/index.php?rest_route=%2Fwp%2Fv2%2Fcomments&post=17284"}],"version-history":[{"count":5,"href":"https:\/\/oscarhumbertogomez.com\/index.php?rest_route=\/wp\/v2\/posts\/17284\/revisions"}],"predecessor-version":[{"id":50421,"href":"https:\/\/oscarhumbertogomez.com\/index.php?rest_route=\/wp\/v2\/posts\/17284\/revisions\/50421"}],"wp:attachment":[{"href":"https:\/\/oscarhumbertogomez.com\/index.php?rest_route=%2Fwp%2Fv2%2Fmedia&parent=17284"}],"wp:term":[{"taxonomy":"category","embeddable":true,"href":"https:\/\/oscarhumbertogomez.com\/index.php?rest_route=%2Fwp%2Fv2%2Fcategories&post=17284"},{"taxonomy":"post_tag","embeddable":true,"href":"https:\/\/oscarhumbertogomez.com\/index.php?rest_route=%2Fwp%2Fv2%2Ftags&post=17284"}],"curies":[{"name":"wp","href":"https:\/\/api.w.org\/{rel}","templated":true}]}}