{"id":17472,"date":"2015-09-19T13:54:15","date_gmt":"2015-09-19T18:54:15","guid":{"rendered":"http:\/\/www.oscarhumbertogomez.com\/?p=17472"},"modified":"2025-03-19T21:36:09","modified_gmt":"2025-03-20T02:36:09","slug":"discurso-de-humberto-martinez-salcedo-en-el-sepelio-de-jose-a-morales","status":"publish","type":"post","link":"https:\/\/oscarhumbertogomez.com\/?p=17472","title":{"rendered":"Discurso de Humberto Mart\u00ednez Salcedo en el sepelio de Jos\u00e9 A. Morales. Por \u00d3scar Humberto G\u00f3mez G\u00f3mez"},"content":{"rendered":"<p><img decoding=\"async\" class=\"aligncenter size-full wp-image-4481\" src=\"https:\/\/lapiedrafilosofal.com\/wp-content\/uploads\/2012\/06\/OSCAR-HUMBERTO-GOMEZ.jpg\" alt=\"OSCAR HUMBERTO GOMEZ\" width=\"500\"><\/p>\n<p>&nbsp;<\/p>\n<p><em><span style=\"color: #ff0000;\"><strong><\/strong><\/span> <strong> Con motivo del aniversario de la muerte del excelso compositor santandereano Jos\u00e9 A. Morales, nuestro portal reproduce el texto completo de las palabras pronunciadas ante el f\u00e9retro del maestro por ese otro magn\u00edfico artista santandereano, el humorista Humberto Mart\u00ednez Salcedo. <\/strong><\/em><\/p>\n<p><em><strong>\u00a1Bienvenidos!<\/strong><\/em><\/p>\n<p>&nbsp;<\/p>\n<p><a href=\"https:\/\/lapiedrafilosofal.com\/wp-content\/uploads\/2015\/08\/azucenas.jpg\"><img loading=\"lazy\" decoding=\"async\" class=\"aligncenter size-full wp-image-17479\" src=\"https:\/\/lapiedrafilosofal.com\/wp-content\/uploads\/2015\/08\/azucenas.jpg\" alt=\"azucenas\" width=\"900\" height=\"619\" srcset=\"https:\/\/oscarhumbertogomez.com\/wp-content\/uploads\/2015\/08\/azucenas.jpg 900w, https:\/\/oscarhumbertogomez.com\/wp-content\/uploads\/2015\/08\/azucenas-300x206.jpg 300w\" sizes=\"auto, (max-width: 900px) 100vw, 900px\" \/><\/a><\/p>\n<p>&nbsp;<\/p>\n<p><a href=\"https:\/\/lapiedrafilosofal.com\/wp-content\/uploads\/2018\/11\/humberto_martinez.jpg\"><img decoding=\"async\" class=\"alignnone size-full wp-image-27505\" src=\"https:\/\/lapiedrafilosofal.com\/wp-content\/uploads\/2018\/11\/humberto_martinez.jpg\" alt=\"\" width=\"500\" srcset=\"https:\/\/oscarhumbertogomez.com\/wp-content\/uploads\/2018\/11\/humberto_martinez.jpg 310w, https:\/\/oscarhumbertogomez.com\/wp-content\/uploads\/2018\/11\/humberto_martinez-250x300.jpg 250w\" sizes=\"(max-width: 310px) 100vw, 310px\" \/><\/a><\/p>\n<p>&nbsp;<\/p>\n<p><a href=\"https:\/\/lapiedrafilosofal.com\/wp-content\/uploads\/2016\/08\/JOSE-A.-MORALES.jpg\" rel=\"attachment wp-att-20300\"><img decoding=\"async\" class=\"aligncenter size-full wp-image-20300\" src=\"https:\/\/lapiedrafilosofal.com\/wp-content\/uploads\/2016\/08\/JOSE-A.-MORALES.jpg\" alt=\"JOSE A. MORALES\" width=\"500\" srcset=\"https:\/\/oscarhumbertogomez.com\/wp-content\/uploads\/2016\/08\/JOSE-A.-MORALES.jpg 264w, https:\/\/oscarhumbertogomez.com\/wp-content\/uploads\/2016\/08\/JOSE-A.-MORALES-248x300.jpg 248w\" sizes=\"(max-width: 264px) 100vw, 264px\" \/><\/a><\/p>\n<p>&nbsp;<\/p>\n<p>&#8220;Ah\u00ed est\u00e1&#8230;, con su altivez inmaculada y la serenidad que deja el canto; con las manos tranquilas despu\u00e9s de haber dejado inquieto el aire, luego de haberlo llenado de trinos y emociones; con su ancho coraz\u00f3n comunero, yacente, detenido, como un tremendo volc\u00e1n apagado. Lo ha dejado todo aqu\u00ed&#8230;, sin escrituras, salido de sus insondables alforjas musicales, para nuestro constante patrimonio. Con su humilde &#8220;Soberbia&#8221; nos convoca para que repitamos su fe, para que lo acompa\u00f1emos en este duro compromiso de amar a Colombia campesina, de mantenerla intacta y di\u00e1fana como sus bambucos solitarios.<\/p>\n<p>No fue un accidente su cantar: tras de \u00e9l ven\u00eda en aluvi\u00f3n, entre pentagramas y batallas, la voz total de un pueblo; una comunidad de p\u00edfanos, y caracoles, y tambores, que despert\u00f3 las serran\u00edas en la infancia ind\u00edgena; un tropel de cuerdas de guitarra que se vino en el oc\u00e9ano, en carabelas, a parir leyendas y caminos; y un mestizo indomable que convirti\u00f3 en tiple la tristeza de su esclavitud y el campanazo de su rebeld\u00eda.<\/p>\n<p>Aqu\u00ed s\u00ed que queda historia: la simple y casta historia de las quebradas y las chozas, sin condecoraciones ni medallas; la garganta de los arreboles y la luz adormecida de los amaneceres.  No le viene a mancillar en el momento p\u00f3stumo la mano impura de quienes traicionaron la guabina y pretenden convertir su pecho en dividendos, porque est\u00e1 entre un cerco de amigos que seguiremos tarareando sus canciones y que vinimos a acompa\u00f1arlo, cuando se ha callado, para agrandar en coro sus palabras.<\/p>\n<p>Cuando nos indaguen nuestros hijos este dolor que traemos \u2014como una copla sangrada\u2014 entre los ojos, por la muerte de este inmenso trovador, les diremos: &#8220;Nos duele su ausencia, porque su mano de comunero ya no volver\u00e1 a consentir la patria revendida; porque con \u00e9l parece que enterr\u00e1ramos los tiples y la honestidad; porque devolvemos a la tierra los bambucos para que nuestras eras se llenen de guitarras el\u00e9ctricas y alaridos; porque fue nuestro hermano en la crianza de los sue\u00f1os y de las quijotadas&#8221;.<\/p>\n<p>Lo devolvemos puro al infinito, entre el llanto de las monta\u00f1as y los hombres; en medio de su funeral de luceros; con el luto apretado de los campesinos, que frente a este f\u00e9retro ven apagados sus fogones; con su gigantesca lecci\u00f3n de patriotismo, que desde su reingreso a las entra\u00f1as de la tierra colombiana, va a convertirse en credo y en leyenda.<\/p>\n<p>Hasta luego, &#8220;hijuepuerquita&#8221;&#8221;.<\/p>\n<p>HUMBERTO MART\u00cdNEZ SALCEDO<\/p>\n<p>S\u00e1bado 23 de septiembre de 1978<\/p>\n<p>&nbsp;<\/p>\n","protected":false},"excerpt":{"rendered":"<p>&nbsp; Con motivo del aniversario de la muerte del excelso compositor santandereano Jos\u00e9 A. Morales, nuestro portal reproduce el texto completo de las palabras pronunciadas ante el f\u00e9retro del maestro por ese otro magn\u00edfico artista santandereano, el humorista Humberto Mart\u00ednez &hellip; <a href=\"https:\/\/oscarhumbertogomez.com\/?p=17472\">Sigue leyendo <span class=\"meta-nav\">&rarr;<\/span><\/a><\/p>\n<div class='heateorSssClear'><\/div><div  class='heateor_sss_sharing_container heateor_sss_horizontal_sharing' heateor-sss-data-href='https:\/\/oscarhumbertogomez.com\/?p=17472'><div class='heateor_sss_sharing_title' style=\"font-weight:bold\" >\u00a1Gracias por compartirla!<\/div><ul class=\"heateor_sss_sharing_ul\"><li class=\"heateorSssSharingRound\"><i style=\"width:35px;height:35px;border-radius:999px;\" alt=\"Facebook\" Title=\"Facebook\" class=\"heateorSssSharing heateorSssFacebookBackground\" onclick='heateorSssPopup(\"https:\/\/www.facebook.com\/sharer\/sharer.php?u=https%3A%2F%2Foscarhumbertogomez.com%2Findex.php%3Frest_route%3D%252Fwp%252Fv2%252Fposts%252F17472\")'><ss style=\"display:block;border-radius:999px;\" class=\"heateorSssSharingSvg heateorSssFacebookSvg\"><\/ss><\/i><\/li><li class=\"heateorSssSharingRound\"><i style=\"width:35px;height:35px;border-radius:999px;\" alt=\"Twitter\" Title=\"Twitter\" class=\"heateorSssSharing heateorSssTwitterBackground\" onclick='heateorSssPopup(\"http:\/\/twitter.com\/intent\/tweet?text=Discurso%20de%20Humberto%20Mart%C3%ADnez%20Salcedo%20en%20el%20sepelio%20de%20Jos%C3%A9%20A.%20Morales.%20Por%20%C3%93scar%20Humberto%20G%C3%B3mez%20G%C3%B3mez&url=https%3A%2F%2Foscarhumbertogomez.com%2Findex.php%3Frest_route%3D%252Fwp%252Fv2%252Fposts%252F17472\")'><ss style=\"display:block;border-radius:999px;\" class=\"heateorSssSharingSvg heateorSssTwitterSvg\"><\/ss><\/i><\/li><li class=\"heateorSssSharingRound\"><i style=\"width:35px;height:35px;border-radius:999px;\" alt=\"Whatsapp\" Title=\"Whatsapp\" class=\"heateorSssSharing heateorSssWhatsappBackground\" onclick='heateorSssPopup(\"https:\/\/web.whatsapp.com\/send?text=Discurso%20de%20Humberto%20Mart%C3%ADnez%20Salcedo%20en%20el%20sepelio%20de%20Jos%C3%A9%20A.%20Morales.%20Por%20%C3%93scar%20Humberto%20G%C3%B3mez%20G%C3%B3mez https%3A%2F%2Foscarhumbertogomez.com%2Findex.php%3Frest_route%3D%252Fwp%252Fv2%252Fposts%252F17472\")'><ss style=\"display:block\" class=\"heateorSssSharingSvg heateorSssWhatsappSvg\"><\/ss><\/i><\/li><li class=\"heateorSssSharingRound\"><i style=\"width:35px;height:35px;border-radius:999px;\" alt=\"Pinterest\" Title=\"Pinterest\" class=\"heateorSssSharing heateorSssPinterestBackground\" onclick=\"javascript:void( (function() {var e=document.createElement('script' );e.setAttribute('type','text\/javascript' );e.setAttribute('charset','UTF-8' );e.setAttribute('src','\/\/assets.pinterest.com\/js\/pinmarklet.js?r='+Math.random()*99999999);document.body.appendChild(e)})());\"><ss style=\"display:block;border-radius:999px;\" class=\"heateorSssSharingSvg heateorSssPinterestSvg\"><\/ss><\/i><\/li><li class=\"heateorSssSharingRound\"><i style=\"width:35px;height:35px;border-radius:999px;\" alt=\"Google Gmail\" Title=\"Google Gmail\" class=\"heateorSssSharing heateorSssGoogleGmailBackground\" onclick='heateorSssPopup(\"https:\/\/mail.google.com\/mail\/?ui=2&view=cm&fs=1&tf=1&su=Discurso%20de%20Humberto%20Mart%C3%ADnez%20Salcedo%20en%20el%20sepelio%20de%20Jos%C3%A9%20A.%20Morales.%20Por%20%C3%93scar%20Humberto%20G%C3%B3mez%20G%C3%B3mez&body=Link:https%3A%2F%2Foscarhumbertogomez.com%2Findex.php%3Frest_route%3D%252Fwp%252Fv2%252Fposts%252F17472\")'><ss style=\"display:block;border-radius:999px;\" class=\"heateorSssSharingSvg heateorSssGoogleGmailSvg\"><\/ss><\/i><\/li><li class=\"heateorSssSharingRound\"><i style=\"width:35px;height:35px;border-radius:999px;\" title=\"More\" alt=\"More\" class=\"heateorSssSharing heateorSssMoreBackground\" onclick=\"heateorSssMoreSharingPopup(this, 'https:\/\/oscarhumbertogomez.com\/index.php?rest_route=%2Fwp%2Fv2%2Fposts%2F17472', 'Discurso%20de%20Humberto%20Mart%C3%ADnez%20Salcedo%20en%20el%20sepelio%20de%20Jos%C3%A9%20A.%20Morales.%20Por%20%C3%93scar%20Humberto%20G%C3%B3mez%20G%C3%B3mez', '' )\" ><ss style=\"display:block\" class=\"heateorSssSharingSvg heateorSssMoreSvg\"><\/ss><\/i><\/li><\/ul><div class=\"heateorSssClear\"><\/div><\/div><div class='heateorSssClear'><\/div>","protected":false},"author":2,"featured_media":0,"comment_status":"open","ping_status":"open","sticky":false,"template":"","format":"standard","meta":{"spay_email":"","footnotes":""},"categories":[12,8,11,7],"tags":[],"class_list":["post-17472","post","type-post","status-publish","format-standard","hentry","category-historia","category-musica","category-periodismo","category-poesia"],"jetpack_featured_media_url":"","jetpack_shortlink":"https:\/\/wp.me\/p1FYrr-4xO","_links":{"self":[{"href":"https:\/\/oscarhumbertogomez.com\/index.php?rest_route=\/wp\/v2\/posts\/17472","targetHints":{"allow":["GET"]}}],"collection":[{"href":"https:\/\/oscarhumbertogomez.com\/index.php?rest_route=\/wp\/v2\/posts"}],"about":[{"href":"https:\/\/oscarhumbertogomez.com\/index.php?rest_route=\/wp\/v2\/types\/post"}],"author":[{"embeddable":true,"href":"https:\/\/oscarhumbertogomez.com\/index.php?rest_route=\/wp\/v2\/users\/2"}],"replies":[{"embeddable":true,"href":"https:\/\/oscarhumbertogomez.com\/index.php?rest_route=%2Fwp%2Fv2%2Fcomments&post=17472"}],"version-history":[{"count":4,"href":"https:\/\/oscarhumbertogomez.com\/index.php?rest_route=\/wp\/v2\/posts\/17472\/revisions"}],"predecessor-version":[{"id":52571,"href":"https:\/\/oscarhumbertogomez.com\/index.php?rest_route=\/wp\/v2\/posts\/17472\/revisions\/52571"}],"wp:attachment":[{"href":"https:\/\/oscarhumbertogomez.com\/index.php?rest_route=%2Fwp%2Fv2%2Fmedia&parent=17472"}],"wp:term":[{"taxonomy":"category","embeddable":true,"href":"https:\/\/oscarhumbertogomez.com\/index.php?rest_route=%2Fwp%2Fv2%2Fcategories&post=17472"},{"taxonomy":"post_tag","embeddable":true,"href":"https:\/\/oscarhumbertogomez.com\/index.php?rest_route=%2Fwp%2Fv2%2Ftags&post=17472"}],"curies":[{"name":"wp","href":"https:\/\/api.w.org\/{rel}","templated":true}]}}