{"id":17619,"date":"2015-09-22T11:45:12","date_gmt":"2015-09-22T16:45:12","guid":{"rendered":"http:\/\/www.oscarhumbertogomez.com\/?p=17619"},"modified":"2025-02-21T19:07:42","modified_gmt":"2025-02-22T00:07:42","slug":"el-viernes-22-de-setiembre-de-1978-murio-el-gran-compositor-santandereano-maestro-jose-a-morales","status":"publish","type":"post","link":"https:\/\/oscarhumbertogomez.com\/?p=17619","title":{"rendered":"El viernes 22 de septiembre de 1978 muri\u00f3 el gran compositor santandereano maestro Jos\u00e9 A. Morales. Por \u00d3scar Humberto G\u00f3mez G\u00f3mez"},"content":{"rendered":"<p><a href=\"https:\/\/lapiedrafilosofal.com\/wp-content\/uploads\/2015\/09\/JOS\u00c9-A.-MORALES.jpg\"><img loading=\"lazy\" decoding=\"async\" class=\"aligncenter size-full wp-image-17583\" src=\"https:\/\/lapiedrafilosofal.com\/wp-content\/uploads\/2015\/09\/JOS\u00c9-A.-MORALES.jpg\" alt=\"JOS\u00c9 A. MORALES\" width=\"376\" height=\"500\" srcset=\"https:\/\/oscarhumbertogomez.com\/wp-content\/uploads\/2015\/09\/JOS\u00c9-A.-MORALES.jpg 376w, https:\/\/oscarhumbertogomez.com\/wp-content\/uploads\/2015\/09\/JOS\u00c9-A.-MORALES-226x300.jpg 226w\" sizes=\"auto, (max-width: 376px) 100vw, 376px\" \/><\/a><\/p>\n<p>&nbsp;<\/p>\n<p>El viernes 26 de mayo de 1978 hacia las 6 de la tarde yo estaba parado, en medio de una multitud, en el and\u00e9n sur del parque Garc\u00eda Rovira, frente al llamado &#8220;Palacio amarillo&#8221;, sede de la Gobernaci\u00f3n de Santander. Al balc\u00f3n del edificio, que da sobre la calle 37, asomaron el Gobernador de Santander de entonces, arquitecto Alberto Montoya Puyana, su secretario de educaci\u00f3n, abogado Alfonso Valdivieso Sarmiento, y el insigne compositor santandereano maestro Jos\u00e9 A. Morales, a quien la Gobernaci\u00f3n iba a homenajear antes de que partiera hacia M\u00e9xico. Abajo, sobre el and\u00e9n, a mi lado, el director de la Banda del Departamento, el maestro Alfonso Guerrero, esperaba instrucciones junto a sus m\u00fasicos, rigurosamente vestidos de uniforme. Entonces el jefe de protocolo, Luis Enrique Figueroa Rey, con su habitual atuendo campechano, tom\u00f3 el micr\u00f3fono, ley\u00f3 el orden del d\u00eda y en seguida se dirigi\u00f3 al maestro Guerrero con su voz y con el dedo \u00edndice de su mano derecha: &#8220;\u00a1Toquen, Alfonso, toquen!&#8221;. Segundos despu\u00e9s sonaban \u2014como dec\u00edan antes\u2014 &#8220;las notas marciales de nuestro Himno Nacional&#8221;.<\/p>\n<p>Al presentar el tema &#8220;\u00a1Viva la fiesta!&#8221;, Figueroa dijo que, dirigiendo ese tema durante un concierto, hab\u00eda muerto s\u00fabitamente su compositor, el maestro Luis Mar\u00eda Carvajal; pero varios se\u00f1ores de edad comenzaron a gritarle desde el and\u00e9n del parque: &#8220;\u00a1 No, no, &#8220;So\u00f1ar en un jard\u00edn&#8221;, &#8220;So\u00f1ar en un jard\u00edn&#8221;!&#8221;. Al momento me di cuenta de que estaban rectificando al jefe de protocolo. Lo que quer\u00edan aclarar, en efecto, era que Luis Mar\u00eda Carvajal no hab\u00eda muerto dirigiendo &#8220;\u00a1Viva la fiesta!&#8221;, sino otro tema suyo, &#8220;So\u00f1ar en un jard\u00edn&#8221; (La verdad sea dicha, en algunas fuentes lo que he le\u00eddo es que solo se estaba preparando para iniciar el concierto).<\/p>\n<p>Cuando el acto finaliz\u00f3, el maestro Morales sali\u00f3 a la calle y fue cuando pude verlo de cerca; mi mam\u00e1 lo salud\u00f3 y le dio la mano; \u00e9l se la estrech\u00f3 r\u00e1pidamente, pero lo not\u00e9 distra\u00eddo, preguntaba por &#8220;Tom\u00e1s, \u00bfd\u00f3nde est\u00e1 Tomas?&#8221;. Se refer\u00eda al sastre y m\u00fasico Tom\u00e1s Lerzundy, su amigo de juventud, aquel que ten\u00eda su casa y su taller en el costado norte del parque Bol\u00edvar, donde los caballeros que se preparaban para asistir a la fiesta del siguiente fin de semana en el Club del Comercio alquilaban el esmoquin. El reconocido artista vest\u00eda de estricto flux \u2014como llamamos en Santander al traje de calle de los varones, es decir, vestido con saco y corbata\u2014. No logro precisarlo bien en mi memoria, pero creo recordar que luc\u00eda chaleco y leontina.<\/p>\n<p>Fue la primera vez que lo vi, y la \u00fanica. Un poco menos de cuatro meses despu\u00e9s, el maestro Jos\u00e9 A. Morales mor\u00eda en Bogot\u00e1. Por coincidencia, tambi\u00e9n era viernes.<\/p>\n<p>&nbsp;<\/p>\n<p><span style=\"color: #ff0000;\"><strong>NOTA DEL DIRECTOR:<\/strong><\/span> <strong>Hoy queremos rendir un modesto homenaje de admiraci\u00f3n, respeto y afecto a la memoria del inmortal m\u00fasico santandereano Jos\u00e9 A. Morales trayendo a colaci\u00f3n una de las m\u00e1s emblem\u00e1ticas canciones del maestro, el pasillo lento &#8220;Soberbia&#8221;. Aqu\u00ed est\u00e1, en las voces del dueto Garz\u00f3n y Collazos, y con el acompa\u00f1amiento del maestro Jaime Llano Gonz\u00e1lez en el \u00f3rgano.<\/strong><\/p>\n<p><strong>Despu\u00e9s encontrar\u00e1n el enlace de la entrada en la cual insertamos el discurso que pronunci\u00f3 el maestro Humberto Mart\u00ednez Salcedo durante el sepelio del preclaro compositor.<\/strong><\/p>\n<p>\u00a1Bienvenidos!<\/p>\n<p>&nbsp;<\/p>\n<p><iframe loading=\"lazy\" src=\"https:\/\/www.youtube-nocookie.com\/embed\/hhgRuoTjSyY?rel=0&amp;controls=0&amp;showinfo=0\" width=\"420\" height=\"315\" frameborder=\"0\" allowfullscreen=\"allowfullscreen\"><\/iframe><\/p>\n<p>&nbsp;<\/p>\n<p><a href=\"http:\/\/www.oscarhumbertogomez.com\/?p=17472\">http:\/\/www.oscarhumbertogomez.com\/?p=17472<\/a><\/p>\n<p>&nbsp;<\/p>\n","protected":false},"excerpt":{"rendered":"<p>&nbsp; El viernes 26 de mayo de 1978 hacia las 6 de la tarde yo estaba parado, en medio de una multitud, en el and\u00e9n sur del parque Garc\u00eda Rovira, frente al llamado &#8220;Palacio amarillo&#8221;, sede de la Gobernaci\u00f3n de &hellip; <a href=\"https:\/\/oscarhumbertogomez.com\/?p=17619\">Sigue leyendo <span class=\"meta-nav\">&rarr;<\/span><\/a><\/p>\n<div class='heateorSssClear'><\/div><div  class='heateor_sss_sharing_container heateor_sss_horizontal_sharing' heateor-sss-data-href='https:\/\/oscarhumbertogomez.com\/?p=17619'><div class='heateor_sss_sharing_title' style=\"font-weight:bold\" >\u00a1Gracias por compartirla!<\/div><ul class=\"heateor_sss_sharing_ul\"><li class=\"heateorSssSharingRound\"><i style=\"width:35px;height:35px;border-radius:999px;\" alt=\"Facebook\" Title=\"Facebook\" class=\"heateorSssSharing heateorSssFacebookBackground\" onclick='heateorSssPopup(\"https:\/\/www.facebook.com\/sharer\/sharer.php?u=https%3A%2F%2Foscarhumbertogomez.com%2Findex.php%3Frest_route%3D%252Fwp%252Fv2%252Fposts%252F17619\")'><ss style=\"display:block;border-radius:999px;\" class=\"heateorSssSharingSvg heateorSssFacebookSvg\"><\/ss><\/i><\/li><li class=\"heateorSssSharingRound\"><i style=\"width:35px;height:35px;border-radius:999px;\" alt=\"Twitter\" Title=\"Twitter\" class=\"heateorSssSharing heateorSssTwitterBackground\" onclick='heateorSssPopup(\"http:\/\/twitter.com\/intent\/tweet?text=El%20viernes%2022%20de%20septiembre%20de%201978%20muri%C3%B3%20el%20gran%20compositor%20santandereano%20maestro%20Jos%C3%A9%20A.%20Morales.%20Por%20%C3%93scar%20Humberto%20G%C3%B3mez%20G%C3%B3mez&url=https%3A%2F%2Foscarhumbertogomez.com%2Findex.php%3Frest_route%3D%252Fwp%252Fv2%252Fposts%252F17619\")'><ss style=\"display:block;border-radius:999px;\" class=\"heateorSssSharingSvg heateorSssTwitterSvg\"><\/ss><\/i><\/li><li class=\"heateorSssSharingRound\"><i style=\"width:35px;height:35px;border-radius:999px;\" alt=\"Whatsapp\" Title=\"Whatsapp\" class=\"heateorSssSharing heateorSssWhatsappBackground\" onclick='heateorSssPopup(\"https:\/\/web.whatsapp.com\/send?text=El%20viernes%2022%20de%20septiembre%20de%201978%20muri%C3%B3%20el%20gran%20compositor%20santandereano%20maestro%20Jos%C3%A9%20A.%20Morales.%20Por%20%C3%93scar%20Humberto%20G%C3%B3mez%20G%C3%B3mez https%3A%2F%2Foscarhumbertogomez.com%2Findex.php%3Frest_route%3D%252Fwp%252Fv2%252Fposts%252F17619\")'><ss style=\"display:block\" class=\"heateorSssSharingSvg heateorSssWhatsappSvg\"><\/ss><\/i><\/li><li class=\"heateorSssSharingRound\"><i style=\"width:35px;height:35px;border-radius:999px;\" alt=\"Pinterest\" Title=\"Pinterest\" class=\"heateorSssSharing heateorSssPinterestBackground\" onclick=\"javascript:void( (function() {var e=document.createElement('script' );e.setAttribute('type','text\/javascript' );e.setAttribute('charset','UTF-8' );e.setAttribute('src','\/\/assets.pinterest.com\/js\/pinmarklet.js?r='+Math.random()*99999999);document.body.appendChild(e)})());\"><ss style=\"display:block;border-radius:999px;\" class=\"heateorSssSharingSvg heateorSssPinterestSvg\"><\/ss><\/i><\/li><li class=\"heateorSssSharingRound\"><i style=\"width:35px;height:35px;border-radius:999px;\" alt=\"Google Gmail\" Title=\"Google Gmail\" class=\"heateorSssSharing heateorSssGoogleGmailBackground\" onclick='heateorSssPopup(\"https:\/\/mail.google.com\/mail\/?ui=2&view=cm&fs=1&tf=1&su=El%20viernes%2022%20de%20septiembre%20de%201978%20muri%C3%B3%20el%20gran%20compositor%20santandereano%20maestro%20Jos%C3%A9%20A.%20Morales.%20Por%20%C3%93scar%20Humberto%20G%C3%B3mez%20G%C3%B3mez&body=Link:https%3A%2F%2Foscarhumbertogomez.com%2Findex.php%3Frest_route%3D%252Fwp%252Fv2%252Fposts%252F17619\")'><ss style=\"display:block;border-radius:999px;\" class=\"heateorSssSharingSvg heateorSssGoogleGmailSvg\"><\/ss><\/i><\/li><li class=\"heateorSssSharingRound\"><i style=\"width:35px;height:35px;border-radius:999px;\" title=\"More\" alt=\"More\" class=\"heateorSssSharing heateorSssMoreBackground\" onclick=\"heateorSssMoreSharingPopup(this, 'https:\/\/oscarhumbertogomez.com\/index.php?rest_route=%2Fwp%2Fv2%2Fposts%2F17619', 'El%20viernes%2022%20de%20septiembre%20de%201978%20muri%C3%B3%20el%20gran%20compositor%20santandereano%20maestro%20Jos%C3%A9%20A.%20Morales.%20Por%20%C3%93scar%20Humberto%20G%C3%B3mez%20G%C3%B3mez', '' )\" ><ss style=\"display:block\" class=\"heateorSssSharingSvg heateorSssMoreSvg\"><\/ss><\/i><\/li><\/ul><div class=\"heateorSssClear\"><\/div><\/div><div class='heateorSssClear'><\/div>","protected":false},"author":2,"featured_media":0,"comment_status":"open","ping_status":"open","sticky":false,"template":"","format":"standard","meta":{"spay_email":"","footnotes":""},"categories":[8,7],"tags":[],"class_list":["post-17619","post","type-post","status-publish","format-standard","hentry","category-musica","category-poesia"],"jetpack_featured_media_url":"","jetpack_shortlink":"https:\/\/wp.me\/p1FYrr-4Ab","_links":{"self":[{"href":"https:\/\/oscarhumbertogomez.com\/index.php?rest_route=\/wp\/v2\/posts\/17619","targetHints":{"allow":["GET"]}}],"collection":[{"href":"https:\/\/oscarhumbertogomez.com\/index.php?rest_route=\/wp\/v2\/posts"}],"about":[{"href":"https:\/\/oscarhumbertogomez.com\/index.php?rest_route=\/wp\/v2\/types\/post"}],"author":[{"embeddable":true,"href":"https:\/\/oscarhumbertogomez.com\/index.php?rest_route=\/wp\/v2\/users\/2"}],"replies":[{"embeddable":true,"href":"https:\/\/oscarhumbertogomez.com\/index.php?rest_route=%2Fwp%2Fv2%2Fcomments&post=17619"}],"version-history":[{"count":4,"href":"https:\/\/oscarhumbertogomez.com\/index.php?rest_route=\/wp\/v2\/posts\/17619\/revisions"}],"predecessor-version":[{"id":51075,"href":"https:\/\/oscarhumbertogomez.com\/index.php?rest_route=\/wp\/v2\/posts\/17619\/revisions\/51075"}],"wp:attachment":[{"href":"https:\/\/oscarhumbertogomez.com\/index.php?rest_route=%2Fwp%2Fv2%2Fmedia&parent=17619"}],"wp:term":[{"taxonomy":"category","embeddable":true,"href":"https:\/\/oscarhumbertogomez.com\/index.php?rest_route=%2Fwp%2Fv2%2Fcategories&post=17619"},{"taxonomy":"post_tag","embeddable":true,"href":"https:\/\/oscarhumbertogomez.com\/index.php?rest_route=%2Fwp%2Fv2%2Ftags&post=17619"}],"curies":[{"name":"wp","href":"https:\/\/api.w.org\/{rel}","templated":true}]}}