{"id":17634,"date":"2015-09-23T09:33:09","date_gmt":"2015-09-23T14:33:09","guid":{"rendered":"http:\/\/www.oscarhumbertogomez.com\/?p=17634"},"modified":"2025-02-21T19:17:54","modified_gmt":"2025-02-22T00:17:54","slug":"que-si-el-maestro-jose-a-morales-era-santandereano-diiigame","status":"publish","type":"post","link":"https:\/\/oscarhumbertogomez.com\/?p=17634","title":{"rendered":"\u00bfQue si el maestro Jos\u00e9 A. Morales era santandereano? \u00a1D\u00ed\u00ed\u00edgame! Por \u00d3scar Humberto G\u00f3mez G\u00f3mez"},"content":{"rendered":"<div id=\"attachment_17635\" style=\"width: 460px\" class=\"wp-caption aligncenter\"><a href=\"https:\/\/lapiedrafilosofal.com\/wp-content\/uploads\/2015\/09\/JOS\u00c9-A.-MORALES1.jpg\"><img decoding=\"async\" aria-describedby=\"caption-attachment-17635\" class=\"size-full wp-image-17635\" src=\"https:\/\/lapiedrafilosofal.com\/wp-content\/uploads\/2015\/09\/JOS\u00c9-A.-MORALES1.jpg\" alt=\"El maestro Jos\u00e9 A. Morales observa tocar al maestro bumangu\u00e9s Alfonso Guerrero.\" width=\"450\" srcset=\"https:\/\/oscarhumbertogomez.com\/wp-content\/uploads\/2015\/09\/JOS\u00c9-A.-MORALES1.jpg 390w, https:\/\/oscarhumbertogomez.com\/wp-content\/uploads\/2015\/09\/JOS\u00c9-A.-MORALES1-300x223.jpg 300w\" sizes=\"(max-width: 390px) 100vw, 390px\" \/><\/a><p id=\"caption-attachment-17635\" class=\"wp-caption-text\"><br \/>El maestro Jos\u00e9 A. Morales observa tocar al maestro bumangu\u00e9s Alfonso Guerrero.<\/p><\/div>\n<p>&nbsp;<\/p>\n<p>El se\u00f1or gerente de RCN San Gil, nuestro inmejorable amigo don Timole\u00f3n Rueda, nos env\u00eda un mensaje acerca de la pol\u00e9mica que existe sobre el hecho de que Jos\u00e9 A. Morales no es santandereano y nos sugiere investigar acerca del tema.<\/p>\n<p>Ya lo hicimos, don Timole\u00f3n, desde mucho antes de publicar la entrada de ayer.<\/p>\n<p>En efecto, luego de que siempre se tuvo como axioma el que Jos\u00e9 A. Morales naci\u00f3 en el Socorro, se empez\u00f3 a poner en duda esa aseveraci\u00f3n para sugerir que habr\u00eda nacido en Tocaima o en Guaduas, o sea que el distinguido m\u00fasico era cundinamarqu\u00e9s.<\/p>\n<p>Ni corto ni perezoso, el diario <em>El Espectador<\/em> lleg\u00f3 a asegurar, sin rodeo alguno, sin siquiera insinuar que se trataba tan solo de una pol\u00e9mica a\u00fan no resuelta, que hab\u00eda nacido en Tocaima. Por supuesto, dada la amplia cobertura de ese matutino, la \u201cnoticia\u201d se irrig\u00f3 por todas partes y para los lectores que \u201ctragan entero\u201d \u2014por infortunio la inmensa mayor\u00eda\u2014 qued\u00f3 claro que Morales no era socorrano.<\/p>\n<p>M\u00e1s recientemente, el autor Jaime Rico Salazar, m\u00fasico, escritor e historiador, Miembro de la Academia de Historia de Caldas, en un hermoso y documentado libro publicado hace once a\u00f1os y titulado <em>La canci\u00f3n colombiana<\/em>, de manera concluyente anot\u00f3 que Morales \u201cdefinitivamente\u201d no hab\u00eda nacido en El Socorro.<\/p>\n<p>Empero, el maestro Rico, luego de esbozar sus argumentos \u2014referidos, por un lado, a lo que le cont\u00f3 el compositor nari\u00f1ense Ra\u00fal Rosero, entonces presidente de SAYCO, relato seg\u00fan el cual hab\u00eda ido personalmente a pagarle las regal\u00edas a un hermano del maestro Morales que viv\u00eda en Guaduas en la m\u00e1s extrema pobreza y quien le habr\u00eda dicho que ambos, Jos\u00e9 y \u00e9l, eran de esa poblaci\u00f3n, y, de otro, a que la partida de bautizo hab\u00eda sido sentada en Tocaima unos meses despu\u00e9s de su nacimiento\u2014 admite que \u201cla verdad\u201d solo la dar\u00eda la c\u00e9dula de ciudadan\u00eda laminada del compositor, que se hallaba en poder del maestro antioque\u00f1o Jaime Llano Gonz\u00e1lez (p\u00e1gina 341).<\/p>\n<p>Pues bien: el periodista, m\u00fasico y trabajador de la cultura maestro Puno Ardila Amaya, actual Director Cultural de la Universidad Industrial de Santander e integrante de la simp\u00e1tica y talentosa agrupaci\u00f3n \u201cLos Muchos\u201d, adelant\u00f3 una sesuda y muy bien documentada investigaci\u00f3n en torno a la vida de su ilustre coterr\u00e1neo y ley\u00f3 al aire, a trav\u00e9s de la Emisora Cultural Luis Carlos Gal\u00e1n Sarmiento (100.7 FM), dentro del programa \u00c1lbum del Folclor Colombiano (antes: \u00c1lbum Musical de Colombia), conducido por Victor Su\u00e1rez, el texto completo de la c\u00e9dula de ciudadan\u00eda de Jos\u00e9 Alejandro Morales L\u00f3pez (nombre completo de Jos\u00e9 A. Morales) y en ella dice, con claridad meridiana, que su lugar de nacimiento fue \u201cSocorro (Stder)\u201d.<\/p>\n<p>De esta manera, y siguiendo la indicaci\u00f3n dada por el maestro Rico, el documento oficial por excelencia, vale decir, la c\u00e9dula de ciudadan\u00eda de Jos\u00e9 A. Morales, ha puesto fin a la discusi\u00f3n.<\/p>\n<p>As\u00ed que, mi muy estimado don Timole\u00f3n, el maestro Jos\u00e9 A. Morales naci\u00f3 en el Socorro y es, por lo tanto, santandereano; tan santandereano como usted y como yo, como el Ca\u00f1\u00f3n del Chicamocha, como los bocadillos de V\u00e9lez y Barbosa, como el yeso de Piedecuesta, como el caf\u00e9 de Rionegro, como las obleas de Floridablanca, como las cocadas de Gir\u00f3n, como el cacao de San Vicente de Chucur\u00ed, como la pi\u00f1a de Lebrija, como las chicharras de Bucaramanga, como el parque El Gallineral de San Gil, como la Laguna de Ortices en Garc\u00eda Rovira, como el petr\u00f3leo de Barrancabermeja, como los patriotas de la Batalla del Pienta en Charal\u00e1 o como nuestras ex\u00f3ticas hormigas culonas (no colonas, como dicen por ah\u00ed los despistados).<\/p>\n<p>Por supuesto, estas disputas son normales cuando se trata de los hombres grandes. Porque si en lugar de haber sido el estupendo artista que fue, Jos\u00e9 A. Morales hubiera sido un hamp\u00f3n de siete suelas, se lo estar\u00edan peleando, s\u00ed, pero para decir que NO era de ninguna parte.<\/p>\n<p>Rematemos el asunto con su bambuco &#8220;BAMBUQUITO <strong>DE MI TIERRA<\/strong>&#8220;, en las voces del dueto SILVA Y VILLALBA, el cual define la cuesti\u00f3n, incluso m\u00e1s all\u00e1 de la c\u00e9dula de ciudadan\u00eda.<\/p>\n<p>\u00a1Bienvenidos!<\/p>\n<p>&nbsp;<\/p>\n<p><iframe loading=\"lazy\" width=\"560\" height=\"315\" src=\"https:\/\/www.youtube-nocookie.com\/embed\/WjqX6stfC38?si=UV6zp3crmap56Xax&amp;controls=0&amp;start=28\" title=\"YouTube video player\" frameborder=\"0\" allow=\"accelerometer; autoplay; clipboard-write; encrypted-media; gyroscope; picture-in-picture; web-share\" referrerpolicy=\"strict-origin-when-cross-origin\" allowfullscreen=\"\"><\/iframe><\/p>\n<p>&nbsp;<\/p>\n","protected":false},"excerpt":{"rendered":"<p>&nbsp; El se\u00f1or gerente de RCN San Gil, nuestro inmejorable amigo don Timole\u00f3n Rueda, nos env\u00eda un mensaje acerca de la pol\u00e9mica que existe sobre el hecho de que Jos\u00e9 A. Morales no es santandereano y nos sugiere investigar acerca &hellip; <a href=\"https:\/\/oscarhumbertogomez.com\/?p=17634\">Sigue leyendo <span class=\"meta-nav\">&rarr;<\/span><\/a><\/p>\n<div class='heateorSssClear'><\/div><div  class='heateor_sss_sharing_container heateor_sss_horizontal_sharing' heateor-sss-data-href='https:\/\/oscarhumbertogomez.com\/?p=17634'><div class='heateor_sss_sharing_title' style=\"font-weight:bold\" >\u00a1Gracias por compartirla!<\/div><ul class=\"heateor_sss_sharing_ul\"><li class=\"heateorSssSharingRound\"><i style=\"width:35px;height:35px;border-radius:999px;\" alt=\"Facebook\" Title=\"Facebook\" class=\"heateorSssSharing heateorSssFacebookBackground\" onclick='heateorSssPopup(\"https:\/\/www.facebook.com\/sharer\/sharer.php?u=https%3A%2F%2Foscarhumbertogomez.com%2Findex.php%3Frest_route%3D%252Fwp%252Fv2%252Fposts%252F17634\")'><ss style=\"display:block;border-radius:999px;\" class=\"heateorSssSharingSvg heateorSssFacebookSvg\"><\/ss><\/i><\/li><li class=\"heateorSssSharingRound\"><i style=\"width:35px;height:35px;border-radius:999px;\" alt=\"Twitter\" Title=\"Twitter\" class=\"heateorSssSharing heateorSssTwitterBackground\" onclick='heateorSssPopup(\"http:\/\/twitter.com\/intent\/tweet?text=%C2%BFQue%20si%20el%20maestro%20Jos%C3%A9%20A.%20Morales%20era%20santandereano%3F%20%C2%A1D%C3%AD%C3%AD%C3%ADgame%21%20Por%20%C3%93scar%20Humberto%20G%C3%B3mez%20G%C3%B3mez&url=https%3A%2F%2Foscarhumbertogomez.com%2Findex.php%3Frest_route%3D%252Fwp%252Fv2%252Fposts%252F17634\")'><ss style=\"display:block;border-radius:999px;\" class=\"heateorSssSharingSvg heateorSssTwitterSvg\"><\/ss><\/i><\/li><li class=\"heateorSssSharingRound\"><i style=\"width:35px;height:35px;border-radius:999px;\" alt=\"Whatsapp\" Title=\"Whatsapp\" class=\"heateorSssSharing heateorSssWhatsappBackground\" onclick='heateorSssPopup(\"https:\/\/web.whatsapp.com\/send?text=%C2%BFQue%20si%20el%20maestro%20Jos%C3%A9%20A.%20Morales%20era%20santandereano%3F%20%C2%A1D%C3%AD%C3%AD%C3%ADgame%21%20Por%20%C3%93scar%20Humberto%20G%C3%B3mez%20G%C3%B3mez https%3A%2F%2Foscarhumbertogomez.com%2Findex.php%3Frest_route%3D%252Fwp%252Fv2%252Fposts%252F17634\")'><ss style=\"display:block\" class=\"heateorSssSharingSvg heateorSssWhatsappSvg\"><\/ss><\/i><\/li><li class=\"heateorSssSharingRound\"><i style=\"width:35px;height:35px;border-radius:999px;\" alt=\"Pinterest\" Title=\"Pinterest\" class=\"heateorSssSharing heateorSssPinterestBackground\" onclick=\"javascript:void( (function() {var e=document.createElement('script' );e.setAttribute('type','text\/javascript' );e.setAttribute('charset','UTF-8' );e.setAttribute('src','\/\/assets.pinterest.com\/js\/pinmarklet.js?r='+Math.random()*99999999);document.body.appendChild(e)})());\"><ss style=\"display:block;border-radius:999px;\" class=\"heateorSssSharingSvg heateorSssPinterestSvg\"><\/ss><\/i><\/li><li class=\"heateorSssSharingRound\"><i style=\"width:35px;height:35px;border-radius:999px;\" alt=\"Google Gmail\" Title=\"Google Gmail\" class=\"heateorSssSharing heateorSssGoogleGmailBackground\" onclick='heateorSssPopup(\"https:\/\/mail.google.com\/mail\/?ui=2&view=cm&fs=1&tf=1&su=%C2%BFQue%20si%20el%20maestro%20Jos%C3%A9%20A.%20Morales%20era%20santandereano%3F%20%C2%A1D%C3%AD%C3%AD%C3%ADgame%21%20Por%20%C3%93scar%20Humberto%20G%C3%B3mez%20G%C3%B3mez&body=Link:https%3A%2F%2Foscarhumbertogomez.com%2Findex.php%3Frest_route%3D%252Fwp%252Fv2%252Fposts%252F17634\")'><ss style=\"display:block;border-radius:999px;\" class=\"heateorSssSharingSvg heateorSssGoogleGmailSvg\"><\/ss><\/i><\/li><li class=\"heateorSssSharingRound\"><i style=\"width:35px;height:35px;border-radius:999px;\" title=\"More\" alt=\"More\" class=\"heateorSssSharing heateorSssMoreBackground\" onclick=\"heateorSssMoreSharingPopup(this, 'https:\/\/oscarhumbertogomez.com\/index.php?rest_route=%2Fwp%2Fv2%2Fposts%2F17634', '%C2%BFQue%20si%20el%20maestro%20Jos%C3%A9%20A.%20Morales%20era%20santandereano%3F%20%C2%A1D%C3%AD%C3%AD%C3%ADgame%21%20Por%20%C3%93scar%20Humberto%20G%C3%B3mez%20G%C3%B3mez', '' )\" ><ss style=\"display:block\" class=\"heateorSssSharingSvg heateorSssMoreSvg\"><\/ss><\/i><\/li><\/ul><div class=\"heateorSssClear\"><\/div><\/div><div class='heateorSssClear'><\/div>","protected":false},"author":2,"featured_media":0,"comment_status":"open","ping_status":"open","sticky":false,"template":"","format":"standard","meta":{"spay_email":"","footnotes":""},"categories":[8],"tags":[],"class_list":["post-17634","post","type-post","status-publish","format-standard","hentry","category-musica"],"jetpack_featured_media_url":"","jetpack_shortlink":"https:\/\/wp.me\/p1FYrr-4Aq","_links":{"self":[{"href":"https:\/\/oscarhumbertogomez.com\/index.php?rest_route=\/wp\/v2\/posts\/17634","targetHints":{"allow":["GET"]}}],"collection":[{"href":"https:\/\/oscarhumbertogomez.com\/index.php?rest_route=\/wp\/v2\/posts"}],"about":[{"href":"https:\/\/oscarhumbertogomez.com\/index.php?rest_route=\/wp\/v2\/types\/post"}],"author":[{"embeddable":true,"href":"https:\/\/oscarhumbertogomez.com\/index.php?rest_route=\/wp\/v2\/users\/2"}],"replies":[{"embeddable":true,"href":"https:\/\/oscarhumbertogomez.com\/index.php?rest_route=%2Fwp%2Fv2%2Fcomments&post=17634"}],"version-history":[{"count":6,"href":"https:\/\/oscarhumbertogomez.com\/index.php?rest_route=\/wp\/v2\/posts\/17634\/revisions"}],"predecessor-version":[{"id":51085,"href":"https:\/\/oscarhumbertogomez.com\/index.php?rest_route=\/wp\/v2\/posts\/17634\/revisions\/51085"}],"wp:attachment":[{"href":"https:\/\/oscarhumbertogomez.com\/index.php?rest_route=%2Fwp%2Fv2%2Fmedia&parent=17634"}],"wp:term":[{"taxonomy":"category","embeddable":true,"href":"https:\/\/oscarhumbertogomez.com\/index.php?rest_route=%2Fwp%2Fv2%2Fcategories&post=17634"},{"taxonomy":"post_tag","embeddable":true,"href":"https:\/\/oscarhumbertogomez.com\/index.php?rest_route=%2Fwp%2Fv2%2Ftags&post=17634"}],"curies":[{"name":"wp","href":"https:\/\/api.w.org\/{rel}","templated":true}]}}