{"id":17726,"date":"2015-10-03T12:34:04","date_gmt":"2015-10-03T17:34:04","guid":{"rendered":"http:\/\/www.oscarhumbertogomez.com\/?p=17726"},"modified":"2022-09-07T22:59:57","modified_gmt":"2022-09-08T03:59:57","slug":"sergio-andres-gomez-sandoval-nuevo-arquitecto-de-la-universidad-de-los-andes","status":"publish","type":"post","link":"https:\/\/oscarhumbertogomez.com\/?p=17726","title":{"rendered":"SERGIO ANDR\u00c9S G\u00d3MEZ, NUEVO ARQUITECTO DE LA UNIVERSIDAD DE LOS ANDES"},"content":{"rendered":"<p><a href=\"https:\/\/lapiedrafilosofal.com\/wp-content\/uploads\/2015\/10\/IMG_4157-2.jpg\"><img decoding=\"async\" class=\"aligncenter size-full wp-image-17732\" src=\"https:\/\/lapiedrafilosofal.com\/wp-content\/uploads\/2015\/10\/IMG_4157-2.jpg\" alt=\"IMG_4157 (2)\" width=\"500\" srcset=\"https:\/\/oscarhumbertogomez.com\/wp-content\/uploads\/2015\/10\/IMG_4157-2.jpg 1328w, https:\/\/oscarhumbertogomez.com\/wp-content\/uploads\/2015\/10\/IMG_4157-2-300x169.jpg 300w, https:\/\/oscarhumbertogomez.com\/wp-content\/uploads\/2015\/10\/IMG_4157-2-1024x576.jpg 1024w\" sizes=\"(max-width: 1328px) 100vw, 1328px\" \/><\/a><\/p>\n<p>&nbsp;<\/p>\n<p>La Facultad de Arquitectura de la ilustre Universidad de los Andes, de Bogot\u00e1 (D.C.), confiri\u00f3 a nuestro entra\u00f1able hijo, el joven santandereano <strong>SERGIO ANDR\u00c9S G\u00d3MEZ<\/strong>,&nbsp;el t\u00edtulo de <strong>Arquitecto<\/strong>, en ceremonia de graduaci\u00f3n que se llev\u00f3 a cabo a las 2 de la tarde del pasado jueves 1 de octubre de 2015 en el Centro Empresarial El Cubo y que fue presidida por el rector del <em>alma mater<\/em>, doctor Pablo Navas S\u00e1nz de Santamar\u00eda.<\/p>\n<p>&nbsp;<\/p>\n<p><a href=\"https:\/\/lapiedrafilosofal.com\/wp-content\/uploads\/2015\/10\/EL-CUBO.jpg\"><img loading=\"lazy\" decoding=\"async\" class=\"alignnone size-full wp-image-28349\" src=\"https:\/\/lapiedrafilosofal.com\/wp-content\/uploads\/2015\/10\/EL-CUBO.jpg\" alt=\"\" width=\"1417\" height=\"945\" srcset=\"https:\/\/oscarhumbertogomez.com\/wp-content\/uploads\/2015\/10\/EL-CUBO.jpg 1417w, https:\/\/oscarhumbertogomez.com\/wp-content\/uploads\/2015\/10\/EL-CUBO-300x200.jpg 300w, https:\/\/oscarhumbertogomez.com\/wp-content\/uploads\/2015\/10\/EL-CUBO-768x512.jpg 768w, https:\/\/oscarhumbertogomez.com\/wp-content\/uploads\/2015\/10\/EL-CUBO-1024x683.jpg 1024w\" sizes=\"auto, (max-width: 1417px) 100vw, 1417px\" \/><\/a><\/p>\n<p>&nbsp;<\/p>\n<p>El \u00faltimo semestre de su carrera acad\u00e9mica, Sergio Andr\u00e9s no lo curs\u00f3 en la Universidad de los Andes, pues fue escogido por esa alma m\u00e1ter como alumno de intercambio con la ilustre Universidad de Buenos Aires (UBA) y, consiguientemente, fue enviado a Argentina.<\/p>\n<p>Nos parece que fue ayer, como canta el maestro Armando Manzanero, cuando Nylse y yo tomamos el avi\u00f3n en el aeropuerto Palonegro, de Bucaramanga, para volar a Bogot\u00e1 con el fin de despedirlo. Parece que a\u00fan estuvi\u00e9ramos acompa\u00f1\u00e1ndolo en los preparativos del abordaje dentro del aeropuerto Eldorado, de Bogot\u00e1; parece que fuera hoy nuestro caminar apresurado por pasillos y escaleras atiborrados de gente en las tareas de consecuci\u00f3n de las divisas, y las fotos para el recuerdo tomadas con el celular, y el abrazo, y las inevitables l\u00e1grimas, y la sonrisa ingenua y feliz del estudiante que se iba, del hijo de familia que por primera vez sal\u00eda de su casa, ya no para irse a la capital de la Rep\u00fablica, como se fue la primera vez, plet\u00f3rico de sue\u00f1os, sino ahora fuera del pa\u00eds; y el impecable uniforme de los tripulantes camino hacia el enorme avi\u00f3n azul y blanco de Aerol\u00edneas Argentinas, y las \u00faltimas advertencias a trav\u00e9s de los altavoces, y las recomendaciones finales de Nylse, y los adioses con la mano y, finalmente, el perderlo de vista luego de ingresar a la sala de espera. Y pareciera que fuese a suceder en los pr\u00f3ximos minutos nuestro silencioso regreso a Bucaramanga, y que hasta ahora fu\u00e9semos a rezar mentalmente las oraciones porque su estancia en el extranjero le resultase amable y fruct\u00edfera.<\/p>\n<p>&nbsp;<\/p>\n<div id=\"attachment_28359\" style=\"width: 810px\" class=\"wp-caption alignnone\"><a href=\"https:\/\/lapiedrafilosofal.com\/wp-content\/uploads\/2015\/10\/FACULTAD_DE_ARQUITECTURA_DISEN\u0303O_Y_URBANISMO_-_UNIVERSIDAD_DE_BUENOS_AIRES_-_FADU_UBA_-_EMMANUEL_AMERISE-1.jpg\"><img loading=\"lazy\" decoding=\"async\" aria-describedby=\"caption-attachment-28359\" class=\"size-full wp-image-28359\" src=\"https:\/\/lapiedrafilosofal.com\/wp-content\/uploads\/2015\/10\/FACULTAD_DE_ARQUITECTURA_DISEN\u0303O_Y_URBANISMO_-_UNIVERSIDAD_DE_BUENOS_AIRES_-_FADU_UBA_-_EMMANUEL_AMERISE-1.jpg\" alt=\"\" width=\"800\" height=\"533\" srcset=\"https:\/\/oscarhumbertogomez.com\/wp-content\/uploads\/2015\/10\/FACULTAD_DE_ARQUITECTURA_DISEN\u0303O_Y_URBANISMO_-_UNIVERSIDAD_DE_BUENOS_AIRES_-_FADU_UBA_-_EMMANUEL_AMERISE-1.jpg 800w, https:\/\/oscarhumbertogomez.com\/wp-content\/uploads\/2015\/10\/FACULTAD_DE_ARQUITECTURA_DISEN\u0303O_Y_URBANISMO_-_UNIVERSIDAD_DE_BUENOS_AIRES_-_FADU_UBA_-_EMMANUEL_AMERISE-1-300x200.jpg 300w, https:\/\/oscarhumbertogomez.com\/wp-content\/uploads\/2015\/10\/FACULTAD_DE_ARQUITECTURA_DISEN\u0303O_Y_URBANISMO_-_UNIVERSIDAD_DE_BUENOS_AIRES_-_FADU_UBA_-_EMMANUEL_AMERISE-1-768x512.jpg 768w\" sizes=\"auto, (max-width: 800px) 100vw, 800px\" \/><\/a><p id=\"caption-attachment-28359\" class=\"wp-caption-text\">FACULTAD DE ARQUITECTURA, URBANISMO Y DISE\u00d1O DE LA UNIVERSIDAD DE BUENOS AIRES (UBA)<\/p><\/div>\n<p>&nbsp;<\/p>\n<p>Sergio residi\u00f3 en la patria de Jos\u00e9 de San Mart\u00edn y de Manuel Belgrano \u2014curiosamente, Belgrano se llama el barrio donde se hosped\u00f3\u2014 durante los correspondientes meses de aquel emocionante semestre acad\u00e9mico y tuvo la oportunidad de conocer de cerca la calidez y fraternidad de estudiantes de otros pa\u00edses, todos igualmente en intercambio, como \u00e9l. Le llam\u00f3 la atenci\u00f3n especialmente la sencillez de los mexicanos.<\/p>\n<p>Un d\u00eda cualquiera supimos que su t\u00edo Henry Blackburn lo hab\u00eda sorprendido cuando lleg\u00f3, procedente de Bogot\u00e1, al apartamento donde se hospedaba, con el prop\u00f3sito de visitarlo. Sea el momento, Henricito, de darte nuestras gracias imperecederas por ese <strong>DETALLAZO<\/strong>, tan inmenso como el inmenso amor que te profesamos.<\/p>\n<p>&nbsp;<\/p>\n<p><a href=\"https:\/\/lapiedrafilosofal.com\/wp-content\/uploads\/2015\/10\/IMG_4158-2.jpg\"><img loading=\"lazy\" decoding=\"async\" class=\"aligncenter size-full wp-image-17740\" src=\"https:\/\/lapiedrafilosofal.com\/wp-content\/uploads\/2015\/10\/IMG_4158-2.jpg\" alt=\"IMG_4158 (2)\" width=\"1328\" height=\"747\" srcset=\"https:\/\/oscarhumbertogomez.com\/wp-content\/uploads\/2015\/10\/IMG_4158-2.jpg 1328w, https:\/\/oscarhumbertogomez.com\/wp-content\/uploads\/2015\/10\/IMG_4158-2-300x169.jpg 300w, https:\/\/oscarhumbertogomez.com\/wp-content\/uploads\/2015\/10\/IMG_4158-2-1024x576.jpg 1024w\" sizes=\"auto, (max-width: 1328px) 100vw, 1328px\" \/><\/a><\/p>\n<p>&nbsp;<\/p>\n<p>Sergio fue siempre un estudiante serio, un muchacho con un alto sentido de la responsabilidad acad\u00e9mica, de sus deberes como estudiante, de su compromiso con la representaci\u00f3n digna de su Universidad.<\/p>\n<p>Pero tambi\u00e9n fue en todo momento un joven <strong>santandereano<\/strong> a carta cabal. De ah\u00ed, su convencimiento acerca de la necesidad de vincularse a la lucha \u2014desigual, casi siempre decepcionante, pero en todo caso ineludible\u2014 por la preservaci\u00f3n de nuestra identidad cultural y de nuestro patrimonio hist\u00f3rico. En la intervenci\u00f3n que esta noche haremos, a trav\u00e9s de los mismos micr\u00f3fonos que emplear\u00e1n los cantantes de la orquesta, destacaremos ese detalle. Y lo destacaremos, porque hoy en d\u00eda, cuando los j\u00f3venes solamente piensan en graduarse para largarse de Santander, ojal\u00e1 por siempre, \u00e9l ha manifestado que quiere trabajar primero por su tierra, y una intenci\u00f3n tan noble, expresada por un miembro de la juventud, no debe pasar inadvertida.<\/p>\n<p>&nbsp;<\/p>\n<p><a href=\"https:\/\/lapiedrafilosofal.com\/wp-content\/uploads\/2015\/10\/IMG_4161.jpg\"><img decoding=\"async\" class=\"aligncenter size-full wp-image-17731\" src=\"https:\/\/lapiedrafilosofal.com\/wp-content\/uploads\/2015\/10\/IMG_4161.jpg\" alt=\"IMG_4161\" width=\"500\" srcset=\"https:\/\/oscarhumbertogomez.com\/wp-content\/uploads\/2015\/10\/IMG_4161.jpg 747w, https:\/\/oscarhumbertogomez.com\/wp-content\/uploads\/2015\/10\/IMG_4161-169x300.jpg 169w, https:\/\/oscarhumbertogomez.com\/wp-content\/uploads\/2015\/10\/IMG_4161-576x1024.jpg 576w\" sizes=\"(max-width: 747px) 100vw, 747px\" \/><\/a><\/p>\n<p>&nbsp;<\/p>\n<p>Ser\u00eda muy largo enumerar los recuerdos. Por ello, solo anotamos aqu\u00ed lo que primero se nos viene a la cabeza en ese turbi\u00f3n de remembranzas desordenadas que hoy se nos agolpan: su ni\u00f1ez, su saltar alegre mientras se acerca a la puerta de salida del colegio San Pedrito donde lo esperamos para transportarlo a su hogar, su canto frente a la ventana de nuestro apartamento mientras mece su cuerpo al ritmo de la canci\u00f3n de Juanes que habla de &#8220;este mundo so\u00f1ador&#8221;, su bautizo con traje de gala azul y blanco, la peque\u00f1a capilla del colegio San Pedro y el padre Juan Vicente C\u00f3rdoba haciendo bromas, su aplicaci\u00f3n a cumplir con las tareas escolares, su carcajada infantil rayana en el ahogo cuando me escucha recitar la oraci\u00f3n que, seg\u00fan mi madre, nos salvar\u00e1 de que nos muerda el perro que se nos arrima, su grado de bachiller en el Gimnasio San Diego \u2014el peque\u00f1o gran colegio al que ilumina la inteligencia privilegiada y el esp\u00edritu so\u00f1ador y emprendedor del ilustre ingeniero y educador santandereano don Luis Mart\u00ednez-Villalba\u2014, su primera novia, a la que espera en una mesa que \u00e9l ha preparado con mantel blanco y flores rojas adquiridas en la florer\u00eda, el comentario que mi ex novia Gloria As\u00eds, de visita en la casa vecina, la de mi profesor Hernando G\u00f3mez Guar\u00edn, me env\u00eda a mi correo y en el que me dice que esa tarde conoci\u00f3 a mi hijo porque entr\u00f3 a algo que no supo qu\u00e9 era y le llam\u00f3 la atenci\u00f3n su simpat\u00eda; su decisi\u00f3n de estudiar arquitectura, su viaje a Bogot\u00e1, los a\u00f1os de su carrera, su anuncio de que lo enviar\u00e1n un semestre a Argentina, y, por supuesto, sus proyectos, sus sue\u00f1os y sus ilusiones.<\/p>\n<p>Lo vimos pasar noches enteras en vela mientras preparaba su proyecto de grado, y lo encontramos muchas veces en las horas de la ma\u00f1ana dormido en un sof\u00e1 y con su ropa del d\u00eda anterior puesta, y encima de la mesa una revoltura de cartulinas y tabletas, y, entonces, observando sus escuadras, sus compases, sus l\u00e1pices y sus dem\u00e1s implementos dispersos sobre la mesa de trabajo rememoramos inevitablemente nuestros a\u00f1os lejanos como alumnos \u2014no precisamente brillantes\u2014 de Dibujo T\u00e9cnico en el Instituto T\u00e9cnico Superior D\u00e1maso Zapata (Instituto Tecnol\u00f3gico Santandereano) y evocamos toda la carga de sue\u00f1os, ilusiones y esperanzas que abrig\u00e1bamos entonces de ser arquitectos de nuestro propio destino y poder construir un proyecto de vida alrededor del estudio y del trabajo honrado. S\u00ed: del trabajo honrado, el \u00fanico que tambi\u00e9n Sergio y sus hermanos aprendieron que pod\u00eda ser llamado con ese nombre.<\/p>\n<p>&nbsp;<\/p>\n<div id=\"attachment_28165\" style=\"width: 974px\" class=\"wp-caption alignnone\"><a href=\"https:\/\/lapiedrafilosofal.com\/wp-content\/uploads\/2018\/12\/VITRUVIO-.jpg\"><img loading=\"lazy\" decoding=\"async\" aria-describedby=\"caption-attachment-28165\" class=\"size-full wp-image-28165\" src=\"https:\/\/lapiedrafilosofal.com\/wp-content\/uploads\/2018\/12\/VITRUVIO-.jpg\" alt=\"\" width=\"964\" height=\"631\" srcset=\"https:\/\/oscarhumbertogomez.com\/wp-content\/uploads\/2018\/12\/VITRUVIO-.jpg 964w, https:\/\/oscarhumbertogomez.com\/wp-content\/uploads\/2018\/12\/VITRUVIO--300x196.jpg 300w, https:\/\/oscarhumbertogomez.com\/wp-content\/uploads\/2018\/12\/VITRUVIO--768x503.jpg 768w\" sizes=\"auto, (max-width: 964px) 100vw, 964px\" \/><\/a><p id=\"caption-attachment-28165\" class=\"wp-caption-text\">VITRUVIO, PADRE DE LA ARQUITECTURA, Y SU TRATADO &#8220;DE ARCHITECTURA&#8221;, LIBRO X.<\/p><\/div>\n<p>&nbsp;<\/p>\n<p>Con motivo de la graduaci\u00f3n de Sergio, a las 7 de esta noche, en el Sal\u00f3n Principal del Hotel Punta Diamante, de Ruitoque Condominio, \u00c1rea Metropolitana de Bucaramanga, la familia G\u00f3mez Blackburn-Sandoval (nosotros, \u00d3scar Humberto y Nylse, y nuestros hijos, \u00d3scar Fernando, Alejandra Estefan\u00eda, \u00c9dgar Leonardo y Paula Natalia, hermanos del nuevo exponente de la profesi\u00f3n del gran Vitruvio) ofrece una fiesta de celebraci\u00f3n que ser\u00e1 amenizada musicalmente por la orquesta del maestro Gustavo Quinn.<\/p>\n<p>Una c\u00e1lida felicitaci\u00f3n para el nuevo profesional de la Arquitectura y nuestra gratitud imperecedera al Gran Arquitecto del Universo por esta nueva bendici\u00f3n con que nos ha obsequiado y, por supuesto, por habernos regalado a un hijo de tan excelsas calidades humanas.<\/p>\n<p>\u00a1Todo nuestro amor para ti, Sergio Andr\u00e9s, y que la vida te sonr\u00eda siempre porque te lo mereces!<\/p>\n<p><em>Ruitoque, Mesa de las Tempestades, \u00c1rea Metropolitana de Bucaramanga, s\u00e1bado 3 de octubre de 2015.<\/em><\/p>\n","protected":false},"excerpt":{"rendered":"<p>&nbsp; La Facultad de Arquitectura de la ilustre Universidad de los Andes, de Bogot\u00e1 (D.C.), confiri\u00f3 a nuestro entra\u00f1able hijo, el joven santandereano SERGIO ANDR\u00c9S G\u00d3MEZ,&nbsp;el t\u00edtulo de Arquitecto, en ceremonia de graduaci\u00f3n que se llev\u00f3 a cabo a las &hellip; <a href=\"https:\/\/oscarhumbertogomez.com\/?p=17726\">Sigue leyendo <span class=\"meta-nav\">&rarr;<\/span><\/a><\/p>\n<div class='heateorSssClear'><\/div><div  class='heateor_sss_sharing_container heateor_sss_horizontal_sharing' heateor-sss-data-href='https:\/\/oscarhumbertogomez.com\/?p=17726'><div class='heateor_sss_sharing_title' style=\"font-weight:bold\" >\u00a1Gracias por compartirla!<\/div><ul class=\"heateor_sss_sharing_ul\"><li class=\"heateorSssSharingRound\"><i style=\"width:35px;height:35px;border-radius:999px;\" alt=\"Facebook\" Title=\"Facebook\" class=\"heateorSssSharing heateorSssFacebookBackground\" onclick='heateorSssPopup(\"https:\/\/www.facebook.com\/sharer\/sharer.php?u=https%3A%2F%2Foscarhumbertogomez.com%2Findex.php%3Frest_route%3D%252Fwp%252Fv2%252Fposts%252F17726\")'><ss style=\"display:block;border-radius:999px;\" class=\"heateorSssSharingSvg heateorSssFacebookSvg\"><\/ss><\/i><\/li><li class=\"heateorSssSharingRound\"><i style=\"width:35px;height:35px;border-radius:999px;\" alt=\"Twitter\" Title=\"Twitter\" class=\"heateorSssSharing heateorSssTwitterBackground\" onclick='heateorSssPopup(\"http:\/\/twitter.com\/intent\/tweet?text=SERGIO%20ANDR%C3%89S%20G%C3%93MEZ%2C%20NUEVO%20ARQUITECTO%20DE%20LA%20UNIVERSIDAD%20DE%20LOS%20ANDES&url=https%3A%2F%2Foscarhumbertogomez.com%2Findex.php%3Frest_route%3D%252Fwp%252Fv2%252Fposts%252F17726\")'><ss style=\"display:block;border-radius:999px;\" class=\"heateorSssSharingSvg heateorSssTwitterSvg\"><\/ss><\/i><\/li><li class=\"heateorSssSharingRound\"><i style=\"width:35px;height:35px;border-radius:999px;\" alt=\"Whatsapp\" Title=\"Whatsapp\" class=\"heateorSssSharing heateorSssWhatsappBackground\" onclick='heateorSssPopup(\"https:\/\/web.whatsapp.com\/send?text=SERGIO%20ANDR%C3%89S%20G%C3%93MEZ%2C%20NUEVO%20ARQUITECTO%20DE%20LA%20UNIVERSIDAD%20DE%20LOS%20ANDES https%3A%2F%2Foscarhumbertogomez.com%2Findex.php%3Frest_route%3D%252Fwp%252Fv2%252Fposts%252F17726\")'><ss style=\"display:block\" class=\"heateorSssSharingSvg heateorSssWhatsappSvg\"><\/ss><\/i><\/li><li class=\"heateorSssSharingRound\"><i style=\"width:35px;height:35px;border-radius:999px;\" alt=\"Pinterest\" Title=\"Pinterest\" class=\"heateorSssSharing heateorSssPinterestBackground\" onclick=\"javascript:void( (function() {var e=document.createElement('script' );e.setAttribute('type','text\/javascript' );e.setAttribute('charset','UTF-8' );e.setAttribute('src','\/\/assets.pinterest.com\/js\/pinmarklet.js?r='+Math.random()*99999999);document.body.appendChild(e)})());\"><ss style=\"display:block;border-radius:999px;\" class=\"heateorSssSharingSvg heateorSssPinterestSvg\"><\/ss><\/i><\/li><li class=\"heateorSssSharingRound\"><i style=\"width:35px;height:35px;border-radius:999px;\" alt=\"Google Gmail\" Title=\"Google Gmail\" class=\"heateorSssSharing heateorSssGoogleGmailBackground\" onclick='heateorSssPopup(\"https:\/\/mail.google.com\/mail\/?ui=2&view=cm&fs=1&tf=1&su=SERGIO%20ANDR%C3%89S%20G%C3%93MEZ%2C%20NUEVO%20ARQUITECTO%20DE%20LA%20UNIVERSIDAD%20DE%20LOS%20ANDES&body=Link:https%3A%2F%2Foscarhumbertogomez.com%2Findex.php%3Frest_route%3D%252Fwp%252Fv2%252Fposts%252F17726\")'><ss style=\"display:block;border-radius:999px;\" class=\"heateorSssSharingSvg heateorSssGoogleGmailSvg\"><\/ss><\/i><\/li><li class=\"heateorSssSharingRound\"><i style=\"width:35px;height:35px;border-radius:999px;\" title=\"More\" alt=\"More\" class=\"heateorSssSharing heateorSssMoreBackground\" onclick=\"heateorSssMoreSharingPopup(this, 'https:\/\/oscarhumbertogomez.com\/index.php?rest_route=%2Fwp%2Fv2%2Fposts%2F17726', 'SERGIO%20ANDR%C3%89S%20G%C3%93MEZ%2C%20NUEVO%20ARQUITECTO%20DE%20LA%20UNIVERSIDAD%20DE%20LOS%20ANDES', '' )\" ><ss style=\"display:block\" class=\"heateorSssSharingSvg heateorSssMoreSvg\"><\/ss><\/i><\/li><\/ul><div class=\"heateorSssClear\"><\/div><\/div><div class='heateorSssClear'><\/div>","protected":false},"author":2,"featured_media":0,"comment_status":"open","ping_status":"open","sticky":false,"template":"","format":"standard","meta":{"spay_email":"","footnotes":""},"categories":[64],"tags":[],"class_list":["post-17726","post","type-post","status-publish","format-standard","hentry","category-arquitectura"],"jetpack_featured_media_url":"","jetpack_shortlink":"https:\/\/wp.me\/p1FYrr-4BU","_links":{"self":[{"href":"https:\/\/oscarhumbertogomez.com\/index.php?rest_route=\/wp\/v2\/posts\/17726","targetHints":{"allow":["GET"]}}],"collection":[{"href":"https:\/\/oscarhumbertogomez.com\/index.php?rest_route=\/wp\/v2\/posts"}],"about":[{"href":"https:\/\/oscarhumbertogomez.com\/index.php?rest_route=\/wp\/v2\/types\/post"}],"author":[{"embeddable":true,"href":"https:\/\/oscarhumbertogomez.com\/index.php?rest_route=\/wp\/v2\/users\/2"}],"replies":[{"embeddable":true,"href":"https:\/\/oscarhumbertogomez.com\/index.php?rest_route=%2Fwp%2Fv2%2Fcomments&post=17726"}],"version-history":[{"count":5,"href":"https:\/\/oscarhumbertogomez.com\/index.php?rest_route=\/wp\/v2\/posts\/17726\/revisions"}],"predecessor-version":[{"id":42792,"href":"https:\/\/oscarhumbertogomez.com\/index.php?rest_route=\/wp\/v2\/posts\/17726\/revisions\/42792"}],"wp:attachment":[{"href":"https:\/\/oscarhumbertogomez.com\/index.php?rest_route=%2Fwp%2Fv2%2Fmedia&parent=17726"}],"wp:term":[{"taxonomy":"category","embeddable":true,"href":"https:\/\/oscarhumbertogomez.com\/index.php?rest_route=%2Fwp%2Fv2%2Fcategories&post=17726"},{"taxonomy":"post_tag","embeddable":true,"href":"https:\/\/oscarhumbertogomez.com\/index.php?rest_route=%2Fwp%2Fv2%2Ftags&post=17726"}],"curies":[{"name":"wp","href":"https:\/\/api.w.org\/{rel}","templated":true}]}}