{"id":18035,"date":"2015-10-31T14:22:40","date_gmt":"2015-10-31T19:22:40","guid":{"rendered":"http:\/\/www.oscarhumbertogomez.com\/?p=18035"},"modified":"2025-03-23T12:40:56","modified_gmt":"2025-03-23T17:40:56","slug":"la-contaminacion-del-aire-en-bucaramanga-por-oscar-humberto-gomez-gomez-miembro-del-colegio-nacional-de-periodistas-cnp","status":"publish","type":"post","link":"https:\/\/oscarhumbertogomez.com\/?p=18035","title":{"rendered":"LA CONTAMINACI\u00d3N DEL AIRE EN BUCARAMANGA. Por \u00d3scar Humberto G\u00f3mez G\u00f3mez, Miembro del Colegio Nacional de Periodistas"},"content":{"rendered":"<p><img decoding=\"async\" class=\"aligncenter size-full wp-image-4481\" src=\"https:\/\/lapiedrafilosofal.com\/wp-content\/uploads\/2012\/06\/OSCAR-HUMBERTO-GOMEZ.jpg\" alt=\"OSCAR HUMBERTO GOMEZ\" width=\"500\"><\/p>\n<p>&nbsp;<\/p>\n<p>Hace ya algunos a\u00f1os, me le med\u00ed a una tarea quijotesca: comenc\u00e9 a utilizar el <strong>derecho de petici\u00f3n<\/strong>, consagrado en el art\u00edculo 45 de la Constituci\u00f3n Nacional de 1886 y en el art\u00edculo 23 de la Constituci\u00f3n Pol\u00edtica de 1991, en procura de lograr la adopci\u00f3n de campa\u00f1as estatales encaminadas a ejercer la presencia disuasiva de eso que llaman las autoridades &#8220;competentes&#8221; en las calles de Bucaramanga con el fin de intimidar a quienes campantemente circulaban al frente de veh\u00edculos contaminadores.<\/p>\n<p>En s\u00edntesis, lo que hice fue entregarles la lista de las placas de buses, busetas, taxis, volquetes, camiones, camionetas, camperos, autom\u00f3viles y hasta motocicletas a las que hab\u00edamos visto expeliendo la estela de humo negro por el tubo de escape.<\/p>\n<p>&nbsp;<\/p>\n<p><a href=\"https:\/\/lapiedrafilosofal.com\/wp-content\/uploads\/2015\/10\/VOLQUETE-CONTAMINADOR.jpg\"><img loading=\"lazy\" decoding=\"async\" class=\"aligncenter size-full wp-image-18051\" src=\"https:\/\/lapiedrafilosofal.com\/wp-content\/uploads\/2015\/10\/VOLQUETE-CONTAMINADOR.jpg\" alt=\"VOLQUETE CONTAMINADOR\" width=\"650\" height=\"433\" srcset=\"https:\/\/oscarhumbertogomez.com\/wp-content\/uploads\/2015\/10\/VOLQUETE-CONTAMINADOR.jpg 650w, https:\/\/oscarhumbertogomez.com\/wp-content\/uploads\/2015\/10\/VOLQUETE-CONTAMINADOR-300x200.jpg 300w\" sizes=\"auto, (max-width: 650px) 100vw, 650px\" \/><\/a><\/p>\n<p>&nbsp;<\/p>\n<p>Aunque se supone que la autoridad conoce sus funciones mejor que nadie y sabe qu\u00e9 medidas debe adoptar, me met\u00ed de asesor de oficio y suger\u00ed que se instalaran retenes sorpresa en diversos sitios de la ciudad con participaci\u00f3n de la Polic\u00eda Nacional, la Direcci\u00f3n de Tr\u00e1nsito de Bucaramanga, la CDMB y la Secretar\u00eda Municipal de Medio Ambiente, y se les impusiera a los conductores el comparendo correspondiente. Incluso, como la contaminaci\u00f3n ambiental es un delito, insinu\u00e9 que se estudiara la posibilidad de arrestar y poner a \u00f3rdenes de la Fiscal\u00eda General de la Naci\u00f3n a los contaminadores sorprendidos en flagrancia (pues la Constituci\u00f3n permite la captura sin orden judicial de quien sea sorprendido cometiendo un delito). De igual manera, indiqu\u00e9 que deb\u00edan presentarse las denuncias penales correspondientes contra los due\u00f1os de los veh\u00edculos.<\/p>\n<p>Sobra decirles que en su respuesta cada entidad sac\u00f3 el cuerpo diciendo que a ella no le correspond\u00eda hacer eso, sino a otra, y la otra dijo que no, que no era a ella, sino a otra, y esta a su vez dijo que tampoco, que no era a ella a la que le tocaba, sino a otra. De suerte que, al final, nadie hizo nada.<\/p>\n<p>&nbsp;<\/p>\n<p><a href=\"https:\/\/lapiedrafilosofal.com\/wp-content\/uploads\/2015\/10\/BUS-CONTAMINADOR.jpg\"><img loading=\"lazy\" decoding=\"async\" class=\"aligncenter size-full wp-image-18036\" src=\"https:\/\/lapiedrafilosofal.com\/wp-content\/uploads\/2015\/10\/BUS-CONTAMINADOR.jpg\" alt=\"BUS CONTAMINADOR\" width=\"650\" height=\"433\" srcset=\"https:\/\/oscarhumbertogomez.com\/wp-content\/uploads\/2015\/10\/BUS-CONTAMINADOR.jpg 650w, https:\/\/oscarhumbertogomez.com\/wp-content\/uploads\/2015\/10\/BUS-CONTAMINADOR-300x200.jpg 300w\" sizes=\"auto, (max-width: 650px) 100vw, 650px\" \/><\/a><\/p>\n<p>&nbsp;<\/p>\n<p>A\u00f1os despu\u00e9s, la CDMB instal\u00f3 en el parque Guillermo Sorzano, o sea en el mal llamado parque San P\u00edo, concretamente en el costado oriental del parque, o sea frente al templo que s\u00ed se llama San P\u00edo, pero no solo P\u00edo, sino San P\u00edo X, unos medidores de la contaminaci\u00f3n del aire, medidores que poco despu\u00e9s quit\u00f3, seguramente cuando descubri\u00f3 el agua tibia, vale decir, cuando se enter\u00f3 de aquello que todo el mundo ya sab\u00eda: que el aire de ese sector de la ciudad estaba, efectivamente, contaminado.<\/p>\n<p>De resto, los veh\u00edculos contaminadores siguen circulando sin que se haga nada de nada.<\/p>\n<p>&nbsp;<\/p>\n<p><a href=\"https:\/\/lapiedrafilosofal.com\/wp-content\/uploads\/2015\/10\/VOLQUETE-CONTAMINADOR-.jpg\"><img loading=\"lazy\" decoding=\"async\" class=\"aligncenter size-full wp-image-18053\" src=\"https:\/\/lapiedrafilosofal.com\/wp-content\/uploads\/2015\/10\/VOLQUETE-CONTAMINADOR-.jpg\" alt=\"VOLQUETE CONTAMINADOR\" width=\"650\" height=\"433\" srcset=\"https:\/\/oscarhumbertogomez.com\/wp-content\/uploads\/2015\/10\/VOLQUETE-CONTAMINADOR-.jpg 650w, https:\/\/oscarhumbertogomez.com\/wp-content\/uploads\/2015\/10\/VOLQUETE-CONTAMINADOR--300x200.jpg 300w\" sizes=\"auto, (max-width: 650px) 100vw, 650px\" \/><\/a><\/p>\n<p>&nbsp;<\/p>\n<p>Claro que, en cambio, y sin que nadie lo haya pedido, la Direcci\u00f3n de Tr\u00e1nsito de Bucaramanga se la pasa instalando retenes a ver a qui\u00e9n sorprende, pongamos por caso, violando el pico y placa.<\/p>\n<p>Hace poco, la CDMB y el \u00c1rea Metropolitana de Bucaramanga se agarraron en los estrados judiciales con el fin de que la justicia determinara cu\u00e1l de las dos entidades era la que verdaderamente ten\u00eda a su cargo la protecci\u00f3n del medio ambiente en Bucaramanga y, de paso, se quedara con el jugoso presupuesto destinado a eso.<\/p>\n<p>Existe, adem\u00e1s, en el orden nacional \u2014o &#8220;a nivel&#8221; nacional, como dicen ahora\u2014 el Ministerio del Medio Ambiente (al que ahora le dicen solo &#8220;de Ambiente&#8221;), un ministerio que uno no sabe a qu\u00e9 se dedica exactamente.<\/p>\n<p>&nbsp;<\/p>\n<p><a href=\"https:\/\/lapiedrafilosofal.com\/wp-content\/uploads\/2015\/10\/AUTOMOVIL-CONTAMINADOR.jpg\"><img decoding=\"async\" class=\"aligncenter size-full wp-image-18054\" src=\"https:\/\/lapiedrafilosofal.com\/wp-content\/uploads\/2015\/10\/AUTOMOVIL-CONTAMINADOR.jpg\" alt=\"AUTOMOVIL CONTAMINADOR\" width=\"500\" srcset=\"https:\/\/oscarhumbertogomez.com\/wp-content\/uploads\/2015\/10\/AUTOMOVIL-CONTAMINADOR.jpg 340w, https:\/\/oscarhumbertogomez.com\/wp-content\/uploads\/2015\/10\/AUTOMOVIL-CONTAMINADOR-300x225.jpg 300w\" sizes=\"(max-width: 340px) 100vw, 340px\" \/><\/a><\/p>\n<p>&nbsp;<\/p>\n<p>La escalofriante noticia de que Bucaramanga es una de las ciudades m\u00e1s contaminadas de Colombia \u2014al lado de Bogot\u00e1, Cali y Medell\u00edn\u2014 y que, seg\u00fan el propio Ministro del Medio Ambiente (o de Ambiente, como dicen ahora) Carlos Costa, nada m\u00e1s ni nada menos que <strong>SEIS MIL PERSONAS<\/strong> (\u00a1\u00a1\u00a1 <strong>6.000 seres humanos, como usted o como yo<\/strong> !!! ) mueren al a\u00f1o en Colombia debido a la contaminaci\u00f3n del aire. no puede pasar desapercibida. Las enfermedades pulmonares derivadas de la contaminaci\u00f3n del aire literalmente agobian a los residentes de la capital de Santander y no podemos aceptar que el Estado se siga desentendiendo de un problema tan grave de salud p\u00fablica.<\/p>\n<p>Pero lo primero por lo que tenemos que luchar es porque se le ponga fin a la DISPERSI\u00d3N del Estado en esa delicada materia. Debemos exigir que exista UNA SOLA ENTIDAD, poderosa, eficiente y seria, que se apersone, de una vez por todas, de la en\u00e9rgica defensa de nuestro medio ambiente.<\/p>\n<p>Esperamos que el alcalde electo s\u00ed nos escuche.<\/p>\n<p>____________<\/p>\n<p><strong>Fotograf\u00edas<\/strong>: Vanguardia Liberal.<\/p>\n<p>&nbsp;<\/p>\n","protected":false},"excerpt":{"rendered":"<p>&nbsp; Hace ya algunos a\u00f1os, me le med\u00ed a una tarea quijotesca: comenc\u00e9 a utilizar el derecho de petici\u00f3n, consagrado en el art\u00edculo 45 de la Constituci\u00f3n Nacional de 1886 y en el art\u00edculo 23 de la Constituci\u00f3n Pol\u00edtica de &hellip; <a href=\"https:\/\/oscarhumbertogomez.com\/?p=18035\">Sigue leyendo <span class=\"meta-nav\">&rarr;<\/span><\/a><\/p>\n<div class='heateorSssClear'><\/div><div  class='heateor_sss_sharing_container heateor_sss_horizontal_sharing' heateor-sss-data-href='https:\/\/oscarhumbertogomez.com\/?p=18035'><div class='heateor_sss_sharing_title' style=\"font-weight:bold\" >\u00a1Gracias por compartirla!<\/div><ul class=\"heateor_sss_sharing_ul\"><li class=\"heateorSssSharingRound\"><i style=\"width:35px;height:35px;border-radius:999px;\" alt=\"Facebook\" Title=\"Facebook\" class=\"heateorSssSharing heateorSssFacebookBackground\" onclick='heateorSssPopup(\"https:\/\/www.facebook.com\/sharer\/sharer.php?u=https%3A%2F%2Foscarhumbertogomez.com%2Findex.php%3Frest_route%3D%252Fwp%252Fv2%252Fposts%252F18035\")'><ss style=\"display:block;border-radius:999px;\" class=\"heateorSssSharingSvg heateorSssFacebookSvg\"><\/ss><\/i><\/li><li class=\"heateorSssSharingRound\"><i style=\"width:35px;height:35px;border-radius:999px;\" alt=\"Twitter\" Title=\"Twitter\" class=\"heateorSssSharing heateorSssTwitterBackground\" onclick='heateorSssPopup(\"http:\/\/twitter.com\/intent\/tweet?text=LA%20CONTAMINACI%C3%93N%20DEL%20AIRE%20EN%20BUCARAMANGA.%20Por%20%C3%93scar%20Humberto%20G%C3%B3mez%20G%C3%B3mez%2C%20Miembro%20del%20Colegio%20Nacional%20de%20Periodistas&url=https%3A%2F%2Foscarhumbertogomez.com%2Findex.php%3Frest_route%3D%252Fwp%252Fv2%252Fposts%252F18035\")'><ss style=\"display:block;border-radius:999px;\" class=\"heateorSssSharingSvg heateorSssTwitterSvg\"><\/ss><\/i><\/li><li class=\"heateorSssSharingRound\"><i style=\"width:35px;height:35px;border-radius:999px;\" alt=\"Whatsapp\" Title=\"Whatsapp\" class=\"heateorSssSharing heateorSssWhatsappBackground\" onclick='heateorSssPopup(\"https:\/\/web.whatsapp.com\/send?text=LA%20CONTAMINACI%C3%93N%20DEL%20AIRE%20EN%20BUCARAMANGA.%20Por%20%C3%93scar%20Humberto%20G%C3%B3mez%20G%C3%B3mez%2C%20Miembro%20del%20Colegio%20Nacional%20de%20Periodistas https%3A%2F%2Foscarhumbertogomez.com%2Findex.php%3Frest_route%3D%252Fwp%252Fv2%252Fposts%252F18035\")'><ss style=\"display:block\" class=\"heateorSssSharingSvg heateorSssWhatsappSvg\"><\/ss><\/i><\/li><li class=\"heateorSssSharingRound\"><i style=\"width:35px;height:35px;border-radius:999px;\" alt=\"Pinterest\" Title=\"Pinterest\" class=\"heateorSssSharing heateorSssPinterestBackground\" onclick=\"javascript:void( (function() {var e=document.createElement('script' );e.setAttribute('type','text\/javascript' );e.setAttribute('charset','UTF-8' );e.setAttribute('src','\/\/assets.pinterest.com\/js\/pinmarklet.js?r='+Math.random()*99999999);document.body.appendChild(e)})());\"><ss style=\"display:block;border-radius:999px;\" class=\"heateorSssSharingSvg heateorSssPinterestSvg\"><\/ss><\/i><\/li><li class=\"heateorSssSharingRound\"><i style=\"width:35px;height:35px;border-radius:999px;\" alt=\"Google Gmail\" Title=\"Google Gmail\" class=\"heateorSssSharing heateorSssGoogleGmailBackground\" onclick='heateorSssPopup(\"https:\/\/mail.google.com\/mail\/?ui=2&view=cm&fs=1&tf=1&su=LA%20CONTAMINACI%C3%93N%20DEL%20AIRE%20EN%20BUCARAMANGA.%20Por%20%C3%93scar%20Humberto%20G%C3%B3mez%20G%C3%B3mez%2C%20Miembro%20del%20Colegio%20Nacional%20de%20Periodistas&body=Link:https%3A%2F%2Foscarhumbertogomez.com%2Findex.php%3Frest_route%3D%252Fwp%252Fv2%252Fposts%252F18035\")'><ss style=\"display:block;border-radius:999px;\" class=\"heateorSssSharingSvg heateorSssGoogleGmailSvg\"><\/ss><\/i><\/li><li class=\"heateorSssSharingRound\"><i style=\"width:35px;height:35px;border-radius:999px;\" title=\"More\" alt=\"More\" class=\"heateorSssSharing heateorSssMoreBackground\" onclick=\"heateorSssMoreSharingPopup(this, 'https:\/\/oscarhumbertogomez.com\/index.php?rest_route=%2Fwp%2Fv2%2Fposts%2F18035', 'LA%20CONTAMINACI%C3%93N%20DEL%20AIRE%20EN%20BUCARAMANGA.%20Por%20%C3%93scar%20Humberto%20G%C3%B3mez%20G%C3%B3mez%2C%20Miembro%20del%20Colegio%20Nacional%20de%20Periodistas', '' )\" ><ss style=\"display:block\" class=\"heateorSssSharingSvg heateorSssMoreSvg\"><\/ss><\/i><\/li><\/ul><div class=\"heateorSssClear\"><\/div><\/div><div class='heateorSssClear'><\/div>","protected":false},"author":2,"featured_media":0,"comment_status":"open","ping_status":"open","sticky":false,"template":"","format":"standard","meta":{"spay_email":"","footnotes":""},"categories":[18],"tags":[],"class_list":["post-18035","post","type-post","status-publish","format-standard","hentry","category-ecologia"],"jetpack_featured_media_url":"","jetpack_shortlink":"https:\/\/wp.me\/p1FYrr-4GT","_links":{"self":[{"href":"https:\/\/oscarhumbertogomez.com\/index.php?rest_route=\/wp\/v2\/posts\/18035","targetHints":{"allow":["GET"]}}],"collection":[{"href":"https:\/\/oscarhumbertogomez.com\/index.php?rest_route=\/wp\/v2\/posts"}],"about":[{"href":"https:\/\/oscarhumbertogomez.com\/index.php?rest_route=\/wp\/v2\/types\/post"}],"author":[{"embeddable":true,"href":"https:\/\/oscarhumbertogomez.com\/index.php?rest_route=\/wp\/v2\/users\/2"}],"replies":[{"embeddable":true,"href":"https:\/\/oscarhumbertogomez.com\/index.php?rest_route=%2Fwp%2Fv2%2Fcomments&post=18035"}],"version-history":[{"count":4,"href":"https:\/\/oscarhumbertogomez.com\/index.php?rest_route=\/wp\/v2\/posts\/18035\/revisions"}],"predecessor-version":[{"id":52711,"href":"https:\/\/oscarhumbertogomez.com\/index.php?rest_route=\/wp\/v2\/posts\/18035\/revisions\/52711"}],"wp:attachment":[{"href":"https:\/\/oscarhumbertogomez.com\/index.php?rest_route=%2Fwp%2Fv2%2Fmedia&parent=18035"}],"wp:term":[{"taxonomy":"category","embeddable":true,"href":"https:\/\/oscarhumbertogomez.com\/index.php?rest_route=%2Fwp%2Fv2%2Fcategories&post=18035"},{"taxonomy":"post_tag","embeddable":true,"href":"https:\/\/oscarhumbertogomez.com\/index.php?rest_route=%2Fwp%2Fv2%2Ftags&post=18035"}],"curies":[{"name":"wp","href":"https:\/\/api.w.org\/{rel}","templated":true}]}}