{"id":18204,"date":"2015-11-27T14:09:06","date_gmt":"2015-11-27T19:09:06","guid":{"rendered":"http:\/\/www.oscarhumbertogomez.com\/?p=18204"},"modified":"2025-02-08T12:24:48","modified_gmt":"2025-02-08T17:24:48","slug":"santandereanos-documental-por-carlos-higinio-cardenas-becerra-diana-marcela-cortes-zapata-valery-charlot-cardenas-cortes-personal-del-programa-con-nuestra-gente-y-de-la-television-region","status":"publish","type":"post","link":"https:\/\/oscarhumbertogomez.com\/?p=18204","title":{"rendered":"SANTANDEREANOS \/\/ Documental \/\/ Por: Carlos Higinio C\u00e1rdenas Becerra, Diana Marcela Cort\u00e9s Zapata, Valery Charlot C\u00e1rdenas Cort\u00e9s y personal de la Televisi\u00f3n Regional del Oriente (Canal TRO), programa &#8220;Con nuestra gente&#8221;."},"content":{"rendered":"<p><span style=\"color: #ff0000;\"><strong>NOTA DEL PORTAL:<\/strong><\/span> El 26 de abril de 2012, el Canal Regional de Televisi\u00f3n del Oriente Colombiano (Canal TRO) difundi\u00f3 un documental producido por el equipo period\u00edstico del programa &#8220;<strong>Con nuestra gente<\/strong>&#8220;, bajo la direcci\u00f3n del comunicador Carlos C\u00e1rdenas.<\/p>\n<p>Dentro de las personas entrevistadas estuvo el director de este portal, quien fue visitado en su oficina de abogado por los productores del video.<\/p>\n<p>El espacio se titul\u00f3 &#8220;<strong>Pingo, mano y otros dichos populares en Santander<\/strong>&#8220;.<\/p>\n<p>Hoy insertamos aquel documental para conocimiento de ustedes, visitantes y amigos de <em><strong>Santander en la Red<\/strong><\/em>.<\/p>\n<p>\u00a1Bienvenidos!<\/p>\n<p>&nbsp;<\/p>\n<p><a href=\"https:\/\/lapiedrafilosofal.com\/wp-content\/uploads\/2015\/11\/trapiche-02.jpg\"><img decoding=\"async\" class=\"aligncenter size-full wp-image-18206\" src=\"https:\/\/lapiedrafilosofal.com\/wp-content\/uploads\/2015\/11\/trapiche-02.jpg\" alt=\"trapiche-02\" width=\"500\" srcset=\"https:\/\/oscarhumbertogomez.com\/wp-content\/uploads\/2015\/11\/trapiche-02.jpg 2048w, https:\/\/oscarhumbertogomez.com\/wp-content\/uploads\/2015\/11\/trapiche-02-300x225.jpg 300w, https:\/\/oscarhumbertogomez.com\/wp-content\/uploads\/2015\/11\/trapiche-02-1024x768.jpg 1024w\" sizes=\"(max-width: 2048px) 100vw, 2048px\" \/><\/a><iframe loading=\"lazy\" src=\"https:\/\/www.youtube-nocookie.com\/embed\/r8jWnyMOpso?rel=0&amp;controls=0&amp;showinfo=0\" width=\"420\" height=\"315\" frameborder=\"0\" allowfullscreen=\"allowfullscreen\"><\/iframe><\/p>\n<p>&nbsp;<\/p>\n","protected":false},"excerpt":{"rendered":"<p>NOTA DEL PORTAL: El 26 de abril de 2012, el Canal Regional de Televisi\u00f3n del Oriente Colombiano (Canal TRO) difundi\u00f3 un documental producido por el equipo period\u00edstico del programa &#8220;Con nuestra gente&#8220;, bajo la direcci\u00f3n del comunicador Carlos C\u00e1rdenas. Dentro &hellip; <a href=\"https:\/\/oscarhumbertogomez.com\/?p=18204\">Sigue leyendo <span class=\"meta-nav\">&rarr;<\/span><\/a><\/p>\n<div class='heateorSssClear'><\/div><div  class='heateor_sss_sharing_container heateor_sss_horizontal_sharing' heateor-sss-data-href='https:\/\/oscarhumbertogomez.com\/?p=18204'><div class='heateor_sss_sharing_title' style=\"font-weight:bold\" >\u00a1Gracias por compartirla!<\/div><ul class=\"heateor_sss_sharing_ul\"><li class=\"heateorSssSharingRound\"><i style=\"width:35px;height:35px;border-radius:999px;\" alt=\"Facebook\" Title=\"Facebook\" class=\"heateorSssSharing heateorSssFacebookBackground\" onclick='heateorSssPopup(\"https:\/\/www.facebook.com\/sharer\/sharer.php?u=https%3A%2F%2Foscarhumbertogomez.com%2Findex.php%3Frest_route%3D%252Fwp%252Fv2%252Fposts%252F18204\")'><ss style=\"display:block;border-radius:999px;\" class=\"heateorSssSharingSvg heateorSssFacebookSvg\"><\/ss><\/i><\/li><li class=\"heateorSssSharingRound\"><i style=\"width:35px;height:35px;border-radius:999px;\" alt=\"Twitter\" Title=\"Twitter\" class=\"heateorSssSharing heateorSssTwitterBackground\" onclick='heateorSssPopup(\"http:\/\/twitter.com\/intent\/tweet?text=SANTANDEREANOS%20%2F%2F%20Documental%20%2F%2F%20Por%3A%20Carlos%20Higinio%20C%C3%A1rdenas%20Becerra%2C%20Diana%20Marcela%20Cort%C3%A9s%20Zapata%2C%20Valery%20Charlot%20C%C3%A1rdenas%20Cort%C3%A9s%20y%20personal%20de%20la%20Televisi%C3%B3n%20Regional%20del%20Oriente%20%28Canal%20TRO%29%2C%20programa%20%22Con%20nuestra%20gente%22.&url=https%3A%2F%2Foscarhumbertogomez.com%2Findex.php%3Frest_route%3D%252Fwp%252Fv2%252Fposts%252F18204\")'><ss style=\"display:block;border-radius:999px;\" class=\"heateorSssSharingSvg heateorSssTwitterSvg\"><\/ss><\/i><\/li><li class=\"heateorSssSharingRound\"><i style=\"width:35px;height:35px;border-radius:999px;\" alt=\"Whatsapp\" Title=\"Whatsapp\" class=\"heateorSssSharing heateorSssWhatsappBackground\" onclick='heateorSssPopup(\"https:\/\/web.whatsapp.com\/send?text=SANTANDEREANOS%20%2F%2F%20Documental%20%2F%2F%20Por%3A%20Carlos%20Higinio%20C%C3%A1rdenas%20Becerra%2C%20Diana%20Marcela%20Cort%C3%A9s%20Zapata%2C%20Valery%20Charlot%20C%C3%A1rdenas%20Cort%C3%A9s%20y%20personal%20de%20la%20Televisi%C3%B3n%20Regional%20del%20Oriente%20%28Canal%20TRO%29%2C%20programa%20%22Con%20nuestra%20gente%22. https%3A%2F%2Foscarhumbertogomez.com%2Findex.php%3Frest_route%3D%252Fwp%252Fv2%252Fposts%252F18204\")'><ss style=\"display:block\" class=\"heateorSssSharingSvg heateorSssWhatsappSvg\"><\/ss><\/i><\/li><li class=\"heateorSssSharingRound\"><i style=\"width:35px;height:35px;border-radius:999px;\" alt=\"Pinterest\" Title=\"Pinterest\" class=\"heateorSssSharing heateorSssPinterestBackground\" onclick=\"javascript:void( (function() {var e=document.createElement('script' );e.setAttribute('type','text\/javascript' );e.setAttribute('charset','UTF-8' );e.setAttribute('src','\/\/assets.pinterest.com\/js\/pinmarklet.js?r='+Math.random()*99999999);document.body.appendChild(e)})());\"><ss style=\"display:block;border-radius:999px;\" class=\"heateorSssSharingSvg heateorSssPinterestSvg\"><\/ss><\/i><\/li><li class=\"heateorSssSharingRound\"><i style=\"width:35px;height:35px;border-radius:999px;\" alt=\"Google Gmail\" Title=\"Google Gmail\" class=\"heateorSssSharing heateorSssGoogleGmailBackground\" onclick='heateorSssPopup(\"https:\/\/mail.google.com\/mail\/?ui=2&view=cm&fs=1&tf=1&su=SANTANDEREANOS%20%2F%2F%20Documental%20%2F%2F%20Por%3A%20Carlos%20Higinio%20C%C3%A1rdenas%20Becerra%2C%20Diana%20Marcela%20Cort%C3%A9s%20Zapata%2C%20Valery%20Charlot%20C%C3%A1rdenas%20Cort%C3%A9s%20y%20personal%20de%20la%20Televisi%C3%B3n%20Regional%20del%20Oriente%20%28Canal%20TRO%29%2C%20programa%20%22Con%20nuestra%20gente%22.&body=Link:https%3A%2F%2Foscarhumbertogomez.com%2Findex.php%3Frest_route%3D%252Fwp%252Fv2%252Fposts%252F18204\")'><ss style=\"display:block;border-radius:999px;\" class=\"heateorSssSharingSvg heateorSssGoogleGmailSvg\"><\/ss><\/i><\/li><li class=\"heateorSssSharingRound\"><i style=\"width:35px;height:35px;border-radius:999px;\" title=\"More\" alt=\"More\" class=\"heateorSssSharing heateorSssMoreBackground\" onclick=\"heateorSssMoreSharingPopup(this, 'https:\/\/oscarhumbertogomez.com\/index.php?rest_route=%2Fwp%2Fv2%2Fposts%2F18204', 'SANTANDEREANOS%20%2F%2F%20Documental%20%2F%2F%20Por%3A%20Carlos%20Higinio%20C%C3%A1rdenas%20Becerra%2C%20Diana%20Marcela%20Cort%C3%A9s%20Zapata%2C%20Valery%20Charlot%20C%C3%A1rdenas%20Cort%C3%A9s%20y%20personal%20de%20la%20Televisi%C3%B3n%20Regional%20del%20Oriente%20%28Canal%20TRO%29%2C%20programa%20%22Con%20nuestra%20gente%22.', '' )\" ><ss style=\"display:block\" class=\"heateorSssSharingSvg heateorSssMoreSvg\"><\/ss><\/i><\/li><\/ul><div class=\"heateorSssClear\"><\/div><\/div><div class='heateorSssClear'><\/div>","protected":false},"author":2,"featured_media":0,"comment_status":"closed","ping_status":"closed","sticky":false,"template":"","format":"standard","meta":{"spay_email":"","footnotes":""},"categories":[1],"tags":[],"class_list":["post-18204","post","type-post","status-publish","format-standard","hentry","category-blog"],"jetpack_featured_media_url":"","jetpack_shortlink":"https:\/\/wp.me\/p1FYrr-4JC","_links":{"self":[{"href":"https:\/\/oscarhumbertogomez.com\/index.php?rest_route=\/wp\/v2\/posts\/18204","targetHints":{"allow":["GET"]}}],"collection":[{"href":"https:\/\/oscarhumbertogomez.com\/index.php?rest_route=\/wp\/v2\/posts"}],"about":[{"href":"https:\/\/oscarhumbertogomez.com\/index.php?rest_route=\/wp\/v2\/types\/post"}],"author":[{"embeddable":true,"href":"https:\/\/oscarhumbertogomez.com\/index.php?rest_route=\/wp\/v2\/users\/2"}],"replies":[{"embeddable":true,"href":"https:\/\/oscarhumbertogomez.com\/index.php?rest_route=%2Fwp%2Fv2%2Fcomments&post=18204"}],"version-history":[{"count":5,"href":"https:\/\/oscarhumbertogomez.com\/index.php?rest_route=\/wp\/v2\/posts\/18204\/revisions"}],"predecessor-version":[{"id":50465,"href":"https:\/\/oscarhumbertogomez.com\/index.php?rest_route=\/wp\/v2\/posts\/18204\/revisions\/50465"}],"wp:attachment":[{"href":"https:\/\/oscarhumbertogomez.com\/index.php?rest_route=%2Fwp%2Fv2%2Fmedia&parent=18204"}],"wp:term":[{"taxonomy":"category","embeddable":true,"href":"https:\/\/oscarhumbertogomez.com\/index.php?rest_route=%2Fwp%2Fv2%2Fcategories&post=18204"},{"taxonomy":"post_tag","embeddable":true,"href":"https:\/\/oscarhumbertogomez.com\/index.php?rest_route=%2Fwp%2Fv2%2Ftags&post=18204"}],"curies":[{"name":"wp","href":"https:\/\/api.w.org\/{rel}","templated":true}]}}