{"id":18312,"date":"2015-12-02T12:34:40","date_gmt":"2015-12-02T17:34:40","guid":{"rendered":"http:\/\/www.oscarhumbertogomez.com\/?p=18312"},"modified":"2025-02-21T19:47:25","modified_gmt":"2025-02-22T00:47:25","slug":"y-que-dice-la-unesco-del-bambuco-por-oscar-humberto-gomez-gomez-miembro-activo-de-la-sociedad-de-autores-y-compositores-de-colombia-sayco","status":"publish","type":"post","link":"https:\/\/oscarhumbertogomez.com\/?p=18312","title":{"rendered":"\u00bfA qu\u00e9 VALLENATO se refiri\u00f3 la UNESCO? Por \u00d3scar Humberto G\u00f3mez G\u00f3mez"},"content":{"rendered":"<p><a href=\"https:\/\/lapiedrafilosofal.com\/wp-content\/uploads\/2015\/12\/VALLENATO-CON-GUITARRA.jpg\"><img loading=\"lazy\" decoding=\"async\" class=\"aligncenter size-full wp-image-18313\" src=\"https:\/\/lapiedrafilosofal.com\/wp-content\/uploads\/2015\/12\/VALLENATO-CON-GUITARRA.jpg\" alt=\"VALLENATO CON GUITARRA\" width=\"500\" height=\"333\" srcset=\"https:\/\/oscarhumbertogomez.com\/wp-content\/uploads\/2015\/12\/VALLENATO-CON-GUITARRA.jpg 500w, https:\/\/oscarhumbertogomez.com\/wp-content\/uploads\/2015\/12\/VALLENATO-CON-GUITARRA-300x200.jpg 300w\" sizes=\"auto, (max-width: 500px) 100vw, 500px\" \/><\/a><\/p>\n<p>&nbsp;<\/p>\n<p>Ya las grandes casas disqueras y los representantes y seguidores de los artistas &#8220;vallenatos&#8221; que a diario inundan a Bucaramanga han comenzado a aprovechar que la UNESCO acaba de declarar el VALLENATO patrimonio cultural de la humanidad, para aumentar todav\u00eda m\u00e1s los vol\u00famenes de estridencia y, por supuesto, poner a funcionar a\u00fan a mayor velocidad la caja registradora.<\/p>\n<p>Pero no: a nosotros, a los que lo hemos venido defendiendo desde hace mucho tiempo, en medio de la incomprensi\u00f3n general y del veto de quienes se apoderaron de este g\u00e9nero para convertirlo en un negocio multimillonario, no nos engatusan como han engatusado a m\u00e1s de un ingenuo.<\/p>\n<p>Y es que lo que la UNESCO declar\u00f3 como patrimonio cultural de la humanidad fue el VALLENATO, el \u00fanico, <strong>el FOLCLOR del pueblo vallenato<\/strong>, aquel que naci\u00f3 y creci\u00f3 en solares, patios y sembrad\u00edos, aquel que narraba las historias y las leyendas de nuestros hermanos coste\u00f1os, aquel que hicieron germinar con sus alegr\u00edas y sus tristezas los juglares.<\/p>\n<p>Vallenato que no naci\u00f3 de una vez alrededor del acorde\u00f3n, la caja y la guacharaca, como le dijeron a la UNESCO y como esta termin\u00f3 creyendo. Y como lo expres\u00f3 tambi\u00e9n el presidente de la Rep\u00fablica, m\u00e1s perdido en este tema que el hijo de Charles Lindberg. Porque el vallenato, en sus or\u00edgenes, comenz\u00f3 alrededor de la guitarra puntera, la guitarra marcante y la guacharaca.<\/p>\n<p>As\u00ed, con guitarras y guacharaca, fue el emblem\u00e1tico vallenato del joven y malogrado maestro Guillermo Buitrago, por ejemplo.<\/p>\n<p>&nbsp;<\/p>\n<div id=\"attachment_18327\" style=\"width: 1387px\" class=\"wp-caption aligncenter\"><a href=\"https:\/\/lapiedrafilosofal.com\/wp-content\/uploads\/2015\/12\/Guillermo-Buitrago-y-sus-Muchachos.jpg\"><img decoding=\"async\" aria-describedby=\"caption-attachment-18327\" src=\"https:\/\/lapiedrafilosofal.com\/wp-content\/uploads\/2015\/12\/Guillermo-Buitrago-y-sus-Muchachos.jpg\" alt=\"Maestro GUILLERMO BUITRAGO (centro) Y SUS MUCHACHOS. \" width=\"450\" class=\"size-full wp-image-18327\" srcset=\"https:\/\/oscarhumbertogomez.com\/wp-content\/uploads\/2015\/12\/Guillermo-Buitrago-y-sus-Muchachos.jpg 1377w, https:\/\/oscarhumbertogomez.com\/wp-content\/uploads\/2015\/12\/Guillermo-Buitrago-y-sus-Muchachos-300x193.jpg 300w, https:\/\/oscarhumbertogomez.com\/wp-content\/uploads\/2015\/12\/Guillermo-Buitrago-y-sus-Muchachos-1024x660.jpg 1024w\" sizes=\"(max-width: 1377px) 100vw, 1377px\" \/><\/a><p id=\"caption-attachment-18327\" class=\"wp-caption-text\">Maestro GUILLERMO BUITRAGO (centro) Y SUS MUCHACHOS.<\/p><\/div>\n<p>&nbsp;<\/p>\n<p>Ahora bien: si al folclor vallenato lo declar\u00f3 patrimonio cultural de la humanidad la UNESCO fue porque \u2014 como tambi\u00e9n lo ven\u00edamos advirtiendo desde aqu\u00ed\u2014 el VALLENATO, el \u00fanico, <strong>el FOLCLOR del pueblo vallenato<\/strong>, se encuentra relegado al m\u00e1s completo olvido, sumido en la m\u00e1s grande discriminaci\u00f3n, tratado con el m\u00e1s absoluto desprecio, mientras que, en cambio, una m\u00fasica ruidosa, escandalosa y vulgar se ha apoderado de las emisoras de radio, de los carnavales, de las ferias, de los conciertos al aire libre y, lo que es peor, de los festivales dizque folcl\u00f3ricos, como el supuesto Festival de la Leyenda Vallenata, en el que tratan infructuosamente de participar los campesinos pobres de las riberas del r\u00edo Magdalena despu\u00e9s de dormir como pordioseros en las aceras de las calles de Valledupar.<\/p>\n<p>Dormida a la intemperie que, finalmente no les sirve para nada, porque al d\u00eda siguiente no los dejan ingresar al Festival \u2014que ya no se celebra al aire libre, en la Plaza Alfonso L\u00f3pez, sino en un recinto cerrado\u2014 por no tener c\u00f3mo pagar la costosa boleta de entrada, ni tampoco pueden hacerlo como participantes porque a sus hermosas creaciones aut\u00f3ctonas ya las han eliminado previamente sin siquiera o\u00edrlas, pues est\u00e1 previamente definido qui\u00e9nes ser\u00e1n los que se subir\u00e1n, como finalistas, a la tarima Francisco el Hombre. Una tarima que, dicho sea de paso, se insiste en llamar as\u00ed a pesar de que ni los escandalosos finalistas, ni ninguno de los borrachos que vociferan vulgaridades y lanzan botellazos saben siquiera qui\u00e9n fue Francisco Moscote.<\/p>\n<p>Y mientras de este festival mercantilizado se explayan en hablar los medios, y hasta el presidente de la Rep\u00fablica se va hasta all\u00e1 a darse su consabido ba\u00f1o populista, la resistencia cultural vallenata se mantiene en pie en el Festival de M\u00fasica Vallenata en Guitarra de Codazzi (Cesar) \u2014Ver fotograf\u00eda al inicio\u2014 y en el Festival Cuna de Acordeones de Villanueva (Guajira), que luchan por no dejarse contaminar.<\/p>\n<p>&nbsp;<\/p>\n<div id=\"attachment_18343\" style=\"width: 1489px\" class=\"wp-caption aligncenter\"><a href=\"https:\/\/lapiedrafilosofal.com\/wp-content\/uploads\/2015\/12\/Juancho-Polo-Valencia.jpg\"><img decoding=\"async\" aria-describedby=\"caption-attachment-18343\" src=\"https:\/\/lapiedrafilosofal.com\/wp-content\/uploads\/2015\/12\/Juancho-Polo-Valencia.jpg\" alt=\"Maestro JUANCHO POLO VALENCIA.\" width=\"450\" class=\"size-full wp-image-18343\" srcset=\"https:\/\/oscarhumbertogomez.com\/wp-content\/uploads\/2015\/12\/Juancho-Polo-Valencia.jpg 1479w, https:\/\/oscarhumbertogomez.com\/wp-content\/uploads\/2015\/12\/Juancho-Polo-Valencia-222x300.jpg 222w, https:\/\/oscarhumbertogomez.com\/wp-content\/uploads\/2015\/12\/Juancho-Polo-Valencia-757x1024.jpg 757w\" sizes=\"(max-width: 1479px) 100vw, 1479px\" \/><\/a><p id=\"caption-attachment-18343\" class=\"wp-caption-text\">Maestro JUANCHO POLO VALENCIA.<\/p><\/div>\n<p>&nbsp;<\/p>\n<p>As\u00ed que lean bien, se\u00f1ores. S\u00ed: lean bien c\u00f3mo sustent\u00f3 la UNESCO su decisi\u00f3n y c\u00f3mo prendi\u00f3 las alarmas sobre la inminente desaparici\u00f3n del vallenato, si las cosas no se arreglan de manera radical. L\u00e9anlo al final de esta nota. Y m\u00e1s bien, en vez de apropiarse del \u00e9xito ajeno, p\u00f3nganse las pilas, vuelvan los ojos hacia el VALLENATO, una expresi\u00f3n cultural moribunda, un g\u00e9nero musical en v\u00eda de extinci\u00f3n, una m\u00fasica campesina y hermosa que nada tiene que ver con el bullicio estrepitoso del Grammy Latino, ni con los ostentosos discos de oro o de platino que le otorgaban a\u00f1o tras a\u00f1o a quien sabemos, ni con las jugosas ganancias que se embolsilla la Sony Music mientras&nbsp;nuestros compositores e int\u00e9rpretes genuinamente vallenatos se mueren en la miseria.<\/p>\n<p>\u00a1Felicitaciones, maestros! \u00a1Ustedes se lo merecen!<\/p>\n<p>___________<\/p>\n<p>&nbsp;<\/p>\n<p><span style=\"color: #ff0000;\"><strong>TEXTO DE LA DECLARACI\u00d3N DE LA UNESCO:<\/strong><\/span><\/p>\n<p>&nbsp;<\/p>\n<p>&#8220;<em>El vallenato es un g\u00e9nero musical tradicional surgido de la fusi\u00f3n de expresiones culturales del norte de Colombia: canciones de los vaqueros del Magdalena Grande, cantos de los esclavos africanos y ritmos de danzas tradicionales de los pueblos ind\u00edgenas de la Sierra Nevada de Santa Marta. Todas estas expresiones se han mezclado tambi\u00e9n con elementos de la poes\u00eda espa\u00f1ola y el uso de instrumentos musicales de origen europeo. Nost\u00e1lgicas, alegres, sarc\u00e1sticas y humor\u00edsticas, las letras de las canciones del vallenato interpretan el mundo a trav\u00e9s de relatos en los que se combinan el realismo y la imaginaci\u00f3n. Los instrumentos tradicionales del vallenato son tres: la caja (peque\u00f1o tambor que se toca con las manos), la guacharaca (pedazo de madera con ranuras que se raspan con un peine de alambre) y el acorde\u00f3n. Este g\u00e9nero musical, que posee cuatro aires principales con esquemas r\u00edtmicos propios, se interpreta en festivales musicales espec\u00edficos y tambi\u00e9n, esencialmente, en parrandas de familiares y amigos, por lo que desempe\u00f1a un papel esencial en la creaci\u00f3n de una identidad regional com\u00fan. Adem\u00e1s de su transmisi\u00f3n en esas ocasiones, el vallenato es objeto de una ense\u00f1anza acad\u00e9mica formal. Actualmente, la viabilidad de este elemento del patrimonio cultural afronta una serie de amenazas, en particular las derivadas del conflicto armado existente en el pa\u00eds, exacerbado por el narcotr\u00e1fico. Adem\u00e1s, un nuevo tipo de vallenato est\u00e1 marginando el g\u00e9nero musical tradicional y atenuando el papel que \u00e9ste desempe\u00f1a en la cohesi\u00f3n social. Por \u00faltimo, cabe se\u00f1alar que cada vez se usan menos los espacios callejeros para las parrandas vallenatas, con lo cual se corre el peligro de que desaparezca un medio importante de transmisi\u00f3n intergeneracional de los conocimientos y pr\u00e1cticas musicales<\/em>&#8220;. [Tomado de www.unesco.org]<\/p>\n<p>&nbsp;<\/p>\n<p><a href=\"http:\/\/www.unesco.org\/culture\/ich\/es\/USL\/el-vallenato-musica-tradicional-de-la-region-del-magdalena-grande-01095\">http:\/\/www.unesco.org\/culture\/ich\/es\/USL\/el-vallenato-musica-tradicional-de-la-region-del-magdalena-grande-01095<\/a><\/p>\n<p>&nbsp;<\/p>\n","protected":false},"excerpt":{"rendered":"<p>&nbsp; Ya las grandes casas disqueras y los representantes y seguidores de los artistas &#8220;vallenatos&#8221; que a diario inundan a Bucaramanga han comenzado a aprovechar que la UNESCO acaba de declarar el VALLENATO patrimonio cultural de la humanidad, para aumentar &hellip; <a href=\"https:\/\/oscarhumbertogomez.com\/?p=18312\">Sigue leyendo <span class=\"meta-nav\">&rarr;<\/span><\/a><\/p>\n<div class='heateorSssClear'><\/div><div  class='heateor_sss_sharing_container heateor_sss_horizontal_sharing' heateor-sss-data-href='https:\/\/oscarhumbertogomez.com\/?p=18312'><div class='heateor_sss_sharing_title' style=\"font-weight:bold\" >\u00a1Gracias por compartirla!<\/div><ul class=\"heateor_sss_sharing_ul\"><li class=\"heateorSssSharingRound\"><i style=\"width:35px;height:35px;border-radius:999px;\" alt=\"Facebook\" Title=\"Facebook\" class=\"heateorSssSharing heateorSssFacebookBackground\" onclick='heateorSssPopup(\"https:\/\/www.facebook.com\/sharer\/sharer.php?u=https%3A%2F%2Foscarhumbertogomez.com%2Findex.php%3Frest_route%3D%252Fwp%252Fv2%252Fposts%252F18312\")'><ss style=\"display:block;border-radius:999px;\" class=\"heateorSssSharingSvg heateorSssFacebookSvg\"><\/ss><\/i><\/li><li class=\"heateorSssSharingRound\"><i style=\"width:35px;height:35px;border-radius:999px;\" alt=\"Twitter\" Title=\"Twitter\" class=\"heateorSssSharing heateorSssTwitterBackground\" onclick='heateorSssPopup(\"http:\/\/twitter.com\/intent\/tweet?text=%C2%BFA%20qu%C3%A9%20VALLENATO%20se%20refiri%C3%B3%20la%20UNESCO%3F%20Por%20%C3%93scar%20Humberto%20G%C3%B3mez%20G%C3%B3mez&url=https%3A%2F%2Foscarhumbertogomez.com%2Findex.php%3Frest_route%3D%252Fwp%252Fv2%252Fposts%252F18312\")'><ss style=\"display:block;border-radius:999px;\" class=\"heateorSssSharingSvg heateorSssTwitterSvg\"><\/ss><\/i><\/li><li class=\"heateorSssSharingRound\"><i style=\"width:35px;height:35px;border-radius:999px;\" alt=\"Whatsapp\" Title=\"Whatsapp\" class=\"heateorSssSharing heateorSssWhatsappBackground\" onclick='heateorSssPopup(\"https:\/\/web.whatsapp.com\/send?text=%C2%BFA%20qu%C3%A9%20VALLENATO%20se%20refiri%C3%B3%20la%20UNESCO%3F%20Por%20%C3%93scar%20Humberto%20G%C3%B3mez%20G%C3%B3mez https%3A%2F%2Foscarhumbertogomez.com%2Findex.php%3Frest_route%3D%252Fwp%252Fv2%252Fposts%252F18312\")'><ss style=\"display:block\" class=\"heateorSssSharingSvg heateorSssWhatsappSvg\"><\/ss><\/i><\/li><li class=\"heateorSssSharingRound\"><i style=\"width:35px;height:35px;border-radius:999px;\" alt=\"Pinterest\" Title=\"Pinterest\" class=\"heateorSssSharing heateorSssPinterestBackground\" onclick=\"javascript:void( (function() {var e=document.createElement('script' );e.setAttribute('type','text\/javascript' );e.setAttribute('charset','UTF-8' );e.setAttribute('src','\/\/assets.pinterest.com\/js\/pinmarklet.js?r='+Math.random()*99999999);document.body.appendChild(e)})());\"><ss style=\"display:block;border-radius:999px;\" class=\"heateorSssSharingSvg heateorSssPinterestSvg\"><\/ss><\/i><\/li><li class=\"heateorSssSharingRound\"><i style=\"width:35px;height:35px;border-radius:999px;\" alt=\"Google Gmail\" Title=\"Google Gmail\" class=\"heateorSssSharing heateorSssGoogleGmailBackground\" onclick='heateorSssPopup(\"https:\/\/mail.google.com\/mail\/?ui=2&view=cm&fs=1&tf=1&su=%C2%BFA%20qu%C3%A9%20VALLENATO%20se%20refiri%C3%B3%20la%20UNESCO%3F%20Por%20%C3%93scar%20Humberto%20G%C3%B3mez%20G%C3%B3mez&body=Link:https%3A%2F%2Foscarhumbertogomez.com%2Findex.php%3Frest_route%3D%252Fwp%252Fv2%252Fposts%252F18312\")'><ss style=\"display:block;border-radius:999px;\" class=\"heateorSssSharingSvg heateorSssGoogleGmailSvg\"><\/ss><\/i><\/li><li class=\"heateorSssSharingRound\"><i style=\"width:35px;height:35px;border-radius:999px;\" title=\"More\" alt=\"More\" class=\"heateorSssSharing heateorSssMoreBackground\" onclick=\"heateorSssMoreSharingPopup(this, 'https:\/\/oscarhumbertogomez.com\/index.php?rest_route=%2Fwp%2Fv2%2Fposts%2F18312', '%C2%BFA%20qu%C3%A9%20VALLENATO%20se%20refiri%C3%B3%20la%20UNESCO%3F%20Por%20%C3%93scar%20Humberto%20G%C3%B3mez%20G%C3%B3mez', '' )\" ><ss style=\"display:block\" class=\"heateorSssSharingSvg heateorSssMoreSvg\"><\/ss><\/i><\/li><\/ul><div class=\"heateorSssClear\"><\/div><\/div><div class='heateorSssClear'><\/div>","protected":false},"author":2,"featured_media":0,"comment_status":"open","ping_status":"open","sticky":false,"template":"","format":"standard","meta":{"spay_email":"","footnotes":""},"categories":[8],"tags":[],"class_list":["post-18312","post","type-post","status-publish","format-standard","hentry","category-musica"],"jetpack_featured_media_url":"","jetpack_shortlink":"https:\/\/wp.me\/p1FYrr-4Lm","_links":{"self":[{"href":"https:\/\/oscarhumbertogomez.com\/index.php?rest_route=\/wp\/v2\/posts\/18312","targetHints":{"allow":["GET"]}}],"collection":[{"href":"https:\/\/oscarhumbertogomez.com\/index.php?rest_route=\/wp\/v2\/posts"}],"about":[{"href":"https:\/\/oscarhumbertogomez.com\/index.php?rest_route=\/wp\/v2\/types\/post"}],"author":[{"embeddable":true,"href":"https:\/\/oscarhumbertogomez.com\/index.php?rest_route=\/wp\/v2\/users\/2"}],"replies":[{"embeddable":true,"href":"https:\/\/oscarhumbertogomez.com\/index.php?rest_route=%2Fwp%2Fv2%2Fcomments&post=18312"}],"version-history":[{"count":5,"href":"https:\/\/oscarhumbertogomez.com\/index.php?rest_route=\/wp\/v2\/posts\/18312\/revisions"}],"predecessor-version":[{"id":51096,"href":"https:\/\/oscarhumbertogomez.com\/index.php?rest_route=\/wp\/v2\/posts\/18312\/revisions\/51096"}],"wp:attachment":[{"href":"https:\/\/oscarhumbertogomez.com\/index.php?rest_route=%2Fwp%2Fv2%2Fmedia&parent=18312"}],"wp:term":[{"taxonomy":"category","embeddable":true,"href":"https:\/\/oscarhumbertogomez.com\/index.php?rest_route=%2Fwp%2Fv2%2Fcategories&post=18312"},{"taxonomy":"post_tag","embeddable":true,"href":"https:\/\/oscarhumbertogomez.com\/index.php?rest_route=%2Fwp%2Fv2%2Ftags&post=18312"}],"curies":[{"name":"wp","href":"https:\/\/api.w.org\/{rel}","templated":true}]}}