{"id":1877,"date":"2011-10-16T12:53:57","date_gmt":"2011-10-16T17:53:57","guid":{"rendered":"http:\/\/www.oscarhumbertogomez.com\/?p=1877"},"modified":"2025-04-01T11:07:05","modified_gmt":"2025-04-01T16:07:05","slug":"que-viva-el-tlc","status":"publish","type":"post","link":"https:\/\/oscarhumbertogomez.com\/?p=1877","title":{"rendered":"\u00bfQue viva el TLC? Por \u00d3scar Humberto G\u00f3mez G\u00f3mez"},"content":{"rendered":"<div id=\"attachment_1878\" style=\"width: 410px\" class=\"wp-caption aligncenter\"><img decoding=\"async\" aria-describedby=\"caption-attachment-1878\" class=\"size-full wp-image-1878\" title=\"CARRETERA QUE CONDUCE DE LA CAPITAL DE LA REP\u00daBLICA  A LA COSTA ATL\u00c1NTICA, A LA ALTURA DE EL PLAY\u00d3N (SANTANDER)\" src=\"https:\/\/lapiedrafilosofal.com\/wp-content\/uploads\/2011\/10\/CARRETERA-QUE-CONDUCE-DE-LA-CAPITAL-DE-LA-REP\u00daBLICA-A-LA-COSTA-ATL\u00c1NTICA-A-LA-ALTURA-DE-EL-PLAY\u00d3N-SANTANDER.jpg\" alt=\"\" width=\"500\" height=\"\" srcset=\"https:\/\/oscarhumbertogomez.com\/wp-content\/uploads\/2011\/10\/CARRETERA-QUE-CONDUCE-DE-LA-CAPITAL-DE-LA-REP\u00daBLICA-A-LA-COSTA-ATL\u00c1NTICA-A-LA-ALTURA-DE-EL-PLAY\u00d3N-SANTANDER.jpg 400w, https:\/\/oscarhumbertogomez.com\/wp-content\/uploads\/2011\/10\/CARRETERA-QUE-CONDUCE-DE-LA-CAPITAL-DE-LA-REP\u00daBLICA-A-LA-COSTA-ATL\u00c1NTICA-A-LA-ALTURA-DE-EL-PLAY\u00d3N-SANTANDER-300x225.jpg 300w\" sizes=\"(max-width: 400px) 100vw, 400px\" \/><p id=\"caption-attachment-1878\" class=\"wp-caption-text\">EN LA CARRETERA QUE UNE A LA CAPITAL DE COLOMBIA CON EL OC\u00c9ANO ATL\u00c1NTICO, A LA ALTURA DEL MUNICIPIO DE EL PLAY\u00d3N, DEPARTAMENTO DE SANTANDER, LOS AUTOMOTORES QUEDAN ATRAPADOS ENTRE TONELADAS DE FANGO GENERADAS POR LOS DERRUMBES PRODUCTO DEL INVIERNO Y DE LA IMPROVISACI\u00d3N<\/p><\/div>\n<p>&nbsp;<\/p>\n<div id=\"attachment_1992\" style=\"width: 610px\" class=\"wp-caption aligncenter\"><img decoding=\"async\" aria-describedby=\"caption-attachment-1992\" class=\"size-full wp-image-1992\" title=\"CARRETERA A LA COSTA ATL\u00c1NTICA CERRADA POR EL INVIERNO KIL\u00d3METRO 33 BUCARAMANGA-MAR\" src=\"https:\/\/lapiedrafilosofal.com\/wp-content\/uploads\/2011\/10\/CARRETERA-A-LA-COSTA-ATL\u00c1NTICA-CERRADA-POR-EL-INVIERNO-KIL\u00d3METRO-33-BUCARAMANGA-MAR.jpg\" alt=\"\" width=\"500\" height=\"\" srcset=\"https:\/\/oscarhumbertogomez.com\/wp-content\/uploads\/2011\/10\/CARRETERA-A-LA-COSTA-ATL\u00c1NTICA-CERRADA-POR-EL-INVIERNO-KIL\u00d3METRO-33-BUCARAMANGA-MAR.jpg 600w, https:\/\/oscarhumbertogomez.com\/wp-content\/uploads\/2011\/10\/CARRETERA-A-LA-COSTA-ATL\u00c1NTICA-CERRADA-POR-EL-INVIERNO-KIL\u00d3METRO-33-BUCARAMANGA-MAR-300x199.jpg 300w\" sizes=\"(max-width: 600px) 100vw, 600px\" \/><p id=\"caption-attachment-1992\" class=\"wp-caption-text\">CARRETERA DE BOGOT\u00c1 A LA COSTA ATL\u00c1NTICA CERRADA POR EL INVIERNO. NOVIEMBRE DE 2011. KIL\u00d3METRO 33 TRAMO BUCARAMANGA - COSTA ATL\u00c1NTICA<\/p><\/div>\n<p>&nbsp;<\/p>\n<div id=\"attachment_2006\" style=\"width: 576px\" class=\"wp-caption aligncenter\"><img decoding=\"async\" aria-describedby=\"caption-attachment-2006\" class=\"size-full wp-image-2006\" title=\"CARRETERA HACIA LA COSTA PAC\u00cdFICA. ASCENSO AL ALTO DE LA L\u00cdNEA\" src=\"https:\/\/lapiedrafilosofal.com\/wp-content\/uploads\/2011\/10\/CARRETERA-A-LA-COSTA-PAC\u00cdFICA.-ASCENSO-AL-ALTO-DE-LA-L\u00cdNEA.jpg\" alt=\"\" width=\"500\" height=\"\" srcset=\"https:\/\/oscarhumbertogomez.com\/wp-content\/uploads\/2011\/10\/CARRETERA-A-LA-COSTA-PAC\u00cdFICA.-ASCENSO-AL-ALTO-DE-LA-L\u00cdNEA.jpg 566w, https:\/\/oscarhumbertogomez.com\/wp-content\/uploads\/2011\/10\/CARRETERA-A-LA-COSTA-PAC\u00cdFICA.-ASCENSO-AL-ALTO-DE-LA-L\u00cdNEA-300x150.jpg 300w\" sizes=\"(max-width: 566px) 100vw, 566px\" \/><p id=\"caption-attachment-2006\" class=\"wp-caption-text\">CARRETERA HACIA LA COSTA PAC\u00cdFICA. ASCENSO AL ALTO DE LA L\u00cdNEA. TRANC\u00d3N MONUMENTAL A CAUSA DE DERRUMBES<\/p><\/div>\n<p>&nbsp;<\/p>\n<div id=\"attachment_1879\" style=\"width: 410px\" class=\"wp-caption aligncenter\"><img decoding=\"async\" aria-describedby=\"caption-attachment-1879\" class=\"size-full wp-image-1879\" title=\"CARRETERA EN P\u00c9SIMO ESTADO\" src=\"https:\/\/lapiedrafilosofal.com\/wp-content\/uploads\/2011\/10\/CARRETERA-EN-P\u00c9SIMO-ESTADO.jpg\" alt=\"\" width=\"500\" height=\"\" srcset=\"https:\/\/oscarhumbertogomez.com\/wp-content\/uploads\/2011\/10\/CARRETERA-EN-P\u00c9SIMO-ESTADO.jpg 400w, https:\/\/oscarhumbertogomez.com\/wp-content\/uploads\/2011\/10\/CARRETERA-EN-P\u00c9SIMO-ESTADO-300x225.jpg 300w\" sizes=\"(max-width: 400px) 100vw, 400px\" \/><p id=\"caption-attachment-1879\" class=\"wp-caption-text\">UN PA\u00cdS CON P\u00c9SIMAS CARRETERAS NO PUEDE PRETENDER EQUIPARARSE DE IGUAL A IGUAL CON OTRO QUE TENGA R\u00c1PIDAS AUTOPISTAS<\/p><\/div>\n<p>&nbsp;<\/p>\n<div id=\"attachment_1880\" style=\"width: 140px\" class=\"wp-caption aligncenter\"><img decoding=\"async\" aria-describedby=\"caption-attachment-1880\" class=\"size-full wp-image-1880\" title=\"CARRETERA A LA PROVINCIA SANTANDEREANA DE GARC\u00cdA ROVIRA\" src=\"https:\/\/lapiedrafilosofal.com\/wp-content\/uploads\/2011\/10\/CARRETERA-A-LA-PROVINCIA-SANTANDEREANA-DE-GARC\u00cdA-ROVIRA.jpg\" alt=\"\" width=\"500\" height=\"\"><p id=\"caption-attachment-1880\" class=\"wp-caption-text\">CARRETERA A LA PROVINCIA SANTANDEREANA DE GARC\u00cdA ROVIRA<\/p><\/div>\n<p>&nbsp;<\/p>\n<div id=\"attachment_1881\" style=\"width: 910px\" class=\"wp-caption aligncenter\"><img decoding=\"async\" aria-describedby=\"caption-attachment-1881\" class=\"size-full wp-image-1881\" title=\"CARRETERA SANTANDEREANA\" src=\"https:\/\/lapiedrafilosofal.com\/wp-content\/uploads\/2011\/10\/CARRETERA-SANTANDEREANA.jpg\" alt=\"\" width=\"500\" height=\"\" srcset=\"https:\/\/oscarhumbertogomez.com\/wp-content\/uploads\/2011\/10\/CARRETERA-SANTANDEREANA.jpg 900w, https:\/\/oscarhumbertogomez.com\/wp-content\/uploads\/2011\/10\/CARRETERA-SANTANDEREANA-300x225.jpg 300w\" sizes=\"(max-width: 900px) 100vw, 900px\" \/><p id=\"caption-attachment-1881\" class=\"wp-caption-text\">CARRETERA SANTANDEREANA<\/p><\/div>\n<p>&nbsp;<\/p>\n<div id=\"attachment_1882\" style=\"width: 610px\" class=\"wp-caption aligncenter\"><img decoding=\"async\" aria-describedby=\"caption-attachment-1882\" class=\"size-full wp-image-1882\" title=\"CARRETERA SANTANDEREANA II\" src=\"https:\/\/lapiedrafilosofal.com\/wp-content\/uploads\/2011\/10\/CARRETERA-SANTANDEREANA-II.jpg\" alt=\"\" width=\"500\" height=\"\" srcset=\"https:\/\/oscarhumbertogomez.com\/wp-content\/uploads\/2011\/10\/CARRETERA-SANTANDEREANA-II.jpg 600w, https:\/\/oscarhumbertogomez.com\/wp-content\/uploads\/2011\/10\/CARRETERA-SANTANDEREANA-II-300x200.jpg 300w\" sizes=\"(max-width: 600px) 100vw, 600px\" \/><p id=\"caption-attachment-1882\" class=\"wp-caption-text\">OTRA CARRETERA SANTANDEREANA<\/p><\/div>\n<p>&nbsp;<\/p>\n<div id=\"attachment_1883\" style=\"width: 510px\" class=\"wp-caption aligncenter\"><img loading=\"lazy\" decoding=\"async\" aria-describedby=\"caption-attachment-1883\" class=\"size-full wp-image-1883\" title=\"CARRETERA ENTRE LAS CAPITALES DE LOS DEPARTAMENTOS COLOMBIANOS DE NARI\u00d1O Y PUTUMAYO\" src=\"https:\/\/lapiedrafilosofal.com\/wp-content\/uploads\/2011\/10\/CARRETERA-ENTRE-LAS-CAPITALES-DE-LOS-DEPARTAMENTOS-COLOMBIANOS-DE-NARI\u00d1O-Y-PUTUMAYO-.jpg\" alt=\"\" width=\"500\" height=\"375\" srcset=\"https:\/\/oscarhumbertogomez.com\/wp-content\/uploads\/2011\/10\/CARRETERA-ENTRE-LAS-CAPITALES-DE-LOS-DEPARTAMENTOS-COLOMBIANOS-DE-NARI\u00d1O-Y-PUTUMAYO-.jpg 500w, https:\/\/oscarhumbertogomez.com\/wp-content\/uploads\/2011\/10\/CARRETERA-ENTRE-LAS-CAPITALES-DE-LOS-DEPARTAMENTOS-COLOMBIANOS-DE-NARI\u00d1O-Y-PUTUMAYO--300x225.jpg 300w\" sizes=\"auto, (max-width: 500px) 100vw, 500px\" \/><p id=\"caption-attachment-1883\" class=\"wp-caption-text\">CARRETERA ENTRE LAS CAPITALES DE LOS DEPARTAMENTOS COLOMBIANOS DE NARI\u00d1O Y PUTUMAYO<\/p><\/div>\n<p>&nbsp;<\/p>\n<div id=\"attachment_2023\" style=\"width: 610px\" class=\"wp-caption aligncenter\"><img decoding=\"async\" aria-describedby=\"caption-attachment-2023\" class=\"size-full wp-image-2023\" title=\"CARRETERA A BARRANCABERMEJA, LA CAPITAL NACIONAL DEL PETR\u00d3LEO\" src=\"https:\/\/lapiedrafilosofal.com\/wp-content\/uploads\/2011\/10\/CARRETERA-A-BARRANCABERMEJA-LA-CAPITAL-NACIONAL-DEL-PETR\u00d3LEO.jpg\" alt=\"\" width=\"500\" height=\"\" srcset=\"https:\/\/oscarhumbertogomez.com\/wp-content\/uploads\/2011\/10\/CARRETERA-A-BARRANCABERMEJA-LA-CAPITAL-NACIONAL-DEL-PETR\u00d3LEO.jpg 600w, https:\/\/oscarhumbertogomez.com\/wp-content\/uploads\/2011\/10\/CARRETERA-A-BARRANCABERMEJA-LA-CAPITAL-NACIONAL-DEL-PETR\u00d3LEO-300x200.jpg 300w\" sizes=\"(max-width: 600px) 100vw, 600px\" \/><p id=\"caption-attachment-2023\" class=\"wp-caption-text\">CARRETERA A BARRANCABERMEJA, LA CAPITAL NACIONAL DEL PETR\u00d3LEO<\/p><\/div>\n<p>&nbsp;<\/p>\n<div id=\"attachment_2024\" style=\"width: 610px\" class=\"wp-caption aligncenter\"><img decoding=\"async\" aria-describedby=\"caption-attachment-2024\" class=\"size-full wp-image-2024\" title=\"CARRETERA A BARRANCABERMEJA. A PESAR DE LAS EVIDENCIAS, SE INSISTE TOZUDAMENTE EN MANTENER EL MISMO TRAZADO\" src=\"https:\/\/lapiedrafilosofal.com\/wp-content\/uploads\/2011\/10\/CARRETERA-A-BARRANCABERMEJA.-A-PESAR-DE-LAS-EVIDENCIAS-SE-INSISTE-TOZUDAMENTE-EN-MANTENER-EL-MISMO-TRAZADO.jpg\" alt=\"\" width=\"500\" height=\"\" srcset=\"https:\/\/oscarhumbertogomez.com\/wp-content\/uploads\/2011\/10\/CARRETERA-A-BARRANCABERMEJA.-A-PESAR-DE-LAS-EVIDENCIAS-SE-INSISTE-TOZUDAMENTE-EN-MANTENER-EL-MISMO-TRAZADO.jpg 600w, https:\/\/oscarhumbertogomez.com\/wp-content\/uploads\/2011\/10\/CARRETERA-A-BARRANCABERMEJA.-A-PESAR-DE-LAS-EVIDENCIAS-SE-INSISTE-TOZUDAMENTE-EN-MANTENER-EL-MISMO-TRAZADO-300x200.jpg 300w\" sizes=\"(max-width: 600px) 100vw, 600px\" \/><p id=\"caption-attachment-2024\" class=\"wp-caption-text\">CARRETERA A BARRANCABERMEJA. A PESAR DE LAS EVIDENCIAS, SE INSISTE TOZUDAMENTE EN MANTENER EL MISMO TRAZADO<\/p><\/div>\n<p>&nbsp;<\/p>\n<div id=\"attachment_2026\" style=\"width: 610px\" class=\"wp-caption aligncenter\"><img decoding=\"async\" aria-describedby=\"caption-attachment-2026\" src=\"https:\/\/lapiedrafilosofal.com\/wp-content\/uploads\/2011\/10\/V\u00cdA-AL-ALTO-DE-LA-L\u00cdNEA-CERRADA-INDEFINIDAMENTE-POR-DERRUMBES.jpg\" alt=\"\" title=\"V\u00cdA AL ALTO DE LA L\u00cdNEA, CERRADA CONSTANTEMENTE POR DERRUMBES\" width=\"500\" height=\"\" class=\"size-full wp-image-2026\" srcset=\"https:\/\/oscarhumbertogomez.com\/wp-content\/uploads\/2011\/10\/V\u00cdA-AL-ALTO-DE-LA-L\u00cdNEA-CERRADA-INDEFINIDAMENTE-POR-DERRUMBES.jpg 600w, https:\/\/oscarhumbertogomez.com\/wp-content\/uploads\/2011\/10\/V\u00cdA-AL-ALTO-DE-LA-L\u00cdNEA-CERRADA-INDEFINIDAMENTE-POR-DERRUMBES-300x200.jpg 300w\" sizes=\"(max-width: 600px) 100vw, 600px\" \/><p id=\"caption-attachment-2026\" class=\"wp-caption-text\">V\u00cdA AL ALTO DE LA L\u00cdNEA, CERRADA CONSTANTEMENTE POR DERRUMBES<\/p><\/div>\n<p>&nbsp;<\/p>\n<div id=\"attachment_1884\" style=\"width: 410px\" class=\"wp-caption aligncenter\"><img decoding=\"async\" aria-describedby=\"caption-attachment-1884\" class=\"size-full wp-image-1884\" title=\"AUTOPISTA A WASHINGTON, SIN PEAJE\" src=\"https:\/\/lapiedrafilosofal.com\/wp-content\/uploads\/2011\/10\/AUTOPISTA-A-WASHINGTON-SIN-PEAJE.jpg\" alt=\"\" width=\"500\" height=\"\" srcset=\"https:\/\/oscarhumbertogomez.com\/wp-content\/uploads\/2011\/10\/AUTOPISTA-A-WASHINGTON-SIN-PEAJE.jpg 400w, https:\/\/oscarhumbertogomez.com\/wp-content\/uploads\/2011\/10\/AUTOPISTA-A-WASHINGTON-SIN-PEAJE-300x225.jpg 300w\" sizes=\"(max-width: 400px) 100vw, 400px\" \/><p id=\"caption-attachment-1884\" class=\"wp-caption-text\">AUTOPISTA A WASHINGTON, SIN PEAJE<\/p><\/div>\n<p>&nbsp;<\/p>\n<div id=\"attachment_1885\" style=\"width: 462px\" class=\"wp-caption aligncenter\"><img decoding=\"async\" aria-describedby=\"caption-attachment-1885\" class=\"size-full wp-image-1885\" title=\"AUTOPISTA 78 QUE CONDUCE AL AEROPUERTO DE NEW JERSEY\" src=\"https:\/\/lapiedrafilosofal.com\/wp-content\/uploads\/2011\/10\/AUTOPISTA-78.-NEW-JERSEY.jpg\" alt=\"\" width=\"500\" height=\"\" srcset=\"https:\/\/oscarhumbertogomez.com\/wp-content\/uploads\/2011\/10\/AUTOPISTA-78.-NEW-JERSEY.jpg 452w, https:\/\/oscarhumbertogomez.com\/wp-content\/uploads\/2011\/10\/AUTOPISTA-78.-NEW-JERSEY-300x236.jpg 300w\" sizes=\"(max-width: 452px) 100vw, 452px\" \/><p id=\"caption-attachment-1885\" class=\"wp-caption-text\">AUTOPISTA 78 QUE CONDUCE AL AEROPUERTO DE NEW JERSEY<\/p><\/div>\n<p>&nbsp;<\/p>\n<div id=\"attachment_1886\" style=\"width: 278px\" class=\"wp-caption aligncenter\"><img decoding=\"async\" aria-describedby=\"caption-attachment-1886\" class=\"size-full wp-image-1886\" title=\"AUTOPISTA 95 A MIAMI, FLORIDA\" src=\"https:\/\/lapiedrafilosofal.com\/wp-content\/uploads\/2011\/10\/AUTOPISTA-95-A-MIAMI-FLORIDA.jpg\" alt=\"\" width=\"500\" height=\"\"><p id=\"caption-attachment-1886\" class=\"wp-caption-text\">AUTOPISTA 95 A MIAMI, FLORIDA<\/p><\/div>\n<p>&nbsp;<\/p>\n<div id=\"attachment_1887\" style=\"width: 330px\" class=\"wp-caption aligncenter\"><img decoding=\"async\" aria-describedby=\"caption-attachment-1887\" class=\"size-full wp-image-1887\" title=\"CARRETERA EN MIAMI\" src=\"https:\/\/lapiedrafilosofal.com\/wp-content\/uploads\/2011\/10\/CARRETERA-EN-MIAMI.jpg\" alt=\"\" width=\"500\" height=\"\" srcset=\"https:\/\/oscarhumbertogomez.com\/wp-content\/uploads\/2011\/10\/CARRETERA-EN-MIAMI.jpg 320w, https:\/\/oscarhumbertogomez.com\/wp-content\/uploads\/2011\/10\/CARRETERA-EN-MIAMI-300x199.jpg 300w\" sizes=\"(max-width: 320px) 100vw, 320px\" \/><p id=\"caption-attachment-1887\" class=\"wp-caption-text\">CARRETERA EN MIAMI<\/p><\/div>\n<p>&nbsp;<\/p>\n<p>Han empezado a decir que ahora, ya no s\u00f3lo firmado el TLC (cosa que ocurri\u00f3 hace a\u00f1os), no s\u00f3lo ratificado por el Congreso de Colombia (cosa que tambi\u00e9n sucedi\u00f3 hace a\u00f1os), no s\u00f3lo sancionada la ley ratificatoria por el presidente (cosa que en Colombia igualmente sucedi\u00f3 hace a\u00f1os), sino, adem\u00e1s, ratificado por el Congreso de los Estados Unidos (cosa que acaba de suceder), y sancionada la ley ratificatoria por el presidente (cosa que en Estados Unidos suceder\u00e1 en los pr\u00f3ximos d\u00edas), hay que empezar en &nbsp;Colombia a construir buenas carreteras, buenos aeropuertos, empresas competitivas, etc\u00e9tera. En una palabra, que tenemos que &#8220;modernizarnos&#8221;, &#8220;industrializarnos&#8221;, &#8220;volvernos competitivos&#8221;.<\/p>\n<p>Magn\u00edfica la idea.<\/p>\n<p>Lo grave es que el otro pa\u00eds que firm\u00f3 el tratado de libre comercio, es decir, Estados Unidos de Am\u00e9rica, <span style=\"text-decoration: underline;\">ya tiene<\/span> esas carreteras, y no &#8220;buenas&#8221;, sino excelentes; y <span style=\"text-decoration: underline;\">ya tiene<\/span> esos aeropuertos, y no &#8220;buenos&#8221;, sino excelentes; y <span style=\"text-decoration: underline;\">ya tiene<\/span> esas empresas, empresas&nbsp;gigantescas y modernas de cuya competitividad sobra hablar porque es evidente. Y, en fin, <span style=\"text-decoration: underline;\">ya tiene<\/span> ese &#8220;etc\u00e9tera&#8221;, y lo tiene desde hace muchos a\u00f1os.<\/p>\n<p>\u00bfNo era m\u00e1s l\u00f3gico &#8220;modernizarnos&#8221; primero, &#8220;industrializarnos&#8221;primero, &#8220;volvernos competitivos&#8221; primero, y ah\u00ed s\u00ed pensar en firmar tratados de libre comercio con naciones modernizadas, industrializadas y competitivas?<\/p>\n<p>Dicen que no, que lo correcto es firmar tales tratados de una vez porque eso &#8220;nos obliga&#8221; a acometer de inmediato esos objetivos, pues de lo contrario, si no hay nada que nos puye, seguimos en las mismas.<\/p>\n<p>Como dec\u00edan antiguamente, doctores tiene la Santa Madre Iglesia. Pero a alguien profano en esas materias como uno, la cosa no logra quedarle clara.<\/p>\n<p>Pretender que el libre comercio se lleve a cabo en ambos sentidos en igualdad de condiciones, contando un pa\u00eds con v\u00edas de comunicaci\u00f3n que permiten el \u00e1gil desplazamiento de sus mercader\u00edas hacia los aeropuertos y puertos mar\u00edtimos mientras el otro con lo que cuenta es con caminos de herradura, nos resulta tan absurdo como creer que as\u00ed como los norteamericanos nos van a invadir con sus productos, nosotros tambi\u00e9n vamos a invadir con los nuestros, y en similar proporci\u00f3n, a los Estados Unidos.<\/p>\n<p>Eso, hablando solamente de las v\u00edas de comunicaci\u00f3n. &nbsp;Es decir, sin hablar de los niveles de productividad, de la calidad de las mercanc\u00edas, de los subsidios y dem\u00e1s apoyos que se reciben del Estado y, en fin, de la abismal diferencia de las condiciones en que se desarrolla el proceso productivo y mercantil dentro de una naci\u00f3n y dentro de la otra.<\/p>\n<p>En todo caso, uno supone que un Estado no se pone a firmar esa clase de tratados en forma aventurera e irresponsable, sino analizando de manera ponderada los pros y los contras que el tratado significar\u00e1 para su pa\u00eds. Ojal\u00e1 el Estado colombiano haya firmado ese convenio luego de estudios muy serios y profundos acerca de sus implicaciones para la econom\u00eda nacional y luego de determinar de qu\u00e9 manera iban a verse afectados los diferentes sectores y, por supuesto, el pueblo colombiano.<\/p>\n<p>Llama la atenci\u00f3n, sin embargo, el apresuramiento con que Colombia ratific\u00f3 el tratado y lo parsimonioso que fue ese proceso en los Estados Unidos.<\/p>\n<p>La gran pregunta es obvia: \u00bfQu\u00e9 le traer\u00e1 el TLC a Colombia?<\/p>\n<p>Ya se habla de que arruinar\u00e1 el campo colombiano.<\/p>\n<p>\u00bfSer\u00e1 exagerada esa afirmaci\u00f3n?<\/p>\n<p>\u00bfNos habremos apresurado a dar un salto al vac\u00edo sin estar preparados para darlo?<\/p>\n<p>\u00bfLa bonanza para unos colombianos se edificar\u00e1 sobre la miseria de otros?<\/p>\n<p>\u00bfQui\u00e9nes ser\u00e1n mayor\u00eda: los afortunados o los sin fortuna?<\/p>\n<p>Amanecer\u00e1 y veremos.<\/p>\n<p>&nbsp;<\/p>\n","protected":false},"excerpt":{"rendered":"<p>&nbsp; &nbsp; &nbsp; &nbsp; &nbsp; &nbsp; &nbsp; &nbsp; &nbsp; &nbsp; &nbsp; &nbsp; &nbsp; &nbsp; &nbsp; Han empezado a decir que ahora, ya no s\u00f3lo firmado el TLC (cosa que ocurri\u00f3 hace a\u00f1os), no s\u00f3lo ratificado por el Congreso de Colombia &hellip; <a href=\"https:\/\/oscarhumbertogomez.com\/?p=1877\">Sigue leyendo <span class=\"meta-nav\">&rarr;<\/span><\/a><\/p>\n<div class='heateorSssClear'><\/div><div  class='heateor_sss_sharing_container heateor_sss_horizontal_sharing' heateor-sss-data-href='https:\/\/oscarhumbertogomez.com\/?p=1877'><div class='heateor_sss_sharing_title' style=\"font-weight:bold\" >\u00a1Gracias por compartirla!<\/div><ul class=\"heateor_sss_sharing_ul\"><li class=\"heateorSssSharingRound\"><i style=\"width:35px;height:35px;border-radius:999px;\" alt=\"Facebook\" Title=\"Facebook\" class=\"heateorSssSharing heateorSssFacebookBackground\" onclick='heateorSssPopup(\"https:\/\/www.facebook.com\/sharer\/sharer.php?u=https%3A%2F%2Foscarhumbertogomez.com%2Findex.php%3Frest_route%3D%252Fwp%252Fv2%252Fposts%252F1877\")'><ss style=\"display:block;border-radius:999px;\" class=\"heateorSssSharingSvg heateorSssFacebookSvg\"><\/ss><\/i><\/li><li class=\"heateorSssSharingRound\"><i style=\"width:35px;height:35px;border-radius:999px;\" alt=\"Twitter\" Title=\"Twitter\" class=\"heateorSssSharing heateorSssTwitterBackground\" onclick='heateorSssPopup(\"http:\/\/twitter.com\/intent\/tweet?text=%C2%BFQue%20viva%20el%20TLC%3F%20Por%20%C3%93scar%20Humberto%20G%C3%B3mez%20G%C3%B3mez&url=https%3A%2F%2Foscarhumbertogomez.com%2Findex.php%3Frest_route%3D%252Fwp%252Fv2%252Fposts%252F1877\")'><ss style=\"display:block;border-radius:999px;\" class=\"heateorSssSharingSvg heateorSssTwitterSvg\"><\/ss><\/i><\/li><li class=\"heateorSssSharingRound\"><i style=\"width:35px;height:35px;border-radius:999px;\" alt=\"Whatsapp\" Title=\"Whatsapp\" class=\"heateorSssSharing heateorSssWhatsappBackground\" onclick='heateorSssPopup(\"https:\/\/web.whatsapp.com\/send?text=%C2%BFQue%20viva%20el%20TLC%3F%20Por%20%C3%93scar%20Humberto%20G%C3%B3mez%20G%C3%B3mez https%3A%2F%2Foscarhumbertogomez.com%2Findex.php%3Frest_route%3D%252Fwp%252Fv2%252Fposts%252F1877\")'><ss style=\"display:block\" class=\"heateorSssSharingSvg heateorSssWhatsappSvg\"><\/ss><\/i><\/li><li class=\"heateorSssSharingRound\"><i style=\"width:35px;height:35px;border-radius:999px;\" alt=\"Pinterest\" Title=\"Pinterest\" class=\"heateorSssSharing heateorSssPinterestBackground\" onclick=\"javascript:void( (function() {var e=document.createElement('script' );e.setAttribute('type','text\/javascript' );e.setAttribute('charset','UTF-8' );e.setAttribute('src','\/\/assets.pinterest.com\/js\/pinmarklet.js?r='+Math.random()*99999999);document.body.appendChild(e)})());\"><ss style=\"display:block;border-radius:999px;\" class=\"heateorSssSharingSvg heateorSssPinterestSvg\"><\/ss><\/i><\/li><li class=\"heateorSssSharingRound\"><i style=\"width:35px;height:35px;border-radius:999px;\" alt=\"Google Gmail\" Title=\"Google Gmail\" class=\"heateorSssSharing heateorSssGoogleGmailBackground\" onclick='heateorSssPopup(\"https:\/\/mail.google.com\/mail\/?ui=2&view=cm&fs=1&tf=1&su=%C2%BFQue%20viva%20el%20TLC%3F%20Por%20%C3%93scar%20Humberto%20G%C3%B3mez%20G%C3%B3mez&body=Link:https%3A%2F%2Foscarhumbertogomez.com%2Findex.php%3Frest_route%3D%252Fwp%252Fv2%252Fposts%252F1877\")'><ss style=\"display:block;border-radius:999px;\" class=\"heateorSssSharingSvg heateorSssGoogleGmailSvg\"><\/ss><\/i><\/li><li class=\"heateorSssSharingRound\"><i style=\"width:35px;height:35px;border-radius:999px;\" title=\"More\" alt=\"More\" class=\"heateorSssSharing heateorSssMoreBackground\" onclick=\"heateorSssMoreSharingPopup(this, 'https:\/\/oscarhumbertogomez.com\/index.php?rest_route=%2Fwp%2Fv2%2Fposts%2F1877', '%C2%BFQue%20viva%20el%20TLC%3F%20Por%20%C3%93scar%20Humberto%20G%C3%B3mez%20G%C3%B3mez', '' )\" ><ss style=\"display:block\" class=\"heateorSssSharingSvg heateorSssMoreSvg\"><\/ss><\/i><\/li><\/ul><div class=\"heateorSssClear\"><\/div><\/div><div class='heateorSssClear'><\/div>","protected":false},"author":2,"featured_media":0,"comment_status":"open","ping_status":"open","sticky":false,"template":"","format":"standard","meta":{"spay_email":"","footnotes":""},"categories":[1],"tags":[],"class_list":["post-1877","post","type-post","status-publish","format-standard","hentry","category-blog"],"jetpack_featured_media_url":"","jetpack_shortlink":"https:\/\/wp.me\/p1FYrr-uh","_links":{"self":[{"href":"https:\/\/oscarhumbertogomez.com\/index.php?rest_route=\/wp\/v2\/posts\/1877","targetHints":{"allow":["GET"]}}],"collection":[{"href":"https:\/\/oscarhumbertogomez.com\/index.php?rest_route=\/wp\/v2\/posts"}],"about":[{"href":"https:\/\/oscarhumbertogomez.com\/index.php?rest_route=\/wp\/v2\/types\/post"}],"author":[{"embeddable":true,"href":"https:\/\/oscarhumbertogomez.com\/index.php?rest_route=\/wp\/v2\/users\/2"}],"replies":[{"embeddable":true,"href":"https:\/\/oscarhumbertogomez.com\/index.php?rest_route=%2Fwp%2Fv2%2Fcomments&post=1877"}],"version-history":[{"count":6,"href":"https:\/\/oscarhumbertogomez.com\/index.php?rest_route=\/wp\/v2\/posts\/1877\/revisions"}],"predecessor-version":[{"id":53359,"href":"https:\/\/oscarhumbertogomez.com\/index.php?rest_route=\/wp\/v2\/posts\/1877\/revisions\/53359"}],"wp:attachment":[{"href":"https:\/\/oscarhumbertogomez.com\/index.php?rest_route=%2Fwp%2Fv2%2Fmedia&parent=1877"}],"wp:term":[{"taxonomy":"category","embeddable":true,"href":"https:\/\/oscarhumbertogomez.com\/index.php?rest_route=%2Fwp%2Fv2%2Fcategories&post=1877"},{"taxonomy":"post_tag","embeddable":true,"href":"https:\/\/oscarhumbertogomez.com\/index.php?rest_route=%2Fwp%2Fv2%2Ftags&post=1877"}],"curies":[{"name":"wp","href":"https:\/\/api.w.org\/{rel}","templated":true}]}}