{"id":19255,"date":"2016-05-09T09:21:29","date_gmt":"2016-05-09T14:21:29","guid":{"rendered":"http:\/\/www.oscarhumbertogomez.com\/?p=19255"},"modified":"2024-09-15T14:29:29","modified_gmt":"2024-09-15T19:29:29","slug":"frente-al-espejo-por-oscar-humberto-gomez-gomez","status":"publish","type":"post","link":"https:\/\/oscarhumbertogomez.com\/?p=19255","title":{"rendered":"FRENTE AL ESPEJO. Por: El \u00daltimo Guane"},"content":{"rendered":"<p><a href=\"https:\/\/lapiedrafilosofal.com\/wp-content\/uploads\/2016\/05\/FRENTE-AL-ESPEJO-Wilhelm-Bendz.jpg\" rel=\"attachment wp-att-19256\"><img decoding=\"async\" src=\"https:\/\/lapiedrafilosofal.com\/wp-content\/uploads\/2016\/05\/FRENTE-AL-ESPEJO-Wilhelm-Bendz-256x300.jpg\" alt=\"FRENTE AL ESPEJO Wilhelm Bendz\" width=\"500\" class=\"alignnone size-medium wp-image-19256\" srcset=\"https:\/\/oscarhumbertogomez.com\/wp-content\/uploads\/2016\/05\/FRENTE-AL-ESPEJO-Wilhelm-Bendz-256x300.jpg 256w, https:\/\/oscarhumbertogomez.com\/wp-content\/uploads\/2016\/05\/FRENTE-AL-ESPEJO-Wilhelm-Bendz-768x900.jpg 768w, https:\/\/oscarhumbertogomez.com\/wp-content\/uploads\/2016\/05\/FRENTE-AL-ESPEJO-Wilhelm-Bendz.jpg 874w\" sizes=\"(max-width: 256px) 100vw, 256px\" \/><\/a><\/p>\n<p>&nbsp;<\/p>\n<p>Hoy rememoro mi vida<br \/>\nParado frente al espejo,<br \/>\nHoy yo me miro a los ojos<br \/>\nMientras viajo a los recuerdos,<br \/>\nHoy me pregunto a m\u00ed mismo<br \/>\nSi lo hice bien, si fui recto,<br \/>\nHoy yo repaso las horas<br \/>\nY los a\u00f1os que se fueron.<\/p>\n<p>Me veo ni\u00f1o en la escuela<br \/>\noyendo atento los cuentos,<br \/>\nCon l\u00e1piz y borrador,<br \/>\nCon un cuaderno <em>Modelo<\/em>,<br \/>\nLa <em>Alegr\u00eda de leer<\/em><br \/>\nMirando m\u00e1s que leyendo,<br \/>\nMientras me ense\u00f1an el mundo<br \/>\nCon la tiza y el tablero.<\/p>\n<p>No tengo televisor,<br \/>\nTampoco tengo tel\u00e9fono<br \/>\nY en mi casa la piscina<br \/>\nEs un lavadero inmenso<br \/>\nEn donde flotan mis barcos,<br \/>\nDonde navegan mis sue\u00f1os<br \/>\nY me ba\u00f1o con totuma<br \/>\nTeniendo el cielo por techo.<\/p>\n<p>No hay en mi casa nevera<br \/>\nY el propano pasa lejos,<br \/>\nEn cambio tengo tres patios<br \/>\nY en el m\u00e1s grande de ellos<br \/>\nHay gente bailando cumbia<br \/>\nEn fiestas que yo presencio<br \/>\nY desde entonces descubro<br \/>\nQue ser feliz tambi\u00e9n puedo.<\/p>\n<p>Disfruto Semana Santa,<br \/>\nMe asombran los nazarenos,<br \/>\nMe agradan las procesiones,<br \/>\nMe gusta el olor a incienso,<br \/>\nCon mi madre hago el v\u00eda crucis,<br \/>\nVoy con ella al cementerio<br \/>\nY el Jueves Santo en la noche<br \/>\nVisito los monumentos.<\/p>\n<p>Cuando se vienen las ferias,<br \/>\nlas carrozas y el estr\u00e9pito,<br \/>\nMe voy a ver los desfiles,<br \/>\nA la Quince, donde el pueblo<br \/>\nOlvida un d\u00eda sus hambres<br \/>\nDe justicia, y pan, y techo,<br \/>\nY siente que con las bandas<br \/>\nSus problemas se van lejos.<\/p>\n<p>Y cuando viene diciembre,<br \/>\nLos pesebres, los obsequios,<br \/>\nLos fuegos artificiales,<br \/>\nPap\u00e1 Noel y sus renos,<br \/>\nLos villancicos que suenan<br \/>\nY las estrellas de ensue\u00f1o<br \/>\nDesaparecen las penas<br \/>\nPor artes de sortilegio.<\/p>\n<p>Estoy de nuevo en las calles<br \/>\nSolitarias de otros tiempos,<br \/>\nCon direcci\u00f3n al oriente,<br \/>\nAndando a paso ligero,<br \/>\nPues cuando dieron las cinco<br \/>\nLas campanadas del templo<br \/>\nAbandonamos la escuela<br \/>\nJos\u00e9 Camacho Carre\u00f1o.<\/p>\n<p>All\u00e1, de overol azul,<br \/>\nahora estoy en el T\u00e9cnico<br \/>\nSintiendo que no hay futuro<br \/>\nAl frente de un torno viejo,<br \/>\nPues aunque en el himno dice<br \/>\nQue estoy forjando luceros,<br \/>\nYo solo forjo tristezas<br \/>\nA punta de yunque y fuego.<\/p>\n<p>Me encuentro en el Santander<br \/>\nCon otras reglas de juego,<br \/>\nNo existen all\u00e1 talleres,<br \/>\nNi la sirena al recreo,<br \/>\nEn cambio toco los tiples<br \/>\nY entono pasillos lentos<br \/>\nE incluso doy serenatas<br \/>\nY rom\u00e1ntico me he vuelto.<\/p>\n<p>Y ya en la Universidad<br \/>\nMe veo estudiando Derecho,<br \/>\nGrabando las conferencias<br \/>\nEn un aparato viejo,<br \/>\nEn cintas que luego escucho<br \/>\nMientras copio todo el tiempo,<br \/>\nSin que nadie se imagine<br \/>\nDentro de mi ser qu\u00e9 siento.<\/p>\n<p>S\u00e9 que cambiar\u00e9 el mundo<br \/>\nCitando un c\u00f3digo a\u00f1ejo,<br \/>\nQue cuando los jueces me escuchen<br \/>\nDir\u00e1n que raz\u00f3n s\u00ed tengo,<br \/>\nY entonces ya no habr\u00e1 ni\u00f1os<br \/>\nAl descubierto durmiendo<br \/>\nEn un and\u00e9n solitario<br \/>\nSobre un colch\u00f3n de concreto.<\/p>\n<p>Tengo mil planes en mente<br \/>\nPara el bien de nuestro pueblo<br \/>\nY los caminos presentes<br \/>\nMe los estoy aprendiendo:<br \/>\nSe har\u00e1 la Revoluci\u00f3n,<br \/>\nGobernar\u00e1n los honestos<br \/>\nY el mundo ser\u00e1 distinto<br \/>\nPorque ser\u00e1 un mundo nuevo.<\/p>\n<p>As\u00ed es como pienso entonces<br \/>\nCon esp\u00edritu sincero,<br \/>\nLo escucho por todas partes,<br \/>\nY en todas partes lo siento,<br \/>\nLo dicen los estudiantes<br \/>\nY algunos de mis maestros<br \/>\nY hasta se explica el futuro<br \/>\nEn la voz de los expertos.<\/p>\n<p>A la postre solo el odio<br \/>\nFue el \u00fanico compa\u00f1ero,<br \/>\nPues nada de cuanto hablaban<br \/>\nAl final result\u00f3 cierto:<br \/>\nTodos fueron generosos<br \/>\nDistribuyendo lo ajeno<br \/>\nY aquella torpe violencia<br \/>\nNo produjo sino muertos.<\/p>\n<p>Hoy, que ya no soy joven,<br \/>\nQue empiezo a volverme viejo,<br \/>\nAqu\u00ed parado esta noche<br \/>\nMir\u00e1ndome en el espejo,<br \/>\nHe repasado mi vida<br \/>\nY entonces he descubierto<br \/>\nQue sin Amor en el mundo<br \/>\nSon imposibles los sue\u00f1os.<\/p>\n<p>&nbsp;<\/p>\n<p><a href=\"https:\/\/lapiedrafilosofal.com\/wp-content\/uploads\/2016\/05\/FRENTE-AL-ESPEJO-Wilhelm-Bendz.jpg\" rel=\"attachment wp-att-19256\"><img decoding=\"async\" src=\"https:\/\/lapiedrafilosofal.com\/wp-content\/uploads\/2016\/05\/FRENTE-AL-ESPEJO-Wilhelm-Bendz-256x300.jpg\" alt=\"FRENTE AL ESPEJO Wilhelm Bendz\" width=\"500\" class=\"alignnone size-medium wp-image-19256\" srcset=\"https:\/\/oscarhumbertogomez.com\/wp-content\/uploads\/2016\/05\/FRENTE-AL-ESPEJO-Wilhelm-Bendz-256x300.jpg 256w, https:\/\/oscarhumbertogomez.com\/wp-content\/uploads\/2016\/05\/FRENTE-AL-ESPEJO-Wilhelm-Bendz-768x900.jpg 768w, https:\/\/oscarhumbertogomez.com\/wp-content\/uploads\/2016\/05\/FRENTE-AL-ESPEJO-Wilhelm-Bendz.jpg 874w\" sizes=\"(max-width: 256px) 100vw, 256px\" \/><\/a><\/p>\n<p>&nbsp;<\/p>\n<p><strong>ILUSTRACI\u00d3N:<\/strong> Wilhem Bendz (Odense, Dinamarca, 1804 &#8211; Vicenza, Italia, 1832). <em>El pintor Ditlev Blunk observando un boceto a trav\u00e9s del espejo<\/em>. (1826). Museo Nacional de Dinamarca. Copenhague.<\/p>\n<p>&nbsp;<\/p>\n","protected":false},"excerpt":{"rendered":"<p>&nbsp; Hoy rememoro mi vida Parado frente al espejo, Hoy yo me miro a los ojos Mientras viajo a los recuerdos, Hoy me pregunto a m\u00ed mismo Si lo hice bien, si fui recto, Hoy yo repaso las horas Y &hellip; <a href=\"https:\/\/oscarhumbertogomez.com\/?p=19255\">Sigue leyendo <span class=\"meta-nav\">&rarr;<\/span><\/a><\/p>\n<div class='heateorSssClear'><\/div><div  class='heateor_sss_sharing_container heateor_sss_horizontal_sharing' heateor-sss-data-href='https:\/\/oscarhumbertogomez.com\/?p=19255'><div class='heateor_sss_sharing_title' style=\"font-weight:bold\" >\u00a1Gracias por compartirla!<\/div><ul class=\"heateor_sss_sharing_ul\"><li class=\"heateorSssSharingRound\"><i style=\"width:35px;height:35px;border-radius:999px;\" alt=\"Facebook\" Title=\"Facebook\" class=\"heateorSssSharing heateorSssFacebookBackground\" onclick='heateorSssPopup(\"https:\/\/www.facebook.com\/sharer\/sharer.php?u=https%3A%2F%2Foscarhumbertogomez.com%2Findex.php%3Frest_route%3D%252Fwp%252Fv2%252Fposts%252F19255\")'><ss style=\"display:block;border-radius:999px;\" class=\"heateorSssSharingSvg heateorSssFacebookSvg\"><\/ss><\/i><\/li><li class=\"heateorSssSharingRound\"><i style=\"width:35px;height:35px;border-radius:999px;\" alt=\"Twitter\" Title=\"Twitter\" class=\"heateorSssSharing heateorSssTwitterBackground\" onclick='heateorSssPopup(\"http:\/\/twitter.com\/intent\/tweet?text=FRENTE%20AL%20ESPEJO.%20Por%3A%20El%20%C3%9Altimo%20Guane&url=https%3A%2F%2Foscarhumbertogomez.com%2Findex.php%3Frest_route%3D%252Fwp%252Fv2%252Fposts%252F19255\")'><ss style=\"display:block;border-radius:999px;\" class=\"heateorSssSharingSvg heateorSssTwitterSvg\"><\/ss><\/i><\/li><li class=\"heateorSssSharingRound\"><i style=\"width:35px;height:35px;border-radius:999px;\" alt=\"Whatsapp\" Title=\"Whatsapp\" class=\"heateorSssSharing heateorSssWhatsappBackground\" onclick='heateorSssPopup(\"https:\/\/web.whatsapp.com\/send?text=FRENTE%20AL%20ESPEJO.%20Por%3A%20El%20%C3%9Altimo%20Guane https%3A%2F%2Foscarhumbertogomez.com%2Findex.php%3Frest_route%3D%252Fwp%252Fv2%252Fposts%252F19255\")'><ss style=\"display:block\" class=\"heateorSssSharingSvg heateorSssWhatsappSvg\"><\/ss><\/i><\/li><li class=\"heateorSssSharingRound\"><i style=\"width:35px;height:35px;border-radius:999px;\" alt=\"Pinterest\" Title=\"Pinterest\" class=\"heateorSssSharing heateorSssPinterestBackground\" onclick=\"javascript:void( (function() {var e=document.createElement('script' );e.setAttribute('type','text\/javascript' );e.setAttribute('charset','UTF-8' );e.setAttribute('src','\/\/assets.pinterest.com\/js\/pinmarklet.js?r='+Math.random()*99999999);document.body.appendChild(e)})());\"><ss style=\"display:block;border-radius:999px;\" class=\"heateorSssSharingSvg heateorSssPinterestSvg\"><\/ss><\/i><\/li><li class=\"heateorSssSharingRound\"><i style=\"width:35px;height:35px;border-radius:999px;\" alt=\"Google Gmail\" Title=\"Google Gmail\" class=\"heateorSssSharing heateorSssGoogleGmailBackground\" onclick='heateorSssPopup(\"https:\/\/mail.google.com\/mail\/?ui=2&view=cm&fs=1&tf=1&su=FRENTE%20AL%20ESPEJO.%20Por%3A%20El%20%C3%9Altimo%20Guane&body=Link:https%3A%2F%2Foscarhumbertogomez.com%2Findex.php%3Frest_route%3D%252Fwp%252Fv2%252Fposts%252F19255\")'><ss style=\"display:block;border-radius:999px;\" class=\"heateorSssSharingSvg heateorSssGoogleGmailSvg\"><\/ss><\/i><\/li><li class=\"heateorSssSharingRound\"><i style=\"width:35px;height:35px;border-radius:999px;\" title=\"More\" alt=\"More\" class=\"heateorSssSharing heateorSssMoreBackground\" onclick=\"heateorSssMoreSharingPopup(this, 'https:\/\/oscarhumbertogomez.com\/index.php?rest_route=%2Fwp%2Fv2%2Fposts%2F19255', 'FRENTE%20AL%20ESPEJO.%20Por%3A%20El%20%C3%9Altimo%20Guane', '' )\" ><ss style=\"display:block\" class=\"heateorSssSharingSvg heateorSssMoreSvg\"><\/ss><\/i><\/li><\/ul><div class=\"heateorSssClear\"><\/div><\/div><div class='heateorSssClear'><\/div>","protected":false},"author":2,"featured_media":0,"comment_status":"open","ping_status":"open","sticky":false,"template":"","format":"standard","meta":{"spay_email":"","footnotes":""},"categories":[7],"tags":[],"class_list":["post-19255","post","type-post","status-publish","format-standard","hentry","category-poesia"],"jetpack_featured_media_url":"","jetpack_shortlink":"https:\/\/wp.me\/p1FYrr-50z","_links":{"self":[{"href":"https:\/\/oscarhumbertogomez.com\/index.php?rest_route=\/wp\/v2\/posts\/19255","targetHints":{"allow":["GET"]}}],"collection":[{"href":"https:\/\/oscarhumbertogomez.com\/index.php?rest_route=\/wp\/v2\/posts"}],"about":[{"href":"https:\/\/oscarhumbertogomez.com\/index.php?rest_route=\/wp\/v2\/types\/post"}],"author":[{"embeddable":true,"href":"https:\/\/oscarhumbertogomez.com\/index.php?rest_route=\/wp\/v2\/users\/2"}],"replies":[{"embeddable":true,"href":"https:\/\/oscarhumbertogomez.com\/index.php?rest_route=%2Fwp%2Fv2%2Fcomments&post=19255"}],"version-history":[{"count":5,"href":"https:\/\/oscarhumbertogomez.com\/index.php?rest_route=\/wp\/v2\/posts\/19255\/revisions"}],"predecessor-version":[{"id":48681,"href":"https:\/\/oscarhumbertogomez.com\/index.php?rest_route=\/wp\/v2\/posts\/19255\/revisions\/48681"}],"wp:attachment":[{"href":"https:\/\/oscarhumbertogomez.com\/index.php?rest_route=%2Fwp%2Fv2%2Fmedia&parent=19255"}],"wp:term":[{"taxonomy":"category","embeddable":true,"href":"https:\/\/oscarhumbertogomez.com\/index.php?rest_route=%2Fwp%2Fv2%2Fcategories&post=19255"},{"taxonomy":"post_tag","embeddable":true,"href":"https:\/\/oscarhumbertogomez.com\/index.php?rest_route=%2Fwp%2Fv2%2Ftags&post=19255"}],"curies":[{"name":"wp","href":"https:\/\/api.w.org\/{rel}","templated":true}]}}