{"id":19546,"date":"2016-06-11T09:30:40","date_gmt":"2016-06-11T14:30:40","guid":{"rendered":"http:\/\/www.oscarhumbertogomez.com\/?p=19546"},"modified":"2025-03-04T14:42:23","modified_gmt":"2025-03-04T19:42:23","slug":"remembranzas-por-oscar-humberto-gomez-gomez","status":"publish","type":"post","link":"https:\/\/oscarhumbertogomez.com\/?p=19546","title":{"rendered":"REMEMBRANZAS. Por \u00d3scar Humberto G\u00f3mez G\u00f3mez"},"content":{"rendered":"<p><img loading=\"lazy\" decoding=\"async\" class=\"aligncenter size-large wp-image-19714\" src=\"https:\/\/lapiedrafilosofal.com\/wp-content\/uploads\/2016\/05\/project8s-1024x683.jpg\" alt=\"\" width=\"640\" height=\"427\" srcset=\"https:\/\/oscarhumbertogomez.com\/wp-content\/uploads\/2016\/05\/project8s.jpg 1024w, https:\/\/oscarhumbertogomez.com\/wp-content\/uploads\/2016\/05\/project8s-300x200.jpg 300w, https:\/\/oscarhumbertogomez.com\/wp-content\/uploads\/2016\/05\/project8s-768x512.jpg 768w\" sizes=\"auto, (max-width: 640px) 100vw, 640px\" \/><\/p>\n<p>&nbsp;<\/p>\n<p>Pienso en ti, ciudad querida,<\/p>\n<p>Te pienso, Bucaramanga,<\/p>\n<p>Recuerdo aquella avenida<\/p>\n<p>Que a mi barrio me llevaba,<\/p>\n<p>Y a aquel caminante alegre,<\/p>\n<p>Y a aquella muchacha guapa,<\/p>\n<p>(Aquel, vistiendo uniforme,<\/p>\n<p>Aquella, de minifalda),<\/p>\n<p>Y el trino de los canarios,<\/p>\n<p>Y el olor de las sarrapias,<\/p>\n<p>Y las melcochas del s\u00e1bado,<\/p>\n<p>Y el acueducto y sus aguas,<\/p>\n<p>La campana del recreo,<\/p>\n<p>Las paletas de guan\u00e1bana,<\/p>\n<p>El batutero que hac\u00eda<\/p>\n<p>Piruetas frente a la banda,<\/p>\n<p>Si la Camacho Carre\u00f1o<\/p>\n<p>En p\u00fablico desfilaba,<\/p>\n<p>Y a quien &#8220;el Loco&#8221; Acevedo<\/p>\n<p>O\u00eda yo que llamaban,<\/p>\n<p>Y los cuentos de vaqueros<\/p>\n<p>Que do\u00f1a Celia alquilaba<\/p>\n<p>All\u00e1 en su tienda de barrio,<\/p>\n<p>En la mitad de la cuadra,<\/p>\n<p>Teatro de ni\u00f1os pobres,<\/p>\n<p>Sin telones y sin m\u00e1quinas,<\/p>\n<p>Que hoy es recuerdo preciado<\/p>\n<p>De nuestra preciada infancia.<\/p>\n<p>&nbsp;<\/p>\n<p>Te pienso, tierra querida,<\/p>\n<p>Pienso en ti, Bucaramanga,<\/p>\n<p>Rememoro tus domingos<\/p>\n<p>De f\u00fatbol por la <a>ma\u00f1ana<\/a>,<\/p>\n<p>Los muchachos que corr\u00edan<\/p>\n<p>Si la polic\u00eda llegaba,<\/p>\n<p>Porque el Estado, que nunca<\/p>\n<p>Por ellos se preocupaba,<\/p>\n<p>Que no constru\u00eda escenarios<\/p>\n<p>En donde libres jugaran,<\/p>\n<p>Tampoco lo que era de ellos<\/p>\n<p>\u2014Los parques\u2014 se los prestaba;<\/p>\n<p>Mas hoy, a pesar de todo,<\/p>\n<p>Te quiero, Bucaramanga,<\/p>\n<p>Y aquellos a\u00f1os recuerdo<\/p>\n<p>Sin rencor y con nostalgia.<\/p>\n<p>&nbsp;<\/p>\n<p>Pienso en ti, ciudad querida,<\/p>\n<p>Pienso en ti, Bucaramanga,<\/p>\n<p>Y evoco el ayer del barrio<\/p>\n<p>Donde aprend\u00ed qu\u00e9 era patria,<\/p>\n<p>Que era patria el vecino,<\/p>\n<p>El amigo de la cuadra,<\/p>\n<p>Y la jovencita hermosa<\/p>\n<p>Que la calle iluminaba,<\/p>\n<p>La escuelita de la esquina,<\/p>\n<p>De cancel en la ventana<\/p>\n<p>En donde supe que Amor<\/p>\n<p>Letra muda no llevaba,<\/p>\n<p>Y los esca\u00f1os del parque,<\/p>\n<p>Aquel en que me escuchaban<\/p>\n<p>Narrar por cinco centavos<\/p>\n<p>Mis historietas fant\u00e1sticas<\/p>\n<p>Donde al final siempre el malo<\/p>\n<p>Perd\u00eda, y el bien ganaba;<\/p>\n<p>&nbsp;<\/p>\n<p>Y que eran patria las patrias,<\/p>\n<p>La grande, la libertada<\/p>\n<p>Por hombres de charreteras<\/p>\n<p>Y manos entrelazadas,<\/p>\n<p>Y otra, la patria chica,<\/p>\n<p>La tierra santandereana,<\/p>\n<p>Y dentro de ella ibas t\u00fa,<\/p>\n<p>Metida entre las entra\u00f1as;<\/p>\n<p>&nbsp;<\/p>\n<p>Y que era patria ser ni\u00f1o,<\/p>\n<p>Sin tener miedo al ma\u00f1ana,<\/p>\n<p>Y el caminar por la acera<\/p>\n<p>Sin que el alero dejara<\/p>\n<p>Que la lluvia de la tarde<\/p>\n<p>La ropa nos empapara,<\/p>\n<p>Y ese sol de los venados<\/p>\n<p>Que a las seis nos saludaba<\/p>\n<p>Y se escond\u00eda entre los cerros<\/p>\n<p>Que al oeste se asomaban;<\/p>\n<p>&nbsp;<\/p>\n<p>Y que era patria el bambuco,<\/p>\n<p>Que en todas partes sonaba,<\/p>\n<p>Sin que los aires for\u00e1neos<\/p>\n<p>Su voz se la silenciaran,<\/p>\n<p>Y que eran patria los tiples,<\/p>\n<p>Las bandolas, las guitarras,<\/p>\n<p>Los cantos que por ser nuestros<\/p>\n<p>No eran cultura prestada;<\/p>\n<p>Y que eran patria los versos<\/p>\n<p>Que la ni\u00f1ez declamaba<\/p>\n<p>Parada sobre una mesa<\/p>\n<p>Mientras las madres lloraban,<\/p>\n<p>Pues nadie sent\u00eda verg\u00fcenza<\/p>\n<p>De tener desnuda el alma.<\/p>\n<p>&nbsp;<\/p>\n<p>Pienso en ti, ciudad querida,<\/p>\n<p>Ciudad de Bucaramanga,<\/p>\n<p>En tu Surat\u00e1 olvidado,<\/p>\n<p>El paseo a Floridablanca,<\/p>\n<p>Las idas al aeropuerto<\/p>\n<p>A ver volar la esperanza,<\/p>\n<p>Los aviones de Taxader,<\/p>\n<p>Las avionetas de Urraca,<\/p>\n<p>Que el Llano de los Ord\u00f3\u00f1ez<\/p>\n<p>G\u00f3mez Ni\u00f1o ahora se llama<\/p>\n<p>Y hoy anuncian que Cantinflas<\/p>\n<p>Llega del aire, y su gracia<\/p>\n<p>Har\u00e1 nacer ilusiones<\/p>\n<p>A tu gente cabizbaja,<\/p>\n<p>Y anuncian hoy que Camilo,<\/p>\n<p>Presb\u00edtero sin sotana,<\/p>\n<p>Desciende con su evangelio<\/p>\n<p>Por la escalera de Avianca,<\/p>\n<p>Y unos dicen que es Jes\u00fas,<\/p>\n<p>Y otros dicen que es la Parca.<\/p>\n<p>&nbsp;<\/p>\n<p>Pienso en ti, ciudad querida,<\/p>\n<p>Te evoco, Bucaramanga,<\/p>\n<p>Y rememoro tus parques,<\/p>\n<p>De los dulces la fragancia,<\/p>\n<p>De los mangos del Romero<\/p>\n<p>Su delicia y su nostalgia,<\/p>\n<p>Las palmas del Polit\u00e9cnico,<\/p>\n<p>De las Albornoz su casa,<\/p>\n<p>El bus que va a Morrorrico,<\/p>\n<p>Miguelito que nos carga,<\/p>\n<p>La iglesia de san Laureano,<\/p>\n<p>Todav\u00eda iglesia santa,<\/p>\n<p>Los turrones y los millos,<\/p>\n<p>El mercado de la plaza,<\/p>\n<p>Los dos pasajes del centro<\/p>\n<p>Que unen cuadra con cuadra,<\/p>\n<p>El Aurelio Mart\u00ednez Mutis<\/p>\n<p>Y el Cadena a la distancia,<\/p>\n<p>Donde se nos atraviesan<\/p>\n<p>El fot\u00f3grafo y su c\u00e1mara<\/p>\n<p>Para captar nuestra imagen<\/p>\n<p>Y que nos toque comprarla,<\/p>\n<p>Y el vendedor de las medias<\/p>\n<p>Que no se rompen con nada,<\/p>\n<p>Y el que los viejos relojes<\/p>\n<p>Con un ung\u00fcento resta\u00f1a,<\/p>\n<p>Y el payaso que te invita<\/p>\n<p>A comprar saco y corbata<\/p>\n<p>Para que seas caballero<\/p>\n<p>Y conquistes a las damas<\/p>\n<p>Y todos sepan que eres<\/p>\n<p>Un lord de Bucaramanga.<\/p>\n<p>&nbsp;<\/p>\n<p>Pienso en ti, ciudad querida,<\/p>\n<p>Te a\u00f1oro, tierra olvidada,<\/p>\n<p>Recuerdo del Salesiano<\/p>\n<p>Los filmes que proyectaban<\/p>\n<p>Despu\u00e9s de la catequesis<\/p>\n<p>El domingo en las ma\u00f1anas,<\/p>\n<p>La bizcocher\u00eda Tob\u00f3n,<\/p>\n<p>La piscina de las Navas,<\/p>\n<p>Los dulces de los Mantilla,<\/p>\n<p>Y el Coliseo Peralta,<\/p>\n<p>El Oro Viejo en la doce<\/p>\n<p>Con su sabor a naranja,<\/p>\n<p>Vino dulce que en diciembre<\/p>\n<p>A La Aurora acompa\u00f1aba,<\/p>\n<p>Igual que las panderetas<\/p>\n<p>De las tapas machacadas,<\/p>\n<p>Igual que los aguinaldos<\/p>\n<p>Y los coros del Tutaina,<\/p>\n<p>Y&nbsp;aquellas tiendas de pobres<\/p>\n<p>Donde los pobres a\u00fan fiaban,<\/p>\n<p>Y el ulular en los \u00e1rboles,<\/p>\n<p>El canto de las chicharras,<\/p>\n<p>Y del tabaco en reposo<\/p>\n<p>El mural que saludaba,<\/p>\n<p>Y del Venado de Oro<\/p>\n<p>Su invitaci\u00f3n a la farra,<\/p>\n<p>Con Hugo Blanco y su orquesta<\/p>\n<p>En este fin de semana,<\/p>\n<p>Los Golden Boys, La Chichera,<\/p>\n<p>Y un joven pobre a la entrada,<\/p>\n<p>Que con tambor en el hombro<\/p>\n<p>Elude la vigilancia,<\/p>\n<p>El mismo que ve en la Luna<\/p>\n<p>A unos tales astronautas,<\/p>\n<p>Mirando pantalla ajena<\/p>\n<p>Por no haber una en su casa.<\/p>\n<p>&nbsp;<\/p>\n<p>Pienso en ti, ciudad querida,<\/p>\n<p>Pienso en ti, Bucaramanga,<\/p>\n<p>En Margie Ojeda, vecina,<\/p>\n<p>Amiga nunca igualada,<\/p>\n<p>Que me regal\u00f3 su risa<\/p>\n<p>Sincera de colegiala,<\/p>\n<p>sin esperar nada a cambio,<\/p>\n<p>Pues no pod\u00eda darle nada,<\/p>\n<p>Excepto estimarla siempre<\/p>\n<p>Y siempre rememorarla;<\/p>\n<p>Y en las carpas de los circos<\/p>\n<p>Que llegan y que se marchan,<\/p>\n<p>Incluido el circo pobre<\/p>\n<p>Que en ruidosa propaganda<\/p>\n<p>Anuncia a grandes estrellas<\/p>\n<p>Y al final en su programa<\/p>\n<p>Presenta solo a payasos<\/p>\n<p>Que no conocen la gracia,<\/p>\n<p>Y a un mago que no comprende<\/p>\n<p>Que su trabajo es la magia<\/p>\n<p>Y al chimpanc\u00e9 empobrecido<\/p>\n<p>Que llena el circo de l\u00e1grimas.<\/p>\n<p>&nbsp;<\/p>\n<p>Te pienso, ciudad querida,<\/p>\n<p>Pienso en ti, Bucaramanga,<\/p>\n<p>Y en tu Teatro Garnica,<\/p>\n<p>Con su diezmada elegancia,<\/p>\n<p>Y en el encanto del T\u00eda,<\/p>\n<p>Donde de ni\u00f1o pensaba<\/p>\n<p>Que todas las cosas del mundo<\/p>\n<p>All\u00ed vend\u00edan y compraban,<\/p>\n<p>Y all\u00e1, en la Veracruzana,<\/p>\n<p>Esa tienda abarrotada,<\/p>\n<p>La del se\u00f1or Gratiniano,<\/p>\n<p>Que gratis nada nos daba,<\/p>\n<p>Y donde supe que el piso<\/p>\n<p>A los ni\u00f1os descalabra,<\/p>\n<p>Y en las chorreras que fueron<\/p>\n<p>Las proveedoras del agua<\/p>\n<p>Sin que a la casa viniera<\/p>\n<p>Un empleado a cortarla,<\/p>\n<p>Y en las cometas de Beto,<\/p>\n<p>Papalotes sin ma\u00f1ana,<\/p>\n<p>Y en los bazares alegres,<\/p>\n<p>De chicha y de carne asada,<\/p>\n<p>Que a punta de complacencias<\/p>\n<p>Parejas nuevas formaban.<\/p>\n<p>&nbsp;<\/p>\n<p>Ya no descubro tus calles<\/p>\n<p>En tus calles atestadas,<\/p>\n<p>Ya no vislumbro tus casas<\/p>\n<p>En tanta torre gris\u00e1cea,<\/p>\n<p>Ya no imagino el silencio<\/p>\n<p>En el ruido que no para,<\/p>\n<p>Ya no presiento el saludo<\/p>\n<p>Entre tanta gente extra\u00f1a,<\/p>\n<p>Ya no adivino el futuro<\/p>\n<p>En tu ni\u00f1ez marginada,<\/p>\n<p>Ya no advierto a un Jaime Trillos<\/p>\n<p>En estos que ahora mandan<\/p>\n<p>Y no comprenden el tope<\/p>\n<p>Que tienen sus propias arcas,<\/p>\n<p>Ni que dineros ajenos<\/p>\n<p>Las manos queman y manchan.<\/p>\n<p>&nbsp;<\/p>\n<p>Ya no presiento al Supremo<\/p>\n<p>Entre tanta extravagancia,<\/p>\n<p>Iglesias, templos y cultos<\/p>\n<p>Donde todo el mundo es papa,<\/p>\n<p>Ni he vuelto a ver en tus parques<\/p>\n<p>La familia congregada,<\/p>\n<p>Los c\u00e1nticos a la tierra,<\/p>\n<p>El apoyo a quien trabaja,<\/p>\n<p>El respeto a los mayores,<\/p>\n<p>El silencio al que descansa,<\/p>\n<p>Ni veo Estado que ense\u00f1e<\/p>\n<p>Que a la tierra hay que cuidarla.<\/p>\n<p>&nbsp;<\/p>\n<p>Lamento que te hayas ido.<\/p>\n<p>\u00a1Te extra\u00f1o, Bucaramanga!<\/p>\n<p>&nbsp;<\/p>\n<p><em><span style=\"color: #666699;\"><strong>ILUSTRACI\u00d3N:<\/strong><\/span> Bucaramanga en los a\u00f1os 60. Calle 36 con carrera 19. Fotograf\u00eda de Carlos Eslava.<\/em><\/p>\n<p>&nbsp;<\/p>\n","protected":false},"excerpt":{"rendered":"<p>&nbsp; Pienso en ti, ciudad querida, Te pienso, Bucaramanga, Recuerdo aquella avenida Que a mi barrio me llevaba, Y a aquel caminante alegre, Y a aquella muchacha guapa, (Aquel, vistiendo uniforme, Aquella, de minifalda), Y el trino de los canarios, &hellip; <a href=\"https:\/\/oscarhumbertogomez.com\/?p=19546\">Sigue leyendo <span class=\"meta-nav\">&rarr;<\/span><\/a><\/p>\n<div class='heateorSssClear'><\/div><div  class='heateor_sss_sharing_container heateor_sss_horizontal_sharing' heateor-sss-data-href='https:\/\/oscarhumbertogomez.com\/?p=19546'><div class='heateor_sss_sharing_title' style=\"font-weight:bold\" >\u00a1Gracias por compartirla!<\/div><ul class=\"heateor_sss_sharing_ul\"><li class=\"heateorSssSharingRound\"><i style=\"width:35px;height:35px;border-radius:999px;\" alt=\"Facebook\" Title=\"Facebook\" class=\"heateorSssSharing heateorSssFacebookBackground\" onclick='heateorSssPopup(\"https:\/\/www.facebook.com\/sharer\/sharer.php?u=https%3A%2F%2Foscarhumbertogomez.com%2Findex.php%3Frest_route%3D%252Fwp%252Fv2%252Fposts%252F19546\")'><ss style=\"display:block;border-radius:999px;\" class=\"heateorSssSharingSvg heateorSssFacebookSvg\"><\/ss><\/i><\/li><li class=\"heateorSssSharingRound\"><i style=\"width:35px;height:35px;border-radius:999px;\" alt=\"Twitter\" Title=\"Twitter\" class=\"heateorSssSharing heateorSssTwitterBackground\" onclick='heateorSssPopup(\"http:\/\/twitter.com\/intent\/tweet?text=REMEMBRANZAS.%20Por%20%C3%93scar%20Humberto%20G%C3%B3mez%20G%C3%B3mez&url=https%3A%2F%2Foscarhumbertogomez.com%2Findex.php%3Frest_route%3D%252Fwp%252Fv2%252Fposts%252F19546\")'><ss style=\"display:block;border-radius:999px;\" class=\"heateorSssSharingSvg heateorSssTwitterSvg\"><\/ss><\/i><\/li><li class=\"heateorSssSharingRound\"><i style=\"width:35px;height:35px;border-radius:999px;\" alt=\"Whatsapp\" Title=\"Whatsapp\" class=\"heateorSssSharing heateorSssWhatsappBackground\" onclick='heateorSssPopup(\"https:\/\/web.whatsapp.com\/send?text=REMEMBRANZAS.%20Por%20%C3%93scar%20Humberto%20G%C3%B3mez%20G%C3%B3mez https%3A%2F%2Foscarhumbertogomez.com%2Findex.php%3Frest_route%3D%252Fwp%252Fv2%252Fposts%252F19546\")'><ss style=\"display:block\" class=\"heateorSssSharingSvg heateorSssWhatsappSvg\"><\/ss><\/i><\/li><li class=\"heateorSssSharingRound\"><i style=\"width:35px;height:35px;border-radius:999px;\" alt=\"Pinterest\" Title=\"Pinterest\" class=\"heateorSssSharing heateorSssPinterestBackground\" onclick=\"javascript:void( (function() {var e=document.createElement('script' );e.setAttribute('type','text\/javascript' );e.setAttribute('charset','UTF-8' );e.setAttribute('src','\/\/assets.pinterest.com\/js\/pinmarklet.js?r='+Math.random()*99999999);document.body.appendChild(e)})());\"><ss style=\"display:block;border-radius:999px;\" class=\"heateorSssSharingSvg heateorSssPinterestSvg\"><\/ss><\/i><\/li><li class=\"heateorSssSharingRound\"><i style=\"width:35px;height:35px;border-radius:999px;\" alt=\"Google Gmail\" Title=\"Google Gmail\" class=\"heateorSssSharing heateorSssGoogleGmailBackground\" onclick='heateorSssPopup(\"https:\/\/mail.google.com\/mail\/?ui=2&view=cm&fs=1&tf=1&su=REMEMBRANZAS.%20Por%20%C3%93scar%20Humberto%20G%C3%B3mez%20G%C3%B3mez&body=Link:https%3A%2F%2Foscarhumbertogomez.com%2Findex.php%3Frest_route%3D%252Fwp%252Fv2%252Fposts%252F19546\")'><ss style=\"display:block;border-radius:999px;\" class=\"heateorSssSharingSvg heateorSssGoogleGmailSvg\"><\/ss><\/i><\/li><li class=\"heateorSssSharingRound\"><i style=\"width:35px;height:35px;border-radius:999px;\" title=\"More\" alt=\"More\" class=\"heateorSssSharing heateorSssMoreBackground\" onclick=\"heateorSssMoreSharingPopup(this, 'https:\/\/oscarhumbertogomez.com\/index.php?rest_route=%2Fwp%2Fv2%2Fposts%2F19546', 'REMEMBRANZAS.%20Por%20%C3%93scar%20Humberto%20G%C3%B3mez%20G%C3%B3mez', '' )\" ><ss style=\"display:block\" class=\"heateorSssSharingSvg heateorSssMoreSvg\"><\/ss><\/i><\/li><\/ul><div class=\"heateorSssClear\"><\/div><\/div><div class='heateorSssClear'><\/div>","protected":false},"author":2,"featured_media":0,"comment_status":"open","ping_status":"open","sticky":false,"template":"","format":"standard","meta":{"spay_email":"","footnotes":""},"categories":[7],"tags":[],"class_list":["post-19546","post","type-post","status-publish","format-standard","hentry","category-poesia"],"jetpack_featured_media_url":"","jetpack_shortlink":"https:\/\/wp.me\/p1FYrr-55g","_links":{"self":[{"href":"https:\/\/oscarhumbertogomez.com\/index.php?rest_route=\/wp\/v2\/posts\/19546","targetHints":{"allow":["GET"]}}],"collection":[{"href":"https:\/\/oscarhumbertogomez.com\/index.php?rest_route=\/wp\/v2\/posts"}],"about":[{"href":"https:\/\/oscarhumbertogomez.com\/index.php?rest_route=\/wp\/v2\/types\/post"}],"author":[{"embeddable":true,"href":"https:\/\/oscarhumbertogomez.com\/index.php?rest_route=\/wp\/v2\/users\/2"}],"replies":[{"embeddable":true,"href":"https:\/\/oscarhumbertogomez.com\/index.php?rest_route=%2Fwp%2Fv2%2Fcomments&post=19546"}],"version-history":[{"count":5,"href":"https:\/\/oscarhumbertogomez.com\/index.php?rest_route=\/wp\/v2\/posts\/19546\/revisions"}],"predecessor-version":[{"id":51785,"href":"https:\/\/oscarhumbertogomez.com\/index.php?rest_route=\/wp\/v2\/posts\/19546\/revisions\/51785"}],"wp:attachment":[{"href":"https:\/\/oscarhumbertogomez.com\/index.php?rest_route=%2Fwp%2Fv2%2Fmedia&parent=19546"}],"wp:term":[{"taxonomy":"category","embeddable":true,"href":"https:\/\/oscarhumbertogomez.com\/index.php?rest_route=%2Fwp%2Fv2%2Fcategories&post=19546"},{"taxonomy":"post_tag","embeddable":true,"href":"https:\/\/oscarhumbertogomez.com\/index.php?rest_route=%2Fwp%2Fv2%2Ftags&post=19546"}],"curies":[{"name":"wp","href":"https:\/\/api.w.org\/{rel}","templated":true}]}}