{"id":19548,"date":"2016-05-29T17:52:47","date_gmt":"2016-05-29T22:52:47","guid":{"rendered":"http:\/\/www.oscarhumbertogomez.com\/?p=19548"},"modified":"2025-04-04T10:44:31","modified_gmt":"2025-04-04T15:44:31","slug":"el-5-de-junio-se-celebra-el-dia-del-bolo-criollo-por-oscar-humberto-gomez-gomez-miembro-del-colegio-nacional-de-periodistas","status":"publish","type":"post","link":"https:\/\/oscarhumbertogomez.com\/?p=19548","title":{"rendered":"EL 5 DE JUNIO SE CELEBRA EL D\u00cdA DEL BOLO CRIOLLO. Por \u00d3scar Humberto G\u00f3mez G\u00f3mez"},"content":{"rendered":"<div id=\"attachment_18271\" style=\"width: 510px\" class=\"wp-caption alignnone\"><a href=\"https:\/\/lapiedrafilosofal.com\/wp-content\/uploads\/2015\/11\/Hector-Hernandez-Mateus-Director-Bolo-Criollo-en-Familia.jpg\" rel=\"attachment wp-att-18271\"><img decoding=\"async\" aria-describedby=\"caption-attachment-18271\" class=\"size-medium wp-image-18271\" src=\"https:\/\/lapiedrafilosofal.com\/wp-content\/uploads\/2015\/11\/Hector-Hernandez-Mateus-Director-Bolo-Criollo-en-Familia-300x251.jpg\" alt=\"H\u00c9CTOR HERN\u00c1NDEZ MATEUS, dirigente deportivo santandereano y Presidente de la Liga Santandereana de Bolo Criollo. \" width=\"500\" srcset=\"https:\/\/oscarhumbertogomez.com\/wp-content\/uploads\/2015\/11\/Hector-Hernandez-Mateus-Director-Bolo-Criollo-en-Familia-300x251.jpg 300w, https:\/\/oscarhumbertogomez.com\/wp-content\/uploads\/2015\/11\/Hector-Hernandez-Mateus-Director-Bolo-Criollo-en-Familia.jpg 600w\" sizes=\"(max-width: 300px) 100vw, 300px\" \/><\/a><p id=\"caption-attachment-18271\" class=\"wp-caption-text\">H\u00c9CTOR HERN\u00c1NDEZ MATEUS, dirigente deportivo santandereano y Presidente de la Liga Santandereana de Bolo Criollo.<\/p><\/div>\n<p>&nbsp;<\/p>\n<p><strong>\u00a1ATENCI\u00d3N, SANTANDEREANOS Y AMIGOS DE LA TIERRA SANTANDEREANA!<\/strong><\/p>\n<p>El pr\u00f3ximo <strong>domingo 5 de junio<\/strong> se celebra el <strong>D\u00cdA DEL BOLO CRIOLLO<\/strong> \u2014&#8221;<strong>el de los tres palos<\/strong>&#8220;\u2014, establecido mediante Ordenanza No. 036 del 6 de diciembre de 2010 gracias a la quijotesca lucha que por la preservaci\u00f3n de ese deporte nativo libr\u00f3 ante esa corporaci\u00f3n el reconocido dirigente c\u00edvico y deportivo santandereano don <strong>H\u00c9CTOR HERN\u00c1NDEZ MATEUS<\/strong>, adem\u00e1s reportero gr\u00e1fico de <strong>EL FRENTE<\/strong> y Conciliador en Equidad del Tribunal Superior de Bucaramanga.<\/p>\n<p>Con tal ocasi\u00f3n, se llevar\u00e1 a cabo el <strong>XV TORNEO DE PRENSA, RADIO Y TELEVISI\u00d3N<\/strong>.<\/p>\n<p>La jornada deportiva y cultural se cumplir\u00e1 en las instalaciones del <strong>BOLO CLUB EL SALITRE<\/strong>, ubicadas en la <strong>TRANSVERSAL ORIENTAL<\/strong>, frente a la <strong>ESTACI\u00d3N DE SERVICIO ORIENTAL<\/strong>, en Floridablanca.<\/p>\n<p>A las <strong>9 DE LA MA\u00d1ANA<\/strong> se dar\u00e1 inicio a la programaci\u00f3n, la cual culminar\u00e1 a las <strong>3 DE LA TARDE<\/strong>, con la entrega de condecoraciones, brindis y ponqu\u00e9.<\/p>\n<p>Toda la <strong>INFORMACI\u00d3N<\/strong> se podr\u00e1 obtener con don <strong>H\u00c9CTOR HERN\u00c1NDEZ MATEUS<\/strong> llamando a su celular <strong>3133508411<\/strong> o escribiendo a su e-mail: <strong>conciliadorbucaro@gmail.com<\/strong><\/p>\n<p>El bolo criollo \u2014&#8221;el de los tres palos&#8221;\u2014 es el <strong>aut\u00e9ntico<\/strong> deporte santandereano y una de las expresiones aut\u00f3ctonas de esta tierra que a\u00fan no han desaparecido.<\/p>\n<p>El torneo fue creado por don <strong>GONZALO REY<\/strong>, quien desde el Oriente Eterno ha seguido al frente de la supervigilancia de su celebraci\u00f3n, siempre a cargo de su distinguido y tenaz sucesor.<\/p>\n<p><em>Santander en la Red<\/em> saluda a todos los participantes del certamen y les desea un d\u00eda plet\u00f3rico de alegr\u00eda, compa\u00f1erismo, paisanaje y esp\u00edritu deportivo y cultural.<\/p>\n<p>&nbsp;<\/p>\n<p><a href=\"https:\/\/lapiedrafilosofal.com\/wp-content\/uploads\/2016\/05\/85cab452dbbdf72a017779c8ade4b73a.jpg\" rel=\"attachment wp-att-19554\"><img decoding=\"async\" class=\"alignnone size-medium wp-image-19554\" src=\"https:\/\/lapiedrafilosofal.com\/wp-content\/uploads\/2016\/05\/85cab452dbbdf72a017779c8ade4b73a-300x267.jpg\" alt=\"85cab452dbbdf72a017779c8ade4b73a\" width=\"500\" srcset=\"https:\/\/oscarhumbertogomez.com\/wp-content\/uploads\/2016\/05\/85cab452dbbdf72a017779c8ade4b73a-300x267.jpg 300w, https:\/\/oscarhumbertogomez.com\/wp-content\/uploads\/2016\/05\/85cab452dbbdf72a017779c8ade4b73a-768x683.jpg 768w, https:\/\/oscarhumbertogomez.com\/wp-content\/uploads\/2016\/05\/85cab452dbbdf72a017779c8ade4b73a-1024x910.jpg 1024w, https:\/\/oscarhumbertogomez.com\/wp-content\/uploads\/2016\/05\/85cab452dbbdf72a017779c8ade4b73a.jpg 1280w\" sizes=\"(max-width: 300px) 100vw, 300px\" \/><\/a><\/p>\n<p>&nbsp;<\/p>\n<p><a href=\"https:\/\/lapiedrafilosofal.com\/wp-content\/uploads\/2016\/05\/BOLO-CRIOLLO-MAURICIO-MILLAN-V.L..jpg\" rel=\"attachment wp-att-19566\"><img decoding=\"async\" class=\"alignnone size-medium wp-image-19566\" src=\"https:\/\/lapiedrafilosofal.com\/wp-content\/uploads\/2016\/05\/BOLO-CRIOLLO-MAURICIO-MILLAN-V.L.-300x223.jpg\" alt=\"BOLO CRIOLLO - MAURICIO MILLAN V.L.\" width=\"500\" srcset=\"https:\/\/oscarhumbertogomez.com\/wp-content\/uploads\/2016\/05\/BOLO-CRIOLLO-MAURICIO-MILLAN-V.L.-300x223.jpg 300w, https:\/\/oscarhumbertogomez.com\/wp-content\/uploads\/2016\/05\/BOLO-CRIOLLO-MAURICIO-MILLAN-V.L..jpg 390w\" sizes=\"(max-width: 300px) 100vw, 300px\" \/><\/a><\/p>\n<p>&nbsp;<\/p>\n<p><a href=\"https:\/\/lapiedrafilosofal.com\/wp-content\/uploads\/2016\/05\/ef458df0165614efa56e92bbd898a677.jpg\" rel=\"attachment wp-att-19559\"><img decoding=\"async\" class=\"alignnone size-medium wp-image-19559\" src=\"https:\/\/lapiedrafilosofal.com\/wp-content\/uploads\/2016\/05\/ef458df0165614efa56e92bbd898a677-300x149.jpg\" alt=\"ef458df0165614efa56e92bbd898a677\" width=\"500\" srcset=\"https:\/\/oscarhumbertogomez.com\/wp-content\/uploads\/2016\/05\/ef458df0165614efa56e92bbd898a677-300x149.jpg 300w, https:\/\/oscarhumbertogomez.com\/wp-content\/uploads\/2016\/05\/ef458df0165614efa56e92bbd898a677-768x381.jpg 768w, https:\/\/oscarhumbertogomez.com\/wp-content\/uploads\/2016\/05\/ef458df0165614efa56e92bbd898a677-1024x508.jpg 1024w, https:\/\/oscarhumbertogomez.com\/wp-content\/uploads\/2016\/05\/ef458df0165614efa56e92bbd898a677.jpg 1280w\" sizes=\"(max-width: 300px) 100vw, 300px\" \/><\/a><\/p>\n<p>&nbsp;<\/p>\n<p>_____________<\/p>\n<p><em><strong>FOTOGRAF\u00cdA:<\/strong> Mauricio Mill\u00e1n. Vanguardia Liberal.<br \/>\n<\/em><\/p>\n<p>&nbsp;<\/p>\n","protected":false},"excerpt":{"rendered":"<p>&nbsp; \u00a1ATENCI\u00d3N, SANTANDEREANOS Y AMIGOS DE LA TIERRA SANTANDEREANA! El pr\u00f3ximo domingo 5 de junio se celebra el D\u00cdA DEL BOLO CRIOLLO \u2014&#8221;el de los tres palos&#8220;\u2014, establecido mediante Ordenanza No. 036 del 6 de diciembre de 2010 gracias a &hellip; <a href=\"https:\/\/oscarhumbertogomez.com\/?p=19548\">Sigue leyendo <span class=\"meta-nav\">&rarr;<\/span><\/a><\/p>\n<div class='heateorSssClear'><\/div><div  class='heateor_sss_sharing_container heateor_sss_horizontal_sharing' heateor-sss-data-href='https:\/\/oscarhumbertogomez.com\/?p=19548'><div class='heateor_sss_sharing_title' style=\"font-weight:bold\" >\u00a1Gracias por compartirla!<\/div><ul class=\"heateor_sss_sharing_ul\"><li class=\"heateorSssSharingRound\"><i style=\"width:35px;height:35px;border-radius:999px;\" alt=\"Facebook\" Title=\"Facebook\" class=\"heateorSssSharing heateorSssFacebookBackground\" onclick='heateorSssPopup(\"https:\/\/www.facebook.com\/sharer\/sharer.php?u=https%3A%2F%2Foscarhumbertogomez.com%2Findex.php%3Frest_route%3D%252Fwp%252Fv2%252Fposts%252F19548\")'><ss style=\"display:block;border-radius:999px;\" class=\"heateorSssSharingSvg heateorSssFacebookSvg\"><\/ss><\/i><\/li><li class=\"heateorSssSharingRound\"><i style=\"width:35px;height:35px;border-radius:999px;\" alt=\"Twitter\" Title=\"Twitter\" class=\"heateorSssSharing heateorSssTwitterBackground\" onclick='heateorSssPopup(\"http:\/\/twitter.com\/intent\/tweet?text=EL%205%20DE%20JUNIO%20SE%20CELEBRA%20EL%20D%C3%8DA%20DEL%20BOLO%20CRIOLLO.%20Por%20%C3%93scar%20Humberto%20G%C3%B3mez%20G%C3%B3mez&url=https%3A%2F%2Foscarhumbertogomez.com%2Findex.php%3Frest_route%3D%252Fwp%252Fv2%252Fposts%252F19548\")'><ss style=\"display:block;border-radius:999px;\" class=\"heateorSssSharingSvg heateorSssTwitterSvg\"><\/ss><\/i><\/li><li class=\"heateorSssSharingRound\"><i style=\"width:35px;height:35px;border-radius:999px;\" alt=\"Whatsapp\" Title=\"Whatsapp\" class=\"heateorSssSharing heateorSssWhatsappBackground\" onclick='heateorSssPopup(\"https:\/\/web.whatsapp.com\/send?text=EL%205%20DE%20JUNIO%20SE%20CELEBRA%20EL%20D%C3%8DA%20DEL%20BOLO%20CRIOLLO.%20Por%20%C3%93scar%20Humberto%20G%C3%B3mez%20G%C3%B3mez https%3A%2F%2Foscarhumbertogomez.com%2Findex.php%3Frest_route%3D%252Fwp%252Fv2%252Fposts%252F19548\")'><ss style=\"display:block\" class=\"heateorSssSharingSvg heateorSssWhatsappSvg\"><\/ss><\/i><\/li><li class=\"heateorSssSharingRound\"><i style=\"width:35px;height:35px;border-radius:999px;\" alt=\"Pinterest\" Title=\"Pinterest\" class=\"heateorSssSharing heateorSssPinterestBackground\" onclick=\"javascript:void( (function() {var e=document.createElement('script' );e.setAttribute('type','text\/javascript' );e.setAttribute('charset','UTF-8' );e.setAttribute('src','\/\/assets.pinterest.com\/js\/pinmarklet.js?r='+Math.random()*99999999);document.body.appendChild(e)})());\"><ss style=\"display:block;border-radius:999px;\" class=\"heateorSssSharingSvg heateorSssPinterestSvg\"><\/ss><\/i><\/li><li class=\"heateorSssSharingRound\"><i style=\"width:35px;height:35px;border-radius:999px;\" alt=\"Google Gmail\" Title=\"Google Gmail\" class=\"heateorSssSharing heateorSssGoogleGmailBackground\" onclick='heateorSssPopup(\"https:\/\/mail.google.com\/mail\/?ui=2&view=cm&fs=1&tf=1&su=EL%205%20DE%20JUNIO%20SE%20CELEBRA%20EL%20D%C3%8DA%20DEL%20BOLO%20CRIOLLO.%20Por%20%C3%93scar%20Humberto%20G%C3%B3mez%20G%C3%B3mez&body=Link:https%3A%2F%2Foscarhumbertogomez.com%2Findex.php%3Frest_route%3D%252Fwp%252Fv2%252Fposts%252F19548\")'><ss style=\"display:block;border-radius:999px;\" class=\"heateorSssSharingSvg heateorSssGoogleGmailSvg\"><\/ss><\/i><\/li><li class=\"heateorSssSharingRound\"><i style=\"width:35px;height:35px;border-radius:999px;\" title=\"More\" alt=\"More\" class=\"heateorSssSharing heateorSssMoreBackground\" onclick=\"heateorSssMoreSharingPopup(this, 'https:\/\/oscarhumbertogomez.com\/index.php?rest_route=%2Fwp%2Fv2%2Fposts%2F19548', 'EL%205%20DE%20JUNIO%20SE%20CELEBRA%20EL%20D%C3%8DA%20DEL%20BOLO%20CRIOLLO.%20Por%20%C3%93scar%20Humberto%20G%C3%B3mez%20G%C3%B3mez', '' )\" ><ss style=\"display:block\" class=\"heateorSssSharingSvg heateorSssMoreSvg\"><\/ss><\/i><\/li><\/ul><div class=\"heateorSssClear\"><\/div><\/div><div class='heateorSssClear'><\/div>","protected":false},"author":2,"featured_media":0,"comment_status":"open","ping_status":"open","sticky":false,"template":"","format":"standard","meta":{"spay_email":"","footnotes":""},"categories":[1],"tags":[],"class_list":["post-19548","post","type-post","status-publish","format-standard","hentry","category-blog"],"jetpack_featured_media_url":"","jetpack_shortlink":"https:\/\/wp.me\/p1FYrr-55i","_links":{"self":[{"href":"https:\/\/oscarhumbertogomez.com\/index.php?rest_route=\/wp\/v2\/posts\/19548","targetHints":{"allow":["GET"]}}],"collection":[{"href":"https:\/\/oscarhumbertogomez.com\/index.php?rest_route=\/wp\/v2\/posts"}],"about":[{"href":"https:\/\/oscarhumbertogomez.com\/index.php?rest_route=\/wp\/v2\/types\/post"}],"author":[{"embeddable":true,"href":"https:\/\/oscarhumbertogomez.com\/index.php?rest_route=\/wp\/v2\/users\/2"}],"replies":[{"embeddable":true,"href":"https:\/\/oscarhumbertogomez.com\/index.php?rest_route=%2Fwp%2Fv2%2Fcomments&post=19548"}],"version-history":[{"count":5,"href":"https:\/\/oscarhumbertogomez.com\/index.php?rest_route=\/wp\/v2\/posts\/19548\/revisions"}],"predecessor-version":[{"id":53553,"href":"https:\/\/oscarhumbertogomez.com\/index.php?rest_route=\/wp\/v2\/posts\/19548\/revisions\/53553"}],"wp:attachment":[{"href":"https:\/\/oscarhumbertogomez.com\/index.php?rest_route=%2Fwp%2Fv2%2Fmedia&parent=19548"}],"wp:term":[{"taxonomy":"category","embeddable":true,"href":"https:\/\/oscarhumbertogomez.com\/index.php?rest_route=%2Fwp%2Fv2%2Fcategories&post=19548"},{"taxonomy":"post_tag","embeddable":true,"href":"https:\/\/oscarhumbertogomez.com\/index.php?rest_route=%2Fwp%2Fv2%2Ftags&post=19548"}],"curies":[{"name":"wp","href":"https:\/\/api.w.org\/{rel}","templated":true}]}}