{"id":19605,"date":"2016-06-03T09:03:15","date_gmt":"2016-06-03T14:03:15","guid":{"rendered":"http:\/\/www.oscarhumbertogomez.com\/?p=19605"},"modified":"2025-03-20T17:02:56","modified_gmt":"2025-03-20T22:02:56","slug":"reforma-a-la-justicia-quien-levantara-los-animos-caidos-por-oscar-humberto-gomez-gomez-miembro-del-colegio-nacional-de-periodistas","status":"publish","type":"post","link":"https:\/\/oscarhumbertogomez.com\/?p=19605","title":{"rendered":"Reforma a la Justicia. \u00bfQui\u00e9n levantar\u00e1 los \u00e1nimos ca\u00eddos? Por \u00d3scar Humberto G\u00f3mez G\u00f3mez, Miembro del Colegio Nacional de Periodistas"},"content":{"rendered":"<p><img decoding=\"async\" class=\"aligncenter size-full wp-image-4481\" src=\"https:\/\/lapiedrafilosofal.com\/wp-content\/uploads\/2012\/06\/OSCAR-HUMBERTO-GOMEZ.jpg\" alt=\"OSCAR HUMBERTO GOMEZ\" width=\"500\"><\/p>\n<p>&nbsp;<\/p>\n<p><em> Hace dos a\u00f1os y medio, este portal public\u00f3 la siguiente nota, que hoy repetimos a prop\u00f3sito del nuevo traspi\u00e9s que acaba de sufrir la Reforma a la Justicia con la resurrecci\u00f3n de la Sala Administrativa del Consejo Superior de la Judicatura y, por consiguiente, el mantenimiento del estado de cosas dentro de la Administraci\u00f3n de Justicia colombiana.<\/em><\/p>\n<p>&nbsp;<\/p>\n<p><em><em><strong>&#8220;\u00bfQui\u00e9n refrescar\u00e1 la memoria de la tribu?<br \/>\n\u00bfQui\u00e9n revivir\u00e1 nuestros dioses?<br \/>\n\u00a1Que la salvaje esperanza<br \/>\nsea siempre tuya,<br \/>\nquerida alma inamansable!&#8221;<\/strong><\/em><\/em><\/p>\n<p><em><em><strong>GONZALO ARANGO<\/strong>.<\/em><\/p>\n<p>__________<\/p>\n<p>&nbsp;<\/p>\n<p>&#8220;<strong>Presidente Santos dice que es necesaria una reforma a la justicia<\/strong>&#8220;, titula la prensa.<br \/>\nS\u00ed: que eso dijo, dice. Y que lo habr\u00eda dicho a prop\u00f3sito del esc\u00e1ndalo que se ha suscitado por la divulgaci\u00f3n de las conversaciones telef\u00f3nicas sostenidas entre el magistrado de la Sala Jurisdiccional-Disciplinaria del Consejo Superior de la Judicatura Henry Villarraga y un coronel del Ej\u00e9rcito Nacional privado de la libertad e interesado en que su juzgamiento por homicidio agravado no lo adelantara la justicia ordinaria, sino la justicia penal militar. Esc\u00e1ndalo hip\u00f3crita, esc\u00e1ndalo sesgado, como todos los ruidosos esc\u00e1ndalos de este pa\u00eds, con cada uno de los cuales se tapa el sol con un dedo. S\u00ed: <em>se tapa.<\/em>&nbsp;Porque no es que <em>se intente<\/em>&nbsp;tapar. &nbsp;Y es que Colombia es el \u00fanico pa\u00eds del mundo donde hasta la F\u00edsica se desacredit\u00f3. &nbsp;De ah\u00ed que, como escribi\u00f3 Silvia Galvis, aqu\u00ed los corruptos, los arbitrarios y los ineptos, entre otros preclaros exponentes de nuestra sociedad, no caen hacia abajo, como ingenuamente crey\u00f3 Issac Newton, sino hacia arriba. &nbsp;Y de ah\u00ed que aqu\u00ed tambi\u00e9n se logra el prodigio de que la luz del sol la tapan siempre con un dedo.<\/p>\n<p>No s\u00e9 c\u00f3mo lo hacen. Pero lo hacen. Por ello, con el dedo del caso Villarraga se est\u00e1 tapando, de nuevo, el sol de la profunda crisis que padece la Justicia colombiana. Crisis profunda que hace ya varios a\u00f1os -cuando ni siquiera cont\u00e1bamos con este portal- venimos denunciando. Denunciando, claro est\u00e1, infructuosamente. S\u00ed: infructuosamente, porque en este pa\u00eds denunciar siempre ha sido infructuoso. Todas las denuncias lo han sido: desde el hurto de un reloj de pulso o de un celular hasta, pongamos por caso, que entraron dineros del narcotr\u00e1fico a la campa\u00f1a de un presidente. Todas, todas las denuncias: las denuncias contra la violencia intrafamiliar, las denuncias de que se roban la plata de las carreteras, de los hospitales, de la educaci\u00f3n; la denuncia, tan constante como in\u00fatil, de que la Comisi\u00f3n de Acusaci\u00f3n no acusa a nadie y de que, por ello, all\u00ed no hay denuncia que sirva para algo; la denuncia de que los pleitos judiciales se demoran hasta veinte a\u00f1os; la denuncia de que la gente se muere esperando sentencia; la denuncia de que hay jueces que no saben d\u00f3nde est\u00e1n parados. Denuncia esta \u00faltima que cada vez que un abogado se atreve a hacer, lo que se gana es la apertura de un proceso disciplinario por &#8220;irrespeto&#8221;. S\u00ed, por &#8220;irrespeto&#8221;: como si el irrespetuoso -con la comunidad, por supuesto- no fuera aquel opaco e irresponsable personaje que se atreve a aceptar un cargo para el cual carece de idoneidad, sin preocuparse un \u00e1pice en todo el inmenso da\u00f1o que ir\u00e1 a causar con sus barrabasadas .<\/p>\n<p>\u00bfQue es necesaria una reforma a la justicia? \u00a1Por favor! \u00bfEs que solo lo descubre hasta ahora el primer magistrado de la naci\u00f3n? Pues bastante trasnochado el descubrimiento. Tanto, como cuando hace poco descubri\u00f3 que el campo colombiano exist\u00eda.<\/p>\n<p>Pero si es grave que el Jefe del Estado hasta ahora venga a descubrir que se necesita una reforma a la Justicia (aunque, en honor a la verdad, no es una reforma lo que se requiere, sino volver a crear la desbarajustada y desacreditada Justicia colombiana, y de paso volver a institucionalizar esa profesi\u00f3n, tambi\u00e9n vapuleada y desprestigiada, pero digna, hermosa y respetable, que es la Abogac\u00eda), m\u00e1s grave resulta que, una vez hecho tan extempor\u00e1neo descubrimiento, vuelva a lo mismo e insista, con asombrosa tozudez, en la misma f\u00f3rmula err\u00e1tica que, precisamente, dio al traste con la reforma que tantas ilusiones llegaron a despertarnos \u00e9l y su ministro estrella de entonces a los ingenuos: &nbsp;que va a consultar la reforma \u00a1\u00a1\u00a1 otra vez !!! con las &#8220;Altas Cortes&#8221;.<\/p>\n<p>S\u00ed, as\u00ed es: el mismo presidente que a los abogados cr\u00e9dulos nos anim\u00f3 a escribir y a dar declaraciones p\u00fablicas a favor de, pongamos por caso, la desaparici\u00f3n del Consejo Superior de la Judicatura; el mismo presidente que nos anim\u00f3 a exhibir eso que antes llamaban valor civil y que hoy llaman temeridad; el mismo presidente que nos anim\u00f3 a que nos pronunci\u00e1ramos sobre los monumentales e intolerables problemas de la Justicia, y de esa manera nos indujo a quedar al descubierto, es decir, expuestos a que despu\u00e9s viniera contra nosotros la retaliaci\u00f3n de quienes, salvados del naufragio, recuperaron de la noche a la ma\u00f1ana su inmenso poder y, con \u00e9l, toda su capacidad para destruir a sus cr\u00edticos; ese mismo presidente, digo, viene ahora -despu\u00e9s de haberse sumido en el silencio, despu\u00e9s de haber metido la cabeza dentro de la tierra, al mejor estilo de los avestruces, creyendo quiz\u00e1s que bastaba, para quedar bien con la naci\u00f3n, el mero hundimiento de los vergonzosos &#8220;micos&#8221; con que llenaron su reforma de mentiras los vivos de siempre, que como siempre obraron a favor de sus propios intereses y de espaldas a los intereses del pa\u00eds- viene ahora, digo otra vez, a pretender engatusarnos con m\u00e1s de lo mismo.<\/p>\n<p>S\u00ed: a engatusarnos con una supuesta preocupaci\u00f3n suya, que evidentemente no existe, dizque en solucionar un problema que ni le interesa ni le ha interesado jam\u00e1s: la honda degradaci\u00f3n a la que cay\u00f3 la Justicia en Colombia.<\/p>\n<p>\u00a1Grave la cosa!<\/p>\n<p>Y grave tambi\u00e9n \u00a1\u00a1\u00a1y bien grave!!! que el presidente rememore que el &#8220;Congreso Admirable&#8221; que tenemos (al que, por cierto, le obsequi\u00f3 ocho millones por cabeza para que le pusieran inter\u00e9s a otra reforma, la de la salud, tema que merece comentario aparte), ya reform\u00f3 varios c\u00f3digos, lo que tambi\u00e9n, dicho sea de paso, nos vive recordando -aparte de que es m\u00e9dico- el presidente del Senado Roy Barreras.<\/p>\n<p>Y grave, bien grave, porque eso demuestra que ambos presidentes ignoran que los famosos c\u00f3digos, aprobados y puestos en ejecuci\u00f3n cuando a\u00fan no los conoc\u00eda nadie, lo que han hecho es aumentar la incertidumbre y la sarta de errores y tropel\u00edas que, de por s\u00ed, ya pululaban en la Justicia.<\/p>\n<p>Y es que las cacareadas reformas a los c\u00f3digos procesales no han servido siquiera para dilucidar dudas de procedimiento, las cuales prosiguieron intactas, poniendo en riesgo los derechos sustanciales de las personas.<\/p>\n<p>Para la muestra, un bot\u00f3n: esta es la hora en que est\u00e1n rigiendo simult\u00e1neamente cuatro (4) c\u00f3digos, esto es, el C\u00f3digo Contencioso Administrativo (CCA), el C\u00f3digo de Procedimiento Administrativo y de lo Contencioso Administrativo (CPACA), el C\u00f3digo de Procedimiento Civil (C. de P. C.) y el C\u00f3digo General del Proceso (CGP), aparte de uno que otro decreto o de una que otra ley adicional, y todav\u00eda no se sabe si, finalmente, contra el auto que <strong>niega<\/strong> la solicitud de una nulidad procesal en lo contencioso-administrativo cabe el recurso de apelaci\u00f3n o no cabe, porque mientras dentro del Consejo de Estado la Secci\u00f3n Cuarta dice que s\u00ed, d\u00e1ndole una curiosa interpretaci\u00f3n al vocablo &#8220;decretar&#8221; del art\u00edculo 181 del CCA, la Secci\u00f3n Tercera dice que no, d\u00e1ndole la interpretaci\u00f3n de siempre, y dentro del Tribunal Administrativo de Santander unos magistrados dicen que la raz\u00f3n la tiene la Secci\u00f3n Cuarta mientras que otros dicen que la raz\u00f3n la tiene la Secci\u00f3n Tercera, de modo que el tema se tiene que definir a cara y sello.<\/p>\n<p>Marisol, una cantante y actriz espa\u00f1ola de los a\u00f1os 60 cantaba que <em>&#8220;La vida es una t\u00f3mbola&#8221;<\/em>.<\/p>\n<p>Hoy tendr\u00eda que cantar que, al menos en Colombia, tambi\u00e9n lo es la justicia.<\/p>\n<p>&nbsp;<\/p>\n<p><\/em><em><\/em><em><\/em><\/p>\n","protected":false},"excerpt":{"rendered":"<p>&nbsp; Hace dos a\u00f1os y medio, este portal public\u00f3 la siguiente nota, que hoy repetimos a prop\u00f3sito del nuevo traspi\u00e9s que acaba de sufrir la Reforma a la Justicia con la resurrecci\u00f3n de la Sala Administrativa del Consejo Superior de &hellip; <a href=\"https:\/\/oscarhumbertogomez.com\/?p=19605\">Sigue leyendo <span class=\"meta-nav\">&rarr;<\/span><\/a><\/p>\n<div class='heateorSssClear'><\/div><div  class='heateor_sss_sharing_container heateor_sss_horizontal_sharing' heateor-sss-data-href='https:\/\/oscarhumbertogomez.com\/?p=19605'><div class='heateor_sss_sharing_title' style=\"font-weight:bold\" >\u00a1Gracias por compartirla!<\/div><ul class=\"heateor_sss_sharing_ul\"><li class=\"heateorSssSharingRound\"><i style=\"width:35px;height:35px;border-radius:999px;\" alt=\"Facebook\" Title=\"Facebook\" class=\"heateorSssSharing heateorSssFacebookBackground\" onclick='heateorSssPopup(\"https:\/\/www.facebook.com\/sharer\/sharer.php?u=https%3A%2F%2Foscarhumbertogomez.com%2Findex.php%3Frest_route%3D%252Fwp%252Fv2%252Fposts%252F19605\")'><ss style=\"display:block;border-radius:999px;\" class=\"heateorSssSharingSvg heateorSssFacebookSvg\"><\/ss><\/i><\/li><li class=\"heateorSssSharingRound\"><i style=\"width:35px;height:35px;border-radius:999px;\" alt=\"Twitter\" Title=\"Twitter\" class=\"heateorSssSharing heateorSssTwitterBackground\" onclick='heateorSssPopup(\"http:\/\/twitter.com\/intent\/tweet?text=Reforma%20a%20la%20Justicia.%20%C2%BFQui%C3%A9n%20levantar%C3%A1%20los%20%C3%A1nimos%20ca%C3%ADdos%3F%20Por%20%C3%93scar%20Humberto%20G%C3%B3mez%20G%C3%B3mez%2C%20Miembro%20del%20Colegio%20Nacional%20de%20Periodistas&url=https%3A%2F%2Foscarhumbertogomez.com%2Findex.php%3Frest_route%3D%252Fwp%252Fv2%252Fposts%252F19605\")'><ss style=\"display:block;border-radius:999px;\" class=\"heateorSssSharingSvg heateorSssTwitterSvg\"><\/ss><\/i><\/li><li class=\"heateorSssSharingRound\"><i style=\"width:35px;height:35px;border-radius:999px;\" alt=\"Whatsapp\" Title=\"Whatsapp\" class=\"heateorSssSharing heateorSssWhatsappBackground\" onclick='heateorSssPopup(\"https:\/\/web.whatsapp.com\/send?text=Reforma%20a%20la%20Justicia.%20%C2%BFQui%C3%A9n%20levantar%C3%A1%20los%20%C3%A1nimos%20ca%C3%ADdos%3F%20Por%20%C3%93scar%20Humberto%20G%C3%B3mez%20G%C3%B3mez%2C%20Miembro%20del%20Colegio%20Nacional%20de%20Periodistas https%3A%2F%2Foscarhumbertogomez.com%2Findex.php%3Frest_route%3D%252Fwp%252Fv2%252Fposts%252F19605\")'><ss style=\"display:block\" class=\"heateorSssSharingSvg heateorSssWhatsappSvg\"><\/ss><\/i><\/li><li class=\"heateorSssSharingRound\"><i style=\"width:35px;height:35px;border-radius:999px;\" alt=\"Pinterest\" Title=\"Pinterest\" class=\"heateorSssSharing heateorSssPinterestBackground\" onclick=\"javascript:void( (function() {var e=document.createElement('script' );e.setAttribute('type','text\/javascript' );e.setAttribute('charset','UTF-8' );e.setAttribute('src','\/\/assets.pinterest.com\/js\/pinmarklet.js?r='+Math.random()*99999999);document.body.appendChild(e)})());\"><ss style=\"display:block;border-radius:999px;\" class=\"heateorSssSharingSvg heateorSssPinterestSvg\"><\/ss><\/i><\/li><li class=\"heateorSssSharingRound\"><i style=\"width:35px;height:35px;border-radius:999px;\" alt=\"Google Gmail\" Title=\"Google Gmail\" class=\"heateorSssSharing heateorSssGoogleGmailBackground\" onclick='heateorSssPopup(\"https:\/\/mail.google.com\/mail\/?ui=2&view=cm&fs=1&tf=1&su=Reforma%20a%20la%20Justicia.%20%C2%BFQui%C3%A9n%20levantar%C3%A1%20los%20%C3%A1nimos%20ca%C3%ADdos%3F%20Por%20%C3%93scar%20Humberto%20G%C3%B3mez%20G%C3%B3mez%2C%20Miembro%20del%20Colegio%20Nacional%20de%20Periodistas&body=Link:https%3A%2F%2Foscarhumbertogomez.com%2Findex.php%3Frest_route%3D%252Fwp%252Fv2%252Fposts%252F19605\")'><ss style=\"display:block;border-radius:999px;\" class=\"heateorSssSharingSvg heateorSssGoogleGmailSvg\"><\/ss><\/i><\/li><li class=\"heateorSssSharingRound\"><i style=\"width:35px;height:35px;border-radius:999px;\" title=\"More\" alt=\"More\" class=\"heateorSssSharing heateorSssMoreBackground\" onclick=\"heateorSssMoreSharingPopup(this, 'https:\/\/oscarhumbertogomez.com\/index.php?rest_route=%2Fwp%2Fv2%2Fposts%2F19605', 'Reforma%20a%20la%20Justicia.%20%C2%BFQui%C3%A9n%20levantar%C3%A1%20los%20%C3%A1nimos%20ca%C3%ADdos%3F%20Por%20%C3%93scar%20Humberto%20G%C3%B3mez%20G%C3%B3mez%2C%20Miembro%20del%20Colegio%20Nacional%20de%20Periodistas', '' )\" ><ss style=\"display:block\" class=\"heateorSssSharingSvg heateorSssMoreSvg\"><\/ss><\/i><\/li><\/ul><div class=\"heateorSssClear\"><\/div><\/div><div class='heateorSssClear'><\/div>","protected":false},"author":2,"featured_media":0,"comment_status":"closed","ping_status":"closed","sticky":false,"template":"","format":"standard","meta":{"spay_email":"","footnotes":""},"categories":[60,11],"tags":[],"class_list":["post-19605","post","type-post","status-publish","format-standard","hentry","category-tribuna-de-opinion","category-periodismo"],"jetpack_featured_media_url":"","jetpack_shortlink":"https:\/\/wp.me\/p1FYrr-56d","_links":{"self":[{"href":"https:\/\/oscarhumbertogomez.com\/index.php?rest_route=\/wp\/v2\/posts\/19605","targetHints":{"allow":["GET"]}}],"collection":[{"href":"https:\/\/oscarhumbertogomez.com\/index.php?rest_route=\/wp\/v2\/posts"}],"about":[{"href":"https:\/\/oscarhumbertogomez.com\/index.php?rest_route=\/wp\/v2\/types\/post"}],"author":[{"embeddable":true,"href":"https:\/\/oscarhumbertogomez.com\/index.php?rest_route=\/wp\/v2\/users\/2"}],"replies":[{"embeddable":true,"href":"https:\/\/oscarhumbertogomez.com\/index.php?rest_route=%2Fwp%2Fv2%2Fcomments&post=19605"}],"version-history":[{"count":4,"href":"https:\/\/oscarhumbertogomez.com\/index.php?rest_route=\/wp\/v2\/posts\/19605\/revisions"}],"predecessor-version":[{"id":52580,"href":"https:\/\/oscarhumbertogomez.com\/index.php?rest_route=\/wp\/v2\/posts\/19605\/revisions\/52580"}],"wp:attachment":[{"href":"https:\/\/oscarhumbertogomez.com\/index.php?rest_route=%2Fwp%2Fv2%2Fmedia&parent=19605"}],"wp:term":[{"taxonomy":"category","embeddable":true,"href":"https:\/\/oscarhumbertogomez.com\/index.php?rest_route=%2Fwp%2Fv2%2Fcategories&post=19605"},{"taxonomy":"post_tag","embeddable":true,"href":"https:\/\/oscarhumbertogomez.com\/index.php?rest_route=%2Fwp%2Fv2%2Ftags&post=19605"}],"curies":[{"name":"wp","href":"https:\/\/api.w.org\/{rel}","templated":true}]}}