{"id":19860,"date":"2016-06-16T11:39:06","date_gmt":"2016-06-16T16:39:06","guid":{"rendered":"http:\/\/www.oscarhumbertogomez.com\/?p=19860"},"modified":"2025-03-11T15:00:47","modified_gmt":"2025-03-11T20:00:47","slug":"aniversario-fundacional-del-socorro-por-manuel-enrique-rey","status":"publish","type":"post","link":"https:\/\/oscarhumbertogomez.com\/?p=19860","title":{"rendered":"Aniversario fundacional del Socorro. Por Manuel Enrique Rey Sanmiguel"},"content":{"rendered":"<p><a href=\"https:\/\/lapiedrafilosofal.com\/wp-content\/uploads\/2015\/12\/Manuel-Enrique.jpg\" rel=\"attachment wp-att-18518\"><img decoding=\"async\" src=\"https:\/\/lapiedrafilosofal.com\/wp-content\/uploads\/2015\/12\/Manuel-Enrique.jpg\" alt=\"Manuel-Enrique\" width=\"450\" class=\"aligncenter size-full wp-image-18518\" srcset=\"https:\/\/oscarhumbertogomez.com\/wp-content\/uploads\/2015\/12\/Manuel-Enrique.jpg 224w, https:\/\/oscarhumbertogomez.com\/wp-content\/uploads\/2015\/12\/Manuel-Enrique-209x300.jpg 209w\" sizes=\"(max-width: 224px) 100vw, 224px\" \/><\/a><\/p>\n<p>&nbsp;<\/p>\n<p>16 DE JUNIO DE 1683<\/p>\n<p>La que para muchos es considerada una fecha m\u00e1s de las tantas que a diario se mencionan, como por ejemplo el de un aniversario relacionado con alg\u00fan descubrimiento o el nacimiento o muerte de alg\u00fan personaje, etc., reviste singular importancia por el hecho de haberse fundado hace 333 a\u00f1os la precursora e hidalga villa cuna de la libertad colombiana y ciudad de los comuneros del Socorro localizada en el centro del Departamento de Santander.<\/p>\n<p>Antes de la fecha fundacional, la localidad no era m\u00e1s que uno de descanso y de fuente de provisi\u00f3n de alimentos de transe\u00fantes y mulas. Unos caminos transitados por recuas cargadas de mercanc\u00edas que desde V\u00e9lez cruzaban los riscos cordilleranos orientales v\u00eda Gir\u00f3n; el Rio de la Magdalena, Momp\u00f3x, Cartagena, Pamplona, y C\u00facuta entre otras hasta la lejana Venezuela.<\/p>\n<p>Antes de la fecha fundacional, el poblado m\u00e1s importante de la provincia era Chanch\u00f3n a orillas del rio Suarez o Saravita, en memoria del cacique Guane que por all\u00e1 en la d\u00e9cada del 40 del siglo XVI comand\u00f3 una trascendental rebeli\u00f3n ind\u00edgena que lo convertir\u00eda en primer ind\u00edgena defensor de los derechos humanos, en m\u00e1rtir de la etnia Guane por su holocausto en aras de la libertad.<\/p>\n<p>El pueblo del Socorro ser\u00eda llamado a reemplazar el importante pueblo de indios de Chanch\u00f3n a orillas del rio Suarez o Saravita. A partir de 1680, la encomienda de Chanch\u00f3n empez\u00f3 a declinar debido a los ataques de los aguerridos indios Yarigu\u00edes, la prosperidad a partir de 1580 del camino real entre V\u00e9lez y Gir\u00f3n que pasaba por encima y a tres leguas de distancia del resguardo de Chanch\u00f3n, la preponderancia econ\u00f3mica de otros pueblos cercanos fundados en cercan\u00edas al cauce del Suarez; el decreto que extingui\u00f3 el pueblo del cacique y sus resguardos por no rentar nada a la real hacienda y no obtener la congrua necesaria para subsistir el cura doctrinero. A partir de 1746,  fueron enviados la totalidad de los ind\u00edgenas de la encomienda al cercano pueblo de Guane lo que favorecer\u00eda el asentamiento de blancos y criollos en el sitio actual donde hoy d\u00eda se encuentra la capital de la Provincia comunera.<\/p>\n<p>No falt\u00f3, aunada a la prosperidad econ\u00f3mica de esas gentes sin par, aguerridas y laboriosas, la explotaci\u00f3n y el despotismo de un pu\u00f1ado de peninsulares capitulares que a como fuese lugar, implementaban alt\u00edsimos tributos que ser\u00edan enviados a las arcas reales espa\u00f1olas con el objetivo de mantener la guerra que a partir de 1778 Espa\u00f1a libr\u00f3 contra Inglaterra.<\/p>\n<p>El demos fundacional socorrano que apareci\u00f3 paulatinamente a partir de 1683, fue republicano en parte y en parte mon\u00e1rquico. Se ufanaba de estar compuesto por una \u00e9lite liberal de productores, comerciantes y clase media baja obrera dispuesta a autogobernarse y evitar ser explotada, mientras establec\u00eda industria y manufactura de primer orden nacional en telares que fabricaban lienzos y mantas que vest\u00edan al pa\u00eds, tabaco en rama y cigarros, aguardientes y otros productos fermentados o destilados, productos alimentarios originarios de los diversos pisos t\u00e9rmicos provinciales, como tambi\u00e9n extensos y productivos hatos ganaderos.<\/p>\n<p>Los socorranos fueron promotores de la malograda Revoluci\u00f3n comunera un siglo m\u00e1s tarde, de las primera acta independentista neogranadina en julio 10 de 1810, de la promulgaci\u00f3n constitucional de agosto 15 del mismo a\u00f1o.<\/p>\n<p>En su 333 aniversario pocos recuerdan que en 1749 y con una poblaci\u00f3n de 12.000 habitantes fue considerada una de las poblaciones del virreinato m\u00e1s rica y populosa despu\u00e9s de Santa Fe, Cartagena, y Popay\u00e1n. Que el Socorro fue Pionero en la construcci\u00f3n de hospitales y acueductos de arcos de piedra. En relaci\u00f3n con la instrucci\u00f3n, fundadora en 1778 de la primera escuela de letras bajo la direcci\u00f3n de don Vicente Parra; por decreto del general Santander del 15 de enero de 1826 fundadora del Colegio Universitario; de haber establecido el primer colegio femenino en 1844 y creada la primera imprenta en Santander tra\u00edda por don Nicol\u00e1s G\u00f3mez. Tambien, decano del periodismo. Un primer ejemplar period\u00edstico sali\u00f3 al p\u00fablico con el nombre de \u201cEl dem\u00f3crata\u201d el 14 de abril de 1849.<\/p>\n<p>Buena parte de la fama que tenemos de bravos y revolucionarios los santandereanos la debemos al valiente pueblo del Socorro. El Socorro en todas las guerras ofreci\u00f3 su cuota de sangre cuando de defender libertad y justicia se trataba. Tal fue el empuje y la importancia econ\u00f3mica y social de este pueblo y ciudad milagro que fue capital del Estado de Santander desde el 14 de septiembre de 1861 y por espacio de 25 a\u00f1os hasta que dicho privilegio se traslad\u00f3 a Bucaramanga a partir del 24 de marzo de 1886.<\/p>\n<p>El 15 de agosto de 1810 en su m\u00e1s importante designio constitucional los firmantes establecieron una forma de su ser liberal al establecer: \u201cEl gobierno del Socorro dar\u00e1 auxilio y protecci\u00f3n a todo pueblo que quiera reun\u00edrsele a gozar de los bienes que ofrecen la libertad y la igualdad como principios fundamentales de nuestras felicidad\u201d. Feliz cumplea\u00f1os.<\/p>\n<p>_______________<\/p>\n<p>&nbsp;<\/p>\n<p><strong>MANUEL ENRIQUE REY.\u2014<\/strong> Miembro Correspondiente de la Academia de Historia de Santander. Ingeniero Qu\u00edmico de la Universidad Nacional de Colombia. Empresario y escritor santandereano.<\/p>\n<p>&nbsp;<\/p>\n","protected":false},"excerpt":{"rendered":"<p>&nbsp; 16 DE JUNIO DE 1683 La que para muchos es considerada una fecha m\u00e1s de las tantas que a diario se mencionan, como por ejemplo el de un aniversario relacionado con alg\u00fan descubrimiento o el nacimiento o muerte de &hellip; <a href=\"https:\/\/oscarhumbertogomez.com\/?p=19860\">Sigue leyendo <span class=\"meta-nav\">&rarr;<\/span><\/a><\/p>\n<div class='heateorSssClear'><\/div><div  class='heateor_sss_sharing_container heateor_sss_horizontal_sharing' heateor-sss-data-href='https:\/\/oscarhumbertogomez.com\/?p=19860'><div class='heateor_sss_sharing_title' style=\"font-weight:bold\" >\u00a1Gracias por compartirla!<\/div><ul class=\"heateor_sss_sharing_ul\"><li class=\"heateorSssSharingRound\"><i style=\"width:35px;height:35px;border-radius:999px;\" alt=\"Facebook\" Title=\"Facebook\" class=\"heateorSssSharing heateorSssFacebookBackground\" onclick='heateorSssPopup(\"https:\/\/www.facebook.com\/sharer\/sharer.php?u=https%3A%2F%2Foscarhumbertogomez.com%2Findex.php%3Frest_route%3D%252Fwp%252Fv2%252Fposts%252F19860\")'><ss style=\"display:block;border-radius:999px;\" class=\"heateorSssSharingSvg heateorSssFacebookSvg\"><\/ss><\/i><\/li><li class=\"heateorSssSharingRound\"><i style=\"width:35px;height:35px;border-radius:999px;\" alt=\"Twitter\" Title=\"Twitter\" class=\"heateorSssSharing heateorSssTwitterBackground\" onclick='heateorSssPopup(\"http:\/\/twitter.com\/intent\/tweet?text=Aniversario%20fundacional%20del%20Socorro.%20Por%20Manuel%20Enrique%20Rey%20Sanmiguel&url=https%3A%2F%2Foscarhumbertogomez.com%2Findex.php%3Frest_route%3D%252Fwp%252Fv2%252Fposts%252F19860\")'><ss style=\"display:block;border-radius:999px;\" class=\"heateorSssSharingSvg heateorSssTwitterSvg\"><\/ss><\/i><\/li><li class=\"heateorSssSharingRound\"><i style=\"width:35px;height:35px;border-radius:999px;\" alt=\"Whatsapp\" Title=\"Whatsapp\" class=\"heateorSssSharing heateorSssWhatsappBackground\" onclick='heateorSssPopup(\"https:\/\/web.whatsapp.com\/send?text=Aniversario%20fundacional%20del%20Socorro.%20Por%20Manuel%20Enrique%20Rey%20Sanmiguel https%3A%2F%2Foscarhumbertogomez.com%2Findex.php%3Frest_route%3D%252Fwp%252Fv2%252Fposts%252F19860\")'><ss style=\"display:block\" class=\"heateorSssSharingSvg heateorSssWhatsappSvg\"><\/ss><\/i><\/li><li class=\"heateorSssSharingRound\"><i style=\"width:35px;height:35px;border-radius:999px;\" alt=\"Pinterest\" Title=\"Pinterest\" class=\"heateorSssSharing heateorSssPinterestBackground\" onclick=\"javascript:void( (function() {var e=document.createElement('script' );e.setAttribute('type','text\/javascript' );e.setAttribute('charset','UTF-8' );e.setAttribute('src','\/\/assets.pinterest.com\/js\/pinmarklet.js?r='+Math.random()*99999999);document.body.appendChild(e)})());\"><ss style=\"display:block;border-radius:999px;\" class=\"heateorSssSharingSvg heateorSssPinterestSvg\"><\/ss><\/i><\/li><li class=\"heateorSssSharingRound\"><i style=\"width:35px;height:35px;border-radius:999px;\" alt=\"Google Gmail\" Title=\"Google Gmail\" class=\"heateorSssSharing heateorSssGoogleGmailBackground\" onclick='heateorSssPopup(\"https:\/\/mail.google.com\/mail\/?ui=2&view=cm&fs=1&tf=1&su=Aniversario%20fundacional%20del%20Socorro.%20Por%20Manuel%20Enrique%20Rey%20Sanmiguel&body=Link:https%3A%2F%2Foscarhumbertogomez.com%2Findex.php%3Frest_route%3D%252Fwp%252Fv2%252Fposts%252F19860\")'><ss style=\"display:block;border-radius:999px;\" class=\"heateorSssSharingSvg heateorSssGoogleGmailSvg\"><\/ss><\/i><\/li><li class=\"heateorSssSharingRound\"><i style=\"width:35px;height:35px;border-radius:999px;\" title=\"More\" alt=\"More\" class=\"heateorSssSharing heateorSssMoreBackground\" onclick=\"heateorSssMoreSharingPopup(this, 'https:\/\/oscarhumbertogomez.com\/index.php?rest_route=%2Fwp%2Fv2%2Fposts%2F19860', 'Aniversario%20fundacional%20del%20Socorro.%20Por%20Manuel%20Enrique%20Rey%20Sanmiguel', '' )\" ><ss style=\"display:block\" class=\"heateorSssSharingSvg heateorSssMoreSvg\"><\/ss><\/i><\/li><\/ul><div class=\"heateorSssClear\"><\/div><\/div><div class='heateorSssClear'><\/div>","protected":false},"author":2,"featured_media":0,"comment_status":"closed","ping_status":"closed","sticky":false,"template":"","format":"standard","meta":{"spay_email":"","footnotes":""},"categories":[12],"tags":[],"class_list":["post-19860","post","type-post","status-publish","format-standard","hentry","category-historia"],"jetpack_featured_media_url":"","jetpack_shortlink":"https:\/\/wp.me\/p1FYrr-5ak","_links":{"self":[{"href":"https:\/\/oscarhumbertogomez.com\/index.php?rest_route=\/wp\/v2\/posts\/19860","targetHints":{"allow":["GET"]}}],"collection":[{"href":"https:\/\/oscarhumbertogomez.com\/index.php?rest_route=\/wp\/v2\/posts"}],"about":[{"href":"https:\/\/oscarhumbertogomez.com\/index.php?rest_route=\/wp\/v2\/types\/post"}],"author":[{"embeddable":true,"href":"https:\/\/oscarhumbertogomez.com\/index.php?rest_route=\/wp\/v2\/users\/2"}],"replies":[{"embeddable":true,"href":"https:\/\/oscarhumbertogomez.com\/index.php?rest_route=%2Fwp%2Fv2%2Fcomments&post=19860"}],"version-history":[{"count":6,"href":"https:\/\/oscarhumbertogomez.com\/index.php?rest_route=\/wp\/v2\/posts\/19860\/revisions"}],"predecessor-version":[{"id":52269,"href":"https:\/\/oscarhumbertogomez.com\/index.php?rest_route=\/wp\/v2\/posts\/19860\/revisions\/52269"}],"wp:attachment":[{"href":"https:\/\/oscarhumbertogomez.com\/index.php?rest_route=%2Fwp%2Fv2%2Fmedia&parent=19860"}],"wp:term":[{"taxonomy":"category","embeddable":true,"href":"https:\/\/oscarhumbertogomez.com\/index.php?rest_route=%2Fwp%2Fv2%2Fcategories&post=19860"},{"taxonomy":"post_tag","embeddable":true,"href":"https:\/\/oscarhumbertogomez.com\/index.php?rest_route=%2Fwp%2Fv2%2Ftags&post=19860"}],"curies":[{"name":"wp","href":"https:\/\/api.w.org\/{rel}","templated":true}]}}