{"id":20030,"date":"2016-07-16T08:08:21","date_gmt":"2016-07-16T13:08:21","guid":{"rendered":"http:\/\/www.oscarhumbertogomez.com\/?p=20030"},"modified":"2025-03-11T15:10:20","modified_gmt":"2025-03-11T20:10:20","slug":"hoy-hace-200-anos-fue-nombrado-presidente-de-la-republica-el-procer-santandereano-fernando-serrano-y-uribe","status":"publish","type":"post","link":"https:\/\/oscarhumbertogomez.com\/?p=20030","title":{"rendered":"Hoy hace 200 a\u00f1os fue nombrado presidente de la Rep\u00fablica el pr\u00f3cer santandereano Fernando Serrano y Uribe. Por \u00d3scar Humberto G\u00f3mez G\u00f3mez"},"content":{"rendered":"<p><a href=\"https:\/\/lapiedrafilosofal.com\/wp-content\/uploads\/2011\/11\/FERNANDO-SERRANO-II2.jpg\" rel=\"attachment wp-att-13267\"><img decoding=\"async\" src=\"https:\/\/lapiedrafilosofal.com\/wp-content\/uploads\/2011\/11\/FERNANDO-SERRANO-II2.jpg\" alt=\"FERNANDO-SERRANO-II\" width=\"500\" class=\"aligncenter size-full wp-image-13267\" srcset=\"https:\/\/oscarhumbertogomez.com\/wp-content\/uploads\/2011\/11\/FERNANDO-SERRANO-II2.jpg 225w, https:\/\/oscarhumbertogomez.com\/wp-content\/uploads\/2011\/11\/FERNANDO-SERRANO-II2-205x300.jpg 205w\" sizes=\"(max-width: 225px) 100vw, 225px\" \/><\/a><\/p>\n<p>&nbsp;<\/p>\n<p>El 16 de julio de 1816, en medio de la sangrienta Reconquista lanzada por Espa\u00f1a al mando de Pablo Morillo, la Junta de Generales de la Resistencia Patriota acantonada en los llanos de Casanare designa Presidente de la Rep\u00fablica al doctor Fernando Serrano y Uribe, abogado y militar oriundo de Matanza y vecino de Piedecuesta.  Como Comandante del ej\u00e9rcito es designado el coronel Francisco de Paula Santander.<\/p>\n<p>&nbsp;<\/p>\n<p>En aquel entonces no exist\u00eda a\u00fan Santander como tal, pues solamente naci\u00f3 a partir de la creaci\u00f3n del Estado Soberano de Santander, durante el r\u00e9gimen federal, y m\u00e1s tarde del Departamento de Santander, bajo la Constituci\u00f3n de 1886, por lo cual es un anacronismo decir que alguien nacido en un municipio actualmente santandereano sea santandeereano, pero les damos esa calidad a los nacidos en municipios como el Socorro, Charal\u00e1, etc., por razones culturales y rom\u00e1nticas, y eso hacemos con el joven patriota Fernando Serrano y Uribe.<\/p>\n<p>&nbsp;<\/p>\n","protected":false},"excerpt":{"rendered":"<p>&nbsp; El 16 de julio de 1816, en medio de la sangrienta Reconquista lanzada por Espa\u00f1a al mando de Pablo Morillo, la Junta de Generales de la Resistencia Patriota acantonada en los llanos de Casanare designa Presidente de la Rep\u00fablica &hellip; <a href=\"https:\/\/oscarhumbertogomez.com\/?p=20030\">Sigue leyendo <span class=\"meta-nav\">&rarr;<\/span><\/a><\/p>\n<div class='heateorSssClear'><\/div><div  class='heateor_sss_sharing_container heateor_sss_horizontal_sharing' heateor-sss-data-href='https:\/\/oscarhumbertogomez.com\/?p=20030'><div class='heateor_sss_sharing_title' style=\"font-weight:bold\" >\u00a1Gracias por compartirla!<\/div><ul class=\"heateor_sss_sharing_ul\"><li class=\"heateorSssSharingRound\"><i style=\"width:35px;height:35px;border-radius:999px;\" alt=\"Facebook\" Title=\"Facebook\" class=\"heateorSssSharing heateorSssFacebookBackground\" onclick='heateorSssPopup(\"https:\/\/www.facebook.com\/sharer\/sharer.php?u=https%3A%2F%2Foscarhumbertogomez.com%2Findex.php%3Frest_route%3D%252Fwp%252Fv2%252Fposts%252F20030\")'><ss style=\"display:block;border-radius:999px;\" class=\"heateorSssSharingSvg heateorSssFacebookSvg\"><\/ss><\/i><\/li><li class=\"heateorSssSharingRound\"><i style=\"width:35px;height:35px;border-radius:999px;\" alt=\"Twitter\" Title=\"Twitter\" class=\"heateorSssSharing heateorSssTwitterBackground\" onclick='heateorSssPopup(\"http:\/\/twitter.com\/intent\/tweet?text=Hoy%20hace%20200%20a%C3%B1os%20fue%20nombrado%20presidente%20de%20la%20Rep%C3%BAblica%20el%20pr%C3%B3cer%20santandereano%20Fernando%20Serrano%20y%20Uribe.%20Por%20%C3%93scar%20Humberto%20G%C3%B3mez%20G%C3%B3mez&url=https%3A%2F%2Foscarhumbertogomez.com%2Findex.php%3Frest_route%3D%252Fwp%252Fv2%252Fposts%252F20030\")'><ss style=\"display:block;border-radius:999px;\" class=\"heateorSssSharingSvg heateorSssTwitterSvg\"><\/ss><\/i><\/li><li class=\"heateorSssSharingRound\"><i style=\"width:35px;height:35px;border-radius:999px;\" alt=\"Whatsapp\" Title=\"Whatsapp\" class=\"heateorSssSharing heateorSssWhatsappBackground\" onclick='heateorSssPopup(\"https:\/\/web.whatsapp.com\/send?text=Hoy%20hace%20200%20a%C3%B1os%20fue%20nombrado%20presidente%20de%20la%20Rep%C3%BAblica%20el%20pr%C3%B3cer%20santandereano%20Fernando%20Serrano%20y%20Uribe.%20Por%20%C3%93scar%20Humberto%20G%C3%B3mez%20G%C3%B3mez https%3A%2F%2Foscarhumbertogomez.com%2Findex.php%3Frest_route%3D%252Fwp%252Fv2%252Fposts%252F20030\")'><ss style=\"display:block\" class=\"heateorSssSharingSvg heateorSssWhatsappSvg\"><\/ss><\/i><\/li><li class=\"heateorSssSharingRound\"><i style=\"width:35px;height:35px;border-radius:999px;\" alt=\"Pinterest\" Title=\"Pinterest\" class=\"heateorSssSharing heateorSssPinterestBackground\" onclick=\"javascript:void( (function() {var e=document.createElement('script' );e.setAttribute('type','text\/javascript' );e.setAttribute('charset','UTF-8' );e.setAttribute('src','\/\/assets.pinterest.com\/js\/pinmarklet.js?r='+Math.random()*99999999);document.body.appendChild(e)})());\"><ss style=\"display:block;border-radius:999px;\" class=\"heateorSssSharingSvg heateorSssPinterestSvg\"><\/ss><\/i><\/li><li class=\"heateorSssSharingRound\"><i style=\"width:35px;height:35px;border-radius:999px;\" alt=\"Google Gmail\" Title=\"Google Gmail\" class=\"heateorSssSharing heateorSssGoogleGmailBackground\" onclick='heateorSssPopup(\"https:\/\/mail.google.com\/mail\/?ui=2&view=cm&fs=1&tf=1&su=Hoy%20hace%20200%20a%C3%B1os%20fue%20nombrado%20presidente%20de%20la%20Rep%C3%BAblica%20el%20pr%C3%B3cer%20santandereano%20Fernando%20Serrano%20y%20Uribe.%20Por%20%C3%93scar%20Humberto%20G%C3%B3mez%20G%C3%B3mez&body=Link:https%3A%2F%2Foscarhumbertogomez.com%2Findex.php%3Frest_route%3D%252Fwp%252Fv2%252Fposts%252F20030\")'><ss style=\"display:block;border-radius:999px;\" class=\"heateorSssSharingSvg heateorSssGoogleGmailSvg\"><\/ss><\/i><\/li><li class=\"heateorSssSharingRound\"><i style=\"width:35px;height:35px;border-radius:999px;\" title=\"More\" alt=\"More\" class=\"heateorSssSharing heateorSssMoreBackground\" onclick=\"heateorSssMoreSharingPopup(this, 'https:\/\/oscarhumbertogomez.com\/index.php?rest_route=%2Fwp%2Fv2%2Fposts%2F20030', 'Hoy%20hace%20200%20a%C3%B1os%20fue%20nombrado%20presidente%20de%20la%20Rep%C3%BAblica%20el%20pr%C3%B3cer%20santandereano%20Fernando%20Serrano%20y%20Uribe.%20Por%20%C3%93scar%20Humberto%20G%C3%B3mez%20G%C3%B3mez', '' )\" ><ss style=\"display:block\" class=\"heateorSssSharingSvg heateorSssMoreSvg\"><\/ss><\/i><\/li><\/ul><div class=\"heateorSssClear\"><\/div><\/div><div class='heateorSssClear'><\/div>","protected":false},"author":2,"featured_media":0,"comment_status":"open","ping_status":"open","sticky":false,"template":"","format":"standard","meta":{"spay_email":"","footnotes":""},"categories":[12],"tags":[],"class_list":["post-20030","post","type-post","status-publish","format-standard","hentry","category-historia"],"jetpack_featured_media_url":"","jetpack_shortlink":"https:\/\/wp.me\/p1FYrr-5d4","_links":{"self":[{"href":"https:\/\/oscarhumbertogomez.com\/index.php?rest_route=\/wp\/v2\/posts\/20030","targetHints":{"allow":["GET"]}}],"collection":[{"href":"https:\/\/oscarhumbertogomez.com\/index.php?rest_route=\/wp\/v2\/posts"}],"about":[{"href":"https:\/\/oscarhumbertogomez.com\/index.php?rest_route=\/wp\/v2\/types\/post"}],"author":[{"embeddable":true,"href":"https:\/\/oscarhumbertogomez.com\/index.php?rest_route=\/wp\/v2\/users\/2"}],"replies":[{"embeddable":true,"href":"https:\/\/oscarhumbertogomez.com\/index.php?rest_route=%2Fwp%2Fv2%2Fcomments&post=20030"}],"version-history":[{"count":5,"href":"https:\/\/oscarhumbertogomez.com\/index.php?rest_route=\/wp\/v2\/posts\/20030\/revisions"}],"predecessor-version":[{"id":52274,"href":"https:\/\/oscarhumbertogomez.com\/index.php?rest_route=\/wp\/v2\/posts\/20030\/revisions\/52274"}],"wp:attachment":[{"href":"https:\/\/oscarhumbertogomez.com\/index.php?rest_route=%2Fwp%2Fv2%2Fmedia&parent=20030"}],"wp:term":[{"taxonomy":"category","embeddable":true,"href":"https:\/\/oscarhumbertogomez.com\/index.php?rest_route=%2Fwp%2Fv2%2Fcategories&post=20030"},{"taxonomy":"post_tag","embeddable":true,"href":"https:\/\/oscarhumbertogomez.com\/index.php?rest_route=%2Fwp%2Fv2%2Ftags&post=20030"}],"curies":[{"name":"wp","href":"https:\/\/api.w.org\/{rel}","templated":true}]}}