{"id":20126,"date":"2016-07-28T10:32:53","date_gmt":"2016-07-28T15:32:53","guid":{"rendered":"http:\/\/www.oscarhumbertogomez.com\/?p=20126"},"modified":"2025-02-22T12:40:49","modified_gmt":"2025-02-22T17:40:49","slug":"maria-isabel-cancion-de-los-anos-60-version-original-con-video-original-autores-eduardo-rodriguez-luis-moreno-y-jose-moreno-interpretes-los-payos-de-espana","status":"publish","type":"post","link":"https:\/\/oscarhumbertogomez.com\/?p=20126","title":{"rendered":"MAR\u00cdA ISABEL. [Canci\u00f3n de los a\u00f1os 60]. Versi\u00f3n original con video original. [Autores: Eduardo Rodr\u00edguez, Luis Moreno y Jos\u00e9 Moreno. Int\u00e9rpretes: Los Payos, de Espa\u00f1a]. Por \u00d3scar Humberto G\u00f3mez G\u00f3mez"},"content":{"rendered":"<p><a href=\"https:\/\/lapiedrafilosofal.com\/wp-content\/uploads\/2016\/07\/los-payos-maria-isabel-lp-disco-vinilo-.jpg\" rel=\"attachment wp-att-20130\"><img loading=\"lazy\" decoding=\"async\" class=\"aligncenter size-large wp-image-20130\" src=\"https:\/\/lapiedrafilosofal.com\/wp-content\/uploads\/2016\/07\/los-payos-maria-isabel-lp-disco-vinilo--1024x1024.jpg\" alt=\"los-payos-maria-isabel-lp-disco-vinilo-\" width=\"640\" height=\"640\" srcset=\"https:\/\/oscarhumbertogomez.com\/wp-content\/uploads\/2016\/07\/los-payos-maria-isabel-lp-disco-vinilo--1024x1024.jpg 1024w, https:\/\/oscarhumbertogomez.com\/wp-content\/uploads\/2016\/07\/los-payos-maria-isabel-lp-disco-vinilo--150x150.jpg 150w, https:\/\/oscarhumbertogomez.com\/wp-content\/uploads\/2016\/07\/los-payos-maria-isabel-lp-disco-vinilo--300x300.jpg 300w, https:\/\/oscarhumbertogomez.com\/wp-content\/uploads\/2016\/07\/los-payos-maria-isabel-lp-disco-vinilo--768x768.jpg 768w\" sizes=\"auto, (max-width: 640px) 100vw, 640px\" \/><\/a><\/p>\n<p>&nbsp;<\/p>\n<p>En 1969, el tr\u00edo espa\u00f1ol Los Payos produjo una canci\u00f3n que no solo se convertir\u00eda en el m\u00e1s resonante \u00e9xito musical de aquel a\u00f1o, sino en la \u00fanica canci\u00f3n exitosa de esa agrupaci\u00f3n, pero que les fue suficiente para ocupar un sitial en la historia de la m\u00fasica juvenil y dar origen a lo que se llam\u00f3 &#8220;la canci\u00f3n de verano&#8221;.<\/p>\n<p>&nbsp;<\/p>\n<p><a href=\"https:\/\/lapiedrafilosofal.com\/wp-content\/uploads\/2016\/07\/los-payos.jpg\"><img loading=\"lazy\" decoding=\"async\" class=\"alignnone size-full wp-image-26606\" src=\"https:\/\/lapiedrafilosofal.com\/wp-content\/uploads\/2016\/07\/los-payos.jpg\" alt=\"\" width=\"652\" height=\"652\" srcset=\"https:\/\/oscarhumbertogomez.com\/wp-content\/uploads\/2016\/07\/los-payos.jpg 652w, https:\/\/oscarhumbertogomez.com\/wp-content\/uploads\/2016\/07\/los-payos-150x150.jpg 150w, https:\/\/oscarhumbertogomez.com\/wp-content\/uploads\/2016\/07\/los-payos-300x300.jpg 300w\" sizes=\"auto, (max-width: 652px) 100vw, 652px\" \/><\/a><\/p>\n<p>&nbsp;<\/p>\n<p>Nosotros tambi\u00e9n la cant\u00e1bamos, por supuesto, acompa\u00f1ados por las palmas, cuando ocup\u00e1bamos, con nuestros amigos de adolescencia, la llamada &#8220;banca de los m\u00fasicos&#8221; en nuestro programa dominical: subirnos a un bus, pr\u00e1cticamente vac\u00edo, en la estaci\u00f3n de donde part\u00eda y dar el &#8220;recorrido&#8221; por toda la ciudad, es decir, ser sus pasajeros desde la estaci\u00f3n de buses hasta&#8230; la estaci\u00f3n de buses de donde hab\u00edamos partido. Todo ello, por supuesto, en una Bucaramanga sin trancones y en la que circular por las calles sobre cuatro ruedas todav\u00eda era agradable.<\/p>\n<p>&nbsp;<\/p>\n<p><a href=\"https:\/\/lapiedrafilosofal.com\/wp-content\/uploads\/2016\/07\/LOS-PAYOS-.jpg\"><img loading=\"lazy\" decoding=\"async\" class=\"alignnone size-full wp-image-26607\" src=\"https:\/\/lapiedrafilosofal.com\/wp-content\/uploads\/2016\/07\/LOS-PAYOS-.jpg\" alt=\"\" width=\"630\" height=\"630\" srcset=\"https:\/\/oscarhumbertogomez.com\/wp-content\/uploads\/2016\/07\/LOS-PAYOS-.jpg 630w, https:\/\/oscarhumbertogomez.com\/wp-content\/uploads\/2016\/07\/LOS-PAYOS--150x150.jpg 150w, https:\/\/oscarhumbertogomez.com\/wp-content\/uploads\/2016\/07\/LOS-PAYOS--300x300.jpg 300w\" sizes=\"auto, (max-width: 630px) 100vw, 630px\" \/><\/a><\/p>\n<p>&nbsp;<\/p>\n<p>Los Payos estaban integrados por Eduardo Rodr\u00edguez, Luis Moreno (a quien apodaban <em>Pibe<\/em>) y Jos\u00e9 Moreno (a quien apodaban <em>Josele<\/em>).<\/p>\n<p>Los errores del video (el inesperado tropez\u00f3n de &#8220;Mar\u00eda Isabel&#8221;, el no menos inesperado &#8220;remazo&#8221; de un Payo al otro, la notoria falta de destreza del Payo &#8220;malabarista&#8221; y la estrechez del sendero improvisadamente escogido para rematar el video, que obliga a uno de Los Payos en retirada a salirse del camino) no fueron editados. Hoy, desde la perspectiva de los a\u00f1os, sin embargo, lejos de restarle m\u00e9ritos, lo hacen m\u00e1s encantador por lo aut\u00e9ntico. Entre otras cosas, repetir las filmaciones era en aquella \u00e9poca bastante costoso.<\/p>\n<p>Aqu\u00ed est\u00e1 esta joya de la discograf\u00eda en las voces y con las im\u00e1genes de sus compositores e int\u00e9rpretes.<\/p>\n<p>Disfruten, pues, amigas y amigos, de &#8220;Mar\u00eda Isabel&#8221;, con Los Payos, de Espa\u00f1a.<\/p>\n<p>\u00a1Bienvenidos!<\/p>\n<p>&nbsp;<\/p>\n<p><iframe loading=\"lazy\" src=\"https:\/\/www.youtube-nocookie.com\/embed\/qay3sfLVCzk?rel=0&amp;controls=0&amp;showinfo=0\" width=\"420\" height=\"315\" frameborder=\"0\" allowfullscreen=\"allowfullscreen\"><\/iframe><\/p>\n<p>&nbsp;<\/p>\n","protected":false},"excerpt":{"rendered":"<p>&nbsp; En 1969, el tr\u00edo espa\u00f1ol Los Payos produjo una canci\u00f3n que no solo se convertir\u00eda en el m\u00e1s resonante \u00e9xito musical de aquel a\u00f1o, sino en la \u00fanica canci\u00f3n exitosa de esa agrupaci\u00f3n, pero que les fue suficiente para &hellip; <a href=\"https:\/\/oscarhumbertogomez.com\/?p=20126\">Sigue leyendo <span class=\"meta-nav\">&rarr;<\/span><\/a><\/p>\n<div class='heateorSssClear'><\/div><div  class='heateor_sss_sharing_container heateor_sss_horizontal_sharing' heateor-sss-data-href='https:\/\/oscarhumbertogomez.com\/?p=20126'><div class='heateor_sss_sharing_title' style=\"font-weight:bold\" >\u00a1Gracias por compartirla!<\/div><ul class=\"heateor_sss_sharing_ul\"><li class=\"heateorSssSharingRound\"><i style=\"width:35px;height:35px;border-radius:999px;\" alt=\"Facebook\" Title=\"Facebook\" class=\"heateorSssSharing heateorSssFacebookBackground\" onclick='heateorSssPopup(\"https:\/\/www.facebook.com\/sharer\/sharer.php?u=https%3A%2F%2Foscarhumbertogomez.com%2Findex.php%3Frest_route%3D%252Fwp%252Fv2%252Fposts%252F20126\")'><ss style=\"display:block;border-radius:999px;\" class=\"heateorSssSharingSvg heateorSssFacebookSvg\"><\/ss><\/i><\/li><li class=\"heateorSssSharingRound\"><i style=\"width:35px;height:35px;border-radius:999px;\" alt=\"Twitter\" Title=\"Twitter\" class=\"heateorSssSharing heateorSssTwitterBackground\" onclick='heateorSssPopup(\"http:\/\/twitter.com\/intent\/tweet?text=MAR%C3%8DA%20ISABEL.%20%5BCanci%C3%B3n%20de%20los%20a%C3%B1os%2060%5D.%20Versi%C3%B3n%20original%20con%20video%20original.%20%5BAutores%3A%20Eduardo%20Rodr%C3%ADguez%2C%20Luis%20Moreno%20y%20Jos%C3%A9%20Moreno.%20Int%C3%A9rpretes%3A%20Los%20Payos%2C%20de%20Espa%C3%B1a%5D.%20Por%20%C3%93scar%20Humberto%20G%C3%B3mez%20G%C3%B3mez&url=https%3A%2F%2Foscarhumbertogomez.com%2Findex.php%3Frest_route%3D%252Fwp%252Fv2%252Fposts%252F20126\")'><ss style=\"display:block;border-radius:999px;\" class=\"heateorSssSharingSvg heateorSssTwitterSvg\"><\/ss><\/i><\/li><li class=\"heateorSssSharingRound\"><i style=\"width:35px;height:35px;border-radius:999px;\" alt=\"Whatsapp\" Title=\"Whatsapp\" class=\"heateorSssSharing heateorSssWhatsappBackground\" onclick='heateorSssPopup(\"https:\/\/web.whatsapp.com\/send?text=MAR%C3%8DA%20ISABEL.%20%5BCanci%C3%B3n%20de%20los%20a%C3%B1os%2060%5D.%20Versi%C3%B3n%20original%20con%20video%20original.%20%5BAutores%3A%20Eduardo%20Rodr%C3%ADguez%2C%20Luis%20Moreno%20y%20Jos%C3%A9%20Moreno.%20Int%C3%A9rpretes%3A%20Los%20Payos%2C%20de%20Espa%C3%B1a%5D.%20Por%20%C3%93scar%20Humberto%20G%C3%B3mez%20G%C3%B3mez https%3A%2F%2Foscarhumbertogomez.com%2Findex.php%3Frest_route%3D%252Fwp%252Fv2%252Fposts%252F20126\")'><ss style=\"display:block\" class=\"heateorSssSharingSvg heateorSssWhatsappSvg\"><\/ss><\/i><\/li><li class=\"heateorSssSharingRound\"><i style=\"width:35px;height:35px;border-radius:999px;\" alt=\"Pinterest\" Title=\"Pinterest\" class=\"heateorSssSharing heateorSssPinterestBackground\" onclick=\"javascript:void( (function() {var e=document.createElement('script' );e.setAttribute('type','text\/javascript' );e.setAttribute('charset','UTF-8' );e.setAttribute('src','\/\/assets.pinterest.com\/js\/pinmarklet.js?r='+Math.random()*99999999);document.body.appendChild(e)})());\"><ss style=\"display:block;border-radius:999px;\" class=\"heateorSssSharingSvg heateorSssPinterestSvg\"><\/ss><\/i><\/li><li class=\"heateorSssSharingRound\"><i style=\"width:35px;height:35px;border-radius:999px;\" alt=\"Google Gmail\" Title=\"Google Gmail\" class=\"heateorSssSharing heateorSssGoogleGmailBackground\" onclick='heateorSssPopup(\"https:\/\/mail.google.com\/mail\/?ui=2&view=cm&fs=1&tf=1&su=MAR%C3%8DA%20ISABEL.%20%5BCanci%C3%B3n%20de%20los%20a%C3%B1os%2060%5D.%20Versi%C3%B3n%20original%20con%20video%20original.%20%5BAutores%3A%20Eduardo%20Rodr%C3%ADguez%2C%20Luis%20Moreno%20y%20Jos%C3%A9%20Moreno.%20Int%C3%A9rpretes%3A%20Los%20Payos%2C%20de%20Espa%C3%B1a%5D.%20Por%20%C3%93scar%20Humberto%20G%C3%B3mez%20G%C3%B3mez&body=Link:https%3A%2F%2Foscarhumbertogomez.com%2Findex.php%3Frest_route%3D%252Fwp%252Fv2%252Fposts%252F20126\")'><ss style=\"display:block;border-radius:999px;\" class=\"heateorSssSharingSvg heateorSssGoogleGmailSvg\"><\/ss><\/i><\/li><li class=\"heateorSssSharingRound\"><i style=\"width:35px;height:35px;border-radius:999px;\" title=\"More\" alt=\"More\" class=\"heateorSssSharing heateorSssMoreBackground\" onclick=\"heateorSssMoreSharingPopup(this, 'https:\/\/oscarhumbertogomez.com\/index.php?rest_route=%2Fwp%2Fv2%2Fposts%2F20126', 'MAR%C3%8DA%20ISABEL.%20%5BCanci%C3%B3n%20de%20los%20a%C3%B1os%2060%5D.%20Versi%C3%B3n%20original%20con%20video%20original.%20%5BAutores%3A%20Eduardo%20Rodr%C3%ADguez%2C%20Luis%20Moreno%20y%20Jos%C3%A9%20Moreno.%20Int%C3%A9rpretes%3A%20Los%20Payos%2C%20de%20Espa%C3%B1a%5D.%20Por%20%C3%93scar%20Humberto%20G%C3%B3mez%20G%C3%B3mez', '' )\" ><ss style=\"display:block\" class=\"heateorSssSharingSvg heateorSssMoreSvg\"><\/ss><\/i><\/li><\/ul><div class=\"heateorSssClear\"><\/div><\/div><div class='heateorSssClear'><\/div>","protected":false},"author":2,"featured_media":0,"comment_status":"open","ping_status":"open","sticky":false,"template":"","format":"standard","meta":{"spay_email":"","footnotes":""},"categories":[8],"tags":[],"class_list":["post-20126","post","type-post","status-publish","format-standard","hentry","category-musica"],"jetpack_featured_media_url":"","jetpack_shortlink":"https:\/\/wp.me\/p1FYrr-5eC","_links":{"self":[{"href":"https:\/\/oscarhumbertogomez.com\/index.php?rest_route=\/wp\/v2\/posts\/20126","targetHints":{"allow":["GET"]}}],"collection":[{"href":"https:\/\/oscarhumbertogomez.com\/index.php?rest_route=\/wp\/v2\/posts"}],"about":[{"href":"https:\/\/oscarhumbertogomez.com\/index.php?rest_route=\/wp\/v2\/types\/post"}],"author":[{"embeddable":true,"href":"https:\/\/oscarhumbertogomez.com\/index.php?rest_route=\/wp\/v2\/users\/2"}],"replies":[{"embeddable":true,"href":"https:\/\/oscarhumbertogomez.com\/index.php?rest_route=%2Fwp%2Fv2%2Fcomments&post=20126"}],"version-history":[{"count":5,"href":"https:\/\/oscarhumbertogomez.com\/index.php?rest_route=\/wp\/v2\/posts\/20126\/revisions"}],"predecessor-version":[{"id":51108,"href":"https:\/\/oscarhumbertogomez.com\/index.php?rest_route=\/wp\/v2\/posts\/20126\/revisions\/51108"}],"wp:attachment":[{"href":"https:\/\/oscarhumbertogomez.com\/index.php?rest_route=%2Fwp%2Fv2%2Fmedia&parent=20126"}],"wp:term":[{"taxonomy":"category","embeddable":true,"href":"https:\/\/oscarhumbertogomez.com\/index.php?rest_route=%2Fwp%2Fv2%2Fcategories&post=20126"},{"taxonomy":"post_tag","embeddable":true,"href":"https:\/\/oscarhumbertogomez.com\/index.php?rest_route=%2Fwp%2Fv2%2Ftags&post=20126"}],"curies":[{"name":"wp","href":"https:\/\/api.w.org\/{rel}","templated":true}]}}