{"id":20209,"date":"2016-08-07T12:46:11","date_gmt":"2016-08-07T17:46:11","guid":{"rendered":"http:\/\/www.oscarhumbertogomez.com\/?p=20209"},"modified":"2025-08-07T17:14:10","modified_gmt":"2025-08-07T22:14:10","slug":"7-de-agosto-batalla-de-boyaca","status":"publish","type":"post","link":"https:\/\/oscarhumbertogomez.com\/?p=20209","title":{"rendered":"7 DE AGOSTO: BATALLA DE BOYAC\u00c1. Por \u00d3scar Humberto G\u00f3mez G\u00f3mez, Miembro Correspondiente de la Academia de Historia de Santander"},"content":{"rendered":"<p><img loading=\"lazy\" decoding=\"async\" class=\"aligncenter size-full wp-image-5066\" title=\"batalla_boyaca1\" src=\"https:\/\/lapiedrafilosofal.com\/wp-content\/uploads\/2012\/08\/batalla_boyaca1.jpg\" alt=\"\" width=\"507\" height=\"318\" srcset=\"https:\/\/oscarhumbertogomez.com\/wp-content\/uploads\/2012\/08\/batalla_boyaca1.jpg 507w, https:\/\/oscarhumbertogomez.com\/wp-content\/uploads\/2012\/08\/batalla_boyaca1-300x188.jpg 300w\" sizes=\"auto, (max-width: 507px) 100vw, 507px\" \/><\/p>\n<p>&nbsp;<\/p>\n<p>La independencia de la Nueva Granada, hoy Colombia, se sell\u00f3, en principio, el 7 de agosto de 1819 con la victoria de las tropas comandadas por el General venezolano Sim\u00f3n Bol\u00edvar sobre las comandadas por el Coronel espa\u00f1ol Jos\u00e9 Mar\u00eda Barreiro.<\/p>\n<p>Y decimos que, en principio, porque en otras regiones del pa\u00eds hubo que continuar la Guerra de Independencia porque segu\u00edan siendo fortines del poder espa\u00f1ol.<\/p>\n<p>Entre los jefes militares patriotas participantes en este memorable combate se recuerda al venezolano Jos\u00e9 Antonio Anzo\u00e1tegui, quien poco despu\u00e9s muri\u00f3 en extra\u00f1as circunstancias en Pamplona; al tambi\u00e9n venezolano Carlos Soublette, al granadino Francisco de Paula Santander y, por supuesto, al propio Bol\u00edvar.<\/p>\n<p>A prop\u00f3sito, no es cierto que el general Bol\u00edvar no hubiese estado presente en la batalla. Oficiales que tomaron parte en ella, y que por tanto fueron testigos presenciales de la misma, as\u00ed lo corroboran: \u201c<em>El bolet\u00edn del 8 de agosto ha referido ya la batalla de Boyac\u00e1 y yo no a\u00f1adir\u00e9 otra cosa sino que el general Bol\u00edvar, presente en todos los puntos de la acci\u00f3n, dio las \u00f3rdenes precisas para hacer brillar el valor de las tropas, el esfuerzo de los jefes y oficiales, y terminar de una vez la obra que hab\u00eda tomado a su cargo<\/em>\u201d (General Francisco de Paula Santander. El general Sim\u00f3n Bol\u00edvar en la campa\u00f1a de la Nueva Granada de 1818). \u201c<em>Todos los cuerpos combatieron aqu\u00ed con valent\u00eda sin par, y con verdadera emulaci\u00f3n unos a otros. Bol\u00edvar acerc\u00e1base a cada uno por separado, para soltarle alguna frase alentadora<\/em>\u201d. (General Tom\u00e1s Carlos Wright. Reminiscencias). \u201c<em>El general Bol\u00edvar, con nuestra retaguardia, sigui\u00f3 el movimiento de Barreiro y form\u00f3 un fuerte al otro lado del r\u00edo<\/em>\u201d (Coronel Antonio Obando. Autobiograf\u00eda).<\/p>\n<p>Tres d\u00edas antes, el 4 de agosto, se hab\u00eda llevado a cabo la poco difundida Batalla del Pienta en Charal\u00e1 \/ Santander, un combate en el r\u00edo Pienta seguido de una espantosa matanza. De hecho, algunos historiadores concluyen que no hubo una batalla, sino una masacre. &nbsp; Hay quienes sostienen que el pueblo charale\u00f1o impidi\u00f3, en aquel desigual combate, que tuvo como escenario el r\u00edo y se extendi\u00f3 hasta las propias calles del pueblo, que las tropas espa\u00f1olas de refuerzo llegaran a respaldar al coronel Barreiro, y de ah\u00ed concluyen que esa falta de apoyo fue decisiva para la derrota espa\u00f1ola en el puente de Boyac\u00e1. Otros sostienen, en cambio, que solamente se trat\u00f3 de un episodio local, sin esa otra connotaci\u00f3n. Lo cierto es que en estos acontecimientos murieron m\u00e1s de trescientos santandereanos.<\/p>\n<p>&nbsp;<\/p>\n<div id=\"attachment_5084\" style=\"width: 440px\" class=\"wp-caption aligncenter\"><img loading=\"lazy\" decoding=\"async\" aria-describedby=\"caption-attachment-5084\" class=\"size-full wp-image-5084\" src=\"https:\/\/lapiedrafilosofal.com\/wp-content\/uploads\/2012\/08\/CHARAL\u00c1-.jpg\" alt=\"\" width=\"430\" height=\"323\" srcset=\"https:\/\/oscarhumbertogomez.com\/wp-content\/uploads\/2012\/08\/CHARAL\u00c1-.jpg 1024w, https:\/\/oscarhumbertogomez.com\/wp-content\/uploads\/2012\/08\/CHARAL\u00c1--300x225.jpg 300w\" sizes=\"auto, (max-width: 430px) 100vw, 430px\" \/><p id=\"caption-attachment-5084\" class=\"wp-caption-text\">CHARAL\u00c1 \/ SANTANDER. CONMEMORACI\u00d3N DE LA BATALLA DEL PIENTA \/ SEG\u00daN UNA RECIENTE VERSI\u00d3N OFICIAL, EL 4 DE AGOSTO DE 1819, TRES D\u00cdAS ANTES DE LA BATALLA DEL PUENTE DE BOYAC\u00c1, EL PUEBLO CHARALE\u00d1O, A COSTA DE CENTENARES DE MUERTOS Y HERIDOS, IMPIDI\u00d3 QUE TROPAS ESPA\u00d1OLAS REFORZARAN LAS DEL CORONEL JOS\u00c9 MAR\u00cdA BARREIRO. ESTA ACCI\u00d3N HEROICA DEL PUEBLO SANTANDEREANO, SEG\u00daN UNA INTERPRETACI\u00d3N COMPLEMENTAIA, POSIBILIT\u00d3 EL TRIUNFO PATRIOTA SOBRE EL R\u00cdO TEATINOS.<\/p><\/div>\n<p>&nbsp;<\/p>\n<div id=\"attachment_5083\" style=\"width: 385px\" class=\"wp-caption aligncenter\"><img loading=\"lazy\" decoding=\"async\" aria-describedby=\"caption-attachment-5083\" class=\"size-full wp-image-5083\" title=\"PUENTE DE BOYAC\u00c1\" src=\"https:\/\/lapiedrafilosofal.com\/wp-content\/uploads\/2012\/08\/PUENTE-DE-BOYAC\u00c1.jpg\" alt=\"\" width=\"375\" height=\"500\" srcset=\"https:\/\/oscarhumbertogomez.com\/wp-content\/uploads\/2012\/08\/PUENTE-DE-BOYAC\u00c1.jpg 375w, https:\/\/oscarhumbertogomez.com\/wp-content\/uploads\/2012\/08\/PUENTE-DE-BOYAC\u00c1-225x300.jpg 225w\" sizes=\"auto, (max-width: 375px) 100vw, 375px\" \/><p id=\"caption-attachment-5083\" class=\"wp-caption-text\">PUENTE SOBRE EL R\u00cdO TEATINOS O PUENTE DE BOYAC\u00c1<\/p><\/div>\n<p>&nbsp;<\/p>\n<p>El llamado &#8220;puente de Boyac\u00e1&#8221; se hallaba ubicado sobre el r\u00edo Teatinos (nombre del r\u00edo en espa\u00f1ol) o r\u00edo Boyac\u00e1 (nombre del r\u00edo en lengua ind\u00edgena), en realidad un peque\u00f1o riachuelo sin mayor significaci\u00f3n geogr\u00e1fica, que, sin embargo, pas\u00f3 a la historia y se inmortaliz\u00f3 por haber sido escenario de aquel decisivo combate.<\/p>\n<p>Actualmente se conserva el lugar como monumento hist\u00f3rico y lugar tur\u00edstico.<\/p>\n<p>Erigida aquella regi\u00f3n como departamento en 1821, se le bautiz\u00f3 &#8220;Departamento de Boyac\u00e1&#8221; d\u00e1ndole el nombre del peque\u00f1o y famoso r\u00edo.<\/p>\n<p>El 7 de agosto est\u00e1 consagrado como el D\u00eda del Ej\u00e9rcito desde el gobierno de Alfonso L\u00f3pez Michelsen en virtud del Decreto 1461 del 17 de julio de 1978.<\/p>\n<p>&nbsp;<\/p>\n","protected":false},"excerpt":{"rendered":"<p>&nbsp; La independencia de la Nueva Granada, hoy Colombia, se sell\u00f3, en principio, el 7 de agosto de 1819 con la victoria de las tropas comandadas por el General venezolano Sim\u00f3n Bol\u00edvar sobre las comandadas por el Coronel espa\u00f1ol Jos\u00e9 &hellip; <a href=\"https:\/\/oscarhumbertogomez.com\/?p=20209\">Sigue leyendo <span class=\"meta-nav\">&rarr;<\/span><\/a><\/p>\n<div class='heateorSssClear'><\/div><div  class='heateor_sss_sharing_container heateor_sss_horizontal_sharing' heateor-sss-data-href='https:\/\/oscarhumbertogomez.com\/?p=20209'><div class='heateor_sss_sharing_title' style=\"font-weight:bold\" >\u00a1Gracias por compartirla!<\/div><ul class=\"heateor_sss_sharing_ul\"><li class=\"heateorSssSharingRound\"><i style=\"width:35px;height:35px;border-radius:999px;\" alt=\"Facebook\" Title=\"Facebook\" class=\"heateorSssSharing heateorSssFacebookBackground\" onclick='heateorSssPopup(\"https:\/\/www.facebook.com\/sharer\/sharer.php?u=https%3A%2F%2Foscarhumbertogomez.com%2Findex.php%3Frest_route%3D%252Fwp%252Fv2%252Fposts%252F20209\")'><ss style=\"display:block;border-radius:999px;\" class=\"heateorSssSharingSvg heateorSssFacebookSvg\"><\/ss><\/i><\/li><li class=\"heateorSssSharingRound\"><i style=\"width:35px;height:35px;border-radius:999px;\" alt=\"Twitter\" Title=\"Twitter\" class=\"heateorSssSharing heateorSssTwitterBackground\" onclick='heateorSssPopup(\"http:\/\/twitter.com\/intent\/tweet?text=7%20DE%20AGOSTO%3A%20BATALLA%20DE%20BOYAC%C3%81.%20Por%20%C3%93scar%20Humberto%20G%C3%B3mez%20G%C3%B3mez%2C%20Miembro%20Correspondiente%20de%20la%20Academia%20de%20Historia%20de%20Santander&url=https%3A%2F%2Foscarhumbertogomez.com%2Findex.php%3Frest_route%3D%252Fwp%252Fv2%252Fposts%252F20209\")'><ss style=\"display:block;border-radius:999px;\" class=\"heateorSssSharingSvg heateorSssTwitterSvg\"><\/ss><\/i><\/li><li class=\"heateorSssSharingRound\"><i style=\"width:35px;height:35px;border-radius:999px;\" alt=\"Whatsapp\" Title=\"Whatsapp\" class=\"heateorSssSharing heateorSssWhatsappBackground\" onclick='heateorSssPopup(\"https:\/\/web.whatsapp.com\/send?text=7%20DE%20AGOSTO%3A%20BATALLA%20DE%20BOYAC%C3%81.%20Por%20%C3%93scar%20Humberto%20G%C3%B3mez%20G%C3%B3mez%2C%20Miembro%20Correspondiente%20de%20la%20Academia%20de%20Historia%20de%20Santander https%3A%2F%2Foscarhumbertogomez.com%2Findex.php%3Frest_route%3D%252Fwp%252Fv2%252Fposts%252F20209\")'><ss style=\"display:block\" class=\"heateorSssSharingSvg heateorSssWhatsappSvg\"><\/ss><\/i><\/li><li class=\"heateorSssSharingRound\"><i style=\"width:35px;height:35px;border-radius:999px;\" alt=\"Pinterest\" Title=\"Pinterest\" class=\"heateorSssSharing heateorSssPinterestBackground\" onclick=\"javascript:void( (function() {var e=document.createElement('script' );e.setAttribute('type','text\/javascript' );e.setAttribute('charset','UTF-8' );e.setAttribute('src','\/\/assets.pinterest.com\/js\/pinmarklet.js?r='+Math.random()*99999999);document.body.appendChild(e)})());\"><ss style=\"display:block;border-radius:999px;\" class=\"heateorSssSharingSvg heateorSssPinterestSvg\"><\/ss><\/i><\/li><li class=\"heateorSssSharingRound\"><i style=\"width:35px;height:35px;border-radius:999px;\" alt=\"Google Gmail\" Title=\"Google Gmail\" class=\"heateorSssSharing heateorSssGoogleGmailBackground\" onclick='heateorSssPopup(\"https:\/\/mail.google.com\/mail\/?ui=2&view=cm&fs=1&tf=1&su=7%20DE%20AGOSTO%3A%20BATALLA%20DE%20BOYAC%C3%81.%20Por%20%C3%93scar%20Humberto%20G%C3%B3mez%20G%C3%B3mez%2C%20Miembro%20Correspondiente%20de%20la%20Academia%20de%20Historia%20de%20Santander&body=Link:https%3A%2F%2Foscarhumbertogomez.com%2Findex.php%3Frest_route%3D%252Fwp%252Fv2%252Fposts%252F20209\")'><ss style=\"display:block;border-radius:999px;\" class=\"heateorSssSharingSvg heateorSssGoogleGmailSvg\"><\/ss><\/i><\/li><li class=\"heateorSssSharingRound\"><i style=\"width:35px;height:35px;border-radius:999px;\" title=\"More\" alt=\"More\" class=\"heateorSssSharing heateorSssMoreBackground\" onclick=\"heateorSssMoreSharingPopup(this, 'https:\/\/oscarhumbertogomez.com\/index.php?rest_route=%2Fwp%2Fv2%2Fposts%2F20209', '7%20DE%20AGOSTO%3A%20BATALLA%20DE%20BOYAC%C3%81.%20Por%20%C3%93scar%20Humberto%20G%C3%B3mez%20G%C3%B3mez%2C%20Miembro%20Correspondiente%20de%20la%20Academia%20de%20Historia%20de%20Santander', '' )\" ><ss style=\"display:block\" class=\"heateorSssSharingSvg heateorSssMoreSvg\"><\/ss><\/i><\/li><\/ul><div class=\"heateorSssClear\"><\/div><\/div><div class='heateorSssClear'><\/div>","protected":false},"author":2,"featured_media":0,"comment_status":"open","ping_status":"open","sticky":false,"template":"","format":"standard","meta":{"spay_email":"","footnotes":""},"categories":[12],"tags":[],"class_list":["post-20209","post","type-post","status-publish","format-standard","hentry","category-historia"],"jetpack_featured_media_url":"","jetpack_shortlink":"https:\/\/wp.me\/p1FYrr-5fX","_links":{"self":[{"href":"https:\/\/oscarhumbertogomez.com\/index.php?rest_route=\/wp\/v2\/posts\/20209","targetHints":{"allow":["GET"]}}],"collection":[{"href":"https:\/\/oscarhumbertogomez.com\/index.php?rest_route=\/wp\/v2\/posts"}],"about":[{"href":"https:\/\/oscarhumbertogomez.com\/index.php?rest_route=\/wp\/v2\/types\/post"}],"author":[{"embeddable":true,"href":"https:\/\/oscarhumbertogomez.com\/index.php?rest_route=\/wp\/v2\/users\/2"}],"replies":[{"embeddable":true,"href":"https:\/\/oscarhumbertogomez.com\/index.php?rest_route=%2Fwp%2Fv2%2Fcomments&post=20209"}],"version-history":[{"count":5,"href":"https:\/\/oscarhumbertogomez.com\/index.php?rest_route=\/wp\/v2\/posts\/20209\/revisions"}],"predecessor-version":[{"id":54328,"href":"https:\/\/oscarhumbertogomez.com\/index.php?rest_route=\/wp\/v2\/posts\/20209\/revisions\/54328"}],"wp:attachment":[{"href":"https:\/\/oscarhumbertogomez.com\/index.php?rest_route=%2Fwp%2Fv2%2Fmedia&parent=20209"}],"wp:term":[{"taxonomy":"category","embeddable":true,"href":"https:\/\/oscarhumbertogomez.com\/index.php?rest_route=%2Fwp%2Fv2%2Fcategories&post=20209"},{"taxonomy":"post_tag","embeddable":true,"href":"https:\/\/oscarhumbertogomez.com\/index.php?rest_route=%2Fwp%2Fv2%2Ftags&post=20209"}],"curies":[{"name":"wp","href":"https:\/\/api.w.org\/{rel}","templated":true}]}}