{"id":20698,"date":"2017-01-31T18:30:01","date_gmt":"2017-01-31T23:30:01","guid":{"rendered":"http:\/\/www.oscarhumbertogomez.com\/?p=20698"},"modified":"2025-02-22T12:49:44","modified_gmt":"2025-02-22T17:49:44","slug":"video-no-oficial-de-el-campesino-embejucao-en-internet-supero-los-tres-millones-de-visitas","status":"publish","type":"post","link":"https:\/\/oscarhumbertogomez.com\/?p=20698","title":{"rendered":"Video no oficial de &#8220;EL CAMPESINO EMBEJUCAO&#8221; en Internet super\u00f3 los TRES MILLONES de visitantes. Por \u00d3scar Humberto G\u00f3mez G\u00f3mez"},"content":{"rendered":"<div id=\"attachment_18242\" style=\"width: 594px\" class=\"wp-caption alignnone\"><a href=\"https:\/\/lapiedrafilosofal.com\/wp-content\/uploads\/2015\/11\/LIBRILLO-021.jpg\"><img loading=\"lazy\" decoding=\"async\" aria-describedby=\"caption-attachment-18242\" class=\"size-large wp-image-18242\" src=\"https:\/\/lapiedrafilosofal.com\/wp-content\/uploads\/2015\/11\/LIBRILLO-021-584x1024.jpg\" alt=\"\" width=\"584\" height=\"1024\" srcset=\"https:\/\/oscarhumbertogomez.com\/wp-content\/uploads\/2015\/11\/LIBRILLO-021-584x1024.jpg 584w, https:\/\/oscarhumbertogomez.com\/wp-content\/uploads\/2015\/11\/LIBRILLO-021-171x300.jpg 171w, https:\/\/oscarhumbertogomez.com\/wp-content\/uploads\/2015\/11\/LIBRILLO-021.jpg 809w\" sizes=\"auto, (max-width: 584px) 100vw, 584px\" \/><\/a><p id=\"caption-attachment-18242\" class=\"wp-caption-text\">\u00d3SCAR HUMBERTO G\u00d3MEZ G\u00d3MEZ como &#8220;EL CAMPESINO EMBEJUCAO&#8221;. [Fotograf\u00eda: David Navarro G\u00e1mez. 2002].<\/p><\/div>\n<p>&nbsp;<\/p>\n<p>El video NO OFICIAL de EL CAMPESINO EMBEJUCAO que circula en <em>Youtube<\/em> sobrepas\u00f3 los <strong>TRES MILLONES<\/strong> de visitantes, cifra que posiciona esta canci\u00f3n como <strong>una de las m\u00e1s escuchadas de la m\u00fasica andina colombiana en Internet <\/strong>y una de las m\u00e1s populares en la historia de ese g\u00e9nero musical en Colombia. En pocos d\u00edas, el video, colgado por el joven Weimar Salazar, sobrepas\u00f3 esa cifra en m\u00e1s de doscientos mil (200.000) nuevos visitantes.<\/p>\n<p>&nbsp;<\/p>\n<div id=\"attachment_18206\" style=\"width: 2058px\" class=\"wp-caption aligncenter\"><a href=\"https:\/\/lapiedrafilosofal.com\/wp-content\/uploads\/2015\/11\/trapiche-02.jpg\"><img loading=\"lazy\" decoding=\"async\" aria-describedby=\"caption-attachment-18206\" class=\"size-full wp-image-18206\" src=\"https:\/\/lapiedrafilosofal.com\/wp-content\/uploads\/2015\/11\/trapiche-02.jpg\" alt=\"\" width=\"2048\" height=\"1536\" srcset=\"https:\/\/oscarhumbertogomez.com\/wp-content\/uploads\/2015\/11\/trapiche-02.jpg 2048w, https:\/\/oscarhumbertogomez.com\/wp-content\/uploads\/2015\/11\/trapiche-02-300x225.jpg 300w, https:\/\/oscarhumbertogomez.com\/wp-content\/uploads\/2015\/11\/trapiche-02-1024x768.jpg 1024w\" sizes=\"auto, (max-width: 2048px) 100vw, 2048px\" \/><\/a><p id=\"caption-attachment-18206\" class=\"wp-caption-text\">\u00d3SCAR HUMBERTO G\u00d3MEZ G\u00d3MEZ como EL CAMPESINO EMBEJUCAO \/\/ Fotograf\u00eda y montaje: Pedro J. Vargas. 2004<\/p><\/div>\n<p>&nbsp;<\/p>\n<div id=\"attachment_18232\" style=\"width: 391px\" class=\"wp-caption aligncenter\"><a href=\"https:\/\/lapiedrafilosofal.com\/wp-content\/uploads\/2015\/11\/vitam-02-copia.jpg\"><img loading=\"lazy\" decoding=\"async\" aria-describedby=\"caption-attachment-18232\" class=\"size-full wp-image-18232\" src=\"https:\/\/lapiedrafilosofal.com\/wp-content\/uploads\/2015\/11\/vitam-02-copia.jpg\" alt=\"\" width=\"381\" height=\"335\" srcset=\"https:\/\/oscarhumbertogomez.com\/wp-content\/uploads\/2015\/11\/vitam-02-copia.jpg 381w, https:\/\/oscarhumbertogomez.com\/wp-content\/uploads\/2015\/11\/vitam-02-copia-300x264.jpg 300w\" sizes=\"auto, (max-width: 381px) 100vw, 381px\" \/><\/a><p id=\"caption-attachment-18232\" class=\"wp-caption-text\">\u00d3SCAR HUMBERTO G\u00d3MEZ G\u00d3MEZ como &#8220;EL CAMPESINO EMBEJUCAO&#8221; \/\/ Fotograf\u00eda: Reynaldo Navarro. 2003.<\/p><\/div>\n<p>&nbsp;<\/p>\n<p><div id=\"attachment_18395\" style=\"width: 650px\" class=\"wp-caption aligncenter\"><a href=\"https:\/\/lapiedrafilosofal.com\/wp-content\/uploads\/2015\/12\/GENERAL-01-1.jpg\"><img loading=\"lazy\" decoding=\"async\" aria-describedby=\"caption-attachment-18395\" class=\"size-large wp-image-18395\" src=\"https:\/\/lapiedrafilosofal.com\/wp-content\/uploads\/2015\/12\/GENERAL-01-1-1024x1024.jpg\" alt=\"\" width=\"640\" height=\"640\" srcset=\"https:\/\/oscarhumbertogomez.com\/wp-content\/uploads\/2015\/12\/GENERAL-01-1-1024x1024.jpg 1024w, https:\/\/oscarhumbertogomez.com\/wp-content\/uploads\/2015\/12\/GENERAL-01-1-150x150.jpg 150w, https:\/\/oscarhumbertogomez.com\/wp-content\/uploads\/2015\/12\/GENERAL-01-1-300x300.jpg 300w, https:\/\/oscarhumbertogomez.com\/wp-content\/uploads\/2015\/12\/GENERAL-01-1.jpg 1418w\" sizes=\"auto, (max-width: 640px) 100vw, 640px\" \/><\/a><p id=\"caption-attachment-18395\" class=\"wp-caption-text\">OSCAR HUMBERTO G\u00d3MEZ G\u00d3MEZ COMO &#8220;EL CAMPESINO EMBEJUCAO&#8221;. [Fotograf\u00eda: Pedro Jes\u00fas Vargas. 2004].<\/p><\/div><img loading=\"lazy\" decoding=\"async\" class=\"aligncenter size-full wp-image-7969\" title=\"TIPLE II\" src=\"https:\/\/lapiedrafilosofal.com\/wp-content\/uploads\/2013\/04\/TIPLE-II.jpg\" alt=\"\" width=\"515\" height=\"978\"><\/p>\n<p>&nbsp;<\/p>\n<p>Los analistas del fen\u00f3meno de EL CAMPESINO EMBEJUCAO han hecho la observaci\u00f3n de que, para aproximarse a las verdaderas dimensiones alcanzadas por la popularidad de esta canci\u00f3n, a estos m\u00e1s de tres millones de visitantes en Internet debe sumarse el estimado del ampl\u00edsimo sector poblacional urbano que no accede a la Red y la inmensa masa campesina y pueblerina, que a pesar de ser fiel seguidora de EL CAMPESINO EMBEJUCAO tampoco se conecta con la <em>web&nbsp;<\/em>y, por consiguiente, jam\u00e1s ha visitado el video, poblaci\u00f3n que todos calculan en, al menos, un mill\u00f3n m\u00e1s de personas. &nbsp;De hecho, diversas personalidades vinculadas a la radio y a la discograf\u00eda, en testimonios rendidos ante el Tribunal Administrativo de Santander dentro del proceso que all\u00ed se adelanta por la pirater\u00eda de la cual fue objeto el popular disco compacto tan pronto como sali\u00f3 a la luz p\u00fablica en el a\u00f1o 2002, han calculado en aproximadamente un mill\u00f3n la cifra de copias ilegales de EL CAMPESINO EMBEJUCAO vendidas ese a\u00f1o.<\/p>\n<p>&nbsp;<\/p>\n<div id=\"attachment_9062\" style=\"width: 810px\" class=\"wp-caption aligncenter\"><img loading=\"lazy\" decoding=\"async\" aria-describedby=\"caption-attachment-9062\" class=\"size-full wp-image-9062\" title=\"PLAZA DE MERCADO SAN GIL\" src=\"https:\/\/lapiedrafilosofal.com\/wp-content\/uploads\/2013\/07\/PLAZA-DE-MERCADO-SAN-GIL.jpg\" alt=\"\" width=\"800\" height=\"449\" srcset=\"https:\/\/oscarhumbertogomez.com\/wp-content\/uploads\/2013\/07\/PLAZA-DE-MERCADO-SAN-GIL.jpg 800w, https:\/\/oscarhumbertogomez.com\/wp-content\/uploads\/2013\/07\/PLAZA-DE-MERCADO-SAN-GIL-300x168.jpg 300w\" sizes=\"auto, (max-width: 800px) 100vw, 800px\" \/><p id=\"caption-attachment-9062\" class=\"wp-caption-text\">&#8220;EL CAMPESINO EMBEJUCAO&#8221; FUE ACOGIDO DESDE SUS INICIOS EN TODOS LOS LUGARES DE CONCENTRACI\u00d3N POPULAR CITADINA, PUEBLERINA Y CAMPESINA, COMO LAS PLAZAS DE MERCADO. EN LA FOTOGRAF\u00cdA, LA PLAZA DE MERCADO DE SAN GIL \/ SANTANDER.<\/p><\/div>\n<p>&nbsp;<\/p>\n<p>En mi condici\u00f3n de autor, compositor, int\u00e9rprete y productor discogr\u00e1fico de EL CAMPESINO EMBEJUCAO, no puedo menos que expresar mi gratitud imperecedera al pueblo santandereano y colombiano que apoy\u00f3 mi bambuco guasca a partir del momento mismo en que comenz\u00f3 a sonar en la radio y, desde luego, a quienes lo han adquirido y lo siguen adquiriendo legalmente.<\/p>\n<p>&nbsp;<\/p>\n<div id=\"attachment_6387\" style=\"width: 595px\" class=\"wp-caption aligncenter\"><a href=\"https:\/\/lapiedrafilosofal.com\/wp-content\/uploads\/2012\/11\/Oscar.png\"><img loading=\"lazy\" decoding=\"async\" aria-describedby=\"caption-attachment-6387\" class=\"size-full wp-image-6387\" src=\"https:\/\/lapiedrafilosofal.com\/wp-content\/uploads\/2012\/11\/Oscar.png\" alt=\"\" width=\"585\" height=\"870\" srcset=\"https:\/\/oscarhumbertogomez.com\/wp-content\/uploads\/2012\/11\/Oscar.png 585w, https:\/\/oscarhumbertogomez.com\/wp-content\/uploads\/2012\/11\/Oscar-201x300.png 201w\" sizes=\"auto, (max-width: 585px) 100vw, 585px\" \/><\/a><p id=\"caption-attachment-6387\" class=\"wp-caption-text\">\u00d3SCAR HUMBERTO G\u00d3MEZ CANTANDO POR PRIMERA VEZ EN P\u00daBLICO &#8220;EL CAMPESINO EMBEJUCAO&#8221; EN EL PATIO DE SU CASA EL S\u00c1BADO 4 DE NOVIEMBRE DE 2000. DETR\u00c1S, CARLOS MANRIQUE, QUIEN SE CONVERTIR\u00cdA EN EL GUITARRISTA DE SU GRUPO ACOMPA\u00d1ANTE.<\/p><\/div>\n<p>&nbsp;<\/p>\n<div id=\"attachment_17094\" style=\"width: 3882px\" class=\"wp-caption aligncenter\"><a href=\"https:\/\/lapiedrafilosofal.com\/wp-content\/uploads\/2015\/07\/DSC_4338.jpg\"><img loading=\"lazy\" decoding=\"async\" aria-describedby=\"caption-attachment-17094\" class=\"size-full wp-image-17094\" src=\"https:\/\/lapiedrafilosofal.com\/wp-content\/uploads\/2015\/07\/DSC_4338.jpg\" alt=\"\" width=\"3872\" height=\"2592\" srcset=\"https:\/\/oscarhumbertogomez.com\/wp-content\/uploads\/2015\/07\/DSC_4338.jpg 3872w, https:\/\/oscarhumbertogomez.com\/wp-content\/uploads\/2015\/07\/DSC_4338-300x201.jpg 300w, https:\/\/oscarhumbertogomez.com\/wp-content\/uploads\/2015\/07\/DSC_4338-1024x685.jpg 1024w\" sizes=\"auto, (max-width: 3872px) 100vw, 3872px\" \/><\/a><p id=\"caption-attachment-17094\" class=\"wp-caption-text\">\u00d3SCAR HUMBERTO G\u00d3MEZ G\u00d3MEZ COMO &#8220;EL CAMPESINO EMBEJUCAO&#8221;, EN EL CIERRE DE LA FERIA DE LAS FLORES DE MEDELL\u00cdN, UNA DE LAS ESCASAS PRESENTACIONES QUE LE PERMITI\u00d3 SU TRABAJO PROFESIONAL DE ABOGADO.<\/p><\/div>\n<p>&nbsp;<\/p>\n<p>Aunque el video oficial, de haberse producido (idea que no se ha descartado) hubiese sido enfocado de manera diferente, el entusiasmo mostrado en la divulgaci\u00f3n de esta canci\u00f3n colombiana por quien lo subi\u00f3 a <em>Youtube<\/em>, nos obliga a expresarle el reconocimiento por su buena intenci\u00f3n y la gratitud que se merece, m\u00e1xime cuando se trata de un exponente de la juventud colombiana que con ello ha contribuido a demostrar que no es verdad que la m\u00fasica andina colombiana sea m\u00fasica &#8220;<em>para cuchos<\/em>&#8220;. Y es que, en honor a la verdad, una expresi\u00f3n musical tan marginada en los grandes medios de comunicaci\u00f3n como lo es la m\u00fasica andina colombiana, tiene hoy por hoy en Internet su veh\u00edculo de divulgaci\u00f3n m\u00e1s efectivo. Mi decisi\u00f3n ha sido la de que los beneficios econ\u00f3micos que paga <em>Youtube<\/em> por estos videos exitosos, gracias a la publicidad incorporada a ellos, sean para quien subi\u00f3 el video a Internet.<\/p>\n<p>&nbsp;<\/p>\n<div id=\"attachment_9060\" style=\"width: 690px\" class=\"wp-caption aligncenter\"><img loading=\"lazy\" decoding=\"async\" aria-describedby=\"caption-attachment-9060\" class=\"size-full wp-image-9060\" title=\"Fiesta_de_San_Isidro_057\" src=\"https:\/\/lapiedrafilosofal.com\/wp-content\/uploads\/2013\/07\/Fiesta_de_San_Isidro_057.jpg\" alt=\"\" width=\"680\" height=\"907\" srcset=\"https:\/\/oscarhumbertogomez.com\/wp-content\/uploads\/2013\/07\/Fiesta_de_San_Isidro_057.jpg 680w, https:\/\/oscarhumbertogomez.com\/wp-content\/uploads\/2013\/07\/Fiesta_de_San_Isidro_057-224x300.jpg 224w\" sizes=\"auto, (max-width: 680px) 100vw, 680px\" \/><p id=\"caption-attachment-9060\" class=\"wp-caption-text\">NI\u00d1A DE GAL\u00c1N \/ SANTANDER CON EL TRAJE CAMPESINO. &#8220;EL CAMPESINO EMBEJUCAO&#8221; FUE, DESDE SUS COMIENZOS, REPRESENTADO POR LA NI\u00d1EZ SANTANDEREANA EN COLEGIOS Y ESCUELAS DEL DEPARTAMENTO.<\/p><\/div>\n<p>&nbsp;<\/p>\n<div id=\"attachment_9063\" style=\"width: 634px\" class=\"wp-caption aligncenter\"><img loading=\"lazy\" decoding=\"async\" aria-describedby=\"caption-attachment-9063\" class=\"size-full wp-image-9063\" title=\"MONSIEU PERIN\u00c9\" src=\"https:\/\/lapiedrafilosofal.com\/wp-content\/uploads\/2013\/07\/MONSIEU-PERIN\u00c9.jpg\" alt=\"\" width=\"624\" height=\"300\" srcset=\"https:\/\/oscarhumbertogomez.com\/wp-content\/uploads\/2013\/07\/MONSIEU-PERIN\u00c9.jpg 624w, https:\/\/oscarhumbertogomez.com\/wp-content\/uploads\/2013\/07\/MONSIEU-PERIN\u00c9-300x144.jpg 300w\" sizes=\"auto, (max-width: 624px) 100vw, 624px\" \/><p id=\"caption-attachment-9063\" class=\"wp-caption-text\">LA JUVENTUD TAMBI\u00c9N SE IDENTIFIC\u00d3 CON &#8220;EL CAMPESINO EMBEJUCAO&#8221;. EN LA FOTO, LA BANDA ROCKERA MONSIEUR PERIN\u00c9, DE BOGOT\u00c1 -GANADORA DEL PREMIO GRAMMY LATINO 2015-, QUE INCORPOR\u00d3 A &#8220;EL CAMPESINO EMBEJUCAO&#8221; EN SU REPERTORIO.<\/p><\/div>\n<p>&nbsp;<\/p>\n<p>Igualmente, va la manifestaci\u00f3n de nuestro afecto a todas las personas que tambi\u00e9n han colgado a EL CAMPESINO EMBEJUCAO en <em>Youtube <\/em>y en otros sitios de Internet, como sus blogs, p\u00e1ginas y portales, y -por supuesto- a todos sus amables visitantes. As\u00ed mismo, nuestro reconocimiento a quienes espont\u00e1neamente han subido a la Red sus propias interpretaciones de la canci\u00f3n, todas ellas muy bonitas.<\/p>\n<p>&nbsp;<\/p>\n<p>Nos complace, de manera especial, observar que en la interpretaci\u00f3n de EL CAMPESINO EMBEJUCAO se han involucrado mujeres, j\u00f3venes, ni\u00f1os y ni\u00f1as.<\/p>\n<p>Si no, que lo diga este sencillo y hermoso video casero en el que la ni\u00f1a Ver\u00f3nica Carrillo con su flauta acompa\u00f1a a Marianels Carrillo quien lo canta con la guitarra.<\/p>\n<p>&nbsp;<\/p>\n<p>Todo esto lo entendemos como demostraciones de cari\u00f1o hacia nuestro bambuco guasca y, por extensi\u00f3n, hacia la tarea cultural que realizamos.<\/p>\n<p>&nbsp;<\/p>\n<div id=\"attachment_9543\" style=\"width: 600px\" class=\"wp-caption aligncenter\"><a href=\"https:\/\/lapiedrafilosofal.com\/wp-content\/uploads\/2013\/08\/OSCAR-HUMBERTO-GOMEZ-EN-LA-PORCINA.jpg\"><img loading=\"lazy\" decoding=\"async\" aria-describedby=\"caption-attachment-9543\" class=\"size-full wp-image-9543\" src=\"https:\/\/lapiedrafilosofal.com\/wp-content\/uploads\/2013\/08\/OSCAR-HUMBERTO-GOMEZ-EN-LA-PORCINA.jpg\" alt=\"\" width=\"590\" height=\"300\" srcset=\"https:\/\/oscarhumbertogomez.com\/wp-content\/uploads\/2013\/08\/OSCAR-HUMBERTO-GOMEZ-EN-LA-PORCINA.jpg 590w, https:\/\/oscarhumbertogomez.com\/wp-content\/uploads\/2013\/08\/OSCAR-HUMBERTO-GOMEZ-EN-LA-PORCINA-300x152.jpg 300w\" sizes=\"auto, (max-width: 590px) 100vw, 590px\" \/><\/a><p id=\"caption-attachment-9543\" class=\"wp-caption-text\">OSCAR HUMBERTO G\u00d3MEZ G\u00d3MEZ COMO &#8220;EL CAMPESINO EMBEJUCAO&#8221; INTERPRETANDO &#8220;LA PORCINA&#8221;. LO ACOMPA\u00d1AN SUS M\u00daSICOS: ADRI\u00c1N MANRIQUE (REQUINTO), \u00c1LVARO NAVARRO (TIPLE), CARLOS MANRIQUE (GUITARRA) Y JORGE RODR\u00cdGUEZ (GUACHARACA). [Fotograf\u00eda:<br \/>EL TIEMPO, 2 de junio de 2009, informe de primera p\u00e1gina por F\u00e9lix Quintero].<\/p><\/div>\n<p>&nbsp;<\/p>\n<div id=\"attachment_18196\" style=\"width: 374px\" class=\"wp-caption aligncenter\"><a href=\"https:\/\/lapiedrafilosofal.com\/wp-content\/uploads\/2015\/11\/vitam-03-copia.jpg\"><img loading=\"lazy\" decoding=\"async\" aria-describedby=\"caption-attachment-18196\" class=\"size-full wp-image-18196\" src=\"https:\/\/lapiedrafilosofal.com\/wp-content\/uploads\/2015\/11\/vitam-03-copia.jpg\" alt=\"\" width=\"364\" height=\"333\" srcset=\"https:\/\/oscarhumbertogomez.com\/wp-content\/uploads\/2015\/11\/vitam-03-copia.jpg 364w, https:\/\/oscarhumbertogomez.com\/wp-content\/uploads\/2015\/11\/vitam-03-copia-300x274.jpg 300w\" sizes=\"auto, (max-width: 364px) 100vw, 364px\" \/><\/a><p id=\"caption-attachment-18196\" class=\"wp-caption-text\">\u00d3SCAR HUMBERTO G\u00d3MEZ G\u00d3MEZ como &#8220;EL CAMPESINO EMBEJUCAO&#8221; [Fotograf\u00eda: Reinaldo Navarro. 2003].<\/p><\/div>\n<p>&nbsp;<\/p>\n<p>Como en el video que ha sobrepasado los tres millones de visitas se ha insertado tambi\u00e9n la letra de la canci\u00f3n, queremos llamar la atenci\u00f3n sobre algunos errores que aparecen en la misma para que sean corregidos. La letra correcta es la siguiente:<\/p>\n<p><em>&#8220;Me tienen arrecho con tanta juepuerca preguntadera que qu\u00e9 color tiene mi bandera, que si yo soy godo o soy liberal;<\/em><\/p>\n<p><em>me tienen verraco con tanta juepuerca averiguadera que si soy eleno, <strong>epelo<\/strong>&#8220;siquera&#8221; (siquiera), apoyo a las AUC o soy de las &#8220;JARC&#8221; (FARC).<\/em><\/p>\n<p><em>me tienen mamao con tanta juepuerca interrogadera que si yo a la tropa le abro la cerca, si le doy el agua de mi manantial<\/em><\/p>\n<p><em>que si soy comunista, de Anapo, de izquierda o de la derecha, que si imperialista, qu\u00e9 joda arrecha resulta querer vivir uno en paz.<\/em><\/p>\n<p><em>CORO: Yo soy campesino, trabajador, pobre y muy honrado<\/em><\/p>\n<p><em>Viv\u00eda muy alegre, pero me tienen embejucao (BIS).<\/em><\/p>\n<p><em>Pues miren, se\u00f1ores, a todos ustedes yo les contesto, y quiero que quede muy claro esto: yo no soy de naide, hago el bien, no el mal;<\/em><\/p>\n<p><em>trabajo en el surco desde que el gallo me anuncia el d\u00eda y solo consigo pa&#8217; mi jamilia poquitas sonrisas y a\u00fan menos pan;<\/em><\/p>\n<p><em>aqu\u00ed naide viene sin\u00f3 cuando tienen las elecciones, llegan a joder que con los colores y con los dotores que el cambio har\u00e1n;<\/em><\/p>\n<p><em>yo soy hombre del campo o mejor dicho: soy campesino, as\u00ed que les ruego, suplico y pido: ya no m\u00e1s preguntas, no me jodan m\u00e1s (BIS)&#8221;.<\/em><\/p>\n<p>&nbsp;<\/p>\n<div id=\"attachment_6380\" style=\"width: 490px\" class=\"wp-caption aligncenter\"><a href=\"https:\/\/lapiedrafilosofal.com\/wp-content\/uploads\/2012\/11\/campesino-embejucao.jpg\"><img loading=\"lazy\" decoding=\"async\" aria-describedby=\"caption-attachment-6380\" class=\"size-full wp-image-6380\" src=\"https:\/\/lapiedrafilosofal.com\/wp-content\/uploads\/2012\/11\/campesino-embejucao.jpg\" alt=\"\" width=\"480\" height=\"640\" srcset=\"https:\/\/oscarhumbertogomez.com\/wp-content\/uploads\/2012\/11\/campesino-embejucao.jpg 480w, https:\/\/oscarhumbertogomez.com\/wp-content\/uploads\/2012\/11\/campesino-embejucao-225x300.jpg 225w\" sizes=\"auto, (max-width: 480px) 100vw, 480px\" \/><\/a><p id=\"caption-attachment-6380\" class=\"wp-caption-text\">EL ARTE POPULAR HA EXALTADO A &#8220;EL CAMPESINO EMBEJUCAO&#8221; COMO S\u00cdMBOLO DE NUESTRO PUEBLO. \/ EN LA FOTO: ESTATUA HUMANA DE &#8220;EL CAMPESINO EMBEJUCAO&#8221; EN LA FERIA DEL HOGAR. C\u00c1MARA DE COMERCIO DE BUCARAMANGA. A\u00d1O 2009.<\/p><\/div>\n<p>&nbsp;<\/p>\n<p>\u00a1Gracias, Bucaramanga! \u00a1Gracias, Santander! \u00a1Tres millones de gracias, Colombia!<\/p>\n<p>&nbsp;<\/p>\n<div id=\"attachment_18199\" style=\"width: 514px\" class=\"wp-caption aligncenter\"><a href=\"https:\/\/lapiedrafilosofal.com\/wp-content\/uploads\/2014\/06\/vitam-01-copia.jpg\"><img loading=\"lazy\" decoding=\"async\" aria-describedby=\"caption-attachment-18199\" class=\"size-full wp-image-18199\" src=\"https:\/\/lapiedrafilosofal.com\/wp-content\/uploads\/2014\/06\/vitam-01-copia.jpg\" alt=\"\" width=\"504\" height=\"893\" srcset=\"https:\/\/oscarhumbertogomez.com\/wp-content\/uploads\/2014\/06\/vitam-01-copia.jpg 504w, https:\/\/oscarhumbertogomez.com\/wp-content\/uploads\/2014\/06\/vitam-01-copia-169x300.jpg 169w\" sizes=\"auto, (max-width: 504px) 100vw, 504px\" \/><\/a><p id=\"caption-attachment-18199\" class=\"wp-caption-text\">\u00d3SCAR HUMBERTO G\u00d3MEZ G\u00d3MEZ COMO &#8220;EL CAMPESINO EMBEJUCAO&#8221;. [Fotograf\u00eda: Reynaldo Navarro. 2004. Locaci\u00f3n: Plaza de Mercado Central de Bucaramanga].<\/p><\/div>\n<p>&nbsp;<\/p>\n<div id=\"attachment_17014\" style=\"width: 510px\" class=\"wp-caption aligncenter\"><a href=\"https:\/\/lapiedrafilosofal.com\/wp-content\/uploads\/2015\/06\/Oscar-Humberto-Gmez-Gmez-Oscar-H-Gmez.jpg\"><img loading=\"lazy\" decoding=\"async\" aria-describedby=\"caption-attachment-17014\" class=\"size-full wp-image-17014\" src=\"https:\/\/lapiedrafilosofal.com\/wp-content\/uploads\/2015\/06\/Oscar-Humberto-Gmez-Gmez-Oscar-H-Gmez.jpg\" alt=\"\" width=\"500\" height=\"254\" srcset=\"https:\/\/oscarhumbertogomez.com\/wp-content\/uploads\/2015\/06\/Oscar-Humberto-Gmez-Gmez-Oscar-H-Gmez.jpg 500w, https:\/\/oscarhumbertogomez.com\/wp-content\/uploads\/2015\/06\/Oscar-Humberto-Gmez-Gmez-Oscar-H-Gmez-300x152.jpg 300w\" sizes=\"auto, (max-width: 500px) 100vw, 500px\" \/><\/a><p id=\"caption-attachment-17014\" class=\"wp-caption-text\">&#8220;EL CAMPESINO EMBEJUCAO&#8221; Y &#8220;LOS DE MEJOR JAMILIA&#8221; [Fotograf\u00eda: F\u00e9lix Quintero. EL TIEMPO. 2009].<\/p><\/div>\n<p>&nbsp;<\/p>\n<div id=\"attachment_15431\" style=\"width: 650px\" class=\"wp-caption aligncenter\"><a href=\"https:\/\/lapiedrafilosofal.com\/wp-content\/uploads\/2015\/02\/V\u00cdCTOR-SU\u00c1REZ-.jpg\"><img loading=\"lazy\" decoding=\"async\" aria-describedby=\"caption-attachment-15431\" class=\"size-full wp-image-15431\" src=\"https:\/\/lapiedrafilosofal.com\/wp-content\/uploads\/2015\/02\/V\u00cdCTOR-SU\u00c1REZ-.jpg\" alt=\"\" width=\"640\" height=\"640\" srcset=\"https:\/\/oscarhumbertogomez.com\/wp-content\/uploads\/2015\/02\/V\u00cdCTOR-SU\u00c1REZ-.jpg 640w, https:\/\/oscarhumbertogomez.com\/wp-content\/uploads\/2015\/02\/V\u00cdCTOR-SU\u00c1REZ--150x150.jpg 150w, https:\/\/oscarhumbertogomez.com\/wp-content\/uploads\/2015\/02\/V\u00cdCTOR-SU\u00c1REZ--300x300.jpg 300w\" sizes=\"auto, (max-width: 640px) 100vw, 640px\" \/><\/a><p id=\"caption-attachment-15431\" class=\"wp-caption-text\">V\u00cdCTOR SU\u00c1REZ, PRINCIPAL DIVULGADOR DE &#8220;EL CAMPESINO EMBEJUCAO&#8221; EN LA RADIO COLOMBIANA.<\/p><\/div>\n<p>&nbsp;<\/p>\n<p>Amigas y amigos: Y a continuaci\u00f3n, &#8220;EL CAMPESINO EMBEJUCAO&#8221;:<\/p>\n<p>&nbsp;<\/p>\n<p><iframe loading=\"lazy\" src=\"https:\/\/www.youtube-nocookie.com\/embed\/V2M7U7SiX_4?rel=0\" width=\"560\" height=\"315\" frameborder=\"0\" allowfullscreen=\"allowfullscreen\"><\/iframe><\/p>\n<p>&nbsp;<\/p>\n<p>\u00a1Un abrazo!<\/p>\n<p>\u00d3SCAR HUMBERTO G\u00d3MEZ G\u00d3MEZ<\/p>\n<p>Mesa de las Tempestades, \u00c1rea Metropolitana de Bucaramanga, martes 31 de enero de 2017.<\/p>\n<p>_______________<\/p>\n<p>&nbsp;<\/p>\n<p><a href=\"https:\/\/lapiedrafilosofal.com\/wp-content\/uploads\/2013\/05\/OSCAR-HBTO.jpg\"><img loading=\"lazy\" decoding=\"async\" class=\"aligncenter size-full wp-image-8284\" src=\"https:\/\/lapiedrafilosofal.com\/wp-content\/uploads\/2013\/05\/OSCAR-HBTO.jpg\" alt=\"\" width=\"299\" height=\"448\" srcset=\"https:\/\/oscarhumbertogomez.com\/wp-content\/uploads\/2013\/05\/OSCAR-HBTO.jpg 299w, https:\/\/oscarhumbertogomez.com\/wp-content\/uploads\/2013\/05\/OSCAR-HBTO-200x300.jpg 200w\" sizes=\"auto, (max-width: 299px) 100vw, 299px\" \/><\/a><\/p>\n<p>&nbsp;<\/p>\n<p><strong><span style=\"color: #ff0000;\">COMUNICADO<\/span><\/strong><\/p>\n<p>&nbsp;<\/p>\n<p>En mi condici\u00f3n de compositor, int\u00e9rprete y productor discogr\u00e1fico de EL CAMPESINO EMBEJUCAO, hago saber a los suscriptores de &#8220;Santander en la Red&#8221;, visitantes de mi blog y, en general, a la opini\u00f3n p\u00fablica:<\/p>\n<p>PRIMERO: Que apenas unas horas despu\u00e9s de haber sido remitida a los suscriptores de mi blog la entrada que informaba que el video no oficial de &#8220;El campesino embejucao&#8221; subido a Youtube por el joven Weimar Salazar hab\u00eda sobrepasado los <strong>tres millones de visitantes<\/strong>, la cuenta le fue cancelada aduciendo supuestas &#8220;reiteradas notificaciones de terceros sobre infracciones a los derechos de autor&#8221;.<\/p>\n<p>SEGUNDO: Que yo JAM\u00c1S me he dirigido a Youtube para formular queja alguna por la divulgaci\u00f3n del video.<\/p>\n<p>TERCERO: Que, por el contrario, tanto cuando el video alcanz\u00f3 el mill\u00f3n de visitantes como cuando logr\u00f3 los dos millones y cuando arrib\u00f3 a los tres millones, siempre insert\u00e9 en mi blog una entrada registrando el correspondiente acontecimiento y felicitando p\u00fablicamente a quien hab\u00eda subido el exitoso video a Youtube, as\u00ed -como tambi\u00e9n lo expres\u00e9- no estuviera de acuerdo con el enfoque pol\u00edtico que esta persona le dio.<\/p>\n<p>CUARTO: Que para m\u00ed siempre fue perfectamente claro que el joven Weimar Salazar, al subir el video y darle el enfoque pol\u00edtico que le dio, actu\u00f3 en ejercicio de su derecho a la libertad de expresi\u00f3n, pilar fundamental de toda sociedad democr\u00e1tica y garant\u00eda por la cual yo he luchado toda mi vida.<\/p>\n<p>QUINTO: Que como \u00daNICO titular que soy de los derechos de autor, de interpretaci\u00f3n y de producci\u00f3n de &#8220;El campesino embejucao&#8221;, manifiesto p\u00fablicamente mi total desacuerdo con la decisi\u00f3n de Youtube de vetar el video subido por Weimar Salazar.<\/p>\n<p>SEXTO: Que yo era&nbsp;el \u00daNICO que estaba habilitado para elevar las protestas que &#8220;terceros&#8221; -a quienes Youtube no identifica- formularon contra \u00e9l.<\/p>\n<p>S\u00c9TIMO: Que, en consecuencia, me estoy dirigiendo a Youtube para solicitarle, con todo comedimiento, que el video de EL CAMPESINO EMBEJUCAO sea restablecido de inmediato, respetando su largo historial de visitas y comentarios, no importa que algunos o muchos de ellos me sean desfavorables.<\/p>\n<p>OCTAVO: Que, tal y como lo expres\u00e9 en las entradas de mi blog relacionadas con el video, fue mi voluntad la de que los dineros que Youtube pudiera llegar a reconocer por el video de &#8220;El campesino embejucao&#8221; subido por Weimar Salazar fueran para \u00e9l, y por lo tanto si \u00e9l cobr\u00f3 dineros por tal concepto no hizo nada que contrariara mi voluntad.<\/p>\n<p>NOVENO: Que mis derechos de autor, de interpretaci\u00f3n y de producci\u00f3n discogr\u00e1fica sobre &#8220;El campesino embejucao&#8221; se mantienen en mi poder, tanto desde el punto de vista econ\u00f3mico como desde el punto de vista moral, de conformidad con las normas nacionales e internacionales sobre propiedad intelectual.<\/p>\n<p>D\u00c9CIMO: Que, por consiguiente, lo que aqu\u00ed se expresa se circunscribe, \u00fanica y exclusivamente, al video de mi canci\u00f3n &#8220;El campesino embejucao&#8221; subido a Youtube por el joven Weimar Salazar.<\/p>\n<p>Mesa de las Tempestades, \u00c1rea Metropolitana de Bucaramanga, martes 21 de febrero de 2017.<\/p>\n<p>\u00d3SCAR HUMBERTO G\u00d3MEZ G\u00d3MEZ<\/p>\n<p>Carn\u00e9 No. 3269 de la Sociedad de Autores y Compositores de Colombia (SAYCO)<\/p>\n<p>&nbsp;<\/p>\n","protected":false},"excerpt":{"rendered":"<p>&nbsp; El video NO OFICIAL de EL CAMPESINO EMBEJUCAO que circula en Youtube sobrepas\u00f3 los TRES MILLONES de visitantes, cifra que posiciona esta canci\u00f3n como una de las m\u00e1s escuchadas de la m\u00fasica andina colombiana en Internet y una de &hellip; <a href=\"https:\/\/oscarhumbertogomez.com\/?p=20698\">Sigue leyendo <span class=\"meta-nav\">&rarr;<\/span><\/a><\/p>\n<div class='heateorSssClear'><\/div><div  class='heateor_sss_sharing_container heateor_sss_horizontal_sharing' heateor-sss-data-href='https:\/\/oscarhumbertogomez.com\/?p=20698'><div class='heateor_sss_sharing_title' style=\"font-weight:bold\" >\u00a1Gracias por compartirla!<\/div><ul class=\"heateor_sss_sharing_ul\"><li class=\"heateorSssSharingRound\"><i style=\"width:35px;height:35px;border-radius:999px;\" alt=\"Facebook\" Title=\"Facebook\" class=\"heateorSssSharing heateorSssFacebookBackground\" onclick='heateorSssPopup(\"https:\/\/www.facebook.com\/sharer\/sharer.php?u=https%3A%2F%2Foscarhumbertogomez.com%2Findex.php%3Frest_route%3D%252Fwp%252Fv2%252Fposts%252F20698\")'><ss style=\"display:block;border-radius:999px;\" class=\"heateorSssSharingSvg heateorSssFacebookSvg\"><\/ss><\/i><\/li><li class=\"heateorSssSharingRound\"><i style=\"width:35px;height:35px;border-radius:999px;\" alt=\"Twitter\" Title=\"Twitter\" class=\"heateorSssSharing heateorSssTwitterBackground\" onclick='heateorSssPopup(\"http:\/\/twitter.com\/intent\/tweet?text=Video%20no%20oficial%20de%20%22EL%20CAMPESINO%20EMBEJUCAO%22%20en%20Internet%20super%C3%B3%20los%20TRES%20MILLONES%20de%20visitantes.%20Por%20%C3%93scar%20Humberto%20G%C3%B3mez%20G%C3%B3mez&url=https%3A%2F%2Foscarhumbertogomez.com%2Findex.php%3Frest_route%3D%252Fwp%252Fv2%252Fposts%252F20698\")'><ss style=\"display:block;border-radius:999px;\" class=\"heateorSssSharingSvg heateorSssTwitterSvg\"><\/ss><\/i><\/li><li class=\"heateorSssSharingRound\"><i style=\"width:35px;height:35px;border-radius:999px;\" alt=\"Whatsapp\" Title=\"Whatsapp\" class=\"heateorSssSharing heateorSssWhatsappBackground\" onclick='heateorSssPopup(\"https:\/\/web.whatsapp.com\/send?text=Video%20no%20oficial%20de%20%22EL%20CAMPESINO%20EMBEJUCAO%22%20en%20Internet%20super%C3%B3%20los%20TRES%20MILLONES%20de%20visitantes.%20Por%20%C3%93scar%20Humberto%20G%C3%B3mez%20G%C3%B3mez https%3A%2F%2Foscarhumbertogomez.com%2Findex.php%3Frest_route%3D%252Fwp%252Fv2%252Fposts%252F20698\")'><ss style=\"display:block\" class=\"heateorSssSharingSvg heateorSssWhatsappSvg\"><\/ss><\/i><\/li><li class=\"heateorSssSharingRound\"><i style=\"width:35px;height:35px;border-radius:999px;\" alt=\"Pinterest\" Title=\"Pinterest\" class=\"heateorSssSharing heateorSssPinterestBackground\" onclick=\"javascript:void( (function() {var e=document.createElement('script' );e.setAttribute('type','text\/javascript' );e.setAttribute('charset','UTF-8' );e.setAttribute('src','\/\/assets.pinterest.com\/js\/pinmarklet.js?r='+Math.random()*99999999);document.body.appendChild(e)})());\"><ss style=\"display:block;border-radius:999px;\" class=\"heateorSssSharingSvg heateorSssPinterestSvg\"><\/ss><\/i><\/li><li class=\"heateorSssSharingRound\"><i style=\"width:35px;height:35px;border-radius:999px;\" alt=\"Google Gmail\" Title=\"Google Gmail\" class=\"heateorSssSharing heateorSssGoogleGmailBackground\" onclick='heateorSssPopup(\"https:\/\/mail.google.com\/mail\/?ui=2&view=cm&fs=1&tf=1&su=Video%20no%20oficial%20de%20%22EL%20CAMPESINO%20EMBEJUCAO%22%20en%20Internet%20super%C3%B3%20los%20TRES%20MILLONES%20de%20visitantes.%20Por%20%C3%93scar%20Humberto%20G%C3%B3mez%20G%C3%B3mez&body=Link:https%3A%2F%2Foscarhumbertogomez.com%2Findex.php%3Frest_route%3D%252Fwp%252Fv2%252Fposts%252F20698\")'><ss style=\"display:block;border-radius:999px;\" class=\"heateorSssSharingSvg heateorSssGoogleGmailSvg\"><\/ss><\/i><\/li><li class=\"heateorSssSharingRound\"><i style=\"width:35px;height:35px;border-radius:999px;\" title=\"More\" alt=\"More\" class=\"heateorSssSharing heateorSssMoreBackground\" onclick=\"heateorSssMoreSharingPopup(this, 'https:\/\/oscarhumbertogomez.com\/index.php?rest_route=%2Fwp%2Fv2%2Fposts%2F20698', 'Video%20no%20oficial%20de%20%22EL%20CAMPESINO%20EMBEJUCAO%22%20en%20Internet%20super%C3%B3%20los%20TRES%20MILLONES%20de%20visitantes.%20Por%20%C3%93scar%20Humberto%20G%C3%B3mez%20G%C3%B3mez', '' )\" ><ss style=\"display:block\" class=\"heateorSssSharingSvg heateorSssMoreSvg\"><\/ss><\/i><\/li><\/ul><div class=\"heateorSssClear\"><\/div><\/div><div class='heateorSssClear'><\/div>","protected":false},"author":2,"featured_media":0,"comment_status":"open","ping_status":"open","sticky":false,"template":"","format":"standard","meta":{"spay_email":"","footnotes":""},"categories":[8],"tags":[],"class_list":["post-20698","post","type-post","status-publish","format-standard","hentry","category-musica"],"jetpack_featured_media_url":"","jetpack_shortlink":"https:\/\/wp.me\/p1FYrr-5nQ","_links":{"self":[{"href":"https:\/\/oscarhumbertogomez.com\/index.php?rest_route=\/wp\/v2\/posts\/20698","targetHints":{"allow":["GET"]}}],"collection":[{"href":"https:\/\/oscarhumbertogomez.com\/index.php?rest_route=\/wp\/v2\/posts"}],"about":[{"href":"https:\/\/oscarhumbertogomez.com\/index.php?rest_route=\/wp\/v2\/types\/post"}],"author":[{"embeddable":true,"href":"https:\/\/oscarhumbertogomez.com\/index.php?rest_route=\/wp\/v2\/users\/2"}],"replies":[{"embeddable":true,"href":"https:\/\/oscarhumbertogomez.com\/index.php?rest_route=%2Fwp%2Fv2%2Fcomments&post=20698"}],"version-history":[{"count":4,"href":"https:\/\/oscarhumbertogomez.com\/index.php?rest_route=\/wp\/v2\/posts\/20698\/revisions"}],"predecessor-version":[{"id":51113,"href":"https:\/\/oscarhumbertogomez.com\/index.php?rest_route=\/wp\/v2\/posts\/20698\/revisions\/51113"}],"wp:attachment":[{"href":"https:\/\/oscarhumbertogomez.com\/index.php?rest_route=%2Fwp%2Fv2%2Fmedia&parent=20698"}],"wp:term":[{"taxonomy":"category","embeddable":true,"href":"https:\/\/oscarhumbertogomez.com\/index.php?rest_route=%2Fwp%2Fv2%2Fcategories&post=20698"},{"taxonomy":"post_tag","embeddable":true,"href":"https:\/\/oscarhumbertogomez.com\/index.php?rest_route=%2Fwp%2Fv2%2Ftags&post=20698"}],"curies":[{"name":"wp","href":"https:\/\/api.w.org\/{rel}","templated":true}]}}