{"id":21133,"date":"2017-02-25T21:11:10","date_gmt":"2017-02-26T02:11:10","guid":{"rendered":"http:\/\/www.oscarhumbertogomez.com\/?p=21133"},"modified":"2022-04-05T10:44:10","modified_gmt":"2022-04-05T15:44:10","slug":"asi-es-mi-pueblo-marcha-autor-compositor-e-interprete-luis-gabriel-notas-de-oscar-humberto-gomez-gomez","status":"publish","type":"post","link":"https:\/\/oscarhumbertogomez.com\/?p=21133","title":{"rendered":"AS\u00cd ES MI PUEBLO [Marcha]. Autor, compositor e int\u00e9rprete: LUIS GABRIEL. Notas de \u00d3scar Humberto G\u00f3mez G\u00f3mez"},"content":{"rendered":"<p><a href=\"https:\/\/lapiedrafilosofal.com\/wp-content\/uploads\/2017\/02\/LUIS-GABRIEL-.jpg\"><img loading=\"lazy\" decoding=\"async\" class=\"aligncenter size-full wp-image-21143\" src=\"https:\/\/lapiedrafilosofal.com\/wp-content\/uploads\/2017\/02\/LUIS-GABRIEL-.jpg\" alt=\"\" width=\"480\" height=\"360\" srcset=\"https:\/\/oscarhumbertogomez.com\/wp-content\/uploads\/2017\/02\/LUIS-GABRIEL-.jpg 480w, https:\/\/oscarhumbertogomez.com\/wp-content\/uploads\/2017\/02\/LUIS-GABRIEL--300x225.jpg 300w\" sizes=\"auto, (max-width: 480px) 100vw, 480px\" \/><\/a><\/p>\n<p>&nbsp;<\/p>\n<p>Para la primera mitad de los a\u00f1os 70, ya el Carnaval de Barranquilla, que se celebraba cada a\u00f1o en la pujante urbe en la que se convirti\u00f3 el viejo y arenoso caser\u00edo de Barrancas de San Nicol\u00e1s, era percibido como una fiesta de profundo arraigo popular a la cual se volcaba la sociedad entera para darle rienda suelta a su alegr\u00eda.<\/p>\n<p>Empero, no todos los barranquilleros hac\u00edan lo mismo, ni pensaban igual. Hab\u00eda, por el contrario, quienes cre\u00edan que detr\u00e1s de aquel desencadenamiento de bullicio, m\u00fasica, baile, licor y belleza, hab\u00eda una realidad social marcada por la necesidad y que ese pueblo que se lanzaba a las calles en un turbi\u00f3n de regocijo alrededor de las marimondas, los monocucos, el Rey Momo y Joselito Carnaval, en buena parte desfogaba su tristeza por el hambre, el desempleo y la carencia de amor. Que el carnaval equival\u00eda, como en la canci\u00f3n de Los Beatles, a la soledad dentro de la multitud.<\/p>\n<p>Uno de esos barranquilleros de pura cepa que, a pesar de serlo, no se volcaban a las calles a gritar al paso de las carrozas y las comparsas, y prefer\u00eda, m\u00e1s bien, irse a un parque y dedicarse durante horas a observar desde all\u00ed el transcurrir de la vida, no pod\u00eda ser, claro est\u00e1, sino un cantante de protesta.<\/p>\n<p>Cantante y, adem\u00e1s, creador de sus propias canciones.<\/p>\n<p>&nbsp;<\/p>\n<p><a href=\"https:\/\/lapiedrafilosofal.com\/wp-content\/uploads\/2017\/02\/LUIS-GABRIEL.jpg\"><img loading=\"lazy\" decoding=\"async\" class=\"aligncenter size-full wp-image-21144\" src=\"https:\/\/lapiedrafilosofal.com\/wp-content\/uploads\/2017\/02\/LUIS-GABRIEL.jpg\" alt=\"\" width=\"480\" height=\"360\" srcset=\"https:\/\/oscarhumbertogomez.com\/wp-content\/uploads\/2017\/02\/LUIS-GABRIEL.jpg 480w, https:\/\/oscarhumbertogomez.com\/wp-content\/uploads\/2017\/02\/LUIS-GABRIEL-300x225.jpg 300w\" sizes=\"auto, (max-width: 480px) 100vw, 480px\" \/><\/a><\/p>\n<p>&nbsp;<\/p>\n<p>Aquel cantautor era un muchacho flaco y sonriente, que aparec\u00eda en la televisi\u00f3n -por aquel entonces todav\u00eda en blanco y negro- y paralizaba la atenci\u00f3n del pa\u00eds con su picard\u00eda y unas letras cargadas de sensibilidad social. Se llamaba Luis Gabriel Naranjo y, como una expresi\u00f3n m\u00e1s de su simplicidad, su nombre art\u00edstico no era otro que su mismo nombre de pila.<\/p>\n<p>Luis Gabriel Naranjo Arce naci\u00f3 en Curramba La Bella el 30 de mayo de 1950 y para los principios de los a\u00f1os 70 viv\u00eda en Canad\u00e1, pa\u00eds de donde se vino a Colombia con el prop\u00f3sito de iniciar la que, en efecto, fue una carrera art\u00edstica tan fugaz como exitosa.<\/p>\n<p>En 1973 Leonardo \u00c1lvarez organiz\u00f3 una nueva edici\u00f3n de su Festival del Coco o Festival de la Canci\u00f3n Protesta, certamen que ten\u00eda como sede a San Andr\u00e9s Isla, pero ese a\u00f1o fue trasladado a Barranquilla. Eran los tiempos en que emerg\u00eda el dueto Elia y Elizabeth, conformado por las hermanas Fleta Mallol, bogotanas de nacimiento, pero criadas en la capital del Atl\u00e1ntico, hijas de espa\u00f1oles que se hab\u00edan conocido precisamente en La Arenosa. Luis Gabriel particip\u00f3 con la canci\u00f3n <em>Por favor, sonr\u00eda <\/em>(<em>&#8220;Sonr\u00eda, qu\u00e9 bella es la vida, formemos un mundo de paz y de amor&#8221;<\/em>). No gan\u00f3, qued\u00f3 de segundo, por delante del &#8220;venezolano&#8221; Gimeno (Gimeno Acosta, del que habr\u00eda de saberse despu\u00e9s que no hab\u00eda nacido en Venezuela, sino en Islas Canarias), quien ocup\u00f3 el tercer puesto con la canci\u00f3n <em>Vac\u00edo<\/em>; el ganador, con la canci\u00f3n <em>Hay un ni\u00f1o en la calle y un diamante en un baile<\/em>, fue el mismo cantautor santandereano que el a\u00f1o inmediatamente anterior hab\u00eda participado en el festival celebrado en la isla de ensue\u00f1o incrustada en el mar Caribe y que luego nos disputar\u00eda Nicaragua: Pablus Gallinazo, quien en su disco <em>long play<\/em> de entonces les puso a las canciones con las que particip\u00f3 un asterisco y en la parte inferior de la car\u00e1tula hizo anotar frente al asterisco explicativo la siguiente frase: &#8220;Canci\u00f3n perdedora en el Festival de la Canci\u00f3n Protesta de San Andr\u00e9s&#8221;.<\/p>\n<p>&nbsp;<\/p>\n<p><a href=\"https:\/\/lapiedrafilosofal.com\/wp-content\/uploads\/2017\/02\/luis-gabriel.jpg\"><img loading=\"lazy\" decoding=\"async\" class=\"aligncenter size-large wp-image-21145\" src=\"https:\/\/lapiedrafilosofal.com\/wp-content\/uploads\/2017\/02\/luis-gabriel-1024x630.jpg\" alt=\"\" width=\"640\" height=\"394\" srcset=\"https:\/\/oscarhumbertogomez.com\/wp-content\/uploads\/2017\/02\/luis-gabriel-1024x630.jpg 1024w, https:\/\/oscarhumbertogomez.com\/wp-content\/uploads\/2017\/02\/luis-gabriel-300x184.jpg 300w, https:\/\/oscarhumbertogomez.com\/wp-content\/uploads\/2017\/02\/luis-gabriel-768x472.jpg 768w, https:\/\/oscarhumbertogomez.com\/wp-content\/uploads\/2017\/02\/luis-gabriel.jpg 1085w\" sizes=\"auto, (max-width: 640px) 100vw, 640px\" \/><\/a><\/p>\n<p>&nbsp;<\/p>\n<p>Al a\u00f1o siguiente, 1974, Luis Gabriel sorprendi\u00f3 a los televidentes colombianos cuando apareci\u00f3 cantando su nueva canci\u00f3n&nbsp;<em>As\u00ed es mi pueblo<\/em> en la que&nbsp;criticaba, con letra sencilla, aguda y desprovista de cualquier atisbo de aspereza, acompa\u00f1ado por una banda de pueblo (de esas que daban retreta en los parques los domingos y que desaparecieron porque en este pa\u00eds nunca hay plata para la cultura), aquellas fiestas anuales de su Barranquilla natal en las que, seg\u00fan \u00e9l, lo que hac\u00eda su gente era olvidarse de las l\u00e1grimas.<\/p>\n<p>En aquella \u00e9poca no exist\u00edan a\u00fan los videos musicales. La realizaci\u00f3n de uno significaba un costo inalcanzable. Mucho menos pod\u00eda so\u00f1arse siquiera con hacerlo a partir, nada m\u00e1s ni nada menos, que de una canci\u00f3n de protesta.<\/p>\n<p>Julio Luzardo, miembro de una familia estrechamente vinculada a la historia de nuestra televisi\u00f3n, cuenta que a la saz\u00f3n se adelantaba en Colombia la campa\u00f1a por la presidencia de la Rep\u00fablica y que quienes estaban detr\u00e1s de la idea de producir un video de Luis Gabriel con los pocos recursos disponibles vieron la feliz ocasi\u00f3n de hacerlo con&nbsp;<em>As\u00ed es mi pueblo&nbsp;<\/em>aprovechando las im\u00e1genes para televisi\u00f3n tomadas a las concurridas manifestaciones populares a favor de uno de aquellos candidatos, el doctor \u00c1lvaro G\u00f3mez Hurtado.<\/p>\n<p>Con esas tomas y otras efectuadas en los que \u00e9l describe como &#8220;pueblitos del norte&#8221;, el video se hizo realidad.<\/p>\n<p>Lo hemos insertado en las dos versiones subidas a Internet, la primera por el propio Julio Luzardo, y la segunda con mejor sonido, por alguien que le imprimi\u00f3 los recursos de la modernidad a un trabajo art\u00edstico que fue joven en su momento, pero que hoy tiene m\u00e1s de cuarenta a\u00f1os.<\/p>\n<p>Tambi\u00e9n transcribimos la letra completa de la canci\u00f3n.<\/p>\n<p>&nbsp;<\/p>\n<p><a href=\"https:\/\/lapiedrafilosofal.com\/wp-content\/uploads\/2017\/02\/Luis-Gabriel.jpeg\"><img decoding=\"async\" class=\"aligncenter size-full wp-image-21146\" src=\"https:\/\/lapiedrafilosofal.com\/wp-content\/uploads\/2017\/02\/Luis-Gabriel.jpeg\" alt=\"\" width=\"450\"><\/a><\/p>\n<p>&nbsp;<\/p>\n<p>Aqu\u00ed est\u00e1, pues, Luis Gabriel en <em>As\u00ed es mi pueblo,&nbsp;<\/em>grata recordaci\u00f3n de una \u00e9poca y, por supuesto, de una expresi\u00f3n art\u00edstica -la canci\u00f3n protesta- que cal\u00f3 hondamente en la sociedad colombiana de aquel entonces.<\/p>\n<p>&nbsp;<\/p>\n<p>\u00a1Bienvenidos!<\/p>\n<p>&nbsp;<\/p>\n<p><strong>AS\u00cd ES MI PUEBLO<\/strong><\/p>\n<p><em>Marcha<\/em><\/p>\n<p>(<em>Luis Gabriel Naranjo<\/em>)<\/p>\n<p>La fiesta va a empezar<br \/>\nY el pueblo canta y baila sin parar,<br \/>\nLa fiesta va a empezar<br \/>\nY el pueblo canta y baila sin parar.<\/p>\n<p>Mi pueblo se ha quedado sin pescado<br \/>\nY la carne en el mercado, racionada est\u00e1,<br \/>\nLos cerdos y gallinas van de huelga,<br \/>\nLos borrachos van de juerga<br \/>\nY los ni\u00f1os a rezar.<\/p>\n<p>Aprisa, aprisa, el cura llama a misa,<br \/>\nLas comadres con sus suegros,<br \/>\nTodos con vestidos negros,<br \/>\nSe apresuran por llegar,<br \/>\nY yo que ando sin trabajo,<br \/>\nCon el pelo alborotado,<br \/>\nMe voy al parque a observar&#8230;<\/p>\n<p>A las gentes de un partido,<br \/>\nDe los hombres oprimidos,<br \/>\nQue todo van a cambiar,<br \/>\nCon mentiras y un camino<br \/>\nDe promesas, \u00a1cuentos chinos!<br \/>\nPorque todo siempre igual&#8230;<\/p>\n<p>Yo me miro los bolsillos<br \/>\nY no encuentro cigarrillos<br \/>\nNi dinero para comprar<br \/>\nY cazando mariposas<br \/>\nMe r\u00edo de todas las cosas<br \/>\nY me olvido de fumar.<\/p>\n<p>Mi pueblo a fiestas va<br \/>\nY solo as\u00ed se olvida de llorar,<br \/>\nMi pueblo a fiestas va<br \/>\nY solo as\u00ed se olvida de llorar<\/p>\n<p>Llega un jipi mal parado,<br \/>\n\u00bfMarihuana?&#8230; de aquel lado<br \/>\nAl final de la manzana la conseguir\u00e1s,<br \/>\nPero anda con cautela<br \/>\nO el maestro de la escuela<br \/>\nTe la va a robar.<\/p>\n<p>Oh! qu\u00e9 veo, es un lindo bomboncito,<br \/>\nY qu\u00e9 hermoso su ombliguito,<br \/>\n\u00bfPara qui\u00e9n ser\u00e1?<br \/>\nPara aquel que est\u00e1 en la onda,<br \/>\nFuma hierba, no se ba\u00f1a,<br \/>\nY que viaja sin andar.<\/p>\n<p>Ya los cachos de las reses se han perdido,<br \/>\nHoy los llevan los maridos<br \/>\nDe mi gran ciudad,<br \/>\nY ellas miran sus vecinos,<br \/>\nPero nunca el mal camino<br \/>\nHan seguido de verdad.<\/p>\n<p>Beber, cantar, bailar,<br \/>\nMi pueblo as\u00ed se olvida de llorar,<br \/>\nBeber, cantar, bailar,<br \/>\nMi pueblo as\u00ed se olvida de llorar.<\/p>\n<p>Un se\u00f1or de traje verde,<br \/>\nCon su mazo causa estragos,<br \/>\nHa venido malgeniado y me la quiere velar,<br \/>\nPues piensa que soy un vago,<br \/>\nSin papeles y varado,<br \/>\nY me lo voy a escapar.<\/p>\n<p>Hasta pronto, amigos m\u00edos,<br \/>\nY recuerden en qu\u00e9 l\u00edos<br \/>\nMe ha metido esta canci\u00f3n<br \/>\nQue cant\u00e9 sobre mi pueblo<br \/>\nSin yo hablarle mal a nadie<br \/>\nNi de nadie hablar yo mal<\/p>\n<p>La fiesta acab\u00f3 ya<br \/>\nY el pueblo as\u00ed se olvid\u00f3 de llorar,<br \/>\nLa fiesta acab\u00f3 ya<br \/>\nY el pueblo as\u00ed se olvid\u00f3 de llorar.<\/p>\n<p>&nbsp;<\/p>\n<p><iframe loading=\"lazy\" src=\"https:\/\/www.youtube-nocookie.com\/embed\/zb1vp-MLYI4?rel=0&amp;controls=0&amp;showinfo=0\" width=\"560\" height=\"315\" frameborder=\"0\" allowfullscreen=\"allowfullscreen\"><\/iframe><\/p>\n<p>&nbsp;<\/p>\n<p><iframe loading=\"lazy\" src=\"https:\/\/www.youtube-nocookie.com\/embed\/1a1F2hNgHEA?rel=0&amp;controls=0&amp;showinfo=0\" width=\"560\" height=\"315\" frameborder=\"0\" allowfullscreen=\"allowfullscreen\"><\/iframe><\/p>\n<p>&nbsp;<\/p>\n","protected":false},"excerpt":{"rendered":"<p>&nbsp; Para la primera mitad de los a\u00f1os 70, ya el Carnaval de Barranquilla, que se celebraba cada a\u00f1o en la pujante urbe en la que se convirti\u00f3 el viejo y arenoso caser\u00edo de Barrancas de San Nicol\u00e1s, era percibido &hellip; <a href=\"https:\/\/oscarhumbertogomez.com\/?p=21133\">Sigue leyendo <span class=\"meta-nav\">&rarr;<\/span><\/a><\/p>\n<div class='heateorSssClear'><\/div><div  class='heateor_sss_sharing_container heateor_sss_horizontal_sharing' heateor-sss-data-href='https:\/\/oscarhumbertogomez.com\/?p=21133'><div class='heateor_sss_sharing_title' style=\"font-weight:bold\" >\u00a1Gracias por compartirla!<\/div><ul class=\"heateor_sss_sharing_ul\"><li class=\"heateorSssSharingRound\"><i style=\"width:35px;height:35px;border-radius:999px;\" alt=\"Facebook\" Title=\"Facebook\" class=\"heateorSssSharing heateorSssFacebookBackground\" onclick='heateorSssPopup(\"https:\/\/www.facebook.com\/sharer\/sharer.php?u=https%3A%2F%2Foscarhumbertogomez.com%2Findex.php%3Frest_route%3D%252Fwp%252Fv2%252Fposts%252F21133\")'><ss style=\"display:block;border-radius:999px;\" class=\"heateorSssSharingSvg heateorSssFacebookSvg\"><\/ss><\/i><\/li><li class=\"heateorSssSharingRound\"><i style=\"width:35px;height:35px;border-radius:999px;\" alt=\"Twitter\" Title=\"Twitter\" class=\"heateorSssSharing heateorSssTwitterBackground\" onclick='heateorSssPopup(\"http:\/\/twitter.com\/intent\/tweet?text=AS%C3%8D%20ES%20MI%20PUEBLO%20%5BMarcha%5D.%20Autor%2C%20compositor%20e%20int%C3%A9rprete%3A%20LUIS%20GABRIEL.%20Notas%20de%20%C3%93scar%20Humberto%20G%C3%B3mez%20G%C3%B3mez&url=https%3A%2F%2Foscarhumbertogomez.com%2Findex.php%3Frest_route%3D%252Fwp%252Fv2%252Fposts%252F21133\")'><ss style=\"display:block;border-radius:999px;\" class=\"heateorSssSharingSvg heateorSssTwitterSvg\"><\/ss><\/i><\/li><li class=\"heateorSssSharingRound\"><i style=\"width:35px;height:35px;border-radius:999px;\" alt=\"Whatsapp\" Title=\"Whatsapp\" class=\"heateorSssSharing heateorSssWhatsappBackground\" onclick='heateorSssPopup(\"https:\/\/web.whatsapp.com\/send?text=AS%C3%8D%20ES%20MI%20PUEBLO%20%5BMarcha%5D.%20Autor%2C%20compositor%20e%20int%C3%A9rprete%3A%20LUIS%20GABRIEL.%20Notas%20de%20%C3%93scar%20Humberto%20G%C3%B3mez%20G%C3%B3mez https%3A%2F%2Foscarhumbertogomez.com%2Findex.php%3Frest_route%3D%252Fwp%252Fv2%252Fposts%252F21133\")'><ss style=\"display:block\" class=\"heateorSssSharingSvg heateorSssWhatsappSvg\"><\/ss><\/i><\/li><li class=\"heateorSssSharingRound\"><i style=\"width:35px;height:35px;border-radius:999px;\" alt=\"Pinterest\" Title=\"Pinterest\" class=\"heateorSssSharing heateorSssPinterestBackground\" onclick=\"javascript:void( (function() {var e=document.createElement('script' );e.setAttribute('type','text\/javascript' );e.setAttribute('charset','UTF-8' );e.setAttribute('src','\/\/assets.pinterest.com\/js\/pinmarklet.js?r='+Math.random()*99999999);document.body.appendChild(e)})());\"><ss style=\"display:block;border-radius:999px;\" class=\"heateorSssSharingSvg heateorSssPinterestSvg\"><\/ss><\/i><\/li><li class=\"heateorSssSharingRound\"><i style=\"width:35px;height:35px;border-radius:999px;\" alt=\"Google Gmail\" Title=\"Google Gmail\" class=\"heateorSssSharing heateorSssGoogleGmailBackground\" onclick='heateorSssPopup(\"https:\/\/mail.google.com\/mail\/?ui=2&view=cm&fs=1&tf=1&su=AS%C3%8D%20ES%20MI%20PUEBLO%20%5BMarcha%5D.%20Autor%2C%20compositor%20e%20int%C3%A9rprete%3A%20LUIS%20GABRIEL.%20Notas%20de%20%C3%93scar%20Humberto%20G%C3%B3mez%20G%C3%B3mez&body=Link:https%3A%2F%2Foscarhumbertogomez.com%2Findex.php%3Frest_route%3D%252Fwp%252Fv2%252Fposts%252F21133\")'><ss style=\"display:block;border-radius:999px;\" class=\"heateorSssSharingSvg heateorSssGoogleGmailSvg\"><\/ss><\/i><\/li><li class=\"heateorSssSharingRound\"><i style=\"width:35px;height:35px;border-radius:999px;\" title=\"More\" alt=\"More\" class=\"heateorSssSharing heateorSssMoreBackground\" onclick=\"heateorSssMoreSharingPopup(this, 'https:\/\/oscarhumbertogomez.com\/index.php?rest_route=%2Fwp%2Fv2%2Fposts%2F21133', 'AS%C3%8D%20ES%20MI%20PUEBLO%20%5BMarcha%5D.%20Autor%2C%20compositor%20e%20int%C3%A9rprete%3A%20LUIS%20GABRIEL.%20Notas%20de%20%C3%93scar%20Humberto%20G%C3%B3mez%20G%C3%B3mez', '' )\" ><ss style=\"display:block\" class=\"heateorSssSharingSvg heateorSssMoreSvg\"><\/ss><\/i><\/li><\/ul><div class=\"heateorSssClear\"><\/div><\/div><div class='heateorSssClear'><\/div>","protected":false},"author":2,"featured_media":0,"comment_status":"open","ping_status":"open","sticky":false,"template":"","format":"standard","meta":{"spay_email":"","footnotes":""},"categories":[8],"tags":[],"class_list":["post-21133","post","type-post","status-publish","format-standard","hentry","category-musica"],"jetpack_featured_media_url":"","jetpack_shortlink":"https:\/\/wp.me\/p1FYrr-5uR","_links":{"self":[{"href":"https:\/\/oscarhumbertogomez.com\/index.php?rest_route=\/wp\/v2\/posts\/21133","targetHints":{"allow":["GET"]}}],"collection":[{"href":"https:\/\/oscarhumbertogomez.com\/index.php?rest_route=\/wp\/v2\/posts"}],"about":[{"href":"https:\/\/oscarhumbertogomez.com\/index.php?rest_route=\/wp\/v2\/types\/post"}],"author":[{"embeddable":true,"href":"https:\/\/oscarhumbertogomez.com\/index.php?rest_route=\/wp\/v2\/users\/2"}],"replies":[{"embeddable":true,"href":"https:\/\/oscarhumbertogomez.com\/index.php?rest_route=%2Fwp%2Fv2%2Fcomments&post=21133"}],"version-history":[{"count":5,"href":"https:\/\/oscarhumbertogomez.com\/index.php?rest_route=\/wp\/v2\/posts\/21133\/revisions"}],"predecessor-version":[{"id":41656,"href":"https:\/\/oscarhumbertogomez.com\/index.php?rest_route=\/wp\/v2\/posts\/21133\/revisions\/41656"}],"wp:attachment":[{"href":"https:\/\/oscarhumbertogomez.com\/index.php?rest_route=%2Fwp%2Fv2%2Fmedia&parent=21133"}],"wp:term":[{"taxonomy":"category","embeddable":true,"href":"https:\/\/oscarhumbertogomez.com\/index.php?rest_route=%2Fwp%2Fv2%2Fcategories&post=21133"},{"taxonomy":"post_tag","embeddable":true,"href":"https:\/\/oscarhumbertogomez.com\/index.php?rest_route=%2Fwp%2Fv2%2Ftags&post=21133"}],"curies":[{"name":"wp","href":"https:\/\/api.w.org\/{rel}","templated":true}]}}