{"id":21427,"date":"2017-04-08T17:10:29","date_gmt":"2017-04-08T22:10:29","guid":{"rendered":"http:\/\/www.oscarhumbertogomez.com\/?p=21427"},"modified":"2025-03-11T15:15:22","modified_gmt":"2025-03-11T20:15:22","slug":"historia-de-piedecuesta-por-oscar-humberto-gomez-gomez-miembro-correspondiente-de-la-academia-de-historia-de-santander","status":"publish","type":"post","link":"https:\/\/oscarhumbertogomez.com\/?p=21427","title":{"rendered":"HISTORIA DE PIEDECUESTA. Por \u00d3scar Humberto G\u00f3mez G\u00f3mez, Miembro Correspondiente de la Academia de Historia de Santander"},"content":{"rendered":"<p><a href=\"https:\/\/lapiedrafilosofal.com\/wp-content\/uploads\/2017\/04\/PIEDECUESTA-.jpg\"><img decoding=\"async\" class=\"aligncenter size-large wp-image-21486\" src=\"https:\/\/lapiedrafilosofal.com\/wp-content\/uploads\/2017\/04\/PIEDECUESTA--915x1024.jpg\" alt=\"\" width=\"500\" srcset=\"https:\/\/oscarhumbertogomez.com\/wp-content\/uploads\/2017\/04\/PIEDECUESTA--915x1024.jpg 915w, https:\/\/oscarhumbertogomez.com\/wp-content\/uploads\/2017\/04\/PIEDECUESTA--268x300.jpg 268w, https:\/\/oscarhumbertogomez.com\/wp-content\/uploads\/2017\/04\/PIEDECUESTA--768x860.jpg 768w, https:\/\/oscarhumbertogomez.com\/wp-content\/uploads\/2017\/04\/PIEDECUESTA-.jpg 1024w\" sizes=\"(max-width: 915px) 100vw, 915px\" \/><\/a><\/p>\n<p>&nbsp;<\/p>\n<p>Si por Gir\u00f3n hubiera sido, Piedecuesta no existir\u00eda.<\/p>\n<p>Al menos no si ello hubiese dependido del Cura de Gir\u00f3n.<\/p>\n<p>Se llamaba Joseph. No \u201cJos\u00e9\u201d, como todos los que por aqu\u00ed quer\u00edan perpetuar con su nombre la memoria del carpintero m\u00e1s famoso del mundo, sino \u201cJoseph\u201d, en ingl\u00e9s.<\/p>\n<p>Su segundo nombre tampoco era muy com\u00fan que digamos: \u201cElseario\u201d.<\/p>\n<p>Calvo era su apellido.<\/p>\n<p>El padre Joseph Elseario Calvo, pues, se opuso terminantemente a la idea de fundar la nueva parroquia. Y no solo lo hizo desde el p\u00falpito, sino tambi\u00e9n ante los estrados eclesi\u00e1sticos, y hasta enfrent\u00e1ndose con las jerarqu\u00edas de la Iglesia Cat\u00f3lica, Apost\u00f3lica y Romana, a la cual \u00e9l pertenec\u00eda y a la cual, con su labor pastoral, trataba de lograr que perteneciera todo el conglomerado social de la zona, desde los pudientes caballeros gironeses hasta los m\u00e1s desarrapados peones.<\/p>\n<p>Sobre todo, claro est\u00e1, los primeros \u2014los gironeses ricos\u2014 que eran los que, en \u00faltimas, aportaban los diezmos y las primicias, porque los otros, como siempre, solamente le aportaban a la Iglesia lo mismo que le sigue aportando hoy en d\u00eda la pobrer\u00eda irredenta: su agobiadora e inveterada carga de necesidades y el peso abrumador de las oraciones con las cuales buscan satisfacerlas.<\/p>\n<p>&nbsp;<\/p>\n<p><a href=\"https:\/\/lapiedrafilosofal.com\/wp-content\/uploads\/2015\/05\/Piedecuesta_antigua.jpg\"><img loading=\"lazy\" decoding=\"async\" class=\"aligncenter size-full wp-image-16796\" src=\"https:\/\/lapiedrafilosofal.com\/wp-content\/uploads\/2015\/05\/Piedecuesta_antigua.jpg\" alt=\"\" width=\"490\" height=\"378\" srcset=\"https:\/\/oscarhumbertogomez.com\/wp-content\/uploads\/2015\/05\/Piedecuesta_antigua.jpg 490w, https:\/\/oscarhumbertogomez.com\/wp-content\/uploads\/2015\/05\/Piedecuesta_antigua-300x231.jpg 300w\" sizes=\"auto, (max-width: 490px) 100vw, 490px\" \/><\/a><\/p>\n<p>&nbsp;<\/p>\n<p>Todo parece indicar, sin embargo, que al Cura Joseph Elseario le sali\u00f3, como dice el dicho popular, \u201cel tiro por la culata\u201d, porque fue una iniciativa suya, dirigida a los vecinos piedecuestanos m\u00e1s pudientes para que le financiaran la construcci\u00f3n de una capilla en el lugar donde a\u00f1os m\u00e1s tarde nacer\u00edan santandereanos destacados la que fue respondida con la idea de, m\u00e1s bien, independizarse eclesi\u00e1sticamente de la ciudad fundada por Francisco Mantilla de los R\u00edos.<\/p>\n<p>Fue en setiembre de 1772 cuando el Padre Joseph Elseario les pidi\u00f3 a sus vecinos mil doscientos pesos para financiar su viaje a Santa Fe encaminado a gestionar la erecci\u00f3n de la capilla.<br \/>\nY era que por entonces en Gir\u00f3n ya exist\u00eda, aparte del templo principal, la Capilla del Se\u00f1or del Humilladero, destinada a aglutinar a los gironeses que viv\u00edan apartados del casco urbano, y como los residentes del valle del Pie de la Cuesta, Los Santos y Palogordo viv\u00edan igualmente lejos, la idea era que, en lugar de tener que desplazarse kil\u00f3metros enteros para poder asistir a la misa y dem\u00e1s oficios religiosos, lo hicieran ah\u00ed mismo, al pie de sus casas. O, mejor dicho, al Pie de la Cuesta, que era como se llamaba aquel agreste entorno, por aquello de que justamente en ese lugar comenzaba la trepada hacia Pamplona.<\/p>\n<p>Por supuesto que la ofrecida comodidad de poder o\u00edr la misa a la otra puerta de la casa no era gratuita: ser\u00eda retribuida con la recolecci\u00f3n de los jugosos aportes econ\u00f3micos de la feligres\u00eda por parte del padrecito Calvo.<\/p>\n<p>En t\u00e9rminos sencillos, el nuevo templo y su correspondiente entorno constituir\u00edan la viceparroquia de Piedecuesta, perteneciente, obviamente, a la parroquia de Gir\u00f3n.<\/p>\n<p>&nbsp;<\/p>\n<p><a href=\"https:\/\/lapiedrafilosofal.com\/wp-content\/uploads\/2017\/04\/GIRON.jpg\"><img loading=\"lazy\" decoding=\"async\" class=\"aligncenter size-large wp-image-21501\" src=\"https:\/\/lapiedrafilosofal.com\/wp-content\/uploads\/2017\/04\/GIRON-1024x768.jpg\" alt=\"\" width=\"640\" height=\"480\" srcset=\"https:\/\/oscarhumbertogomez.com\/wp-content\/uploads\/2017\/04\/GIRON-1024x768.jpg 1024w, https:\/\/oscarhumbertogomez.com\/wp-content\/uploads\/2017\/04\/GIRON-300x225.jpg 300w, https:\/\/oscarhumbertogomez.com\/wp-content\/uploads\/2017\/04\/GIRON-768x576.jpg 768w, https:\/\/oscarhumbertogomez.com\/wp-content\/uploads\/2017\/04\/GIRON.jpg 1200w\" sizes=\"auto, (max-width: 640px) 100vw, 640px\" \/><\/a><\/p>\n<p>&nbsp;<\/p>\n<p>Pero no. Al a\u00f1o siguiente, 1773, ya los vecinos piedecuestanos hab\u00edan otorgado poder para que se les tramitara ante el Arzobispado, en vez de la construcci\u00f3n de una capilla dependiente de Gir\u00f3n, la erecci\u00f3n de una nueva parroquia en el llano denominado San Francisco Javier, espec\u00edficamente en el valle del Pie de la Cuesta, perteneciente a dicho llano.<\/p>\n<p>Cu\u00e1nto ten\u00edan que recorrer los vecinos para asistir a misa \u2014a pie o a lomo de bestia, desde luego\u2014 era determinante. Y lo era, porque no se aceptaban parroquias cercanas. O sea, no se admit\u00eda que dos curas tuvieran que competir por la feligres\u00eda. Por eso, el Cura de Gir\u00f3n defendi\u00f3 la unidad de su parroquia echando mano a la medici\u00f3n de las distancias. Aunque para ello cont\u00f3 con la ayuda de otro Joseph. Fue as\u00ed como el Cura Fernando Joseph Calvo, auxiliar del otro, y con eso que llaman hoy en d\u00eda \u201cpruebas de campo\u201d, demostr\u00f3 que ir desde Gir\u00f3n hasta el sitio donde se pretend\u00eda fundar ahora la nueva parroquia y regresar tomaba apenas dos horitas y media.<\/p>\n<p>Cuando el Arzobispado de Santa Fe envi\u00f3 a su representante a parlar con el cura Joseph Elseario, este se enganch\u00f3 con \u00e9l en una fuerte pol\u00e9mica.<br \/>\nNo obstante, y con zafarrancho y todo, la autorizaci\u00f3n eclesi\u00e1stica fue dada y el vecindario piedecuestano, presto y jubiloso, levant\u00f3 la consabida capilla de bahareque y techo de paja, la casa cural y \u2014por supuesto\u2014 la c\u00e1rcel. El 20 de febrero de 1774 se expidi\u00f3 la autorizaci\u00f3n de funcionamiento de la nueva capilla y el 3 de octubre siguiente, otro Cura Joseph diferente de los dos anteriores, Joseph Gregorio D\u00edaz Quijano, a nombre del Arzobispado, dict\u00f3 la providencia por medio de la cual declar\u00f3 erigida la parroquia.<\/p>\n<p>La nueva parroquia, escindida, pues, de la de Gir\u00f3n, llevar\u00eda el nombre de San Francisco Javier.<\/p>\n<p>&nbsp;<\/p>\n<p><a href=\"https:\/\/lapiedrafilosofal.com\/wp-content\/uploads\/2017\/04\/FranciscusXavier.jpg\"><img loading=\"lazy\" decoding=\"async\" class=\"aligncenter size-full wp-image-21515\" src=\"https:\/\/lapiedrafilosofal.com\/wp-content\/uploads\/2017\/04\/FranciscusXavier.jpg\" alt=\"\" width=\"674\" height=\"911\" srcset=\"https:\/\/oscarhumbertogomez.com\/wp-content\/uploads\/2017\/04\/FranciscusXavier.jpg 674w, https:\/\/oscarhumbertogomez.com\/wp-content\/uploads\/2017\/04\/FranciscusXavier-222x300.jpg 222w\" sizes=\"auto, (max-width: 674px) 100vw, 674px\" \/><\/a><\/p>\n<p>&nbsp;<\/p>\n<p>Por cosas de la vida, como dice alguna vieja canci\u00f3n, Piedecuesta y Gir\u00f3n no dejaron de seguir teniendo sus desavenencias hist\u00f3ricas. Si no, que lo digan la Insurrecci\u00f3n de los Comuneros o la Guerra de Independencia. Entre el 16 de marzo y el 6 de junio de 1781, en efecto, se llev\u00f3 a cabo la Insurrecci\u00f3n de los Comuneros. Entre los numerosos pueblos que adhirieron a dicho levantamiento se contaron los de Bucaramanga y Piedecuesta. Gir\u00f3n, en cambio, apoy\u00f3 en todo momento a las autoridades espa\u00f1olas. Debido a ello, se present\u00f3 un enfrentamiento armado entre Piedecuesta y Gir\u00f3n. En el combate, sostenido el 21 de mayo de 1781, cuando los gironeses, decididamente partidarios de Espa\u00f1a, marchaban sobre Piedecuesta con el fin de someter a los comuneros de all\u00ed por la fuerza y estos salieron a interceptarlos, murieron dos an\u00f3nimos soldados del ej\u00e9rcito comunero y se produjo la desbandada de este. A pesar de su triunfo, los gironeses quedaron, en los d\u00edas subsiguientes, temerosos de la represalia de los piedecuestanos. El 29 de mayo, en efecto, las tropas comuneras de Piedecuesta invadieron a Gir\u00f3n. Los realistas gironeses no opusieron resistencia.<\/p>\n<p>&nbsp;<\/p>\n<p><a href=\"https:\/\/lapiedrafilosofal.com\/wp-content\/uploads\/2017\/04\/COMUNEROS.jpg\"><img loading=\"lazy\" decoding=\"async\" class=\"aligncenter size-full wp-image-21496\" src=\"https:\/\/lapiedrafilosofal.com\/wp-content\/uploads\/2017\/04\/COMUNEROS.jpg\" alt=\"\" width=\"237\" height=\"310\" srcset=\"https:\/\/oscarhumbertogomez.com\/wp-content\/uploads\/2017\/04\/COMUNEROS.jpg 237w, https:\/\/oscarhumbertogomez.com\/wp-content\/uploads\/2017\/04\/COMUNEROS-229x300.jpg 229w\" sizes=\"auto, (max-width: 237px) 100vw, 237px\" \/><\/a><\/p>\n<p>&nbsp;<\/p>\n<p>En el siglo siguiente, dos a\u00f1os despu\u00e9s del Grito de Independencia, es decir, en 1812, nuevamente Gir\u00f3n y Piedecuesta se enfrentaron en el campo de batalla. Las tropas patriotas piedecuestanas, comandadas por el doctor Fernando Serrano, interceptaron a las tropas realistas gironesas que pretend\u00edan someter a la rebelde Piedecuesta por la fuerza. La batalla tuvo como escenario a Mensul\u00ed y el triunfo fue para el ej\u00e9rcito patriota de Piedecuesta. Posteriormente, en plena Reconquista Espa\u00f1ola, cuando el territorio nacional padec\u00eda el ba\u00f1o de sangre del Pacificador Pablo Morillo, Fernando Serrano fue elegido Presidente de la Rep\u00fablica por la Resistencia patriota, congregada en los llanos de Casanare (Domingo 16 de junio de 1816). El entonces Coronel Francisco de Paula Santander fue elegido Comandante en Jefe del Ej\u00e9rcito.<\/p>\n<p>&nbsp;<\/p>\n<p><a href=\"https:\/\/lapiedrafilosofal.com\/wp-content\/uploads\/2011\/11\/FERNANDO-SERRANO-II2.jpg\"><img loading=\"lazy\" decoding=\"async\" class=\"aligncenter size-full wp-image-13267\" src=\"https:\/\/lapiedrafilosofal.com\/wp-content\/uploads\/2011\/11\/FERNANDO-SERRANO-II2.jpg\" alt=\"\" width=\"225\" height=\"329\" srcset=\"https:\/\/oscarhumbertogomez.com\/wp-content\/uploads\/2011\/11\/FERNANDO-SERRANO-II2.jpg 225w, https:\/\/oscarhumbertogomez.com\/wp-content\/uploads\/2011\/11\/FERNANDO-SERRANO-II2-205x300.jpg 205w\" sizes=\"auto, (max-width: 225px) 100vw, 225px\" \/><\/a><\/p>\n<p>&nbsp;<\/p>\n<p>En Piedecuesta funcion\u00f3 el famoso Colegio Universitario del gran educador don Victoriano de Diego Paredes y Paramato. El 18 de agosto de 1860, el reputado y controvertido institutor, sus hijos y sus alumnos llegaron presos a Bucaramanga. El ej\u00e9rcito, instigado por la pr\u00e9dica del Obispo de Pamplona y la reacci\u00f3n del Gobierno de la Confederaci\u00f3n, allan\u00f3 el colegio en medio de una ensordecedora rechifla estudiantil y se los llev\u00f3 arrestados; el colegio fue clausurado definitivamente y sus instalaciones convertidas en cuartel militar. M\u00e1s de dos meses despu\u00e9s, los prisioneros fueron trasladados de Bucaramanga a Bogot\u00e1, donde el Juez Nacional Demetrio Porras orden\u00f3 su libertad. Seis a\u00f1os m\u00e1s tarde, en 1866, el ilustre formador de juventudes regres\u00f3 a Santander como Presidente del Estado Soberano. Era yerno del doctor Fernando Serrano.<\/p>\n<p>&nbsp;<\/p>\n<p><a href=\"https:\/\/lapiedrafilosofal.com\/wp-content\/uploads\/2017\/04\/VICTORIANO-.jpg\"><img decoding=\"async\" class=\"aligncenter size-full wp-image-21507\" src=\"https:\/\/lapiedrafilosofal.com\/wp-content\/uploads\/2017\/04\/VICTORIANO-.jpg\" alt=\"\" width=\"250\"><\/a><\/p>\n<p>&nbsp;<\/p>\n<p>Lo de \u201cVilla de San Carlos del Pie de la Cuesta\u201d es otra historia. Inicialmente, los vecinos solicitaron tal calidad, es decir, que Piedecuesta pasara de parroquia a villa. La solicitud fue aprobada por Espa\u00f1a en 1810, pero como estall\u00f3 la Independencia, todo qued\u00f3 en el aire hasta 1824 cuando la Rep\u00fablica les dio categor\u00eda de villas a las parroquias de alta poblaci\u00f3n.<\/p>\n<p>En algunos libros dice que Piedecuesta fue fundada por el Padre Ignacio de Zavala. Eso no es cierto. Sencillamente, el Cura Zavala fue nombrado primer p\u00e1rroco de la reci\u00e9n fundada parroquia. Pero a duras penas pudo posesionarse y ejercer ese ministerio, porque un importante sector de los vecinos lo rechazaron e incluso se lleg\u00f3 al extremo de hacer nombrar a otro Cura como primer p\u00e1rroco. El asunto, incluso, tuvo que ser dirimido por el Tribunal Arquidiocesano.<\/p>\n<p>A pesar de ello, la versi\u00f3n oficial insiste en se\u00f1alar a Ignacio de Zavala como el fundador de Piedecuesta.<\/p>\n<p>&nbsp;<\/p>\n<p><a href=\"https:\/\/lapiedrafilosofal.com\/wp-content\/uploads\/2017\/04\/CARRETERA-A-PIEDECUESTA.jpeg\"><img loading=\"lazy\" decoding=\"async\" class=\"aligncenter size-full wp-image-21522\" src=\"https:\/\/lapiedrafilosofal.com\/wp-content\/uploads\/2017\/04\/CARRETERA-A-PIEDECUESTA.jpeg\" alt=\"\" width=\"291\" height=\"173\"><\/a><\/p>\n<p>&nbsp;<\/p>\n<p>La historia de Bucaramanga y la de Piedecuesta est\u00e1n ligadas por diversos acontecimientos.<\/p>\n<p>As\u00ed, por ejemplo, el jueves 11 de setiembre de 1879 las tropas a caballo del Estado Soberano de Santander, procedentes de Piedecuesta y escoltando al Jefe del Estado, General Sol\u00f3n Wilches, ingresaron a Bucaramanga a reimplantar el orden.<\/p>\n<p>Y es que el Presidente se encontraba en Piedecuesta cuando en el Club del Comercio de Bucaramanga se llevaba a cabo una agitada y candente reuni\u00f3n, en medio de las grandes tensiones sociales que se estaban dando en la ciudad a ra\u00edz de los nefastos hechos iniciados el domingo 7, d\u00eda de elecciones, que habr\u00edan de ser conocidos en la historia como &#8220;El proceso de la Culebra Pico de Oro&#8221;.<\/p>\n<p>Esos hechos de violencia, que desencadenar\u00edan una reclamaci\u00f3n diplom\u00e1tica y una amenaza de intervenci\u00f3n militar de Alemania contra Colombia con el fondeo de naves de guerra frente a las costas de Barranquilla, hab\u00edan significado el asesinato a bala de los colombianos Obdulio Est\u00e9vez y Luis Eduardo Mutis, y de los alemanes Hermann Hederich y Christian G\u00f6elkel, as\u00ed como el incendio de las casas de Guillermo Jones, Jos\u00e9 Mar\u00eda Valenzuela, Rafael Ariza, Nepomuceno Toscano, Luisa Valenzuela de M\u00fcller y Rudesindo Otero, y el saqueo de otras residencias.<\/p>\n<p>&nbsp;<\/p>\n<p><a href=\"https:\/\/lapiedrafilosofal.com\/wp-content\/uploads\/2017\/04\/SAN-LAUREANO-EN-1979.jpg\"><img loading=\"lazy\" decoding=\"async\" class=\"aligncenter size-full wp-image-21534\" src=\"https:\/\/lapiedrafilosofal.com\/wp-content\/uploads\/2017\/04\/SAN-LAUREANO-EN-1979.jpg\" alt=\"\" width=\"709\" height=\"259\" srcset=\"https:\/\/oscarhumbertogomez.com\/wp-content\/uploads\/2017\/04\/SAN-LAUREANO-EN-1979.jpg 709w, https:\/\/oscarhumbertogomez.com\/wp-content\/uploads\/2017\/04\/SAN-LAUREANO-EN-1979-300x110.jpg 300w\" sizes=\"auto, (max-width: 709px) 100vw, 709px\" \/><\/a><\/p>\n<p>&nbsp;<\/p>\n<p>En la Guerra de los Mil D\u00edas, Bucaramanga y Piedecuesta volver\u00e1n a quedar entrelazadas. La espantosa Batalla de Bucaramanga (13 de noviembre de 1899) se suceder\u00e1 inmediatamente despu\u00e9s de la toma de Piedecuesta por las tropas liberales revolucionarias. &#8220;Sabedor de que gran parte de las fuerzas del Gobierno ocupaban a Piedecuesta&#8221;, el general Rafael Uribe Uribe &#8220;march\u00f3 sobre dicha plaza para sorprenderla durante la noche, (&#8230;) pero el enemigo la evacu\u00f3 desde temprano; (&#8230;) y siguiendo los pasos del enemigo march\u00f3 sobre Bucaramanga (&#8230;)&#8221;, relata el general Gabriel Vargas Santos, comandante en jefe del ej\u00e9rcito liberal en su libro <em>La raz\u00f3n de mi dicho<\/em>. En Bucaramanga las tropas liberales ser\u00e1n arrasadas, principalmente desde las arboledas de La Puerta del Sol y desde la torre de la iglesia de San Laureano.<\/p>\n<p>&nbsp;<\/p>\n<p><a href=\"https:\/\/lapiedrafilosofal.com\/wp-content\/uploads\/2017\/04\/GUERRA-DE-LOS-MIL-DIAS.png\"><img loading=\"lazy\" decoding=\"async\" class=\"aligncenter size-full wp-image-21559\" src=\"https:\/\/lapiedrafilosofal.com\/wp-content\/uploads\/2017\/04\/GUERRA-DE-LOS-MIL-DIAS.png\" alt=\"\" width=\"800\" height=\"533\" srcset=\"https:\/\/oscarhumbertogomez.com\/wp-content\/uploads\/2017\/04\/GUERRA-DE-LOS-MIL-DIAS.png 800w, https:\/\/oscarhumbertogomez.com\/wp-content\/uploads\/2017\/04\/GUERRA-DE-LOS-MIL-DIAS-300x200.png 300w, https:\/\/oscarhumbertogomez.com\/wp-content\/uploads\/2017\/04\/GUERRA-DE-LOS-MIL-DIAS-768x512.png 768w\" sizes=\"auto, (max-width: 800px) 100vw, 800px\" \/><\/a><\/p>\n<p>&nbsp;<\/p>\n<p>El devenir piedecuestano ha estado asociado al cultivo del tabaco, a su secado en los caneyes y, por supuesto, al igual que Bucaramanga y Gir\u00f3n, a la industria cigarrera. Menci\u00f3n especial merecen las cigarreras, algunas de ellas &#8220;chicoteras&#8221;, pues manualmente elaboraban los tabacos conocidos como &#8220;chicotes&#8221;. Entre una legi\u00f3n de mujeres ignoradas, en la memoria hist\u00f3rica piedecuestana deber\u00e1n quedar registrados los nombres de Justa Gualdr\u00f3n de Carre\u00f1o, propietaria de Cigarros Gamos; Mercedes Urrea, de Cigarros Noel; Amanda Vargas Herrera viuda de Chaparro, de Cigarros El Centauro; y Mar\u00eda Roc\u00edo Caballero Gualdr\u00f3n, de Cigarros Comandantes; y Margot Mart\u00ednez de Fuentes, Martha Cecilia Santos Cote, Gloria Acevedo, Martha Reyes Quijano y Martha Yolanda Ni\u00f1o Carre\u00f1o, quienes dejaron en los fabriquines, unos de su propiedad y otros no, los mejores a\u00f1os de sus vidas.<\/p>\n<p>&nbsp;<\/p>\n<p><a href=\"https:\/\/lapiedrafilosofal.com\/wp-content\/uploads\/2017\/04\/CIGARRERA.jpg\"><img loading=\"lazy\" decoding=\"async\" class=\"aligncenter size-full wp-image-21547\" src=\"https:\/\/lapiedrafilosofal.com\/wp-content\/uploads\/2017\/04\/CIGARRERA.jpg\" alt=\"\" width=\"657\" height=\"679\" srcset=\"https:\/\/oscarhumbertogomez.com\/wp-content\/uploads\/2017\/04\/CIGARRERA.jpg 657w, https:\/\/oscarhumbertogomez.com\/wp-content\/uploads\/2017\/04\/CIGARRERA-290x300.jpg 290w\" sizes=\"auto, (max-width: 657px) 100vw, 657px\" \/><\/a><\/p>\n<p>&nbsp;<\/p>\n<p>As\u00ed mismo, el decurso hist\u00f3rico piedecuestano est\u00e1 ligado a la tradicional celebraci\u00f3n de la Semana Santa, que con el paso de los a\u00f1os se convirti\u00f3, gracias al fervor popular, en una de las festividades religiosas m\u00e1s importantes no solo en Santander, sino en Colombia.<\/p>\n<p>&nbsp;<\/p>\n<p><a href=\"https:\/\/lapiedrafilosofal.com\/wp-content\/uploads\/2017\/04\/semana-santa.jpg\"><img loading=\"lazy\" decoding=\"async\" class=\"aligncenter size-full wp-image-21550\" src=\"https:\/\/lapiedrafilosofal.com\/wp-content\/uploads\/2017\/04\/semana-santa.jpg\" alt=\"\" width=\"650\" height=\"433\" srcset=\"https:\/\/oscarhumbertogomez.com\/wp-content\/uploads\/2017\/04\/semana-santa.jpg 650w, https:\/\/oscarhumbertogomez.com\/wp-content\/uploads\/2017\/04\/semana-santa-300x200.jpg 300w\" sizes=\"auto, (max-width: 650px) 100vw, 650px\" \/><\/a><\/p>\n<p>&nbsp;<\/p>\n<p>En su desarrollo m\u00e1s reciente como ciudad, Piedecuesta se ha ido extendiendo fuera de su casco urbano y en lo que antes era su \u00e1rea rural, hoy atravesada por la autopista que la comunica con la vecina ciudad de Floridablanca, se fund\u00f3 en 1985 el Instituto Colombiano del Petr\u00f3leo (ICP), de la Empresa Colombiana de Petr\u00f3leos (ECOPETROL), y recientemente han surgido centros comerciales como <em>DelaCuesta<\/em>, que aglutinan a importantes negocios y firmas comerciales de la regi\u00f3n y del orden nacional.<\/p>\n<p>Piedecuesta ha sido cuna de prominentes personajes santandereanos como el fundador de Gaseosas Hipinto, Hip\u00f3lito Pinto; el jurista Vicente Gonz\u00e1lez; los poetas Carmen de G\u00f3mez Mej\u00eda, Carlos Torres Dur\u00e1n y Jos\u00e9 Ortega Moreno; el m\u00e9dico y poeta Gonzalo Buenahora; el novelista Daniel Mantilla Orbegozo; el cronista Vicente Arenas Mantilla; el m\u00e9dico y pol\u00edtico Guillermo Sorzano Gonz\u00e1lez; el periodista e historiador Luis Enrique Figueroa Rey; el m\u00e9dico Carlos Cort\u00e9s Caballero; el pintor Mario Hern\u00e1ndez Prada; el cantautor y escritor Pablus Gallinazo (Gonzalo Navas Cadena); el periodista y poeta Plinio Pilarica (Germ\u00e1n Valenzuela S\u00e1nchez); el ingeniero qu\u00edmico, historiador y escritor Manuel Enrique Rey Sanmiguel; la escritora, pintora, historiadora y educadora Carmen Cecilia D\u00edaz de Almeida; el educador Humberto G\u00f3mez Nigrinis; el educador e historiador Alfonso Prada Garc\u00eda y el empresario \u00c1lvaro Navas Cadena.<\/p>\n<p>&nbsp;<\/p>\n<p><a href=\"https:\/\/lapiedrafilosofal.com\/wp-content\/uploads\/2012\/07\/CARLOS-CORT\u00c9S-CABALLERO.jpg\"><img loading=\"lazy\" decoding=\"async\" class=\"aligncenter size-large wp-image-4774\" src=\"https:\/\/lapiedrafilosofal.com\/wp-content\/uploads\/2012\/07\/CARLOS-CORT\u00c9S-CABALLERO-1024x768.jpg\" alt=\"\" width=\"640\" height=\"480\" srcset=\"https:\/\/oscarhumbertogomez.com\/wp-content\/uploads\/2012\/07\/CARLOS-CORT\u00c9S-CABALLERO-1024x768.jpg 1024w, https:\/\/oscarhumbertogomez.com\/wp-content\/uploads\/2012\/07\/CARLOS-CORT\u00c9S-CABALLERO-300x225.jpg 300w, https:\/\/oscarhumbertogomez.com\/wp-content\/uploads\/2012\/07\/CARLOS-CORT\u00c9S-CABALLERO.jpg 2048w\" sizes=\"auto, (max-width: 640px) 100vw, 640px\" \/><\/a><\/p>\n<p>&nbsp;<\/p>\n<p>Y cuna, desde luego, de personajes que desde su humildad han refrendado, en todo caso, la trayectoria piedecuestana que acredita a su solar nativo como un pueblo de hombres y mujeres luchadores y libres.<\/p>\n<p>Otros no han nacido all\u00ed, pero fue all\u00ed donde se forjaron y fue esa tierra la que les posibilit\u00f3 labrarse un futuro promisorio. As\u00ed, por ejemplo, el magn\u00edfico ciclista V\u00edctor Hugo Pe\u00f1a Grisales, el \u00fanico colombiano que ha llegado a vestir la camiseta amarilla de l\u00edder en el Tour de Francia, se form\u00f3 en este hermoso deporte rodando por las v\u00edas urbanas y rurales de Piedecuesta, pues a esta comarca lleg\u00f3 junto con su familia cuando a\u00fan era ni\u00f1o y es hoy un piedecuestano de pura cepa.<\/p>\n<p>&nbsp;<\/p>\n<p><a href=\"https:\/\/lapiedrafilosofal.com\/wp-content\/uploads\/2017\/04\/VICTOR-HUGO-PENA.jpg\"><img loading=\"lazy\" decoding=\"async\" class=\"aligncenter size-full wp-image-21556\" src=\"https:\/\/lapiedrafilosofal.com\/wp-content\/uploads\/2017\/04\/VICTOR-HUGO-PENA.jpg\" alt=\"\" width=\"650\" height=\"433\" srcset=\"https:\/\/oscarhumbertogomez.com\/wp-content\/uploads\/2017\/04\/VICTOR-HUGO-PENA.jpg 650w, https:\/\/oscarhumbertogomez.com\/wp-content\/uploads\/2017\/04\/VICTOR-HUGO-PENA-300x200.jpg 300w\" sizes=\"auto, (max-width: 650px) 100vw, 650px\" \/><\/a><\/p>\n<p>&nbsp;<\/p>\n<p><a href=\"https:\/\/lapiedrafilosofal.com\/wp-content\/uploads\/2017\/04\/CICLISTA.jpg\"><img loading=\"lazy\" decoding=\"async\" class=\"aligncenter size-large wp-image-21557\" src=\"https:\/\/lapiedrafilosofal.com\/wp-content\/uploads\/2017\/04\/CICLISTA-1024x977.jpg\" alt=\"\" width=\"640\" height=\"611\" srcset=\"https:\/\/oscarhumbertogomez.com\/wp-content\/uploads\/2017\/04\/CICLISTA.jpg 1024w, https:\/\/oscarhumbertogomez.com\/wp-content\/uploads\/2017\/04\/CICLISTA-300x286.jpg 300w, https:\/\/oscarhumbertogomez.com\/wp-content\/uploads\/2017\/04\/CICLISTA-768x733.jpg 768w\" sizes=\"auto, (max-width: 640px) 100vw, 640px\" \/><\/a><\/p>\n<p>&nbsp;<\/p>\n<p>___________<\/p>\n<p>&nbsp;<\/p>\n<p><strong>ILUSTRACIONES:<\/strong> (1) Templo de Piedecuesta. Fotograf\u00eda: Carlos Andr\u00e9s Acu\u00f1a Duarte. Wikipedia.(2) Plaza principal de Piedecuesta. Fotograf\u00eda antigua. Subida por: Campoel\u00edas. Wikipedia. (3) Gir\u00f3n, sector espa\u00f1ol. Fotograf\u00eda: Kamilo Kardona. Wikipedia. (4) Francisco Javier. \u00d3leo sobre lienzo. Bartolom\u00e9 Esteban Murillo (Dominio P\u00fablico). (5) Comunero. Grabado: Herrera Casado. Wikipedia. (6) Fernando Serrano y Uribe. Cultura Banco de la Rep\u00fablica. Wikipedia. (7) Victoriano de Diego Paredes y Paramato. Wikipedia. (8) Carretera entre Bucaramanga y Piedecuesta. Fotograf\u00eda: Quintilio Gavassa Mibelli (Cortes\u00eda del historiador y periodista Edmundo Gavassa Villamizar). (9) Templo de San Laureano de Bucaramanga en 1879. Fotograf\u00eda: Quintilio Gavassa Mibelli (Cortes\u00eda del historiador y periodista Edmundo Gavassa Villamizar). (10) Guerra de los Mil D\u00edas. Ej\u00e9rcito conservador. Fotograf\u00eda: Quintilio Gavassa Mibelli. Revista Credencial (Cortes\u00eda del historiador y periodista Edmundo Gavassa Villamizar). (11) Cigarrera. Escudo de Piedecuesta. En: <em>Mujeres cigarreras e identidad piedecuestana<\/em> por Luis Rub\u00e9n P\u00e9rez Pinz\u00f3n. Alcald\u00eda de Piedecuesta. Secretar\u00eda de Desarrollo Social y Direcci\u00f3n de Cultura. (12) Procesi\u00f3n de Semana Santa en Piedecuesta. Fotograf\u00eda: Vanguardia Liberal. (13) Carlos Cort\u00e9s Caballero. Fotograf\u00eda: Nylse Blackburn. (14) V\u00edctor Hugo Pe\u00f1a Grisales. Fotograf\u00eda: Vanguardia Liberal. (15) Ciclista ascendiendo la cuesta. An\u00f3nimo.<\/p>\n<p>&nbsp;<\/p>\n<p><strong>BIBLIOGRAF\u00cdA:<\/strong> MART\u00cdNEZ GARNICA, Armando. GUERRERO RINC\u00d3N, Amado Antonio. <em>La provincia de Soto. Or\u00edgenes de sus poblamientos urbanos<\/em>. ARENAS, Emilio. <em>La Payacu\u00e1. Historia de Bucaramanga y las ciudades del R\u00edo de Oro.<\/em>&nbsp;CACUA PRADA, Armando. <em>Custodio Garc\u00eda Rovira, el estudiante m\u00e1rtir.<\/em>&nbsp; SIERRA BARRENECHE, Eduardo. <em>Santander, tierra con pasado, presente y futuro<\/em>. GALLO ROND\u00d3N, Betty. CHAPARRO L\u00d3PEZ, Cecilia. <em>Santander, folclor, mitos y leyendas.<\/em> G\u00d3MEZ G\u00d3MEZ, \u00d3scar Humberto. <em>Historia de Bucaramanga<\/em>. N\u00da\u00d1EZ HARTMANN, Sergio. <em>As\u00ed es Santander<\/em>. OCHOA GONZ\u00c1LEZ, Enrique. <em>Santander Siglo XXI<\/em>. CA\u00d1AS SERRANO, Juan Jos\u00e9. PE\u00d1A GRISALES, V\u00edctor Hugo.&nbsp;<em>V\u00edctor Hugo Pe\u00f1a Grisales. Siempre hay una primera vez<\/em>. PINZ\u00d3N GONZ\u00c1LEZ, Gustavo. <em>Historia de la formaci\u00f3n de Santander, sus provincias y municipios<\/em>. VILLEGAS, Jorge. YUNIS, Jos\u00e9. <em>La Guerra de los Mil D\u00edas<\/em>.<\/p>\n<p>&nbsp;<\/p>\n","protected":false},"excerpt":{"rendered":"<p>&nbsp; Si por Gir\u00f3n hubiera sido, Piedecuesta no existir\u00eda. Al menos no si ello hubiese dependido del Cura de Gir\u00f3n. Se llamaba Joseph. No \u201cJos\u00e9\u201d, como todos los que por aqu\u00ed quer\u00edan perpetuar con su nombre la memoria del carpintero &hellip; <a href=\"https:\/\/oscarhumbertogomez.com\/?p=21427\">Sigue leyendo <span class=\"meta-nav\">&rarr;<\/span><\/a><\/p>\n<div class='heateorSssClear'><\/div><div  class='heateor_sss_sharing_container heateor_sss_horizontal_sharing' heateor-sss-data-href='https:\/\/oscarhumbertogomez.com\/?p=21427'><div class='heateor_sss_sharing_title' style=\"font-weight:bold\" >\u00a1Gracias por compartirla!<\/div><ul class=\"heateor_sss_sharing_ul\"><li class=\"heateorSssSharingRound\"><i style=\"width:35px;height:35px;border-radius:999px;\" alt=\"Facebook\" Title=\"Facebook\" class=\"heateorSssSharing heateorSssFacebookBackground\" onclick='heateorSssPopup(\"https:\/\/www.facebook.com\/sharer\/sharer.php?u=https%3A%2F%2Foscarhumbertogomez.com%2Findex.php%3Frest_route%3D%252Fwp%252Fv2%252Fposts%252F21427\")'><ss style=\"display:block;border-radius:999px;\" class=\"heateorSssSharingSvg heateorSssFacebookSvg\"><\/ss><\/i><\/li><li class=\"heateorSssSharingRound\"><i style=\"width:35px;height:35px;border-radius:999px;\" alt=\"Twitter\" Title=\"Twitter\" class=\"heateorSssSharing heateorSssTwitterBackground\" onclick='heateorSssPopup(\"http:\/\/twitter.com\/intent\/tweet?text=HISTORIA%20DE%20PIEDECUESTA.%20Por%20%C3%93scar%20Humberto%20G%C3%B3mez%20G%C3%B3mez%2C%20Miembro%20Correspondiente%20de%20la%20Academia%20de%20Historia%20de%20Santander&url=https%3A%2F%2Foscarhumbertogomez.com%2Findex.php%3Frest_route%3D%252Fwp%252Fv2%252Fposts%252F21427\")'><ss style=\"display:block;border-radius:999px;\" class=\"heateorSssSharingSvg heateorSssTwitterSvg\"><\/ss><\/i><\/li><li class=\"heateorSssSharingRound\"><i style=\"width:35px;height:35px;border-radius:999px;\" alt=\"Whatsapp\" Title=\"Whatsapp\" class=\"heateorSssSharing heateorSssWhatsappBackground\" onclick='heateorSssPopup(\"https:\/\/web.whatsapp.com\/send?text=HISTORIA%20DE%20PIEDECUESTA.%20Por%20%C3%93scar%20Humberto%20G%C3%B3mez%20G%C3%B3mez%2C%20Miembro%20Correspondiente%20de%20la%20Academia%20de%20Historia%20de%20Santander https%3A%2F%2Foscarhumbertogomez.com%2Findex.php%3Frest_route%3D%252Fwp%252Fv2%252Fposts%252F21427\")'><ss style=\"display:block\" class=\"heateorSssSharingSvg heateorSssWhatsappSvg\"><\/ss><\/i><\/li><li class=\"heateorSssSharingRound\"><i style=\"width:35px;height:35px;border-radius:999px;\" alt=\"Pinterest\" Title=\"Pinterest\" class=\"heateorSssSharing heateorSssPinterestBackground\" onclick=\"javascript:void( (function() {var e=document.createElement('script' );e.setAttribute('type','text\/javascript' );e.setAttribute('charset','UTF-8' );e.setAttribute('src','\/\/assets.pinterest.com\/js\/pinmarklet.js?r='+Math.random()*99999999);document.body.appendChild(e)})());\"><ss style=\"display:block;border-radius:999px;\" class=\"heateorSssSharingSvg heateorSssPinterestSvg\"><\/ss><\/i><\/li><li class=\"heateorSssSharingRound\"><i style=\"width:35px;height:35px;border-radius:999px;\" alt=\"Google Gmail\" Title=\"Google Gmail\" class=\"heateorSssSharing heateorSssGoogleGmailBackground\" onclick='heateorSssPopup(\"https:\/\/mail.google.com\/mail\/?ui=2&view=cm&fs=1&tf=1&su=HISTORIA%20DE%20PIEDECUESTA.%20Por%20%C3%93scar%20Humberto%20G%C3%B3mez%20G%C3%B3mez%2C%20Miembro%20Correspondiente%20de%20la%20Academia%20de%20Historia%20de%20Santander&body=Link:https%3A%2F%2Foscarhumbertogomez.com%2Findex.php%3Frest_route%3D%252Fwp%252Fv2%252Fposts%252F21427\")'><ss style=\"display:block;border-radius:999px;\" class=\"heateorSssSharingSvg heateorSssGoogleGmailSvg\"><\/ss><\/i><\/li><li class=\"heateorSssSharingRound\"><i style=\"width:35px;height:35px;border-radius:999px;\" title=\"More\" alt=\"More\" class=\"heateorSssSharing heateorSssMoreBackground\" onclick=\"heateorSssMoreSharingPopup(this, 'https:\/\/oscarhumbertogomez.com\/index.php?rest_route=%2Fwp%2Fv2%2Fposts%2F21427', 'HISTORIA%20DE%20PIEDECUESTA.%20Por%20%C3%93scar%20Humberto%20G%C3%B3mez%20G%C3%B3mez%2C%20Miembro%20Correspondiente%20de%20la%20Academia%20de%20Historia%20de%20Santander', '' )\" ><ss style=\"display:block\" class=\"heateorSssSharingSvg heateorSssMoreSvg\"><\/ss><\/i><\/li><\/ul><div class=\"heateorSssClear\"><\/div><\/div><div class='heateorSssClear'><\/div>","protected":false},"author":2,"featured_media":0,"comment_status":"open","ping_status":"open","sticky":false,"template":"","format":"standard","meta":{"spay_email":"","footnotes":""},"categories":[12],"tags":[],"class_list":["post-21427","post","type-post","status-publish","format-standard","hentry","category-historia"],"jetpack_featured_media_url":"","jetpack_shortlink":"https:\/\/wp.me\/p1FYrr-5zB","_links":{"self":[{"href":"https:\/\/oscarhumbertogomez.com\/index.php?rest_route=\/wp\/v2\/posts\/21427","targetHints":{"allow":["GET"]}}],"collection":[{"href":"https:\/\/oscarhumbertogomez.com\/index.php?rest_route=\/wp\/v2\/posts"}],"about":[{"href":"https:\/\/oscarhumbertogomez.com\/index.php?rest_route=\/wp\/v2\/types\/post"}],"author":[{"embeddable":true,"href":"https:\/\/oscarhumbertogomez.com\/index.php?rest_route=\/wp\/v2\/users\/2"}],"replies":[{"embeddable":true,"href":"https:\/\/oscarhumbertogomez.com\/index.php?rest_route=%2Fwp%2Fv2%2Fcomments&post=21427"}],"version-history":[{"count":6,"href":"https:\/\/oscarhumbertogomez.com\/index.php?rest_route=\/wp\/v2\/posts\/21427\/revisions"}],"predecessor-version":[{"id":52281,"href":"https:\/\/oscarhumbertogomez.com\/index.php?rest_route=\/wp\/v2\/posts\/21427\/revisions\/52281"}],"wp:attachment":[{"href":"https:\/\/oscarhumbertogomez.com\/index.php?rest_route=%2Fwp%2Fv2%2Fmedia&parent=21427"}],"wp:term":[{"taxonomy":"category","embeddable":true,"href":"https:\/\/oscarhumbertogomez.com\/index.php?rest_route=%2Fwp%2Fv2%2Fcategories&post=21427"},{"taxonomy":"post_tag","embeddable":true,"href":"https:\/\/oscarhumbertogomez.com\/index.php?rest_route=%2Fwp%2Fv2%2Ftags&post=21427"}],"curies":[{"name":"wp","href":"https:\/\/api.w.org\/{rel}","templated":true}]}}