{"id":2144,"date":"2011-12-02T17:06:22","date_gmt":"2011-12-02T22:06:22","guid":{"rendered":"http:\/\/www.oscarhumbertogomez.com\/?p=2144"},"modified":"2025-03-24T13:51:24","modified_gmt":"2025-03-24T18:51:24","slug":"en-la-pluma-ajena-tristes-suenos-poesia-por-fernando-puyana-villamizar-2","status":"publish","type":"post","link":"https:\/\/oscarhumbertogomez.com\/?p=2144","title":{"rendered":"TRISTES SUE\u00d1OS, de Fernando Puyana Villamizar. Por \u00d3scar Humberto G\u00f3mez G\u00f3mez"},"content":{"rendered":"<div id=\"attachment_2145\" style=\"width: 650px\" class=\"wp-caption aligncenter\"><img loading=\"lazy\" decoding=\"async\" aria-describedby=\"caption-attachment-2145\" class=\"size-large wp-image-2145\" title=\"GUSTAVO PUYANA SE RETIRA DE LA MESA DE HONOR LUEGO DE SER CONDECORADO POR EL PRESIDENTE EDUARDO SANTOS\" src=\"https:\/\/lapiedrafilosofal.com\/wp-content\/uploads\/2011\/12\/GUSTAVO-PUYANA-SE-RETIRA-DE-LA-MESA-DE-HONOR-LUEGO-DE-SER-CONDECORADO-POR-EL-PRESIDENTE-EDUARDO-SANTOS-1024x768.jpg\" alt=\"\" width=\"640\" height=\"480\" srcset=\"https:\/\/oscarhumbertogomez.com\/wp-content\/uploads\/2011\/12\/GUSTAVO-PUYANA-SE-RETIRA-DE-LA-MESA-DE-HONOR-LUEGO-DE-SER-CONDECORADO-POR-EL-PRESIDENTE-EDUARDO-SANTOS-1024x768.jpg 1024w, https:\/\/oscarhumbertogomez.com\/wp-content\/uploads\/2011\/12\/GUSTAVO-PUYANA-SE-RETIRA-DE-LA-MESA-DE-HONOR-LUEGO-DE-SER-CONDECORADO-POR-EL-PRESIDENTE-EDUARDO-SANTOS-300x225.jpg 300w\" sizes=\"auto, (max-width: 640px) 100vw, 640px\" \/><p id=\"caption-attachment-2145\" class=\"wp-caption-text\">GUSTAVO PUYANA PUYANA, MIEMBRO DEL BATALL\u00d3N GUARDIA PRESIDENCIAL, SE RETIRA DE LA MESA DE HONOR LUEGO DE SER CONDECORADO POR EL PRESIDENTE EDUARDO SANTOS<\/p><\/div>\n<p>&nbsp;<\/p>\n<p><strong><img loading=\"lazy\" decoding=\"async\" class=\"aligncenter size-full wp-image-2147\" title=\"ORQU\u00cdDEAS\" src=\"https:\/\/lapiedrafilosofal.com\/wp-content\/uploads\/2011\/12\/ORQU\u00cdDEAS1.jpg\" alt=\"\" width=\"350\" height=\"263\" srcset=\"https:\/\/oscarhumbertogomez.com\/wp-content\/uploads\/2011\/12\/ORQU\u00cdDEAS1.jpg 350w, https:\/\/oscarhumbertogomez.com\/wp-content\/uploads\/2011\/12\/ORQU\u00cdDEAS1-300x225.jpg 300w\" sizes=\"auto, (max-width: 350px) 100vw, 350px\" \/><\/strong><\/p>\n<p><strong><br \/>\n<\/strong><strong><\/strong><strong>NOTAS DEL PORTAL: Bajo el t\u00edtulo \u201cTRISTES SUE\u00d1OS\u201d, Fernando Puyana Villamizar escribi\u00f3 un poema a la memoria de su padre, el distinguido empresario santandereano don Gustavo Puyana Puyana. Nuestro portal publica estos versos, no s\u00f3lo por provenir de quien provienen, sino porque, igualmente, con ellos evocamos a un hombre y, con \u00e9l, a los valores que enaltecieron una \u00e9poca dentro de la agitada historia santandereana.<\/strong><\/p>\n<p>&nbsp;<\/p>\n<p><span style=\"color: #0000ff;\"><strong>TRISTES SUE\u00d1OS<\/strong><\/span><\/p>\n<p>(Poes\u00eda)<\/p>\n<p>Por Fernando Puyana Villamizar.<\/p>\n<p>&nbsp;<\/p>\n<p><img loading=\"lazy\" decoding=\"async\" class=\"aligncenter size-full wp-image-2148\" title=\"pluma_tintero_violeta\" src=\"https:\/\/lapiedrafilosofal.com\/wp-content\/uploads\/2011\/12\/pluma_tintero_violeta1.png\" alt=\"\" width=\"568\" height=\"420\" srcset=\"https:\/\/oscarhumbertogomez.com\/wp-content\/uploads\/2011\/12\/pluma_tintero_violeta1.png 568w, https:\/\/oscarhumbertogomez.com\/wp-content\/uploads\/2011\/12\/pluma_tintero_violeta1-300x221.png 300w\" sizes=\"auto, (max-width: 568px) 100vw, 568px\" \/><\/p>\n<p>&nbsp;<\/p>\n<p>Realidad del adulto es el presente,<br \/>\ncon flores su cari\u00f1o ha perdurado,<br \/>\nsus historias y recuerdos he contado,<br \/>\nsonre\u00edr es acuerdo suficiente.<\/p>\n<p>C\u00edvico y recto como buen infante,<br \/>\npulcro defensor de lo logrado,<br \/>\nen el servicio por eficaz condecorado,<br \/>\nbondadoso y ejemplar fue mi teniente.<\/p>\n<p>Alegr\u00eda negada por la mente,<br \/>\ninercia, actitud del perturbado,<br \/>\nso\u00f1ar con un ser resucitado,<br \/>\ndolorosa frustraci\u00f3n de nuestra gente.<\/p>\n<p>La raz\u00f3n de fe del insistente,<br \/>\nmelanc\u00f3lica ilusi\u00f3n de mi pasado,<br \/>\nrememorar al padre sepultado,<br \/>\ncon l\u00e1grimas de un ni\u00f1o a\u00fan inocente.<\/p>\n<p>Pena inmensa, profunda y permanente,<br \/>\na los hijos ver, los rostros angustiados,<br \/>\nen una foto el abuelo est\u00e1 estampado,<br \/>\ny de su sangre, la verdad docente.<\/p>\n<p>Se revive el momento deprimente,<br \/>\ndel llanto, en l\u00e1grimas mojado,<br \/>\nafanosos recuerdos enclaustrados<br \/>\nen lo m\u00e1s sensible del consciente.<\/p>\n<p>&nbsp;<\/p>\n<div id=\"attachment_2155\" style=\"width: 650px\" class=\"wp-caption aligncenter\"><img loading=\"lazy\" decoding=\"async\" aria-describedby=\"caption-attachment-2155\" class=\"size-large wp-image-2155\" title=\"GUSTAVO PUYANA PUYANA, MIEMBRO DEL BATALL\u00d3N GUARDIA PRESIDENCIAL, ES CONDECORADO POR EL PRESIDENTE DE LA REP\u00daBLICA DR. EDUARDO SANTOS\" src=\"https:\/\/lapiedrafilosofal.com\/wp-content\/uploads\/2011\/12\/GUSTAVO-PUYANA-PUYANA-MIEMBRO-DEL-BATALL\u00d3N-GUARDIA-PRESIDENCIAL-ES-CONDECORADO-POR-EL-PRESIDENTE-DE-LA-REP\u00daBLICA-DR.-EDUARDO-SANTOS-1024x768.jpg\" alt=\"\" width=\"640\" height=\"480\" srcset=\"https:\/\/oscarhumbertogomez.com\/wp-content\/uploads\/2011\/12\/GUSTAVO-PUYANA-PUYANA-MIEMBRO-DEL-BATALL\u00d3N-GUARDIA-PRESIDENCIAL-ES-CONDECORADO-POR-EL-PRESIDENTE-DE-LA-REP\u00daBLICA-DR.-EDUARDO-SANTOS-1024x768.jpg 1024w, https:\/\/oscarhumbertogomez.com\/wp-content\/uploads\/2011\/12\/GUSTAVO-PUYANA-PUYANA-MIEMBRO-DEL-BATALL\u00d3N-GUARDIA-PRESIDENCIAL-ES-CONDECORADO-POR-EL-PRESIDENTE-DE-LA-REP\u00daBLICA-DR.-EDUARDO-SANTOS-300x225.jpg 300w\" sizes=\"auto, (max-width: 640px) 100vw, 640px\" \/><p id=\"caption-attachment-2155\" class=\"wp-caption-text\">GUSTAVO PUYANA PUYANA, MIEMBRO DEL BATALL\u00d3N GUARDIA PRESIDENCIAL, ES CONDECORADO POR EL PRESIDENTE DE LA REP\u00daBLICA, DR. EDUARDO SANTOS<\/p><\/div>\n<p>&nbsp;<\/p>\n<div id=\"attachment_2158\" style=\"width: 650px\" class=\"wp-caption aligncenter\"><img loading=\"lazy\" decoding=\"async\" aria-describedby=\"caption-attachment-2158\" class=\"size-large wp-image-2158\" title=\"BATALL\u00d3N GUARDIA PRESIDENCIAL DURANTE LA CEREMONIA DE CONDECORACI\u00d3N DE GUSTAVO PUYANA PUYANA POR PARTE DEL PRESIDENTE EDUARDO SANTOS\" src=\"https:\/\/lapiedrafilosofal.com\/wp-content\/uploads\/2011\/12\/BATALL\u00d3N-GUARDIA-PRESIDENCIAL-DURANTE-LA-CEREMONIA-DE-CONDECORACI\u00d3N-DE-GUSTAVO-PUYANA-PUYANA-POR-PARTE-DEL-PRESIDENTE-EDUARDO-SANTOS-1024x768.jpg\" alt=\"\" width=\"640\" height=\"480\" srcset=\"https:\/\/oscarhumbertogomez.com\/wp-content\/uploads\/2011\/12\/BATALL\u00d3N-GUARDIA-PRESIDENCIAL-DURANTE-LA-CEREMONIA-DE-CONDECORACI\u00d3N-DE-GUSTAVO-PUYANA-PUYANA-POR-PARTE-DEL-PRESIDENTE-EDUARDO-SANTOS-1024x768.jpg 1024w, https:\/\/oscarhumbertogomez.com\/wp-content\/uploads\/2011\/12\/BATALL\u00d3N-GUARDIA-PRESIDENCIAL-DURANTE-LA-CEREMONIA-DE-CONDECORACI\u00d3N-DE-GUSTAVO-PUYANA-PUYANA-POR-PARTE-DEL-PRESIDENTE-EDUARDO-SANTOS-300x225.jpg 300w\" sizes=\"auto, (max-width: 640px) 100vw, 640px\" \/><p id=\"caption-attachment-2158\" class=\"wp-caption-text\">BATALL\u00d3N GUARDIA PRESIDENCIAL DURANTE LA CEREMONIA DE CONDECORACI\u00d3N DE GUSTAVO PUYANA PUYANA POR PARTE DEL PRESIDENTE EDUARDO SANTOS<\/p><\/div>\n<p>&nbsp;<\/p>\n<div id=\"attachment_2151\" style=\"width: 270px\" class=\"wp-caption aligncenter\"><img loading=\"lazy\" decoding=\"async\" aria-describedby=\"caption-attachment-2151\" class=\"size-full wp-image-2151\" title=\"FERNANDO PUYANA VILLAMIZAR\" src=\"https:\/\/lapiedrafilosofal.com\/wp-content\/uploads\/2011\/12\/FERNANDO-PUYANA-VILLAMIZAR1.jpg\" alt=\"\" width=\"260\" height=\"194\"><p id=\"caption-attachment-2151\" class=\"wp-caption-text\">FERNANDO PUYANA VILLAMIZAR (\u00daLTIMO DE IZQUIERDA A DERECHA) DURANTE UN ENCUENTRO NACIONAL DE ORQUIDEOLOG\u00cdA EN BUCARAMANGA<\/p><\/div>\n<p>&nbsp;<\/p>\n","protected":false},"excerpt":{"rendered":"<p>&nbsp; NOTAS DEL PORTAL: Bajo el t\u00edtulo \u201cTRISTES SUE\u00d1OS\u201d, Fernando Puyana Villamizar escribi\u00f3 un poema a la memoria de su padre, el distinguido empresario santandereano don Gustavo Puyana Puyana. Nuestro portal publica estos versos, no s\u00f3lo por provenir de quien &hellip; <a href=\"https:\/\/oscarhumbertogomez.com\/?p=2144\">Sigue leyendo <span class=\"meta-nav\">&rarr;<\/span><\/a><\/p>\n<div class='heateorSssClear'><\/div><div  class='heateor_sss_sharing_container heateor_sss_horizontal_sharing' heateor-sss-data-href='https:\/\/oscarhumbertogomez.com\/?p=2144'><div class='heateor_sss_sharing_title' style=\"font-weight:bold\" >\u00a1Gracias por compartirla!<\/div><ul class=\"heateor_sss_sharing_ul\"><li class=\"heateorSssSharingRound\"><i style=\"width:35px;height:35px;border-radius:999px;\" alt=\"Facebook\" Title=\"Facebook\" class=\"heateorSssSharing heateorSssFacebookBackground\" onclick='heateorSssPopup(\"https:\/\/www.facebook.com\/sharer\/sharer.php?u=https%3A%2F%2Foscarhumbertogomez.com%2Findex.php%3Frest_route%3D%252Fwp%252Fv2%252Fposts%252F2144\")'><ss style=\"display:block;border-radius:999px;\" class=\"heateorSssSharingSvg heateorSssFacebookSvg\"><\/ss><\/i><\/li><li class=\"heateorSssSharingRound\"><i style=\"width:35px;height:35px;border-radius:999px;\" alt=\"Twitter\" Title=\"Twitter\" class=\"heateorSssSharing heateorSssTwitterBackground\" onclick='heateorSssPopup(\"http:\/\/twitter.com\/intent\/tweet?text=TRISTES%20SUE%C3%91OS%2C%20de%20Fernando%20Puyana%20Villamizar.%20Por%20%C3%93scar%20Humberto%20G%C3%B3mez%20G%C3%B3mez&url=https%3A%2F%2Foscarhumbertogomez.com%2Findex.php%3Frest_route%3D%252Fwp%252Fv2%252Fposts%252F2144\")'><ss style=\"display:block;border-radius:999px;\" class=\"heateorSssSharingSvg heateorSssTwitterSvg\"><\/ss><\/i><\/li><li class=\"heateorSssSharingRound\"><i style=\"width:35px;height:35px;border-radius:999px;\" alt=\"Whatsapp\" Title=\"Whatsapp\" class=\"heateorSssSharing heateorSssWhatsappBackground\" onclick='heateorSssPopup(\"https:\/\/web.whatsapp.com\/send?text=TRISTES%20SUE%C3%91OS%2C%20de%20Fernando%20Puyana%20Villamizar.%20Por%20%C3%93scar%20Humberto%20G%C3%B3mez%20G%C3%B3mez https%3A%2F%2Foscarhumbertogomez.com%2Findex.php%3Frest_route%3D%252Fwp%252Fv2%252Fposts%252F2144\")'><ss style=\"display:block\" class=\"heateorSssSharingSvg heateorSssWhatsappSvg\"><\/ss><\/i><\/li><li class=\"heateorSssSharingRound\"><i style=\"width:35px;height:35px;border-radius:999px;\" alt=\"Pinterest\" Title=\"Pinterest\" class=\"heateorSssSharing heateorSssPinterestBackground\" onclick=\"javascript:void( (function() {var e=document.createElement('script' );e.setAttribute('type','text\/javascript' );e.setAttribute('charset','UTF-8' );e.setAttribute('src','\/\/assets.pinterest.com\/js\/pinmarklet.js?r='+Math.random()*99999999);document.body.appendChild(e)})());\"><ss style=\"display:block;border-radius:999px;\" class=\"heateorSssSharingSvg heateorSssPinterestSvg\"><\/ss><\/i><\/li><li class=\"heateorSssSharingRound\"><i style=\"width:35px;height:35px;border-radius:999px;\" alt=\"Google Gmail\" Title=\"Google Gmail\" class=\"heateorSssSharing heateorSssGoogleGmailBackground\" onclick='heateorSssPopup(\"https:\/\/mail.google.com\/mail\/?ui=2&view=cm&fs=1&tf=1&su=TRISTES%20SUE%C3%91OS%2C%20de%20Fernando%20Puyana%20Villamizar.%20Por%20%C3%93scar%20Humberto%20G%C3%B3mez%20G%C3%B3mez&body=Link:https%3A%2F%2Foscarhumbertogomez.com%2Findex.php%3Frest_route%3D%252Fwp%252Fv2%252Fposts%252F2144\")'><ss style=\"display:block;border-radius:999px;\" class=\"heateorSssSharingSvg heateorSssGoogleGmailSvg\"><\/ss><\/i><\/li><li class=\"heateorSssSharingRound\"><i style=\"width:35px;height:35px;border-radius:999px;\" title=\"More\" alt=\"More\" class=\"heateorSssSharing heateorSssMoreBackground\" onclick=\"heateorSssMoreSharingPopup(this, 'https:\/\/oscarhumbertogomez.com\/index.php?rest_route=%2Fwp%2Fv2%2Fposts%2F2144', 'TRISTES%20SUE%C3%91OS%2C%20de%20Fernando%20Puyana%20Villamizar.%20Por%20%C3%93scar%20Humberto%20G%C3%B3mez%20G%C3%B3mez', '' )\" ><ss style=\"display:block\" class=\"heateorSssSharingSvg heateorSssMoreSvg\"><\/ss><\/i><\/li><\/ul><div class=\"heateorSssClear\"><\/div><\/div><div class='heateorSssClear'><\/div>","protected":false},"author":2,"featured_media":0,"comment_status":"open","ping_status":"open","sticky":false,"template":"","format":"standard","meta":{"spay_email":"","footnotes":""},"categories":[6,7],"tags":[],"class_list":["post-2144","post","type-post","status-publish","format-standard","hentry","category-la-pluma-ajena","category-poesia"],"jetpack_featured_media_url":"","jetpack_shortlink":"https:\/\/wp.me\/p1FYrr-yA","_links":{"self":[{"href":"https:\/\/oscarhumbertogomez.com\/index.php?rest_route=\/wp\/v2\/posts\/2144","targetHints":{"allow":["GET"]}}],"collection":[{"href":"https:\/\/oscarhumbertogomez.com\/index.php?rest_route=\/wp\/v2\/posts"}],"about":[{"href":"https:\/\/oscarhumbertogomez.com\/index.php?rest_route=\/wp\/v2\/types\/post"}],"author":[{"embeddable":true,"href":"https:\/\/oscarhumbertogomez.com\/index.php?rest_route=\/wp\/v2\/users\/2"}],"replies":[{"embeddable":true,"href":"https:\/\/oscarhumbertogomez.com\/index.php?rest_route=%2Fwp%2Fv2%2Fcomments&post=2144"}],"version-history":[{"count":4,"href":"https:\/\/oscarhumbertogomez.com\/index.php?rest_route=\/wp\/v2\/posts\/2144\/revisions"}],"predecessor-version":[{"id":52786,"href":"https:\/\/oscarhumbertogomez.com\/index.php?rest_route=\/wp\/v2\/posts\/2144\/revisions\/52786"}],"wp:attachment":[{"href":"https:\/\/oscarhumbertogomez.com\/index.php?rest_route=%2Fwp%2Fv2%2Fmedia&parent=2144"}],"wp:term":[{"taxonomy":"category","embeddable":true,"href":"https:\/\/oscarhumbertogomez.com\/index.php?rest_route=%2Fwp%2Fv2%2Fcategories&post=2144"},{"taxonomy":"post_tag","embeddable":true,"href":"https:\/\/oscarhumbertogomez.com\/index.php?rest_route=%2Fwp%2Fv2%2Ftags&post=2144"}],"curies":[{"name":"wp","href":"https:\/\/api.w.org\/{rel}","templated":true}]}}