{"id":21740,"date":"2017-04-26T16:13:27","date_gmt":"2017-04-26T21:13:27","guid":{"rendered":"http:\/\/www.oscarhumbertogomez.com\/?p=21740"},"modified":"2022-06-29T14:03:49","modified_gmt":"2022-06-29T19:03:49","slug":"el-periodista-e-historiador-santandereano-edmundo-gavassa-villamizar-publica-nuevo-libro-por-oscar-humberto-gomez-gomez","status":"publish","type":"post","link":"https:\/\/oscarhumbertogomez.com\/?p=21740","title":{"rendered":"EL PERIODISTA E HISTORIADOR SANTANDEREANO EDMUNDO GAVASSA VILLAMIZAR PUBLICA NUEVO LIBRO. Por \u00d3scar Humberto G\u00f3mez G\u00f3mez"},"content":{"rendered":"<div id=\"attachment_21767\" style=\"width: 650px\" class=\"wp-caption aligncenter\"><a href=\"https:\/\/lapiedrafilosofal.com\/wp-content\/uploads\/2017\/04\/EDMUNDO-GAVASSA.jpg\"><img loading=\"lazy\" decoding=\"async\" aria-describedby=\"caption-attachment-21767\" class=\"size-large wp-image-21767\" src=\"https:\/\/lapiedrafilosofal.com\/wp-content\/uploads\/2017\/04\/EDMUNDO-GAVASSA-1024x576.jpg\" alt=\"\" width=\"640\" height=\"360\" srcset=\"https:\/\/oscarhumbertogomez.com\/wp-content\/uploads\/2017\/04\/EDMUNDO-GAVASSA-1024x576.jpg 1024w, https:\/\/oscarhumbertogomez.com\/wp-content\/uploads\/2017\/04\/EDMUNDO-GAVASSA-300x169.jpg 300w, https:\/\/oscarhumbertogomez.com\/wp-content\/uploads\/2017\/04\/EDMUNDO-GAVASSA-768x432.jpg 768w, https:\/\/oscarhumbertogomez.com\/wp-content\/uploads\/2017\/04\/EDMUNDO-GAVASSA.jpg 1280w\" sizes=\"auto, (max-width: 640px) 100vw, 640px\" \/><\/a><p id=\"caption-attachment-21767\" class=\"wp-caption-text\">EDMUNDO GAVASSA VILLAMIZAR, PERIODISTA E HISTORIADOR SANTANDEREANO.<\/p><\/div>\n<p>&nbsp;<\/p>\n<p>Quintilio Gavassa Mibelli, ciudadano italiano nacido en la isla de Elba el 25 de noviembre de 1861, fue un inmigrante europeo que lleg\u00f3 a esta tierra para terminar muriendo en ella. A su muerte, ocurrida el d\u00eda s\u00e1bado 2 de setiembre de 1922 en su casa, la casona esquinera ubicada en la calle 6a con carrera 12 (hoy calle 37 con carrera 17), hab\u00eda dejado el legado de haber fundado la f\u00e1brica de pastas alimenticias <em>La Italiana<\/em>, que pas\u00f3 luego a convertirse en las famosas <em>Pastas Gavassa<\/em>, uno de los s\u00edmbolos sobrevivientes de la comarca santandereana. Tambi\u00e9n hab\u00eda fundado en Pamplona una f\u00e1brica de cigarros a la que le puso un nombre que denota aquella natural inclinaci\u00f3n que ten\u00eda de exaltar los m\u00e1s caros valores que entonces dignificaban a nuestra sociedad: <em>F\u00e1brica de Cigarros La Honradez.<\/em><\/p>\n<p>Pero, adem\u00e1s, Quintilio Gavassa Mibelli nos dej\u00f3 un legado que habr\u00eda de permitirnos a las nuevas generaciones de bumangueses aproximarnos a la visi\u00f3n de c\u00f3mo era Bucaramanga en aquellos remotos tiempos. Ese legado no fue otro que la inconmensurable riqueza de sus fotograf\u00edas.<\/p>\n<p>S\u00ed: de sus fotograf\u00edas. Porque Quintilio Gavassa Mibelli fue fot\u00f3grafo. Y no cualquiera, sino un fot\u00f3grafo culto, un hombre serio y decente, que enalteci\u00f3 con su presencia los salones aristocr\u00e1ticos del Club del Comercio de aquellos a\u00f1os, pero que tambi\u00e9n tuvo la perspectiva hist\u00f3rica de retratar con su c\u00e1mara la sencillez de nuestras calles, de nuestros parques, de nuestro pueblo, de nuestra gente de aquella \u00e9poca, y dejar as\u00ed para la posteridad las im\u00e1genes de la Bucaramanga de ruana y sombrero en cuyas calles discurr\u00eda su existencia de extranjero afincado en tierra lejana, una tierra donde finalmente hab\u00eda echado ra\u00edces y en la que hab\u00eda construido los cimientos de la que ser\u00eda una gran familia santandereana.<\/p>\n<p><em>Fotograf\u00eda Gavassa<\/em> se llamaba su empresa. Y gracias a su c\u00e1mara inquieta, y pese a las limitaciones t\u00e9cnicas de una \u00e9poca en la que tomarse un retrato no era cosa de poca monta, porque tanto el fot\u00f3grafo como quien se retrataba ten\u00edan que contar con la virtud que hizo famoso al Santo Job, pudimos nosotros, los que por fortuna fuimos capaces de entender que Bucaramanga no naci\u00f3 anoche, ni que se dio por generaci\u00f3n espont\u00e1nea, y por eso abrazamos la Historia como parte de nuestra formaci\u00f3n personal, aproximarnos al villorrio de esos d\u00edas, y hoy nos alegra haber podido imaginarnos el devenir de nuestra comarca y conocer de cerca los rostros de quienes nos precedieron en la construcci\u00f3n de los destinos de nuestra ciudad natal y trajeron aqu\u00ed tantas maravillas de las que disfrutaba el mundo civilizado, desde la luz el\u00e9ctrica hasta el adelanto del acueducto, desde la alegr\u00eda de las notas musicales tocadas por una orquesta hasta la maravilla del agua s\u00f3lida, desde el primer autom\u00f3vil hasta el reemplazo de las calles empedradas por la modernidad de la brea y el asfalto.<\/p>\n<p>Mas, como lo anotamos en nuestro libro <em>Historia de Bucaramanga<\/em>, &#8220;Edmundo Gavassa Villamizar ser\u00e1 quien conservar\u00e1 y difundir\u00e1 para la posteridad el rico legado fotogr\u00e1fico dejado por su abuelo, Quintilio Gavassa Mibelli, gracias al cual las nuevas generaciones de bumangueses pudimos conocer lo que fue nuestra ciudad en aquellos a\u00f1os remotos e irrepetibles. El esp\u00edritu visionario y culto de Quintilio Gavassa permitir\u00e1 la captura de hermosas escenas que con el paso de los a\u00f1os habr\u00e1n de constituir las \u00fanicas referencias posibles que el inexorable paso de la historia nos permitir\u00e1 conocer de esta tierra. Pero ello no hubiese sido posible de no ser por el amor de su nieto Edmundo hacia la Historia y la ausencia de mezquindad con que obr\u00f3 al dejar al conocimiento p\u00fablico lo que, de otro modo, no habr\u00eda pasado de ser un tesoro privado de su familia, apenas conocible por sus allegados&#8221; (<em>Historia de Bucaramanga<\/em>, 2009, p. 210).<\/p>\n<p>Don Edmundo Gavassa Villamizar naci\u00f3 en Bucaramanga &#8220;el jueves 25 de enero de 1940, en el hogar formado por Rafael Gavassa Villamizar y Beatriz Villamizar Bautista&#8221; (G\u00f3mez, ob. cit., <em>loc. cit<\/em>.). &nbsp;Fue -en la d\u00e9cada de los a\u00f1os 60- redactor de la p\u00e1gina internacional de El Tiempo, de Bogot\u00e1. En la actualidad es Miembro del Colegio de Periodistas de Bogot\u00e1 (CPB). &nbsp;En su trasegar como periodista e historiador, ha publicado numerosos libros, siempre en procura de que nuestro devenir no quede sepultado por el polvo del olvido. As\u00ed, por ejemplo, su primera obra,&nbsp;<em>Fotograf\u00eda italiana de Quintilio Gavassa<\/em> (Papeler\u00eda Am\u00e9rica Editorial, Bucaramanga, 1982), recoge im\u00e1genes de la vieja Bucaramanga, complementadas con valiosos textos informativos complementarios.<\/p>\n<p>Pues bien: fiel a esa l\u00ednea de conducta, ma\u00f1ana jueves 27 de abril de 2017, en acto solemne que se llevar\u00e1 a cabo en la Casa de Bol\u00edvar, sede de la Academia de Historia de Santander, a las 6:30 de la tarde, el cual estar\u00e1 presidido por don Miguel Jos\u00e9 Pinilla Guti\u00e9rrez, presidente de la augusta instituci\u00f3n, don Edmundo Gavassa Villamizar, quien funge desde hace largos a\u00f1os como columnista del diario <em>Vanguardia Liberal<\/em>, enriquece una vez m\u00e1s la bibliograf\u00eda santandereana con la presentaci\u00f3n de un nuevo libro de su autor\u00eda. Esta vez exalta la memoria de los facultativos que hicieron y siguen escribiendo con sus vidas la historia de la Medicina en este nuestro terru\u00f1o despu\u00e9s de haber un d\u00eda pronunciado, con la emoci\u00f3n del graduando, el Juramento Hipocr\u00e1tico.<\/p>\n<p>El nuevo libro del inquieto periodista e historiador, titulado <strong><em>La Salud en Bucaramanga. Rese\u00f1a Hist\u00f3rica<\/em><\/strong>, ser\u00e1 presentado por don Fabio Torres Barrera, Miembro de N\u00famero de la Academia de Historia de Santander, entidad de la cual el autor tambi\u00e9n es Miembro de N\u00famero y a la que ha presidido en varias oportunidades.<\/p>\n<p>\u00a1Felicitaciones, don Edmundo! Usted sabe que por aqu\u00ed se le estima, se le admira y se le respeta.<\/p>\n<p><em>Mesa de las Tempestades, \u00c1rea Metropolitana de Bucaramanga, mi\u00e9rcoles 26 de abril de 2017<\/em><\/p>\n<p>&nbsp;<\/p>\n","protected":false},"excerpt":{"rendered":"<p>&nbsp; Quintilio Gavassa Mibelli, ciudadano italiano nacido en la isla de Elba el 25 de noviembre de 1861, fue un inmigrante europeo que lleg\u00f3 a esta tierra para terminar muriendo en ella. A su muerte, ocurrida el d\u00eda s\u00e1bado 2 &hellip; <a href=\"https:\/\/oscarhumbertogomez.com\/?p=21740\">Sigue leyendo <span class=\"meta-nav\">&rarr;<\/span><\/a><\/p>\n<div class='heateorSssClear'><\/div><div  class='heateor_sss_sharing_container heateor_sss_horizontal_sharing' heateor-sss-data-href='https:\/\/oscarhumbertogomez.com\/?p=21740'><div class='heateor_sss_sharing_title' style=\"font-weight:bold\" >\u00a1Gracias por compartirla!<\/div><ul class=\"heateor_sss_sharing_ul\"><li class=\"heateorSssSharingRound\"><i style=\"width:35px;height:35px;border-radius:999px;\" alt=\"Facebook\" Title=\"Facebook\" class=\"heateorSssSharing heateorSssFacebookBackground\" onclick='heateorSssPopup(\"https:\/\/www.facebook.com\/sharer\/sharer.php?u=https%3A%2F%2Foscarhumbertogomez.com%2Findex.php%3Frest_route%3D%252Fwp%252Fv2%252Fposts%252F21740\")'><ss style=\"display:block;border-radius:999px;\" class=\"heateorSssSharingSvg heateorSssFacebookSvg\"><\/ss><\/i><\/li><li class=\"heateorSssSharingRound\"><i style=\"width:35px;height:35px;border-radius:999px;\" alt=\"Twitter\" Title=\"Twitter\" class=\"heateorSssSharing heateorSssTwitterBackground\" onclick='heateorSssPopup(\"http:\/\/twitter.com\/intent\/tweet?text=EL%20PERIODISTA%20E%20HISTORIADOR%20SANTANDEREANO%20EDMUNDO%20GAVASSA%20VILLAMIZAR%20PUBLICA%20NUEVO%20LIBRO.%20Por%20%C3%93scar%20Humberto%20G%C3%B3mez%20G%C3%B3mez&url=https%3A%2F%2Foscarhumbertogomez.com%2Findex.php%3Frest_route%3D%252Fwp%252Fv2%252Fposts%252F21740\")'><ss style=\"display:block;border-radius:999px;\" class=\"heateorSssSharingSvg heateorSssTwitterSvg\"><\/ss><\/i><\/li><li class=\"heateorSssSharingRound\"><i style=\"width:35px;height:35px;border-radius:999px;\" alt=\"Whatsapp\" Title=\"Whatsapp\" class=\"heateorSssSharing heateorSssWhatsappBackground\" onclick='heateorSssPopup(\"https:\/\/web.whatsapp.com\/send?text=EL%20PERIODISTA%20E%20HISTORIADOR%20SANTANDEREANO%20EDMUNDO%20GAVASSA%20VILLAMIZAR%20PUBLICA%20NUEVO%20LIBRO.%20Por%20%C3%93scar%20Humberto%20G%C3%B3mez%20G%C3%B3mez https%3A%2F%2Foscarhumbertogomez.com%2Findex.php%3Frest_route%3D%252Fwp%252Fv2%252Fposts%252F21740\")'><ss style=\"display:block\" class=\"heateorSssSharingSvg heateorSssWhatsappSvg\"><\/ss><\/i><\/li><li class=\"heateorSssSharingRound\"><i style=\"width:35px;height:35px;border-radius:999px;\" alt=\"Pinterest\" Title=\"Pinterest\" class=\"heateorSssSharing heateorSssPinterestBackground\" onclick=\"javascript:void( (function() {var e=document.createElement('script' );e.setAttribute('type','text\/javascript' );e.setAttribute('charset','UTF-8' );e.setAttribute('src','\/\/assets.pinterest.com\/js\/pinmarklet.js?r='+Math.random()*99999999);document.body.appendChild(e)})());\"><ss style=\"display:block;border-radius:999px;\" class=\"heateorSssSharingSvg heateorSssPinterestSvg\"><\/ss><\/i><\/li><li class=\"heateorSssSharingRound\"><i style=\"width:35px;height:35px;border-radius:999px;\" alt=\"Google Gmail\" Title=\"Google Gmail\" class=\"heateorSssSharing heateorSssGoogleGmailBackground\" onclick='heateorSssPopup(\"https:\/\/mail.google.com\/mail\/?ui=2&view=cm&fs=1&tf=1&su=EL%20PERIODISTA%20E%20HISTORIADOR%20SANTANDEREANO%20EDMUNDO%20GAVASSA%20VILLAMIZAR%20PUBLICA%20NUEVO%20LIBRO.%20Por%20%C3%93scar%20Humberto%20G%C3%B3mez%20G%C3%B3mez&body=Link:https%3A%2F%2Foscarhumbertogomez.com%2Findex.php%3Frest_route%3D%252Fwp%252Fv2%252Fposts%252F21740\")'><ss style=\"display:block;border-radius:999px;\" class=\"heateorSssSharingSvg heateorSssGoogleGmailSvg\"><\/ss><\/i><\/li><li class=\"heateorSssSharingRound\"><i style=\"width:35px;height:35px;border-radius:999px;\" title=\"More\" alt=\"More\" class=\"heateorSssSharing heateorSssMoreBackground\" onclick=\"heateorSssMoreSharingPopup(this, 'https:\/\/oscarhumbertogomez.com\/index.php?rest_route=%2Fwp%2Fv2%2Fposts%2F21740', 'EL%20PERIODISTA%20E%20HISTORIADOR%20SANTANDEREANO%20EDMUNDO%20GAVASSA%20VILLAMIZAR%20PUBLICA%20NUEVO%20LIBRO.%20Por%20%C3%93scar%20Humberto%20G%C3%B3mez%20G%C3%B3mez', '' )\" ><ss style=\"display:block\" class=\"heateorSssSharingSvg heateorSssMoreSvg\"><\/ss><\/i><\/li><\/ul><div class=\"heateorSssClear\"><\/div><\/div><div class='heateorSssClear'><\/div>","protected":false},"author":2,"featured_media":0,"comment_status":"open","ping_status":"open","sticky":false,"template":"","format":"standard","meta":{"spay_email":"","footnotes":""},"categories":[1],"tags":[],"class_list":["post-21740","post","type-post","status-publish","format-standard","hentry","category-blog"],"jetpack_featured_media_url":"","jetpack_shortlink":"https:\/\/wp.me\/p1FYrr-5EE","_links":{"self":[{"href":"https:\/\/oscarhumbertogomez.com\/index.php?rest_route=\/wp\/v2\/posts\/21740","targetHints":{"allow":["GET"]}}],"collection":[{"href":"https:\/\/oscarhumbertogomez.com\/index.php?rest_route=\/wp\/v2\/posts"}],"about":[{"href":"https:\/\/oscarhumbertogomez.com\/index.php?rest_route=\/wp\/v2\/types\/post"}],"author":[{"embeddable":true,"href":"https:\/\/oscarhumbertogomez.com\/index.php?rest_route=\/wp\/v2\/users\/2"}],"replies":[{"embeddable":true,"href":"https:\/\/oscarhumbertogomez.com\/index.php?rest_route=%2Fwp%2Fv2%2Fcomments&post=21740"}],"version-history":[{"count":5,"href":"https:\/\/oscarhumbertogomez.com\/index.php?rest_route=\/wp\/v2\/posts\/21740\/revisions"}],"predecessor-version":[{"id":42438,"href":"https:\/\/oscarhumbertogomez.com\/index.php?rest_route=\/wp\/v2\/posts\/21740\/revisions\/42438"}],"wp:attachment":[{"href":"https:\/\/oscarhumbertogomez.com\/index.php?rest_route=%2Fwp%2Fv2%2Fmedia&parent=21740"}],"wp:term":[{"taxonomy":"category","embeddable":true,"href":"https:\/\/oscarhumbertogomez.com\/index.php?rest_route=%2Fwp%2Fv2%2Fcategories&post=21740"},{"taxonomy":"post_tag","embeddable":true,"href":"https:\/\/oscarhumbertogomez.com\/index.php?rest_route=%2Fwp%2Fv2%2Ftags&post=21740"}],"curies":[{"name":"wp","href":"https:\/\/api.w.org\/{rel}","templated":true}]}}