{"id":21837,"date":"2017-05-27T13:14:13","date_gmt":"2017-05-27T18:14:13","guid":{"rendered":"http:\/\/www.oscarhumbertogomez.com\/?p=21837"},"modified":"2025-03-20T20:31:49","modified_gmt":"2025-03-21T01:31:49","slug":"la-guerra-civil-espanola-y-los-albores-de-la-psicologia-en-colombia-informe-especial-capitulo-i-por-oscar-humberto-gomez-gomez-miembro-del-colegio-nacional-de-periodistas-cnp","status":"publish","type":"post","link":"https:\/\/oscarhumbertogomez.com\/?p=21837","title":{"rendered":"LA GUERRA CIVIL ESPA\u00d1OLA Y LOS ALBORES DE LA PSICOLOG\u00cdA EN COLOMBIA.  [Informe especial. Cap\u00edtulo I]. Por \u00d3scar Humberto G\u00f3mez G\u00f3mez, Miembro de N\u00famero de la Academia de Historia de Santander y Miembro del Colegio Nacional de Periodistas"},"content":{"rendered":"<p><em><em><strong>[A Alejandra G\u00f3mez Blackburn, psic\u00f3loga cl\u00ednica colombiana] <\/strong><\/em><\/em><\/p>\n<p><a href=\"https:\/\/lapiedrafilosofal.com\/wp-content\/uploads\/2017\/05\/guernica-440x354.jpg\"><img decoding=\"async\" class=\"aligncenter size-full wp-image-22026\" src=\"https:\/\/lapiedrafilosofal.com\/wp-content\/uploads\/2017\/05\/guernica-440x354.jpg\" alt=\"\" width=\"880\" srcset=\"https:\/\/oscarhumbertogomez.com\/wp-content\/uploads\/2017\/05\/guernica-440x354.jpg 440w, https:\/\/oscarhumbertogomez.com\/wp-content\/uploads\/2017\/05\/guernica-440x354-300x241.jpg 300w\" sizes=\"(max-width: 440px) 100vw, 440px\" \/><\/a><\/p>\n<p>&nbsp;<\/p>\n<p>El 17 de julio de 1936, un sector del ej\u00e9rcito de Espa\u00f1a intent\u00f3 derribar con un golpe de Estado al reci\u00e9n elegido presidente de la rep\u00fablica Manuel Aza\u00f1a. El golpe fue parcialmente exitoso, es decir, que algunas zonas del territorio espa\u00f1ol pasaron a poder de los sublevados mientras que el resto del pa\u00eds permaneci\u00f3 fiel al gobierno que hab\u00eda sido recientemente elegido. &nbsp;Antes de la intentona golpista, el pa\u00eds atravesaba una situaci\u00f3n de turbulencia marcada por &nbsp;sangrientos atentados contra el derecho a la vida como el asesinato del teniente de orientaci\u00f3n socialista Jos\u00e9 del Castillo S\u00e1enz de Tejada (12 de julio de 1936) y el asesinato del destacado l\u00edder de la derecha parlamentaria Jos\u00e9 Calvo Sotelo (13 de julio de 1936, es decir, al d\u00eda siguiente), o el que antes hab\u00eda sido dirigido contra el jurista de ideas liberales Luis Jim\u00e9nez de As\u00faa (12 de marzo de 1936), hecho en el que muri\u00f3 su escolta, el agente de la polic\u00eda Jes\u00fas Gisbert. &nbsp;El presidente Aza\u00f1a era el l\u00edder de solo uno de los varios partidos pol\u00edticos que se hab\u00edan integrado bajo el nombre Frente Popular para ganarle las elecciones a la derecha, por lo cual las fricciones y divisiones internas dentro de quienes hab\u00edan apoyado su ascenso al poder eran inocultables. Los golpistas invocaban la situaci\u00f3n general de desorden y desgobierno como argumento para su intr\u00e9pida acci\u00f3n, pero tambi\u00e9n la simpat\u00eda de los nuevos gobernantes hacia el comunismo, particularmente hacia el gobierno de Jos\u00e9 Stalin, l\u00edder de la Uni\u00f3n Sovi\u00e9tica. Como el golpe no prosper\u00f3 sino en unas partes de Espa\u00f1a, los militares involucrados en el mismo decidieron seguir adelante con sus intenciones y desataron, entonces, una guerra civil. Espa\u00f1a qued\u00f3 dividida desde ese momento en dos Espa\u00f1as: el sector republicano, que se manten\u00eda fiel a la Rep\u00fablica, y el sector antirrepublicano, que apoyaba el derrocamiento del gobierno y la imposici\u00f3n de una pol\u00edtica de &#8220;mano dura&#8221;. Este sector -que ya para ese momento ejerc\u00eda control territorial- se proclam\u00f3 a s\u00ed mismo como el bando nacionalista.<\/p>\n<p>&nbsp;<br \/>\n__________<\/p>\n<p>&nbsp;<\/p>\n<p><a href=\"https:\/\/lapiedrafilosofal.com\/wp-content\/uploads\/2017\/05\/Mercedes-Rodrigo-final-02.png\"><img loading=\"lazy\" decoding=\"async\" class=\"aligncenter size-large wp-image-22081\" src=\"https:\/\/lapiedrafilosofal.com\/wp-content\/uploads\/2017\/05\/Mercedes-Rodrigo-final-02-809x1024.png\" alt=\"\" width=\"640\" height=\"810\" srcset=\"https:\/\/oscarhumbertogomez.com\/wp-content\/uploads\/2017\/05\/Mercedes-Rodrigo-final-02-809x1024.png 809w, https:\/\/oscarhumbertogomez.com\/wp-content\/uploads\/2017\/05\/Mercedes-Rodrigo-final-02-237x300.png 237w, https:\/\/oscarhumbertogomez.com\/wp-content\/uploads\/2017\/05\/Mercedes-Rodrigo-final-02-768x972.png 768w, https:\/\/oscarhumbertogomez.com\/wp-content\/uploads\/2017\/05\/Mercedes-Rodrigo-final-02.png 999w\" sizes=\"auto, (max-width: 640px) 100vw, 640px\" \/><\/a><\/p>\n<p>&nbsp;<\/p>\n<p>Mercedes Rodrigo ya era maestra cuando se interes\u00f3 por los temas del mundo ps\u00edquico en relaci\u00f3n con su profesi\u00f3n, a la que reci\u00e9n arribaba. Y fue ese inter\u00e9s el que la condujo a estudiar aquella otra carrera y a convertirse en la primera psic\u00f3loga de Espa\u00f1a. Pero como en Espa\u00f1a no exist\u00eda la carrera de Psicolog\u00eda, se le apunt\u00f3 a una beca que le permitiera estudiarla en el exterior.<\/p>\n<p>Hab\u00eda obtenido su t\u00edtulo profesional de maestra en la Escuela Normal Superior de Maestras de Madrid cuando ten\u00eda 20 a\u00f1os (1911) y fue la pedagog\u00eda la que la acerc\u00f3 al mundo de la psicolog\u00eda. En 1921, a los 30 a\u00f1os de edad, obten\u00eda la beca (en ese entonces se le llamaba &#8220;pensi\u00f3n&#8221;) para estudiar su nueva carrera en Suiza.<\/p>\n<p>Esa integraci\u00f3n entre la pedagog\u00eda y la psicolog\u00eda que se propon\u00eda lograr la joven educadora espa\u00f1ola no era nueva.<\/p>\n<p>En efecto, en la patria del legendario ballestero Guillermo Tell, concretamente en la ciudad de Ginebra (la leyenda de Tell ubica su nacimiento en B\u00fcrglen, cant\u00f3n de Uri), los psic\u00f3logos y pedagogos Eduardo Clapar\u00e8de y Pierre Bovet hab\u00edan fundado, en 1912, el Instituto Jean Jacques Rousseau para la formaci\u00f3n de educadores. En dicho instituto se estaba desarrollando un nuevo enfoque pedag\u00f3gico conocido como la \u201cEscuela Nueva\u201d. Esta moderna concepci\u00f3n de la ense\u00f1anza ten\u00eda car\u00e1cter experimental y estaba destinada a la ni\u00f1ez. La &#8220;Escuela Nueva&#8221; pretend\u00eda revolucionar el mundo educativo replanteando la tradicional severidad acartonada en la educaci\u00f3n de la ni\u00f1ez e introduciendo elementos novedosos como la autodisciplina, la solidaridad, el juego y el amor, as\u00ed como el concepto de que la relaci\u00f3n maestro-disc\u00edpulo no deb\u00eda seguir siendo de poder-sumisi\u00f3n y que el ni\u00f1o deb\u00eda desempe\u00f1ar un papel activo y principal en su propio proceso educativo. Este v\u00ednculo entre la pedagog\u00eda y la psicolog\u00eda en el abordaje de la educaci\u00f3n infantil se estaba dando tambi\u00e9n en otras latitudes, como acontec\u00eda en Italia con la prestigiosa psiquiatra y pedagoga Mar\u00eda Montessori. &nbsp;Clapar\u00e8de en Suiza estaba desarrollando la psicolog\u00eda evolutiva (<em>a medida que pasan los a\u00f1os el ser humano no solo va cambiando f\u00edsicamente; tambi\u00e9n va sufriendo cambios psicol\u00f3gicos<\/em>) y la psicolog\u00eda experimental (<em>los procesos mentales pueden ser estudiados a trav\u00e9s de los m\u00e9todos experimentales; incluso pueden crearse y ponerse en funcionamiento laboratorios de psicolog\u00eda experimental<\/em>). Consiguientemente, planteaba que la educaci\u00f3n deb\u00eda basarse en fundamentos cient\u00edficos producto de la investigaci\u00f3n. Sus planteamientos enlazaban, pues, la psicolog\u00eda con la pedagog\u00eda a trav\u00e9s de la investigaci\u00f3n experimental.<\/p>\n<p>En octubre de 1921 Mercedes Rodrigo estaba viajando a Ginebra e ingresando al Instituto J. J. Rousseau lo mismo que a la Universidad de Ginebra. Dos a\u00f1os despu\u00e9s estaba recibiendo el t\u00edtulo de psic\u00f3loga. Hab\u00eda sido compa\u00f1era, disc\u00edpula y colaboradora en trabajos de investigaci\u00f3n acad\u00e9mica y cient\u00edfica de figuras prominentes de la Psicolog\u00eda como Jean Piaget. (Algunas fuentes aseveran que Piaget era solamente compa\u00f1ero de estudios suyo; pero en el programa acad\u00e9mico del Instituto, Piaget aparece dictando clase).<\/p>\n<p>&nbsp;<\/p>\n<p><a href=\"https:\/\/lapiedrafilosofal.com\/wp-content\/uploads\/2017\/05\/EDUARDO-CLAPAREDE.jpeg\"><img decoding=\"async\" class=\"aligncenter size-full wp-image-22051\" src=\"https:\/\/lapiedrafilosofal.com\/wp-content\/uploads\/2017\/05\/EDUARDO-CLAPAREDE.jpeg\" alt=\"\" width=\"450\"><\/a><\/p>\n<p>&nbsp;<\/p>\n<p><a href=\"https:\/\/lapiedrafilosofal.com\/wp-content\/uploads\/2017\/05\/EDUARDO-CLAPAREDE.jpg\"><img loading=\"lazy\" decoding=\"async\" class=\"aligncenter size-full wp-image-22078\" src=\"https:\/\/lapiedrafilosofal.com\/wp-content\/uploads\/2017\/05\/EDUARDO-CLAPAREDE.jpg\" alt=\"\" width=\"530\" height=\"403\" srcset=\"https:\/\/oscarhumbertogomez.com\/wp-content\/uploads\/2017\/05\/EDUARDO-CLAPAREDE.jpg 530w, https:\/\/oscarhumbertogomez.com\/wp-content\/uploads\/2017\/05\/EDUARDO-CLAPAREDE-300x228.jpg 300w\" sizes=\"auto, (max-width: 530px) 100vw, 530px\" \/><\/a><\/p>\n<p>&nbsp;<\/p>\n<p><a href=\"https:\/\/lapiedrafilosofal.com\/wp-content\/uploads\/2017\/05\/Bovet.jpg\"><img decoding=\"async\" class=\"aligncenter size-full wp-image-22068\" src=\"https:\/\/lapiedrafilosofal.com\/wp-content\/uploads\/2017\/05\/Bovet.jpg\" alt=\"\" width=\"450\" srcset=\"https:\/\/oscarhumbertogomez.com\/wp-content\/uploads\/2017\/05\/Bovet.jpg 251w, https:\/\/oscarhumbertogomez.com\/wp-content\/uploads\/2017\/05\/Bovet-240x300.jpg 240w\" sizes=\"(max-width: 251px) 100vw, 251px\" \/><\/a><\/p>\n<p>&nbsp;<\/p>\n<p><a href=\"https:\/\/lapiedrafilosofal.com\/wp-content\/uploads\/2017\/05\/JPiaget-PBovet-1925.jpg\"><img loading=\"lazy\" decoding=\"async\" class=\"aligncenter size-full wp-image-22067\" src=\"https:\/\/lapiedrafilosofal.com\/wp-content\/uploads\/2017\/05\/JPiaget-PBovet-1925.jpg\" alt=\"\" width=\"600\" height=\"406\" srcset=\"https:\/\/oscarhumbertogomez.com\/wp-content\/uploads\/2017\/05\/JPiaget-PBovet-1925.jpg 600w, https:\/\/oscarhumbertogomez.com\/wp-content\/uploads\/2017\/05\/JPiaget-PBovet-1925-300x203.jpg 300w\" sizes=\"auto, (max-width: 600px) 100vw, 600px\" \/><\/a><\/p>\n<p>&nbsp;<\/p>\n<p><a href=\"https:\/\/lapiedrafilosofal.com\/wp-content\/uploads\/2017\/05\/JEAN-PIAGET.jpg\"><img decoding=\"async\" class=\"aligncenter size-full wp-image-22053\" src=\"https:\/\/lapiedrafilosofal.com\/wp-content\/uploads\/2017\/05\/JEAN-PIAGET.jpg\" alt=\"\" width=\"450\" srcset=\"https:\/\/oscarhumbertogomez.com\/wp-content\/uploads\/2017\/05\/JEAN-PIAGET.jpg 327w, https:\/\/oscarhumbertogomez.com\/wp-content\/uploads\/2017\/05\/JEAN-PIAGET-197x300.jpg 197w\" sizes=\"(max-width: 327px) 100vw, 327px\" \/><\/a><\/p>\n<p>&nbsp;<\/p>\n<p>Con su diploma de psic\u00f3loga, retorn\u00f3 a su pa\u00eds natal en 1923 y, luego de desempe\u00f1ar con lujo de competencia algunos cargos afines a su formaci\u00f3n en instituciones madrile\u00f1as (<em>Colegio Nacional de Sordomudos y Ciegos<\/em>, y <em>Patronato Nacional de Anormales<\/em>), ingres\u00f3 al Instituto Nacional de Psicolog\u00eda Aplicada y Psicotecnia de Madrid donde fue encargada del \u00e1rea de orientaci\u00f3n vocacional (1929).<\/p>\n<p>En ese cargo se encontraba -y estaba al frente, junto con los prestigiosos psiquiatras Jos\u00e9 Germain (adem\u00e1s reputado psic\u00f3logo) y Emilio Mira y L\u00f3pez, de la organizaci\u00f3n del Congreso Internacional de Psicolog\u00eda, que deb\u00eda celebrarse en Madrid en 1936- cuando estall\u00f3 la espantosa confrontaci\u00f3n fratricida (17 de julio de 1936).<\/p>\n<p>&nbsp;<\/p>\n<p><a href=\"https:\/\/lapiedrafilosofal.com\/wp-content\/uploads\/2017\/05\/JOSE-GERMAIN-CEBRIAN.jpg\"><img decoding=\"async\" class=\"aligncenter size-large wp-image-22075\" src=\"https:\/\/lapiedrafilosofal.com\/wp-content\/uploads\/2017\/05\/JOSE-GERMAIN-CEBRIAN-760x1024.jpg\" alt=\"\" width=\"450\" srcset=\"https:\/\/oscarhumbertogomez.com\/wp-content\/uploads\/2017\/05\/JOSE-GERMAIN-CEBRIAN-760x1024.jpg 760w, https:\/\/oscarhumbertogomez.com\/wp-content\/uploads\/2017\/05\/JOSE-GERMAIN-CEBRIAN-223x300.jpg 223w, https:\/\/oscarhumbertogomez.com\/wp-content\/uploads\/2017\/05\/JOSE-GERMAIN-CEBRIAN-768x1035.jpg 768w, https:\/\/oscarhumbertogomez.com\/wp-content\/uploads\/2017\/05\/JOSE-GERMAIN-CEBRIAN.jpg 788w\" sizes=\"(max-width: 760px) 100vw, 760px\" \/><\/a><\/p>\n<p>&nbsp;<\/p>\n<p><a href=\"https:\/\/lapiedrafilosofal.com\/wp-content\/uploads\/2017\/05\/EMILIO-MIRA.jpg\"><img decoding=\"async\" class=\"aligncenter size-full wp-image-22073\" src=\"https:\/\/lapiedrafilosofal.com\/wp-content\/uploads\/2017\/05\/EMILIO-MIRA.jpg\" alt=\"\" width=\"450\" srcset=\"https:\/\/oscarhumbertogomez.com\/wp-content\/uploads\/2017\/05\/EMILIO-MIRA.jpg 330w, https:\/\/oscarhumbertogomez.com\/wp-content\/uploads\/2017\/05\/EMILIO-MIRA-218x300.jpg 218w\" sizes=\"(max-width: 330px) 100vw, 330px\" \/><\/a><br \/>\n____________<\/p>\n<p>&nbsp;<\/p>\n<p>Mercedes Rodrigo hab\u00eda nacido en Madrid a las 12:30 de la madrugada del 13 de mayo de 1891 en el hogar formado por el profesor de m\u00fasica Pantale\u00f3n Rodrigo y do\u00f1a Mar\u00eda Bellido. Su hermana, Mar\u00eda Rodrigo, habr\u00e1 de convertirse en excelsa pianista y magn\u00edfica compositora de m\u00fasica cl\u00e1sica, de la que llegar\u00e1 a decirse que si no arrib\u00f3 a los sitiales de la fama a la par con figuras como Wagner no fue porque le faltaran merecimientos, sino por el estigma insalvable de ser mujer.<\/p>\n<p>&nbsp;<\/p>\n<p><a href=\"https:\/\/lapiedrafilosofal.com\/wp-content\/uploads\/2017\/05\/MARIA-RODRIGO.jpg\"><img decoding=\"async\" class=\"aligncenter size-full wp-image-22113\" src=\"https:\/\/lapiedrafilosofal.com\/wp-content\/uploads\/2017\/05\/MARIA-RODRIGO.jpg\" alt=\"\" width=\"450\" srcset=\"https:\/\/oscarhumbertogomez.com\/wp-content\/uploads\/2017\/05\/MARIA-RODRIGO.jpg 335w, https:\/\/oscarhumbertogomez.com\/wp-content\/uploads\/2017\/05\/MARIA-RODRIGO-238x300.jpg 238w\" sizes=\"(max-width: 335px) 100vw, 335px\" \/><\/a><\/p>\n<p>&nbsp;<\/p>\n<p>Como alumna de la Escuela Normal Superior de Maestras, Mercedes no fue, en las asignaturas pertinentes a la que ser\u00eda su profesi\u00f3n, precisamente una lumbrera; todo lo contrario, fue en esas \u00e1reas una alumna de calificaciones mediocres y para graduarse tuvo que presentar lo que hoy llamar\u00edamos ex\u00e1menes de habilitaci\u00f3n, es decir, que aprob\u00f3 sus estudios como normalista a duras penas.<\/p>\n<p>En efecto, &#8220;Mercedes Rodrigo aprueba el examen de ingreso en la Escuela Normal de Maestras el 16 de junio de 1906 con la calificaci\u00f3n de aprobado. Durante su carrera, que duraba dos a\u00f1os (en su caso, de 1908 a 1910), destacar\u00eda en sus estudios musicales (no olvidemos que tanto su padre como su hermana mayor eran profesores de m\u00fasica, por lo que seguramente Mercedes Rodrigo hab\u00eda recibido completa educaci\u00f3n musical) y en las asignaturas de ciencias (Aritm\u00e9tica, \u00c1lgebra y Geometr\u00eda), mientras que, curiosamente, sus resultados en las escasas materias pedag\u00f3gicas del pobre programa acad\u00e9mico que se impart\u00eda entonces a los maestros superiores eran m\u00e1s bien mediocres. Obtuvo su t\u00edtulo de maestra superior tras el tercer ejercicio de rev\u00e1lida del grado superior, el 4 de julio de 1911&#8221;. (HERRERO GONZ\u00c1LEZ, Fania. <em>Mercedes Rodrigo: una pionera de la Psicolog\u00eda Aplicada en Espa\u00f1a y Colombia<\/em>. Facultad de Filosof\u00eda. Universidad Complutense de Madrid, p. 115)<\/p>\n<p>Muchos a\u00f1os despu\u00e9s, Daniel Goleman sacudir\u00e1 las p\u00e9treas estructuras de los paradigmas sociales al indicar que no necesariamente los estudiantes destacados llegan a tener \u00e9xito en la vida profesional y que alumnos que nunca brillaron en las aulas terminan convirti\u00e9ndose en figuras estelares de sus profesiones. Hablar\u00e1, entonces, de la Inteligencia Emocional, una de cuyas manifestaciones m\u00e1s elocuentes es la capacidad de ponerse en el lugar del otro. Y esa cualidad s\u00ed que resultar\u00e1 definitiva cuando se trate de un profesional de la Psicolog\u00eda. Ello vendr\u00eda a comprobarse -con d\u00e9cadas de anticipaci\u00f3n a Goleman- en el caso de Mercedes Rodrigo.<\/p>\n<p>Y es que ella, ya como maestra, empezar\u00e1 a brillar con luz propia. Es as\u00ed como se dedicar\u00e1 a la formaci\u00f3n, no de ni\u00f1os &#8220;normales&#8221;, sino de ni\u00f1os ciegos, ni\u00f1os sordomudos, ni\u00f1os inv\u00e1lidos y ni\u00f1os &#8220;anormales&#8221;.<\/p>\n<p>&nbsp;<\/p>\n<p><a href=\"https:\/\/lapiedrafilosofal.com\/wp-content\/uploads\/2017\/05\/NINAS-SINDROME.jpg\"><img loading=\"lazy\" decoding=\"async\" class=\"aligncenter size-full wp-image-22132\" src=\"https:\/\/lapiedrafilosofal.com\/wp-content\/uploads\/2017\/05\/NINAS-SINDROME.jpg\" alt=\"\" width=\"700\" height=\"629\" srcset=\"https:\/\/oscarhumbertogomez.com\/wp-content\/uploads\/2017\/05\/NINAS-SINDROME.jpg 700w, https:\/\/oscarhumbertogomez.com\/wp-content\/uploads\/2017\/05\/NINAS-SINDROME-300x270.jpg 300w\" sizes=\"auto, (max-width: 700px) 100vw, 700px\" \/><\/a><\/p>\n<p>&nbsp;<\/p>\n<p>Ello, aunque su trabajo como investigadora comprender\u00e1 a la ni\u00f1ez en general, conforme se pone en evidencia con su investigaci\u00f3n acerca de qu\u00e9 pensaba la ni\u00f1ez espa\u00f1ola -los ni\u00f1os ricos, los ni\u00f1os pobres, las ni\u00f1as ricas y las ni\u00f1as pobres- respecto de la guerra (1922).<\/p>\n<p>Espa\u00f1a, en efecto, hac\u00eda presencia en el \u00c1frica a trav\u00e9s del Protectorado de Marruecos. Empero, en 1921 las tribus del Rif (regi\u00f3n monta\u00f1osa del noroccidente marroqu\u00ed con costa sobre el Mediterr\u00e1neo) se sublevaron contra el poder colonial espa\u00f1ol. Espa\u00f1a envi\u00f3, entonces, a su ej\u00e9rcito con el prop\u00f3sito de someter la rebeli\u00f3n. Todo habr\u00eda de terminar en un terrible desastre: en una sola batalla, la de Annual, murieron m\u00e1s de cuatro mil soldados espa\u00f1oles. En otra subsiguiente, la toma del fuerte Monte Arruit por el enemigo, se produjo una horrorosa matanza en la que murieron m\u00e1s de tres mil soldados espa\u00f1oles. La retaliaci\u00f3n espa\u00f1ola habr\u00eda de ser escalofriante. La naciente &#8220;Rep\u00fablica del Rif&#8221; (1924) ser\u00e1 brutalmente aplastada al a\u00f1o siguiente de su nacimiento (1925).<\/p>\n<p>&nbsp;<\/p>\n<p><a href=\"https:\/\/lapiedrafilosofal.com\/wp-content\/uploads\/2017\/05\/GUERRA-DEL-RIF.jpg\"><img loading=\"lazy\" decoding=\"async\" class=\"aligncenter size-full wp-image-22107\" src=\"https:\/\/lapiedrafilosofal.com\/wp-content\/uploads\/2017\/05\/GUERRA-DEL-RIF.jpg\" alt=\"\" width=\"800\" height=\"538\" srcset=\"https:\/\/oscarhumbertogomez.com\/wp-content\/uploads\/2017\/05\/GUERRA-DEL-RIF.jpg 800w, https:\/\/oscarhumbertogomez.com\/wp-content\/uploads\/2017\/05\/GUERRA-DEL-RIF-300x202.jpg 300w, https:\/\/oscarhumbertogomez.com\/wp-content\/uploads\/2017\/05\/GUERRA-DEL-RIF-768x516.jpg 768w\" sizes=\"auto, (max-width: 800px) 100vw, 800px\" \/><\/a><\/p>\n<p>&nbsp;<\/p>\n<p><a href=\"https:\/\/lapiedrafilosofal.com\/wp-content\/uploads\/2017\/05\/monte-arruit.jpg\"><img loading=\"lazy\" decoding=\"async\" class=\"aligncenter size-full wp-image-22108\" src=\"https:\/\/lapiedrafilosofal.com\/wp-content\/uploads\/2017\/05\/monte-arruit.jpg\" alt=\"\" width=\"640\" height=\"465\" srcset=\"https:\/\/oscarhumbertogomez.com\/wp-content\/uploads\/2017\/05\/monte-arruit.jpg 640w, https:\/\/oscarhumbertogomez.com\/wp-content\/uploads\/2017\/05\/monte-arruit-300x218.jpg 300w\" sizes=\"auto, (max-width: 640px) 100vw, 640px\" \/><\/a><\/p>\n<p>&nbsp;<\/p>\n<p><a href=\"https:\/\/lapiedrafilosofal.com\/wp-content\/uploads\/2017\/05\/monte-arruitss.jpg\"><img loading=\"lazy\" decoding=\"async\" class=\"aligncenter size-full wp-image-22109\" src=\"https:\/\/lapiedrafilosofal.com\/wp-content\/uploads\/2017\/05\/monte-arruitss.jpg\" alt=\"\" width=\"640\" height=\"492\" srcset=\"https:\/\/oscarhumbertogomez.com\/wp-content\/uploads\/2017\/05\/monte-arruitss.jpg 640w, https:\/\/oscarhumbertogomez.com\/wp-content\/uploads\/2017\/05\/monte-arruitss-300x231.jpg 300w\" sizes=\"auto, (max-width: 640px) 100vw, 640px\" \/><\/a><\/p>\n<p>&nbsp;<\/p>\n<p>La reci\u00e9n graduada psic\u00f3loga quiso aproximarse, pues, a la mente de los ni\u00f1os a trav\u00e9s del tema m\u00e1s espinoso y sensible del momento dentro de la sociedad espa\u00f1ola: la guerra de Marruecos. Esta fue la primera investigaci\u00f3n de Mercedes Rodrigo en su pa\u00eds. No se imaginaba la investigadora que en la d\u00e9cada siguiente, entre 1936 y 1939, tendr\u00eda que enfrentar la tragedia de la guerra dentro de las propias fronteras espa\u00f1olas incluyendo al mism\u00edsimo Madrid, bombardeado y sitiado sin misericordia por las tropas sublevadas contra el gobierno republicano.<\/p>\n<p>Otro segmento de su inter\u00e9s lo constituir\u00e1n los ni\u00f1os superdotados. Volcar\u00e1 tambi\u00e9n su labor en el tema de la inteligencia infantil as\u00ed como tambi\u00e9n se dedicar\u00e1 al estudio de la higiene mental en los ni\u00f1os.<\/p>\n<p>Pero, igualmente, abordar\u00e1 con profundidad cient\u00edfica la compleja y espinosa tem\u00e1tica de los ni\u00f1os desviados, violentos y delincuentes. Refiri\u00e9ndose a esta poblaci\u00f3n, narrar\u00e1 m\u00e1s tarde sus experiencias en torno al inmenso poder reformador de la ternura:<\/p>\n<p>&#8220;Sufrimos intensa emoci\u00f3n -relatar\u00e1 en 1949- cuando al hacer sentar, como a todos, junto a nuestra mesa a uno de los ni\u00f1os para hablar con \u00e9l, le vimos ponerse intensamente p\u00e1lido y desmayarse. Convenientemente cuidado en la enfermer\u00eda, dos d\u00edas despu\u00e9s, en una de nuestras numerosas&nbsp;visitas, el ni\u00f1o en cuesti\u00f3n nos abraz\u00f3 s\u00fabitamente y con los ojos arrasados en l\u00e1grimas dijo las siguientes palabras dif\u00edciles de olvidar: \u2018se\u00f1orita, tengo doce a\u00f1os y usted es la primera persona en mi vida que me ha hablado con cari\u00f1o&#8221;. (<em>Introducci\u00f3n al estudio de la Psicolog\u00eda<\/em>, p.p. 101 -102).<\/p>\n<p>&nbsp;<\/p>\n<p><a href=\"https:\/\/lapiedrafilosofal.com\/wp-content\/uploads\/2017\/05\/NINOS-DELINCUENTES.jpg\"><img loading=\"lazy\" decoding=\"async\" class=\"aligncenter size-full wp-image-22110\" src=\"https:\/\/lapiedrafilosofal.com\/wp-content\/uploads\/2017\/05\/NINOS-DELINCUENTES.jpg\" alt=\"\" width=\"650\" height=\"400\" srcset=\"https:\/\/oscarhumbertogomez.com\/wp-content\/uploads\/2017\/05\/NINOS-DELINCUENTES.jpg 650w, https:\/\/oscarhumbertogomez.com\/wp-content\/uploads\/2017\/05\/NINOS-DELINCUENTES-300x185.jpg 300w\" sizes=\"auto, (max-width: 650px) 100vw, 650px\" \/><\/a><\/p>\n<p>&nbsp;<\/p>\n<p>Dentro de este contexto, se convertir\u00e1 en una severa cr\u00edtica de los m\u00e9todos disciplinarios imperantes, fundados exclusivamente en el castigo f\u00edsico, muchas veces brutal. Estos cuestionamientos los har\u00e1 no solo a lo que sucede dentro de los hogares, sino tambi\u00e9n a lo que ocurre en los establecimientos educativos donde el profesor ense\u00f1a las tablas de multiplicar pase\u00e1ndose con lo que llama un &#8220;palo educador&#8221;. &#8220;La acci\u00f3n cient\u00edfica y comprensiva de la higiene mental -advertir\u00e1- tiene que penetrar cada d\u00eda m\u00e1s en el ambiente escolar y en la familia, tiene que llevar a cabo de modo intenso la misi\u00f3n de salvar a la infancia desvalida mentalmente, incomprendida, enferma, a esos pobrecitos \u00abni\u00f1os malos\u00bb que muchas veces no tienen m\u00e1s culpa que el haber nacido con una tara, o el estar rodeados de un ambiente familiar indigno&#8221;.&nbsp;&#8220;La cuesti\u00f3n -puntualiza Fania Herrero- es a\u00fan m\u00e1s seria si la enfermedad no diagnosticada a tiempo es la epilepsia, o incluso la esquizofrenia: desde su experiencia personal, Rodrigo asegura que estos ni\u00f1os suelen ser tratados con extrema crueldad, y su comportamiento est\u00e1 permanentemente sujeto a la censura y el desprecio de quienes les rodean&#8221; (ob. cit., p. 157).<\/p>\n<p>&nbsp;<\/p>\n<p><a href=\"https:\/\/lapiedrafilosofal.com\/wp-content\/uploads\/2017\/05\/JEAN-HONORE-FRAGONARD-LA-MAESTRA-.jpg\"><img loading=\"lazy\" decoding=\"async\" class=\"aligncenter size-full wp-image-22060\" src=\"https:\/\/lapiedrafilosofal.com\/wp-content\/uploads\/2017\/05\/JEAN-HONORE-FRAGONARD-LA-MAESTRA-.jpg\" alt=\"\" width=\"750\" height=\"566\" srcset=\"https:\/\/oscarhumbertogomez.com\/wp-content\/uploads\/2017\/05\/JEAN-HONORE-FRAGONARD-LA-MAESTRA-.jpg 750w, https:\/\/oscarhumbertogomez.com\/wp-content\/uploads\/2017\/05\/JEAN-HONORE-FRAGONARD-LA-MAESTRA--300x226.jpg 300w\" sizes=\"auto, (max-width: 750px) 100vw, 750px\" \/><\/a><\/p>\n<p>&nbsp;<\/p>\n<p>Empero, Mercedes Rodrigo no solo abord\u00f3 la psicolog\u00eda educativa y la psicolog\u00eda cl\u00ednica. Tambi\u00e9n se dedic\u00f3 a la psicolog\u00eda organizacional y trabaj\u00f3 en el \u00e1rea de la prevenci\u00f3n de accidentes, tanto los que ocurr\u00edan dentro de las empresas -es decir, los accidentes laborales- como los que ten\u00edan lugar en las calles, en el tr\u00e1nsito vehicular, cuya etiolog\u00eda estaba asociada a factores como la falta de sue\u00f1o, las jornadas excesivas o la mala alimentaci\u00f3n. Promovi\u00f3, por ejemplo, la idea de que los conductores deb\u00edan ser sometidos a valoraci\u00f3n psicol\u00f3gica.<\/p>\n<p>La investigadora abord\u00f3, as\u00ed mismo, las \u00e1reas de la orientaci\u00f3n vocacional (<em>\u00bfqu\u00e9 quisieras ser cuando seas grande?<\/em>) y de la selecci\u00f3n profesional (<em>\u00bfqui\u00e9n es el m\u00e1s apto para este empleo?<\/em>).<\/p>\n<p>Con el prop\u00f3sito de investigar en las fuentes directas las formas de educaci\u00f3n reinantes en otras latitudes, se dedic\u00f3 a viajar a diferentes lugares fuera de Espa\u00f1a. De hecho, cuando le otorgan la beca para estudiar Psicolog\u00eda en el exterior, ya ha visitado diversas instituciones educativas de &#8220;anormales&#8221;, sordomudos y ciegos en Alemania, Francia y B\u00e9lgica (1913).<\/p>\n<p>Su periplo por Europa tendr\u00e1 que interrumpirlo: lleva tan solo tres a\u00f1os como maestra titulada cuando el 28 de junio de 1914 el archiduque del Imperio Austro-h\u00fangaro Francisco Fernando y su esposa Sof\u00eda arriban en tren a Sarajevo. Horas despu\u00e9s se produce el atentado en el que pierden la vida . Estallan, entonces, los horrores de la Primera Guerra Mundial.<\/p>\n<p>&nbsp;<\/p>\n<p><a href=\"https:\/\/lapiedrafilosofal.com\/wp-content\/uploads\/2017\/05\/ARCHIDUQUE.jpg\"><img loading=\"lazy\" decoding=\"async\" class=\"aligncenter size-full wp-image-22062\" src=\"https:\/\/lapiedrafilosofal.com\/wp-content\/uploads\/2017\/05\/ARCHIDUQUE.jpg\" alt=\"\" width=\"770\" height=\"433\" srcset=\"https:\/\/oscarhumbertogomez.com\/wp-content\/uploads\/2017\/05\/ARCHIDUQUE.jpg 770w, https:\/\/oscarhumbertogomez.com\/wp-content\/uploads\/2017\/05\/ARCHIDUQUE-300x169.jpg 300w, https:\/\/oscarhumbertogomez.com\/wp-content\/uploads\/2017\/05\/ARCHIDUQUE-768x432.jpg 768w\" sizes=\"auto, (max-width: 770px) 100vw, 770px\" \/><\/a><\/p>\n<p>&nbsp;<\/p>\n<p>No ser\u00e1 esta, sin embargo, la \u00fanica conflagraci\u00f3n b\u00e9lica que se le cruzar\u00e1 en el camino.<\/p>\n<p>&nbsp;<br \/>\n_________<\/p>\n<p>&nbsp;<\/p>\n<p>La guerra civil trae consigo no solo violencia, muerte, viudez, orfandad, mutilaci\u00f3n, dolor, destrucci\u00f3n, miseria y atraso, sino adem\u00e1s una profunda divisi\u00f3n en todos los escenarios sociales. Y es que al dividirse un pa\u00eds, se divide internamente su iglesia cat\u00f3lica, se dividen internamente sus partidos, se dividen internamente sus sindicatos, se dividen sus artistas, sus escritores, sus poetas, y, por supuesto, se dividen internamente sus familias. &nbsp;Era inevitable, por ello, que un sector de la iglesia cat\u00f3lica espa\u00f1ola se fuera a favor de los unos y otro sector se fuera a favor de los otros, y que as\u00ed sucediera con todos los entornos de la sociedad espa\u00f1ola de entonces.<\/p>\n<p>De acuerdo con esas divisiones, sobrevienen los correspondientes odios y las correspondientes persecuciones de todos contra todos. &nbsp;As\u00ed, la persecuci\u00f3n religiosa fue dirigida contra un Josemar\u00eda Escriv\u00e1 de Balaguer por el sector republicano y contra los curas afines a este sector por los golpistas. &nbsp;Los muertos y los fugitivos ten\u00edan que provenir, pues, y en efecto provinieron, de ambos lados. &nbsp;El padre Pedro Poveda fue fusilado frente a la tapia del cementerio de Madrid por los republicanos y el padre Escriv\u00e1 tuvo que escapar de ellos a trav\u00e9s de Los Pirineos, a pie, mientras que, en cambio, religiosos como Mart\u00edn de Lekuona, Gervasio de Alvizu, Jos\u00e9 de Ariztimu\u00f1o, Alejandro de Mindukete, Jos\u00e9 Adarraga, Jos\u00e9 Iturri Castillo, &nbsp;Aniceto de Eguren, Jos\u00e9 de Markiegi, Leonardo de Guridi, Jos\u00e9 Sagarna, Jos\u00e9 de Ar\u00edn, y los padres Lupo, Olano y Rom\u00e1n del convento de carmelitas en Amorebieta (Vizcaya) fueron asesinados por el sector nacionalista al igual que Jos\u00e9 Pascual Duaso y Andr\u00e9s Ares D\u00edaz. Numerosos cl\u00e9rigos fueron asesinados por los republicanos, entre ellos los obispos Florentino Asensio Barroso, Manuel Basulto Jim\u00e9nez, Manuel Borr\u00e1s Ferr\u00e9, Narciso de Est\u00e9naga Echevarr\u00eda, Salvio Hulx Miralpeix, Manuel Irurita Alm\u00e1ndoz, Cruz Laplana y Laguna, Manuel Medina Olmos, Eustaquio Nieto Mart\u00edn, Anselmo Polanco Fontecha, Juan de Dios Ponce y Pozo, Migue Serra Sucarrats y Diego Ventaja Mil\u00e1n. Como siempre sucede en estos casos, ambos bandos aduc\u00edan que no se hab\u00eda matado a los sacerdotes por razones religiosas, sino por motivos pol\u00edticos, como si con semejante argumento sus horrendos cr\u00edmenes quedaran justificados. &nbsp;Hay fotograf\u00edas de milicianos izquierdistas disparando contra las im\u00e1genes sagradas o vistiendo los ornamentos con el fin de ridiculizarlos y est\u00e1 documentado el asesinato de sacerdotes inermes e indefensos a manos de los fan\u00e1ticos del bando derechista bajo sindicaciones et\u00e9reas y sin posibilidad alguna de defensa. &nbsp;Una de las divisiones internas dentro de las familias espa\u00f1olas &nbsp;-la m\u00e1s conocida por la prestancia intelectual de sus protagonistas- ocurri\u00f3 en el seno de la familia Machado. &nbsp;En efecto, Antonio y Manuel eran eximios poetas, magn\u00edficos escritores y sobresalientes dramaturgos; hasta unos pocos a\u00f1os antes del conflicto ten\u00edan montado un exitoso grupo de teatro y viajaban juntos en giras por diversos lugares presentando sobre el escenario obras que eran el producto del talento conjunto. Pero luego sobrevino el odio pol\u00edtico de la confrontaci\u00f3n b\u00e9lica interna y, entonces, de aquella unidad literaria y art\u00edstica no qued\u00f3 nada, excepto el recuerdo. La familia se parti\u00f3 abruptamente en dos: Antonio se fue de parte de los republicanos mientras que Manuel no solo se fue de parte de los nacionalistas, sino que se convirti\u00f3 en un poeta de temas profundamente religiosos. Y como el odio trae consigo tambi\u00e9n la estupidez, y una de sus m\u00e1s evidentes manifestaciones consiste en desconocerle los m\u00e9ritos a aquel que no comulga con nosotros y solo reconoc\u00e9rselos a quien s\u00ed lo hace, los republicanos terminaron exaltando solamente a Antonio Machado mientras que los nacionalistas hicieron lo propio con Manuel. \u00c9ste no ten\u00eda, entonces, valor alguno como poeta para los republicanos, y aquel no lo ten\u00eda para los enceguecidos partidarios del sector nacionalista.<\/p>\n<p>&nbsp;<\/p>\n<p><a href=\"https:\/\/lapiedrafilosofal.com\/wp-content\/uploads\/2017\/05\/MADRID-BOMBARDEADO-4.jpg\"><img loading=\"lazy\" decoding=\"async\" class=\"aligncenter size-full wp-image-22120\" src=\"https:\/\/lapiedrafilosofal.com\/wp-content\/uploads\/2017\/05\/MADRID-BOMBARDEADO-4.jpg\" alt=\"\" width=\"832\" height=\"1000\" srcset=\"https:\/\/oscarhumbertogomez.com\/wp-content\/uploads\/2017\/05\/MADRID-BOMBARDEADO-4.jpg 832w, https:\/\/oscarhumbertogomez.com\/wp-content\/uploads\/2017\/05\/MADRID-BOMBARDEADO-4-250x300.jpg 250w, https:\/\/oscarhumbertogomez.com\/wp-content\/uploads\/2017\/05\/MADRID-BOMBARDEADO-4-768x923.jpg 768w\" sizes=\"auto, (max-width: 832px) 100vw, 832px\" \/><\/a><\/p>\n<p>&nbsp;<\/p>\n<p><a href=\"https:\/\/lapiedrafilosofal.com\/wp-content\/uploads\/2017\/05\/bombardeos.-Madrid-fue-muy-castigada.-cascotes-no-transito-comiendo-en-ellas-por-el-calor.jpg\"><img loading=\"lazy\" decoding=\"async\" class=\"aligncenter size-full wp-image-22118\" src=\"https:\/\/lapiedrafilosofal.com\/wp-content\/uploads\/2017\/05\/bombardeos.-Madrid-fue-muy-castigada.-cascotes-no-transito-comiendo-en-ellas-por-el-calor.jpg\" alt=\"\" width=\"500\" height=\"375\" srcset=\"https:\/\/oscarhumbertogomez.com\/wp-content\/uploads\/2017\/05\/bombardeos.-Madrid-fue-muy-castigada.-cascotes-no-transito-comiendo-en-ellas-por-el-calor.jpg 500w, https:\/\/oscarhumbertogomez.com\/wp-content\/uploads\/2017\/05\/bombardeos.-Madrid-fue-muy-castigada.-cascotes-no-transito-comiendo-en-ellas-por-el-calor-300x225.jpg 300w\" sizes=\"auto, (max-width: 500px) 100vw, 500px\" \/><\/a><\/p>\n<p>&nbsp;<\/p>\n<p><a href=\"https:\/\/lapiedrafilosofal.com\/wp-content\/uploads\/2017\/05\/MADRID-BOMBARDEADO-3.jpg\"><img loading=\"lazy\" decoding=\"async\" class=\"aligncenter size-full wp-image-22119\" src=\"https:\/\/lapiedrafilosofal.com\/wp-content\/uploads\/2017\/05\/MADRID-BOMBARDEADO-3.jpg\" alt=\"\" width=\"782\" height=\"1017\" srcset=\"https:\/\/oscarhumbertogomez.com\/wp-content\/uploads\/2017\/05\/MADRID-BOMBARDEADO-3.jpg 782w, https:\/\/oscarhumbertogomez.com\/wp-content\/uploads\/2017\/05\/MADRID-BOMBARDEADO-3-231x300.jpg 231w, https:\/\/oscarhumbertogomez.com\/wp-content\/uploads\/2017\/05\/MADRID-BOMBARDEADO-3-768x999.jpg 768w\" sizes=\"auto, (max-width: 782px) 100vw, 782px\" \/><\/a><\/p>\n<p>&nbsp;<\/p>\n<p><a href=\"https:\/\/lapiedrafilosofal.com\/wp-content\/uploads\/2017\/05\/MADRID-BOMBARDEADO.jpg\"><img loading=\"lazy\" decoding=\"async\" class=\"aligncenter size-large wp-image-22064\" src=\"https:\/\/lapiedrafilosofal.com\/wp-content\/uploads\/2017\/05\/MADRID-BOMBARDEADO-1024x747.jpg\" alt=\"\" width=\"640\" height=\"467\" srcset=\"https:\/\/oscarhumbertogomez.com\/wp-content\/uploads\/2017\/05\/MADRID-BOMBARDEADO-1024x747.jpg 1024w, https:\/\/oscarhumbertogomez.com\/wp-content\/uploads\/2017\/05\/MADRID-BOMBARDEADO-300x219.jpg 300w, https:\/\/oscarhumbertogomez.com\/wp-content\/uploads\/2017\/05\/MADRID-BOMBARDEADO-768x560.jpg 768w, https:\/\/oscarhumbertogomez.com\/wp-content\/uploads\/2017\/05\/MADRID-BOMBARDEADO.jpg 2005w\" sizes=\"auto, (max-width: 640px) 100vw, 640px\" \/><\/a><\/p>\n<p>&nbsp;<\/p>\n<p>Claro que la guerra civil trae consigo otras arbitrariedades como la de apropiarse de nombres, de emblemas, de s\u00edmbolos que le pertenecen a toda la comunidad nacional, como si el enemigo no tuviese el mismo derecho. De lo primero que se apropian es de la bandera del pa\u00eds, que pasa a ser una supuesta propiedad exclusiva de uno u otro bando. Y, consiguientemente, se apropian de expresiones que obviamente son comunes: &#8220;naci\u00f3n&#8221;o &#8220;patria&#8221;, por ejemplo. &nbsp;Los partidarios del golpe militar e iniciadores de la guerra se apropiaron del t\u00e9rmino <em>nacionalistas<\/em> y, en consecuencia, divulgaron en su pa\u00eds-y con el tiempo fueron esparciendo en el mundo- la idea de que el resto de espa\u00f1oles no lo eran, que era como decir que no eran parte de la naci\u00f3n espa\u00f1ola. &nbsp;Su argumento, cada vez m\u00e1s seductor, fue simple y escueto: aquellos hab\u00edan hecho alianza con un pa\u00eds extranjero, con Rusia, por lo tanto no eran verdaderos espa\u00f1oles, no eran nacionalistas. Ellos, claro est\u00e1, s\u00ed lo eran. Lo que no explicaron nunca -ni sus partidarios se lo preguntaron tampoco, silenciados por la adulaci\u00f3n o por el miedo- fue por qu\u00e9 su nacionalismo s\u00ed les permit\u00eda hacer alianza con otros pa\u00edses igualmente extranjeros, como la Alemania de Adolfo Hitler y la Italia de Benito Mussolini. &nbsp;Y es que esta es otra dial\u00e9ctica de la guerra y, en general, de la pol\u00edtica: <em>Lo que se hace es malo si lo hace mi enemigo, pero es bueno si lo hago yo<\/em>. Lo cierto es que &#8220;El padre de los pueblos&#8221;, &#8220;El Duce&#8221; y &#8220;El F\u00fchrer&#8221; metieron la mano hasta el codo en el espantoso conflicto interno espa\u00f1ol.<\/p>\n<p>La sangrienta crueldad de la guerra se lleva por delante lo que sea, hasta los m\u00e1s elementales sentimientos de consideraci\u00f3n hacia los dem\u00e1s seres humanos. El 4 de enero de 1937, por ejemplo, los republicanos se tomaron las c\u00e1rceles de Bilbao y asesinaron sin f\u00f3rmula de juicio a los m\u00e1s de dos centenares de presos -obviamente militantes del bando derechista- ejecutando a unos en el patio de la prisi\u00f3n y dispar\u00e1ndoles a otros desde las rejas de sus celdas. Poco antes, Bilbao hab\u00eda sido bombardeado por aviones alemanes con un saldo de siete personas muertas.<\/p>\n<p>&nbsp;<\/p>\n<p><a href=\"https:\/\/lapiedrafilosofal.com\/wp-content\/uploads\/2017\/05\/GUERRA-CIVIL-ESPANOLA-NINOS-JUGANDO-A-FUSILAR.jpg\"><img loading=\"lazy\" decoding=\"async\" class=\"aligncenter size-large wp-image-22056\" src=\"https:\/\/lapiedrafilosofal.com\/wp-content\/uploads\/2017\/05\/GUERRA-CIVIL-ESPANOLA-NINOS-JUGANDO-A-FUSILAR-1024x660.jpg\" alt=\"\" width=\"640\" height=\"413\" srcset=\"https:\/\/oscarhumbertogomez.com\/wp-content\/uploads\/2017\/05\/GUERRA-CIVIL-ESPANOLA-NINOS-JUGANDO-A-FUSILAR-1024x660.jpg 1024w, https:\/\/oscarhumbertogomez.com\/wp-content\/uploads\/2017\/05\/GUERRA-CIVIL-ESPANOLA-NINOS-JUGANDO-A-FUSILAR-300x193.jpg 300w, https:\/\/oscarhumbertogomez.com\/wp-content\/uploads\/2017\/05\/GUERRA-CIVIL-ESPANOLA-NINOS-JUGANDO-A-FUSILAR-768x495.jpg 768w, https:\/\/oscarhumbertogomez.com\/wp-content\/uploads\/2017\/05\/GUERRA-CIVIL-ESPANOLA-NINOS-JUGANDO-A-FUSILAR.jpg 1600w\" sizes=\"auto, (max-width: 640px) 100vw, 640px\" \/><\/a><\/p>\n<p>&nbsp;<\/p>\n<p>Una de las primeras v\u00edctimas de toda confrontaci\u00f3n es siempre la verdad. Acerca del bombardeo del municipio de Guernica, por ejemplo (26 de abril de 1937), mintieron ambos bandos: el nacionalista dijo que hab\u00eda sido la aviaci\u00f3n espa\u00f1ola la que solt\u00f3 las bombas porque en Espa\u00f1a no hab\u00eda aviones alemanes, ni italianos, ni de ning\u00fan pa\u00eds extranjero, pero despu\u00e9s se supo que eso no era cierto, que Guernica fue bombardeada por aviones de la Alemania nazi y que los sublevados contaron con el apoyo militar de Hitler y de Mussolini. [De hecho, aviones de la Italia fascista llevaron a cabo el cruento bombardeo de Durango en el que murieron m\u00e1s de doscientos cincuenta espa\u00f1oles inocentes (31 de marzo de 1937)]. Los republicanos, por su parte, dijeron que ese lunes era d\u00eda de mercado -cosa que era cierta- y que por ello las bombas cayeron sobre la multitud que mercaba -cosa que no lo era, porque el mercado de ese d\u00eda hab\u00eda sido suspendido desde por la ma\u00f1ana-. Tambi\u00e9n dijeron que los muertos superaban los mil, pero m\u00e1s tarde se supo que ascendieron a aproximadamente ciento sesenta. La diferencia es abismal, aunque, desde luego, el valor de la vida humana no est\u00e1 sujeto a estad\u00edsticas.<\/p>\n<p>&nbsp;<\/p>\n<p><a href=\"https:\/\/lapiedrafilosofal.com\/wp-content\/uploads\/2017\/02\/GUERNICA.jpg\"><img loading=\"lazy\" decoding=\"async\" class=\"aligncenter size-full wp-image-20812\" src=\"https:\/\/lapiedrafilosofal.com\/wp-content\/uploads\/2017\/02\/GUERNICA.jpg\" alt=\"\" width=\"1016\" height=\"460\" srcset=\"https:\/\/oscarhumbertogomez.com\/wp-content\/uploads\/2017\/02\/GUERNICA.jpg 1016w, https:\/\/oscarhumbertogomez.com\/wp-content\/uploads\/2017\/02\/GUERNICA-300x136.jpg 300w, https:\/\/oscarhumbertogomez.com\/wp-content\/uploads\/2017\/02\/GUERNICA-768x348.jpg 768w\" sizes=\"auto, (max-width: 1016px) 100vw, 1016px\" \/><\/a><\/p>\n<p>&nbsp;<\/p>\n<p>Y como desatada la guerra se desata la irracionalidad, algo que sobreviene son los asesinatos de represalia. El ser humano no es, entonces, m\u00e1s que una cosa contra la cual simplemente se dispara con el fin de desquitarse del otro bando por algo que ha hecho. En ocasiones, previo al asesinato de los indefensos rehenes, se da, obviamente, la amenaza de su ejecuci\u00f3n tratando de disuadir al enemigo. En la Guerra Civil Espa\u00f1ola la amenaza o la represalia ten\u00eda que ver con los bombardeos, de los que, por lo dem\u00e1s, no importaba en absoluto que afectaran a gente culpable o inocente.<br \/>\nAs\u00ed, los sublevados amenazan a los republicanos con que si bombardean Zaragoza (ya en poder suyo), fusilar\u00e1n al general republicano Miguel N\u00fa\u00f1ez de Prado, a quien tienen prisionero. Un buque republicano le contesta: &#8220;Si escuadra tiene conocimiento se produce fusilamiento general N\u00fa\u00f1ez del (sic) Prado, fusilar\u00e1 a 90 jefes y oficiales y a un general que tiene prisioneros&#8221;.<br \/>\nCuando los republicanos bombardean Huesca y Jaca, el comandante militar sublevado de Jaca, Rafael Bernabeu, amenaza con que fusilar\u00e1 a los parientes de los que \u00e9l llama &#8220;rojos&#8221; y que lograron huir. A pesar de la amenaza, se produce un nuevo bombardeo y, entonces, efectivamente son fusiladas cien personas, incluido el alcalde, Mariano Carderera Riva.<br \/>\nComo represalia por el primer bombardeo a\u00e9reo de Cartagena (domingo 18 de octubre de 1936) fueron sacados de la c\u00e1rcel de San Ant\u00f3n y fusilados en el cementerio de la ciudad cuarenta y nueve prisioneros. Tras el bombardeo de Alicante (28 de noviembre de 1936), fue asaltada la c\u00e1rcel, sacados tambi\u00e9n cuarenta y nueve presos y fusilados en las paredes del cementerio. Como retaliaci\u00f3n por el bombardeo que un crucero de los sublevados llev\u00f3 a cabo contra el puerto de Rosas, se desencaden\u00f3 una matanza: en Gerona fue asaltado el seminario, donde ya no se formaban curas, sino se manten\u00edan prisioneros, y a diecis\u00e9is los fusilaron; en Sant Feliu de Gu\u00edxols diez personas, de las cuales seis eran sacerdotes, fueron conducidas al cementerio y fusiladas all\u00ed; en Olot tambi\u00e9n asaltaron la prisi\u00f3n y diez personas fueron fusiladas; en Tarrasa detuvieron a doce personas y las asesinaron; en Tarragona mataron a un sacerdote. El 6 de diciembre de 1936 en Guadalajara, como represalia por el bombardeo de Madrid, las turbas indignadas asaltaron la c\u00e1rcel y asesinaron a la totalidad de los presos derechistas, cerca de doscientos ochenta personas que hab\u00edan dejado de serlo. En Ja\u00e9n, y como represalia por los bombardeos, en abril de 1937, ciento veintiocho personas derechistas que se hallaban encarceladas fueron sacadas de la prisi\u00f3n y fusiladas junto al cementerio. En Gij\u00f3n, en agosto de 1937, se respond\u00eda a cada bombardeo con el fusilamiento, en la cubierta del barco-prisi\u00f3n Luis Caso de los Cobos, a decenas de los quinientos derechistas que se encontraban prisioneros all\u00ed, entre ellos algunos sacerdotes. Por su parte, a Madrid la bombardearon los nacionalistas dizque para &#8220;desmoralizar&#8221; a los madrile\u00f1os y hacer que se rindieran. Tambi\u00e9n para &#8220;desmoralizar&#8221; a la poblaci\u00f3n civil fueron bombardeadas muchas otras ciudades espa\u00f1olas, como Barcelona, que termin\u00f3 convirti\u00e9ndose en la ciudad m\u00e1s bombardeada por los nacionalistas durante la atroz guerra fratricida.<\/p>\n<p>&nbsp;<\/p>\n<p><a href=\"https:\/\/lapiedrafilosofal.com\/wp-content\/uploads\/2017\/05\/RAFAEL-ORTIZ-DE-ZARATE-COMANDANTE-GUADALAJARA.jpg\"><img loading=\"lazy\" decoding=\"async\" class=\"aligncenter size-full wp-image-22123\" src=\"https:\/\/lapiedrafilosofal.com\/wp-content\/uploads\/2017\/05\/RAFAEL-ORTIZ-DE-ZARATE-COMANDANTE-GUADALAJARA.jpg\" alt=\"\" width=\"800\" height=\"587\" srcset=\"https:\/\/oscarhumbertogomez.com\/wp-content\/uploads\/2017\/05\/RAFAEL-ORTIZ-DE-ZARATE-COMANDANTE-GUADALAJARA.jpg 800w, https:\/\/oscarhumbertogomez.com\/wp-content\/uploads\/2017\/05\/RAFAEL-ORTIZ-DE-ZARATE-COMANDANTE-GUADALAJARA-300x220.jpg 300w, https:\/\/oscarhumbertogomez.com\/wp-content\/uploads\/2017\/05\/RAFAEL-ORTIZ-DE-ZARATE-COMANDANTE-GUADALAJARA-768x564.jpg 768w\" sizes=\"auto, (max-width: 800px) 100vw, 800px\" \/><\/a><\/p>\n<p>&nbsp;<\/p>\n<p><a href=\"https:\/\/lapiedrafilosofal.com\/wp-content\/uploads\/2017\/05\/MILICIANOS-PRISIONEROS.jpg\"><img loading=\"lazy\" decoding=\"async\" class=\"aligncenter size-large wp-image-22124\" src=\"https:\/\/lapiedrafilosofal.com\/wp-content\/uploads\/2017\/05\/MILICIANOS-PRISIONEROS-1024x649.jpg\" alt=\"\" width=\"640\" height=\"406\" srcset=\"https:\/\/oscarhumbertogomez.com\/wp-content\/uploads\/2017\/05\/MILICIANOS-PRISIONEROS-1024x649.jpg 1024w, https:\/\/oscarhumbertogomez.com\/wp-content\/uploads\/2017\/05\/MILICIANOS-PRISIONEROS-300x190.jpg 300w, https:\/\/oscarhumbertogomez.com\/wp-content\/uploads\/2017\/05\/MILICIANOS-PRISIONEROS-768x486.jpg 768w, https:\/\/oscarhumbertogomez.com\/wp-content\/uploads\/2017\/05\/MILICIANOS-PRISIONEROS.jpg 1214w\" sizes=\"auto, (max-width: 640px) 100vw, 640px\" \/><\/a><\/p>\n<p>&nbsp;<\/p>\n<p>Otro t\u00f3pico que inevitablemente emerge en la guerra es Dios. A \u00e9l se le invoca como el s\u00edmbolo de alguno de los bandos y, entonces, se pretende que todas las atrocidades propias del conflicto se llevan a cabo en su nombre. Incluso se le atribuyen &#8220;milagros&#8221;. Y si no le son atribuidos a \u00e9l directamente, se le endilgan a alguno de sus intercesores. Uno de los casos m\u00e1s sonados fue el de las tres bombas arrojadas por la aviaci\u00f3n republicana sobre Zaragoza el 3 de agosto de 1936, las cuales cayeron sobre la catedral, pero no explotaron. Seg\u00fan los creyentes, ello se debi\u00f3 a un milagro de la Virgen del Pilar. Para los no creyentes, claro est\u00e1, no hubo milagro alguno. &#8220;El milagro -dice Jos\u00e9 Francisco Mendi, pol\u00edtico y escritor de izquierda de la provincia de Arag\u00f3n- hubiera sido que explotaran, porque era imposible que estallaran. Estaban mal hechas. La munici\u00f3n de aquella \u00e9poca (afortunadamente para muchos de nuestros abuelos y bisabuelos) era un desastre. Es de lo poco claro que sabemos. Hubo un informe del Parque de Artiller\u00eda de Zaragoza que demostr\u00f3 que eran unos proyectiles \u201cdeconstruidos\u201d por alg\u00fan cocinero militar de la \u00e9poca, lo que hac\u00eda imposible su detonaci\u00f3n. Eso dificult\u00f3 que la iglesia nacional cat\u00f3lica de la \u00e9poca pudiera hablar de \u201cmilagro\u201d, aunque la leyenda no s\u00f3lo se dej\u00f3 correr sino que se impuls\u00f3 oficialmente&#8221;. (<em>heraldo.es<\/em>).<\/p>\n<p>\u00bfQui\u00e9n comenz\u00f3? Este es, por supuesto, punto de eterno conflicto. En el caso de la Guerra Civil Espa\u00f1ola, un sector del ej\u00e9rcito se sublev\u00f3 contra el gobierno que hab\u00eda sido elegido de acuerdo con los c\u00e1nones de la democracia. Sin embargo, los sublevados justificaron su acci\u00f3n con el argumento de que el gobierno lo que quer\u00eda era entregarle Espa\u00f1a al comunismo sovi\u00e9tico e invocaron como detonante la situaci\u00f3n generalizada de desorden y desgobierno que reinaba en el pa\u00eds y la consiguiente falta de garant\u00edas para los desafectos al gobierno. De hecho, lo que siempre alegaron como &#8220;florero de Llorente&#8221; fue que al asesinado l\u00edder de la derecha Jos\u00e9 Calvo Sotelo lo sac\u00f3 de su casa aquella madrugada una patrulla de la polic\u00eda y fue dentro de ella que lo asesinaron.<\/p>\n<p>&nbsp;<\/p>\n<p><a href=\"https:\/\/lapiedrafilosofal.com\/wp-content\/uploads\/2017\/05\/CADAVER-DE-JOSE-CALVO-SOTELO.jpg\"><img loading=\"lazy\" decoding=\"async\" class=\"aligncenter size-full wp-image-22173\" src=\"https:\/\/lapiedrafilosofal.com\/wp-content\/uploads\/2017\/05\/CADAVER-DE-JOSE-CALVO-SOTELO.jpg\" alt=\"\" width=\"972\" height=\"479\" srcset=\"https:\/\/oscarhumbertogomez.com\/wp-content\/uploads\/2017\/05\/CADAVER-DE-JOSE-CALVO-SOTELO.jpg 972w, https:\/\/oscarhumbertogomez.com\/wp-content\/uploads\/2017\/05\/CADAVER-DE-JOSE-CALVO-SOTELO-300x148.jpg 300w, https:\/\/oscarhumbertogomez.com\/wp-content\/uploads\/2017\/05\/CADAVER-DE-JOSE-CALVO-SOTELO-768x378.jpg 768w\" sizes=\"auto, (max-width: 972px) 100vw, 972px\" \/><\/a><\/p>\n<p>&nbsp;<\/p>\n<p><a href=\"https:\/\/lapiedrafilosofal.com\/wp-content\/uploads\/2017\/05\/LEOPOLDO-CALVO-SOTELO.jpg\"><img loading=\"lazy\" decoding=\"async\" class=\"aligncenter size-full wp-image-22155\" src=\"https:\/\/lapiedrafilosofal.com\/wp-content\/uploads\/2017\/05\/LEOPOLDO-CALVO-SOTELO.jpg\" alt=\"\" width=\"665\" height=\"500\" srcset=\"https:\/\/oscarhumbertogomez.com\/wp-content\/uploads\/2017\/05\/LEOPOLDO-CALVO-SOTELO.jpg 665w, https:\/\/oscarhumbertogomez.com\/wp-content\/uploads\/2017\/05\/LEOPOLDO-CALVO-SOTELO-300x226.jpg 300w\" sizes=\"auto, (max-width: 665px) 100vw, 665px\" \/><br \/>\n<\/a><\/p>\n<p>&nbsp;<\/p>\n<p>Desde luego, una cosa es el detonante y otra cosa son las causas que se van sumando hasta que explota el conflicto. Acerca de esas causas, tambi\u00e9n se difiere porque cada cual ve la cuesti\u00f3n bajo \u00f3pticas distintas. As\u00ed, se afirma que &#8220;Las causas b\u00e1sicas de la guerra civil consistieron en la falta de soluci\u00f3n de los problemas que comportaba la modernizaci\u00f3n de Espa\u00f1a: desarrollo industrial desigual y basado en la explotaci\u00f3n; un arcaico sistema de reparto de tierras, que se resist\u00eda vigorosamente a cualquier intento de reforma agraria moderada; las luchas de las organizaciones sindicales entre s\u00ed y contra la patronal; un numeroso cuerpo de oficiales que hab\u00eda sido humillado (&#8230;) en las campa\u00f1as marroqu\u00edes; poderosos movimientos autonomistas en el Pa\u00eds Vasco y en Catalu\u00f1a; fuertes pasiones respecto de la influencia de la Iglesia en la ense\u00f1anza. Ni la monarqu\u00eda constitucional (1876-1923), ni la Dictadura de Primo de Rivera (1923-30), ni la Rep\u00fablica (1931-36) hab\u00edan sido capaces de resolver estos problemas, y en la primavera de 1936 tanto la derecha como la izquierda estaban dispuestas a recurrir a la fuerza&#8221; (Salvat Universal. Diccionario Enciclop\u00e9dico. Tomo 9. Barcelona. 1986, p. 76).<\/p>\n<p>La guerra, en fin, se explica siempre desde perspectivas pol\u00edticas, econ\u00f3micas y militares. Jam\u00e1s,&nbsp;por supuesto, se aborda el componente ps\u00edquico, la propensi\u00f3n humana a la resoluci\u00f3n de sus conflictos con los dem\u00e1s a trav\u00e9s de la violencia. Tampoco, el componente \u00e9tico: la guerra se desata cuando en el seno de las sociedades la p\u00e9rdida del respeto por los dem\u00e1s ha sobrepasado todos los l\u00edmites y ya se han reblandecido -si no acabado por completo- los frenos inhibitorios morales, de modo que la conciencia social ha llegado a la anestesia y matar a otro simplemente se contempla como opci\u00f3n apenas l\u00f3gica para alcanzar el poder o para mantenerlo.<\/p>\n<p>La brutalidad de la guerra civil se extiende a todo. Hasta a la Poes\u00eda. Federico Garc\u00eda Lorca era uno de los poetas m\u00e1s prestigiosos del mundo de habla hispana. Apenas un a\u00f1o antes de que estallara la guerra (1935), Pablo Neruda le hab\u00eda dedicado su c\u00e9lebre oda, cuyo contenido premonitorio del desgarrador dolor que habr\u00eda de sentir el autor al a\u00f1o siguiente, asombra a los cr\u00edticos literarios (<em>&#8220;Si pudiera sacarme los ojos y com\u00e9rmelos&#8230;&#8221;<\/em>). El 18 de agosto de 1936, en un camino de Granada que conduce a V\u00edznar y cuando el conflicto b\u00e9lico llevaba tan solo un mes de haber estallado, el destacado bardo espa\u00f1ol fue aprehendido y fusilado por los nacionalistas. Pero como la reacci\u00f3n del mundo literario internacional no se hizo esperar,&nbsp;habilidosamente se trat\u00f3 de hacer creer, primero que el paradero del ilustre vate se ignoraba, y finalmente que su homicidio hab\u00eda estado asociado a su condici\u00f3n de homosexual, algo as\u00ed como un crimen pasional, jam\u00e1s un crimen determinado por las que se cre\u00edan que eran sus inclinaciones ideol\u00f3gicas.<\/p>\n<p>&nbsp;<\/p>\n<p><a href=\"https:\/\/lapiedrafilosofal.com\/wp-content\/uploads\/2017\/05\/lorca.jpg\"><img loading=\"lazy\" decoding=\"async\" class=\"aligncenter size-large wp-image-22157\" src=\"https:\/\/lapiedrafilosofal.com\/wp-content\/uploads\/2017\/05\/lorca-1024x683.jpg\" alt=\"\" width=\"640\" height=\"427\" srcset=\"https:\/\/oscarhumbertogomez.com\/wp-content\/uploads\/2017\/05\/lorca-1024x683.jpg 1024w, https:\/\/oscarhumbertogomez.com\/wp-content\/uploads\/2017\/05\/lorca-300x200.jpg 300w, https:\/\/oscarhumbertogomez.com\/wp-content\/uploads\/2017\/05\/lorca-768x512.jpg 768w, https:\/\/oscarhumbertogomez.com\/wp-content\/uploads\/2017\/05\/lorca.jpg 1200w\" sizes=\"auto, (max-width: 640px) 100vw, 640px\" \/><\/a><\/p>\n<p>&nbsp;<\/p>\n<p>Y, desde luego, la intolerancia y la irreflexi\u00f3n propias de la guerra civil llega hasta la ciencia. Eso lo sab\u00eda el director del instituto donde trabajaba Mercedes Rodrigo, Jos\u00e9 Germain. &nbsp;El reputado psiquiatra y psic\u00f3logo se encontraba en el exterior cuando estall\u00f3 la de su pa\u00eds y temi\u00f3 regresar a \u00e9l porque sinti\u00f3 que las condiciones de inseguridad eran absolutas. De hecho, otra personalidad de la nueva pedagog\u00eda, Mar\u00eda Montessori, quien se hallaba en Espa\u00f1a, concretamente en Barcelona, aplicando su metodolog\u00eda a la ense\u00f1anza de la catequesis, abandon\u00f3 el pa\u00eds cuando estall\u00f3 el conflicto. La ilustre psiquiatra y pedagoga italiana se march\u00f3 a Holanda.<\/p>\n<p>Finalmente, el no retorno de Germain se hizo realidad. Fue entonces cuando Mercedes Rodrigo asumi\u00f3 la direcci\u00f3n de la instituci\u00f3n, confiada en que por no militar en ninguno de los partidos ni movimientos pol\u00edticos en contienda nadie se meter\u00eda con ella para nada.<\/p>\n<p>&nbsp;<br \/>\n__________<\/p>\n<p>&nbsp;<\/p>\n<p>El golpe de Estado contra el gobierno republicano de Manuel Aza\u00f1a comienza en el Protectorado de Marruecos el 17 de julio de 1936, pero solo tiene \u00e9xito en algunos territorios de Espa\u00f1a. Tomarse Madrid era, obviamente, prop\u00f3sito principal\u00edsimo de las fuerzas sublevadas. A comienzos de noviembre de 1936, ya los nacionalistas se encontraban a las puertas de la capital. El gobierno republicano la abandona y se traslada a Valencia, declarada nueva capital de la Espa\u00f1a republicana, mientras a la Junta de Defensa de Madrid se le encarga el impedir que la ciudad sea tomada por los golpistas. El 8 de noviembre de 1936 principia el feroz ataque contra Madrid. Pero como la resistencia impide la toma de la ciudad, se da inicio a un sitio militar que se mantendr\u00e1 durante todos los tres a\u00f1os que durar\u00e1 la espantosa guerra. Madrid ser\u00e1, entonces, bombardeado por la aviaci\u00f3n del bando sublevado y se producir\u00e1 la muerte de centenares de espa\u00f1oles, incluida por supuesto la poblaci\u00f3n civil inocente. El primer bombardeo se lleva a cabo en la noche entre el 16 y 17 de noviembre de 1936. A partir de ah\u00ed, Madrid ser\u00e1 una ciudad repetidamente (a veces diariamente) bombardeada.<\/p>\n<p>&nbsp;<\/p>\n<p><a href=\"https:\/\/lapiedrafilosofal.com\/wp-content\/uploads\/2017\/05\/MADRID-BOMBARDEADO-2.jpg\"><img loading=\"lazy\" decoding=\"async\" class=\"aligncenter size-full wp-image-22098\" src=\"https:\/\/lapiedrafilosofal.com\/wp-content\/uploads\/2017\/05\/MADRID-BOMBARDEADO-2.jpg\" alt=\"\" width=\"736\" height=\"537\" srcset=\"https:\/\/oscarhumbertogomez.com\/wp-content\/uploads\/2017\/05\/MADRID-BOMBARDEADO-2.jpg 736w, https:\/\/oscarhumbertogomez.com\/wp-content\/uploads\/2017\/05\/MADRID-BOMBARDEADO-2-300x219.jpg 300w\" sizes=\"auto, (max-width: 736px) 100vw, 736px\" \/><\/a><\/p>\n<p>&nbsp;<\/p>\n<p>&#8220;El ataque del d\u00eda 16 de noviembre sobre el Museo del Prado, aunque el incendio del tejado fue r\u00e1pidamente sofocado, caus\u00f3 un gran esc\u00e1ndalo internacional, y oblig\u00f3 a plantearse el traslado de los principales cuadros a Valencia. Ese mismo d\u00eda tambi\u00e9n fue bombardeado el edificio de la Biblioteca Nacional, lo que oblig\u00f3 a iniciar el traslado de los 630.000 vol\u00famenes que se encontraban en sus s\u00f3tanos. A partir de esa fecha se generalizaron tambi\u00e9n los bombardeos nocturnos. Como consecuencia de todos estos bombardeos Madrid era un caos y, como explic\u00f3 un testigo presencial, &#8220;los madrile\u00f1os deb\u00edan refugiarse cada poco tiempo en el metro o en los portales, en medio del ruido de las explosiones y de las sirenas de ambulancias y bomberos&#8221;.<\/p>\n<p>Los d\u00edas 18 y 19 de noviembre de 1936 Madrid sufri\u00f3 d\u00eda y noche una dur\u00edsima oleada de bombardeos, durante los cuales murieron 133 civiles, que provocaron que el cuerpo diplom\u00e1tico hiciera p\u00fablica el d\u00eda 20 una nota de protesta por los &#8220;bombardeos a\u00e9reos que causan numerosas v\u00edctimas indefensas en la poblaci\u00f3n civil, entre ellas, tantas mujeres y ni\u00f1os&#8221;.<\/p>\n<p>&nbsp;<\/p>\n<p><a href=\"https:\/\/lapiedrafilosofal.com\/wp-content\/uploads\/2017\/05\/NINOS-SOBREVIVIENTES-BOMBARDEO.jpg\"><img loading=\"lazy\" decoding=\"async\" class=\"aligncenter size-full wp-image-22174\" src=\"https:\/\/lapiedrafilosofal.com\/wp-content\/uploads\/2017\/05\/NINOS-SOBREVIVIENTES-BOMBARDEO.jpg\" alt=\"\" width=\"488\" height=\"359\" srcset=\"https:\/\/oscarhumbertogomez.com\/wp-content\/uploads\/2017\/05\/NINOS-SOBREVIVIENTES-BOMBARDEO.jpg 488w, https:\/\/oscarhumbertogomez.com\/wp-content\/uploads\/2017\/05\/NINOS-SOBREVIVIENTES-BOMBARDEO-300x221.jpg 300w\" sizes=\"auto, (max-width: 488px) 100vw, 488px\" \/><\/a><\/p>\n<p>&nbsp;<\/p>\n<p>Al fracasar el ataque frontal los sublevados decidieron envolver Madrid por el noroeste concentrando sus fuerzas para cortar la carretera de La Coru\u00f1a e intentar penetrar por all\u00ed hacia la capital.<\/p>\n<p>Fracasado el intento de envolver Madrid por el noroeste y atacarla por el norte, los sublevados lo intentaron por el sureste avanzando hacia el r\u00edo Jarama para cortar la vital carretera de Valencia, por donde llegaban a Madrid la mayor\u00eda de sus suministros. La batalla del Jarama se inici\u00f3 el 4 de febrero y termin\u00f3 el 23 de febrero de 1937 sin que los rebeldes lograran su objetivo. &nbsp;Tras este intento, los sublevados se encuentran con todas sus tropas del frente de Madrid agotadas y sin reservas. Los republicanos est\u00e1n tambi\u00e9n exhaustos pero han logrado poner freno a todas las ofensivas franquistas a\u00fan a costa de perder unos cuantos kil\u00f3metros de territorio. Es entonces cuando aparecen en escena los oficiales italianos del <em>Corpo Truppe Volontarie<\/em> (CTV) que presentan a Franco un plan con el cual atacar el frente republicano de Guadalajara, cogiendo por la espalda a las tropas que estaban en el frente del Jarama y cerrando, as\u00ed, el cerco sobre Madrid desde el noreste.<\/p>\n<p>Este \u00faltimo intento de envolver primero Madrid y despu\u00e9s iniciar el asalto a la capital dio lugar a la batalla de Guadalajara. La idea italiana de la ofensiva era atacar Madrid desde el noreste dirigi\u00e9ndose a Guadalajara y una vez tomada esta ciudad cortar la carretera de Valencia y entrar en la capital.<\/p>\n<p>El plan tampoco resulta. Desde abril de 1937 la presi\u00f3n franquista sobre Madrid queda limitada a un asedio que no cesar\u00e1 ni un solo momento: Franco es paciente y prefiere esperar a que Madrid est\u00e9 agotada para atacar.<\/p>\n<p>La ciudad aguantar\u00e1 durante meses el asedio hasta pr\u00e1cticamente el final de la guerra, y a pesar del progresivo endurecimiento de las condiciones para la poblaci\u00f3n madrile\u00f1a, que ve\u00edan cada vez m\u00e1s reducido el racionamiento de alimentos y medicamentos. Los bombardeos a\u00e9reos y el ca\u00f1oneo desde el Cerro Garabitas empeoraban el ya dif\u00edcil d\u00eda a d\u00eda de los madrile\u00f1os, aunque se adaptaron a la situaci\u00f3n lo mejor que pudieron. Los republicanos intentar\u00e1n varias ofensivas y ataques en torno a Madrid para aliviar la presi\u00f3n sobre la ciudad&#8221; (<em>La Batalla de Madrid<\/em>. Wikipedia).<\/p>\n<p>Hasta que, finalmente, ante las perspectivas sombr\u00edas de una resistencia in\u00fatil y con noticias cada vez m\u00e1s desalentadoras sobre los resultados de la guerra, sobreviene el golpe de estado del coronel republicano Segismundo Casado, un golpe desde adentro de la resistencia, que se produce entre el 5 y el 6 de marzo de 1939. Con Casado se sublevan otros jefes militares republicanos como el general Miaja o el anarquista Mera y pol\u00edticos como Juli\u00e1n Besteiro. La sublevaci\u00f3n prospera en un principio en Madrid y el resto de la zona centro-sur, pero la reacci\u00f3n de las tropas fieles a los mandos comunistas en Madrid no se hace esperar: Luis Barcel\u00f3, despu\u00e9s de dudarlo mucho, se pone al frente de la resistencia comunista al golpe de Casado. Entre los d\u00edas 6 y 8 de marzo tienen lugar combates en las calles de Madrid entre los dos bandos hasta que el coronel Casado recibe refuerzos y el golpe interno se consolida. Luis Barcel\u00f3 ser\u00e1 fusilado en las tapias del cementerio de Madrid el 15 de marzo. Casado se adue\u00f1a de la situaci\u00f3n.<\/p>\n<p>El coronel Casado hab\u00eda justificado el golpe con la promesa de que obtendr\u00eda una &#8220;paz honrosa&#8221; con Franco. Empero, este, cuyos agentes s\u00f3lo han hecho unas vagas promesas a Casado, reitera que s\u00f3lo aceptar\u00e1 la rendici\u00f3n incondicional. As\u00ed las &#8220;negociaciones&#8221; entre los oficiales enviados por Casado a Burgos y los oficiales del Cuartel General de Franco se convierten en la imposici\u00f3n de la rendici\u00f3n. Las tropas franquistas entran, pues, en Madrid el 28 de marzo de 1939 sin encontrar resistencia alguna. Al coronel Casado y al resto de miembros del Consejo Nacional de Defensa, excepto Juli\u00e1n Besteiro, quien decide quedarse en Madrid, se les permite escapar. Se embarcan, entonces, en un buque de guerra brit\u00e1nico que les espera en el puerto de Gand\u00eda. As\u00ed termina el largo sitio de Madrid, el m\u00e1s largo de toda la guerra. [Con algunas peque\u00f1as modificaciones, tomado de:&nbsp;<em>La Batalla de Madrid<\/em>. Wikipedia].<\/p>\n<p>&nbsp;<\/p>\n<p><a href=\"https:\/\/lapiedrafilosofal.com\/wp-content\/uploads\/2017\/05\/CIVILES-BOMBARDEO.png\"><img loading=\"lazy\" decoding=\"async\" class=\"aligncenter size-full wp-image-22097\" src=\"https:\/\/lapiedrafilosofal.com\/wp-content\/uploads\/2017\/05\/CIVILES-BOMBARDEO.png\" alt=\"\" width=\"673\" height=\"550\" srcset=\"https:\/\/oscarhumbertogomez.com\/wp-content\/uploads\/2017\/05\/CIVILES-BOMBARDEO.png 673w, https:\/\/oscarhumbertogomez.com\/wp-content\/uploads\/2017\/05\/CIVILES-BOMBARDEO-300x245.png 300w\" sizes=\"auto, (max-width: 673px) 100vw, 673px\" \/><\/a><\/p>\n<p>&nbsp;<\/p>\n<p>En ese Madrid bombardeado y sitiado, en medio de las m\u00e1s indecibles penalidades, tuvo que desplegar su trabajo la psic\u00f3loga Mercedes Rodrigo. Uno de los momentos m\u00e1s terribles que habr\u00e1 de afrontar en desarrollo de sus tareas ser\u00e1 el de la evacuaci\u00f3n urgente de la ni\u00f1ez madrile\u00f1a que debe ser puesta a salvo del desastre que se avecina. Le\u00e1mosla:<\/p>\n<p>\u201cNo es posible olvidar los cuadros de tristeza y horror que presentaban las humildes casas medio deshechas del madrile\u00f1o barrio de Tetu\u00e1n, despu\u00e9s de los bombardeos a\u00e9reos. Cu\u00e1ntos padres acongojados nos entregaban, como representantes de la \u00abDelegaci\u00f3n de Evacuaci\u00f3n\u00bb a sus peque\u00f1os con desgarradora tristeza, pero alentados con la esperanza de que los alejaban de un peligro que todos cre\u00edmos moment\u00e1neo y local. C\u00f3mo olvidar tampoco aquellas despedidas de padres e hijos en que no hab\u00eda gritos ni escenas melodram\u00e1ticas. Era un dolor profundo, sereno, resignado en los padres y eran l\u00e1grimas silenciosas sobre las mejillas de los pobres ni\u00f1os que a\u00fan sonre\u00edan cuando se les entregaba su paquetito de pan y chocolate suministrado por entidades extranjeras. No se podr\u00e1 jam\u00e1s borrar de la retina del que lo haya visto, el espect\u00e1culo digno de un Capricho de Goya, pero desgraciadamente realidad viva de aquellos grupos de ni\u00f1os, separados ya de sus padres, algunos para siempre, medrosos, sobrecogidos, muchos d\u00edas con fr\u00edo, bajo la lluvia, a veces con hambre, con miedo siempre, sumisos, obedientes a toda orden, asombrados, desorientados, dispuestos a dejarse llevar de cualquier forma y a cualquier sitio. La actividad era febril. Inmediatamente despu\u00e9s de cada bombardeo, se aglomeraban padres e hijos pidiendo su salida inmediata de la capital Pero a\u00fan en aquellos instantes de ansiedad, se organiz\u00f3 racionalmente el trabajo y podemos asegurar que ni un solo ni\u00f1o sali\u00f3 de Madrid sin que quedasen consignados sus datos personales en fichas que conten\u00edan informes suficientemente completos para identificarlos en todo momento, y que hicieran m\u00e1s seguro el retorno a sus hogares de aquellos peque\u00f1uelos, una vez pasada la tragedia. Trece mil y pico fue el n\u00famero de fichas en que intervinimos directamente. Es decir, trece mil y pico de ni\u00f1os de ambos sexos nos fueron confiados por sus padres, con emoci\u00f3n, con angustia infinitas, con desesperaci\u00f3n profunda al verse incapaces para proteger por s\u00ed mismos la vida de sus hijos.&nbsp;Trece mil y pico cartulinas de color rosa y azul seg\u00fan el sexo, y en cada una de ellas con datos escuetos y fr\u00edos la historia breve de un ni\u00f1o que viv\u00eda en Madrid, y que tuvo que salir de la casa de sus padres, de tal edad, que se march\u00f3 en tal&nbsp;expedici\u00f3n, con destino a tal sitio, donde otras personas buenas sin duda, en tal poblaci\u00f3n lejana, se iban a encargar&nbsp;desde tal fecha de hacerles seguir viviendo materialmente, aunque desde aquel momento torcieran para siempre la trayectoria normal de su vida&#8230; Cartulinas de color rosa y azul&nbsp;cuidadosamente ordenadas en ficheros herm\u00e9ticos, helados, vosotras represent\u00e1is uno de los aspectos m\u00e1s inhumanos de la guerra&#8230; \u201c(RODRIGO, Mercedes. Lecciones de Psicolog\u00eda, 1946, p.p. 86-87. En: HERRERO GONZ\u00c1LEZ, Fania. <em>Mercedes Rodrigo: Una pionera de la Psicolog\u00eda Aplicada en Espa\u00f1a y Colombia<\/em>, p.p. 238, 239 y 240).<\/p>\n<p>&nbsp;<\/p>\n<p><a href=\"https:\/\/lapiedrafilosofal.com\/wp-content\/uploads\/2017\/05\/NINOS-EVACUADOS.jpg\"><img decoding=\"async\" class=\"aligncenter size-large wp-image-22065\" src=\"https:\/\/lapiedrafilosofal.com\/wp-content\/uploads\/2017\/05\/NINOS-EVACUADOS-683x1024.jpg\" alt=\"\" width=\"450\" srcset=\"https:\/\/oscarhumbertogomez.com\/wp-content\/uploads\/2017\/05\/NINOS-EVACUADOS-683x1024.jpg 683w, https:\/\/oscarhumbertogomez.com\/wp-content\/uploads\/2017\/05\/NINOS-EVACUADOS-200x300.jpg 200w, https:\/\/oscarhumbertogomez.com\/wp-content\/uploads\/2017\/05\/NINOS-EVACUADOS-768x1152.jpg 768w, https:\/\/oscarhumbertogomez.com\/wp-content\/uploads\/2017\/05\/NINOS-EVACUADOS.jpg 1050w\" sizes=\"(max-width: 683px) 100vw, 683px\" \/><\/a><\/p>\n<p>&nbsp;<\/p>\n<p><a href=\"https:\/\/lapiedrafilosofal.com\/wp-content\/uploads\/2017\/05\/NINOS-EXILIADOS.jpg\"><img loading=\"lazy\" decoding=\"async\" class=\"aligncenter size-large wp-image-22102\" src=\"https:\/\/lapiedrafilosofal.com\/wp-content\/uploads\/2017\/05\/NINOS-EXILIADOS-1024x691.jpg\" alt=\"\" width=\"640\" height=\"432\" srcset=\"https:\/\/oscarhumbertogomez.com\/wp-content\/uploads\/2017\/05\/NINOS-EXILIADOS-1024x691.jpg 1024w, https:\/\/oscarhumbertogomez.com\/wp-content\/uploads\/2017\/05\/NINOS-EXILIADOS-300x202.jpg 300w, https:\/\/oscarhumbertogomez.com\/wp-content\/uploads\/2017\/05\/NINOS-EXILIADOS-768x518.jpg 768w, https:\/\/oscarhumbertogomez.com\/wp-content\/uploads\/2017\/05\/NINOS-EXILIADOS.jpg 1291w\" sizes=\"auto, (max-width: 640px) 100vw, 640px\" \/><\/a><\/p>\n<p>&nbsp;<\/p>\n<p><a href=\"https:\/\/lapiedrafilosofal.com\/wp-content\/uploads\/2017\/05\/NINOS-EXILIADOS-2.jpg\"><img loading=\"lazy\" decoding=\"async\" class=\"aligncenter size-full wp-image-22103\" src=\"https:\/\/lapiedrafilosofal.com\/wp-content\/uploads\/2017\/05\/NINOS-EXILIADOS-2.jpg\" alt=\"\" width=\"600\" height=\"460\" srcset=\"https:\/\/oscarhumbertogomez.com\/wp-content\/uploads\/2017\/05\/NINOS-EXILIADOS-2.jpg 600w, https:\/\/oscarhumbertogomez.com\/wp-content\/uploads\/2017\/05\/NINOS-EXILIADOS-2-300x230.jpg 300w\" sizes=\"auto, (max-width: 600px) 100vw, 600px\" \/><\/a><\/p>\n<p>&nbsp;<\/p>\n<p>Como se anot\u00f3 atr\u00e1s, los estudios que se han llevado a cabo sobre la militancia pol\u00edtica de Mercedes Rodrigo no la muestran como part\u00edcipe de ning\u00fan grupo pol\u00edtico en particular. Pero la guerra civil toma en cuenta cualquier se\u00f1al, cualquier indicio, el menor gesto, para de ah\u00ed deducir que su vor\u00e1gine de violencia debe extenderse hasta esa persona. &nbsp;Es as\u00ed como la mera amistad, la tertulia, el caf\u00e9 y hasta un simple saludo en la calle se convierten en raz\u00f3n suficiente para decretar y ejecutar la pena de muerte sin que previamente se pidan, ni mucho menos se escuchen explicaciones. &nbsp;Era natural que Mercedes Rodrigo, profunda estudiosa del psiquismo humano, lo supiera o al menos lo presintiera. &nbsp;Tambi\u00e9n era l\u00f3gico que la psic\u00f3loga espa\u00f1ola intuyera que cuando la guerra &#8211; toda guerra, cualquier guerra &#8211; est\u00e1 a punto de finalizar y ya se presiente qui\u00e9nes ser\u00e1n los ganadores y qui\u00e9nes ser\u00e1n los perdedores, se atisban en el horizonte los negros nubarrones de la represi\u00f3n de quienes ganaron contra quienes perdieron. Es presumible, pues, que se desencadenar\u00e1n las redadas, los allanamientos, las capturas, los juicios sumarios cargados de arbitrariedad, los falsos testigos, el dejar hablar a los defensores solamente por cumplir un formalismo previo a la lectura de la condena que ya se ha redactado desde antes. Y por eso, antes de que acabe la guerra, comienza el exilio. Es algo as\u00ed como una leg\u00edtima defensa anticipatoria.<\/p>\n<p>Al exilio hab\u00edan partido, estaban partiendo y partir\u00edan en los d\u00edas subsiguientes figuras cuyos nombres acabar\u00edan formando parte del patrimonio cultural latinoamericano: el actor \u00c1ngel Garasa, por ejemplo, llegar\u00eda a M\u00e9xico y terminar\u00eda filmando memorables pel\u00edculas de humor al lado de Mario Moreno, <em>Cantinflas<\/em>; el jurista Luis Jim\u00e9nez de As\u00faa se instalar\u00eda en Argentina y consolidar\u00eda en este continente su prestigio como uno de los grandes tratadistas de derecho penal de habla hispana; el fil\u00f3sofo y cient\u00edfico Jos\u00e9 de Recasens ser\u00eda quien aquel inolvidable 20 de julio de 1969 ilustrar\u00eda a los colombianos, al lado de nuestro locutor Antonio Pardo Garc\u00eda, sobre los pormenores de la llegada del hombre a la luna. Al exilio tambi\u00e9n partir\u00edan el indigenista Jos\u00e9 Mar\u00eda Ots Capdequi, el poeta Juan Ram\u00f3n Jim\u00e9nez y el psiquiatra y escritor Emilio Mira y L\u00f3pez.<\/p>\n<p>&nbsp;<\/p>\n<p><a href=\"https:\/\/lapiedrafilosofal.com\/wp-content\/uploads\/2017\/05\/Mercedes_Rodrigo_en_1949.gif\"><img decoding=\"async\" class=\"aligncenter size-full wp-image-22161\" src=\"https:\/\/lapiedrafilosofal.com\/wp-content\/uploads\/2017\/05\/Mercedes_Rodrigo_en_1949.gif\" alt=\"\" width=\"500\"><\/a><\/p>\n<p>&nbsp;<\/p>\n<p>Mercedes Rodrigo, la primera psic\u00f3loga de Espa\u00f1a, no militaba en ninguna parte, pero s\u00ed ten\u00eda amigos en el bando republicano. Y, como se dijo atr\u00e1s, eso es m\u00e1s que suficiente para temer por la vida. Es m\u00e1s: ya en el terreno cient\u00edfico, hab\u00eda trabajado con el eminente m\u00e9dico neur\u00f3logo y psiquiatra Gonzalo Rodr\u00edguez Lafora (quien en 1911 -a\u00f1o en que Mercedes Rodrigo se gradu\u00f3 de maestra- hab\u00eda descubierto la Enfermedad de Lafora, una epilepsia progresiva). En 1938 el cient\u00edfico hab\u00eda partido al exilio por el peligro que le significaba su pasado republicano.<\/p>\n<p>&nbsp;<\/p>\n<p><a href=\"https:\/\/lapiedrafilosofal.com\/wp-content\/uploads\/2017\/05\/GONZALO-RODRIGUEZ-LAFORA.jpg\"><img loading=\"lazy\" decoding=\"async\" class=\"aligncenter size-full wp-image-22165\" src=\"https:\/\/lapiedrafilosofal.com\/wp-content\/uploads\/2017\/05\/GONZALO-RODRIGUEZ-LAFORA.jpg\" alt=\"\" width=\"720\" height=\"800\" srcset=\"https:\/\/oscarhumbertogomez.com\/wp-content\/uploads\/2017\/05\/GONZALO-RODRIGUEZ-LAFORA.jpg 720w, https:\/\/oscarhumbertogomez.com\/wp-content\/uploads\/2017\/05\/GONZALO-RODRIGUEZ-LAFORA-270x300.jpg 270w\" sizes=\"auto, (max-width: 720px) 100vw, 720px\" \/><\/a><\/p>\n<p>&nbsp;<\/p>\n<p>Por ello, antes de aquel primero de abril de 1939 en el que Francisco Franco dio el parte de victoria, la primera mujer graduada como psic\u00f3loga en Espa\u00f1a abandon\u00f3 su patria para nunca m\u00e1s volver. &nbsp;Como era previsible, se dirigi\u00f3 a la misma Suiza donde hab\u00eda estudiado y obtenido su cart\u00f3n de psic\u00f3loga. Empero, solo permaneci\u00f3 all\u00ed unos pocos meses. Dos a\u00f1os atr\u00e1s hab\u00eda recibido una invitaci\u00f3n del rector de la Universidad Nacional de un lejano pa\u00eds de Am\u00e9rica del Sur llamado Colombia. Con dos a\u00f1os de atraso, decidi\u00f3 aceptarla y fue as\u00ed como despu\u00e9s de un viaje del que no conocemos detalles, lleg\u00f3 -el 2 de agosto de 1939- a la g\u00e9lida ciudad de Bogot\u00e1.<\/p>\n<p>Pues bien: con ella acababan de arribar a la capital de la lluvia, las brumas y el granizo los comienzos de una nueva profesi\u00f3n en Colombia: de la profesi\u00f3n llamada a abordar las complejas interioridades del alma humana, de la profesi\u00f3n de la esperanza, de la hermosa y hoy m\u00e1s que nunca important\u00edsima profesi\u00f3n de la Psicolog\u00eda.<\/p>\n<p>&nbsp;<\/p>\n<p><a href=\"https:\/\/lapiedrafilosofal.com\/wp-content\/uploads\/2017\/05\/psicologia.jpg\"><img loading=\"lazy\" decoding=\"async\" class=\"aligncenter size-full wp-image-22104\" src=\"https:\/\/lapiedrafilosofal.com\/wp-content\/uploads\/2017\/05\/psicologia.jpg\" alt=\"\" width=\"960\" height=\"524\" srcset=\"https:\/\/oscarhumbertogomez.com\/wp-content\/uploads\/2017\/05\/psicologia.jpg 960w, https:\/\/oscarhumbertogomez.com\/wp-content\/uploads\/2017\/05\/psicologia-300x164.jpg 300w, https:\/\/oscarhumbertogomez.com\/wp-content\/uploads\/2017\/05\/psicologia-768x419.jpg 768w\" sizes=\"auto, (max-width: 960px) 100vw, 960px\" \/><\/a><\/p>\n<p>&nbsp;<\/p>\n<p><em>[CONTINUAR\u00c1]<\/em><\/p>\n<p>&nbsp;<br \/>\n__________<\/p>\n<p>&nbsp;<\/p>\n<p>ILUSTRACIONES: (1) Guerra Civil Espa\u00f1ola. Guernica bombardeada.<\/p>\n<p>(2) Mercedes Rodrigo. Ilustraci\u00f3n de Pedro Jes\u00fas Vargas Cordero.<\/p>\n<p>(3) Eduardo Clapar\u00e8de.<\/p>\n<p>(4) Eduardo Clapar\u00e8de y personal del Instituto J.J. Rousseau.<\/p>\n<p>(5) Pierre Bovet.<\/p>\n<p>(6) Pierre Bovet, Jean Piaget y personal del Instituto J.J. Rousseau.<\/p>\n<p>(7) Jean Piaget.<\/p>\n<p>(8) Jos\u00e9 Germain.<\/p>\n<p>(9) Emilio Mira y L\u00f3pez.<\/p>\n<p>(10) Mar\u00eda Rodrigo.<\/p>\n<p>(11) Ni\u00f1a con S\u00edndrome de Down jugando con otra ni\u00f1a.<\/p>\n<p>(12) Guerra del Rif (Marruecos espa\u00f1ol). Desastre de Annual, en el que murieron m\u00e1s de cuatro mil espa\u00f1oles.<\/p>\n<p>(13) Guerra del Rif (Marruecos espa\u00f1ol). Desastre de Monte Arruit, en el que murieron m\u00e1s de tres mil espa\u00f1oles. La entrada al fuerte antes del desastre.<\/p>\n<p>(14) Guerra del Rif (Marruecos espa\u00f1ol). Desastre de Monte Arruit. La entrada al fuerte despu\u00e9s del desastre.<\/p>\n<p>(15) Manos de un menor encarcelado.<\/p>\n<p>(16) <em>The Schoolmistress<\/em> (La maestra de escuela). 1770. Jean Honor\u00e9 Fragonard (Grasse, Francia, 1732 &#8211; Par\u00eds, 1806).<\/p>\n<p>(17) El archiduque del Imperio Austro-h\u00fangaro acaba de descender del tren en Sarajevo. Horas despu\u00e9s ser\u00e1 asesinado junto a su esposa y estallar\u00e1 la Primera Guerra Mundial.<\/p>\n<p>(18) Guerra Civil Espa\u00f1ola. Madrid bombardeado.<\/p>\n<p>(19) Guerra Civil Espa\u00f1ola. Madrid bombardeado.<\/p>\n<p>(20) Guerra Civil Espa\u00f1ola. Madrid bombardeado.<\/p>\n<p>(21) Guerra Civil Espa\u00f1ola. Madrid bombardeado.<\/p>\n<p>(22) Guerra Civil Espa\u00f1ola. Ni\u00f1os jugando a fusilar.<\/p>\n<p>(23) Guernica. Pablo Picasso. Museo Nacional Centro de Arte Reina Sof\u00eda. Madrid.<\/p>\n<p>(24) Guerra Civil Espa\u00f1ola. El comandante militar de Guadalajara acaba de ser capturado por los republicanos luego de la toma del puente de Linares y es conducido hacia el lugar de su fusilamiento. Fotograf\u00eda del estudio Abero y Segovia. 22 de julio de 1936.<\/p>\n<p>(25) Guerra Civil Espa\u00f1ola. Republicanos que acaban de rendirse son conducidos prisioneros por las tropas nacionalistas. Somosierra, serran\u00eda de Guadarrama, 1936. &#8220;Los combates en Somosierra (&#8230;) fueron feroces y los prisioneros eran fusilados, en ambos bandos&#8221; (Hugh Thomas. La guerra civil espa\u00f1ola. Editorial Grijalbo. 1976).<\/p>\n<p>(26) Imagen que, a la postre, condujo a la Guerra Civil Espa\u00f1ola: en el suelo, donde fue tirado por sus asesinos, yace el cad\u00e1ver del l\u00edder pol\u00edtico de la derecha Jos\u00e9 Calvo Sotelo.<\/p>\n<p>(27) Jos\u00e9 Calvo Sotelo.<\/p>\n<p>(28) Poeta Federico Garc\u00eda Lorca.<\/p>\n<p>(29) Guerra Civil Espa\u00f1ola. Madrid bombardeado.<\/p>\n<p>(30) Guerra Civil Espa\u00f1ola. Ni\u00f1os madrile\u00f1os frente a sus casas destruidas por los bombardeos.<\/p>\n<p>(31) Guerra Civil Espa\u00f1ola. Muertos en las calles madrile\u00f1as bombardeadas.<\/p>\n<p>(32) Guerra Civil Espa\u00f1ola. Ni\u00f1os espa\u00f1oles rumbo al exilio.<\/p>\n<p>(33) Guerra Civil Espa\u00f1ola. Ni\u00f1os espa\u00f1oles exiliados.<\/p>\n<p>(34) Guerra Civil Espa\u00f1ola. Ni\u00f1os espa\u00f1oles rumbo al exilio.<\/p>\n<p>(35) \u00danica fotograf\u00eda conocida de Mercedes Rodrigo. Fotograf\u00eda de carnet. 1940. Archivo General de la Administraci\u00f3n. Alcal\u00e1 de Henares. Wikimedia Commons. Fania Herrero.<\/p>\n<p>(36) Gonzalo Rodr\u00edguez Lafora.<\/p>\n<p>(37) Eros, dios del Amor, y Psique, diosa de la Psicolog\u00eda (aunque no ten\u00eda origen divino, sino humano). La letra griega Psi, s\u00edmbolo de la Psicolog\u00eda.<\/p>\n","protected":false},"excerpt":{"rendered":"<p>[A Alejandra G\u00f3mez Blackburn, psic\u00f3loga cl\u00ednica colombiana] &nbsp; El 17 de julio de 1936, un sector del ej\u00e9rcito de Espa\u00f1a intent\u00f3 derribar con un golpe de Estado al reci\u00e9n elegido presidente de la rep\u00fablica Manuel Aza\u00f1a. El golpe fue parcialmente &hellip; <a href=\"https:\/\/oscarhumbertogomez.com\/?p=21837\">Sigue leyendo <span class=\"meta-nav\">&rarr;<\/span><\/a><\/p>\n<div class='heateorSssClear'><\/div><div  class='heateor_sss_sharing_container heateor_sss_horizontal_sharing' heateor-sss-data-href='https:\/\/oscarhumbertogomez.com\/?p=21837'><div class='heateor_sss_sharing_title' style=\"font-weight:bold\" >\u00a1Gracias por compartirla!<\/div><ul class=\"heateor_sss_sharing_ul\"><li class=\"heateorSssSharingRound\"><i style=\"width:35px;height:35px;border-radius:999px;\" alt=\"Facebook\" Title=\"Facebook\" class=\"heateorSssSharing heateorSssFacebookBackground\" onclick='heateorSssPopup(\"https:\/\/www.facebook.com\/sharer\/sharer.php?u=https%3A%2F%2Foscarhumbertogomez.com%2Findex.php%3Frest_route%3D%252Fwp%252Fv2%252Fposts%252F21837\")'><ss style=\"display:block;border-radius:999px;\" class=\"heateorSssSharingSvg heateorSssFacebookSvg\"><\/ss><\/i><\/li><li class=\"heateorSssSharingRound\"><i style=\"width:35px;height:35px;border-radius:999px;\" alt=\"Twitter\" Title=\"Twitter\" class=\"heateorSssSharing heateorSssTwitterBackground\" onclick='heateorSssPopup(\"http:\/\/twitter.com\/intent\/tweet?text=LA%20GUERRA%20CIVIL%20ESPA%C3%91OLA%20Y%20LOS%20ALBORES%20DE%20LA%20PSICOLOG%C3%8DA%20EN%20COLOMBIA.%20%20%5BInforme%20especial.%20Cap%C3%ADtulo%20I%5D.%20Por%20%C3%93scar%20Humberto%20G%C3%B3mez%20G%C3%B3mez%2C%20Miembro%20de%20N%C3%BAmero%20de%20la%20Academia%20de%20Historia%20de%20Santander%20y%20Miembro%20del%20Colegio%20Nacional%20de%20Periodistas&url=https%3A%2F%2Foscarhumbertogomez.com%2Findex.php%3Frest_route%3D%252Fwp%252Fv2%252Fposts%252F21837\")'><ss style=\"display:block;border-radius:999px;\" class=\"heateorSssSharingSvg heateorSssTwitterSvg\"><\/ss><\/i><\/li><li class=\"heateorSssSharingRound\"><i style=\"width:35px;height:35px;border-radius:999px;\" alt=\"Whatsapp\" Title=\"Whatsapp\" class=\"heateorSssSharing heateorSssWhatsappBackground\" onclick='heateorSssPopup(\"https:\/\/web.whatsapp.com\/send?text=LA%20GUERRA%20CIVIL%20ESPA%C3%91OLA%20Y%20LOS%20ALBORES%20DE%20LA%20PSICOLOG%C3%8DA%20EN%20COLOMBIA.%20%20%5BInforme%20especial.%20Cap%C3%ADtulo%20I%5D.%20Por%20%C3%93scar%20Humberto%20G%C3%B3mez%20G%C3%B3mez%2C%20Miembro%20de%20N%C3%BAmero%20de%20la%20Academia%20de%20Historia%20de%20Santander%20y%20Miembro%20del%20Colegio%20Nacional%20de%20Periodistas https%3A%2F%2Foscarhumbertogomez.com%2Findex.php%3Frest_route%3D%252Fwp%252Fv2%252Fposts%252F21837\")'><ss style=\"display:block\" class=\"heateorSssSharingSvg heateorSssWhatsappSvg\"><\/ss><\/i><\/li><li class=\"heateorSssSharingRound\"><i style=\"width:35px;height:35px;border-radius:999px;\" alt=\"Pinterest\" Title=\"Pinterest\" class=\"heateorSssSharing heateorSssPinterestBackground\" onclick=\"javascript:void( (function() {var e=document.createElement('script' );e.setAttribute('type','text\/javascript' );e.setAttribute('charset','UTF-8' );e.setAttribute('src','\/\/assets.pinterest.com\/js\/pinmarklet.js?r='+Math.random()*99999999);document.body.appendChild(e)})());\"><ss style=\"display:block;border-radius:999px;\" class=\"heateorSssSharingSvg heateorSssPinterestSvg\"><\/ss><\/i><\/li><li class=\"heateorSssSharingRound\"><i style=\"width:35px;height:35px;border-radius:999px;\" alt=\"Google Gmail\" Title=\"Google Gmail\" class=\"heateorSssSharing heateorSssGoogleGmailBackground\" onclick='heateorSssPopup(\"https:\/\/mail.google.com\/mail\/?ui=2&view=cm&fs=1&tf=1&su=LA%20GUERRA%20CIVIL%20ESPA%C3%91OLA%20Y%20LOS%20ALBORES%20DE%20LA%20PSICOLOG%C3%8DA%20EN%20COLOMBIA.%20%20%5BInforme%20especial.%20Cap%C3%ADtulo%20I%5D.%20Por%20%C3%93scar%20Humberto%20G%C3%B3mez%20G%C3%B3mez%2C%20Miembro%20de%20N%C3%BAmero%20de%20la%20Academia%20de%20Historia%20de%20Santander%20y%20Miembro%20del%20Colegio%20Nacional%20de%20Periodistas&body=Link:https%3A%2F%2Foscarhumbertogomez.com%2Findex.php%3Frest_route%3D%252Fwp%252Fv2%252Fposts%252F21837\")'><ss style=\"display:block;border-radius:999px;\" class=\"heateorSssSharingSvg heateorSssGoogleGmailSvg\"><\/ss><\/i><\/li><li class=\"heateorSssSharingRound\"><i style=\"width:35px;height:35px;border-radius:999px;\" title=\"More\" alt=\"More\" class=\"heateorSssSharing heateorSssMoreBackground\" onclick=\"heateorSssMoreSharingPopup(this, 'https:\/\/oscarhumbertogomez.com\/index.php?rest_route=%2Fwp%2Fv2%2Fposts%2F21837', 'LA%20GUERRA%20CIVIL%20ESPA%C3%91OLA%20Y%20LOS%20ALBORES%20DE%20LA%20PSICOLOG%C3%8DA%20EN%20COLOMBIA.%20%20%5BInforme%20especial.%20Cap%C3%ADtulo%20I%5D.%20Por%20%C3%93scar%20Humberto%20G%C3%B3mez%20G%C3%B3mez%2C%20Miembro%20de%20N%C3%BAmero%20de%20la%20Academia%20de%20Historia%20de%20Santander%20y%20Miembro%20del%20Colegio%20Nacional%20de%20Periodistas', '' )\" ><ss style=\"display:block\" class=\"heateorSssSharingSvg heateorSssMoreSvg\"><\/ss><\/i><\/li><\/ul><div class=\"heateorSssClear\"><\/div><\/div><div class='heateorSssClear'><\/div>","protected":false},"author":2,"featured_media":0,"comment_status":"open","ping_status":"open","sticky":false,"template":"","format":"standard","meta":{"spay_email":"","footnotes":""},"categories":[11,63],"tags":[],"class_list":["post-21837","post","type-post","status-publish","format-standard","hentry","category-periodismo","category-psicologia"],"jetpack_featured_media_url":"","jetpack_shortlink":"https:\/\/wp.me\/p1FYrr-5Gd","_links":{"self":[{"href":"https:\/\/oscarhumbertogomez.com\/index.php?rest_route=\/wp\/v2\/posts\/21837","targetHints":{"allow":["GET"]}}],"collection":[{"href":"https:\/\/oscarhumbertogomez.com\/index.php?rest_route=\/wp\/v2\/posts"}],"about":[{"href":"https:\/\/oscarhumbertogomez.com\/index.php?rest_route=\/wp\/v2\/types\/post"}],"author":[{"embeddable":true,"href":"https:\/\/oscarhumbertogomez.com\/index.php?rest_route=\/wp\/v2\/users\/2"}],"replies":[{"embeddable":true,"href":"https:\/\/oscarhumbertogomez.com\/index.php?rest_route=%2Fwp%2Fv2%2Fcomments&post=21837"}],"version-history":[{"count":5,"href":"https:\/\/oscarhumbertogomez.com\/index.php?rest_route=\/wp\/v2\/posts\/21837\/revisions"}],"predecessor-version":[{"id":52614,"href":"https:\/\/oscarhumbertogomez.com\/index.php?rest_route=\/wp\/v2\/posts\/21837\/revisions\/52614"}],"wp:attachment":[{"href":"https:\/\/oscarhumbertogomez.com\/index.php?rest_route=%2Fwp%2Fv2%2Fmedia&parent=21837"}],"wp:term":[{"taxonomy":"category","embeddable":true,"href":"https:\/\/oscarhumbertogomez.com\/index.php?rest_route=%2Fwp%2Fv2%2Fcategories&post=21837"},{"taxonomy":"post_tag","embeddable":true,"href":"https:\/\/oscarhumbertogomez.com\/index.php?rest_route=%2Fwp%2Fv2%2Ftags&post=21837"}],"curies":[{"name":"wp","href":"https:\/\/api.w.org\/{rel}","templated":true}]}}