{"id":2240,"date":"2011-12-15T15:08:58","date_gmt":"2011-12-15T20:08:58","guid":{"rendered":"http:\/\/www.oscarhumbertogomez.com\/?p=2240"},"modified":"2025-02-02T16:36:57","modified_gmt":"2025-02-02T21:36:57","slug":"a-proposito-de-la-renuncia-de-camilo-jimenez-a-su-catedra-en-la-universidad-javeriana","status":"publish","type":"post","link":"https:\/\/oscarhumbertogomez.com\/?p=2240","title":{"rendered":"A prop\u00f3sito de la renuncia de Camilo Jim\u00e9nez a su c\u00e1tedra en la Universidad Javeriana. Por \u00d3scar Humberto G\u00f3mez G\u00f3mez"},"content":{"rendered":"<div id=\"attachment_49906\" style=\"width: 650px\" class=\"wp-caption aligncenter\"><img loading=\"lazy\" decoding=\"async\" aria-describedby=\"caption-attachment-49906\" class=\"size-large wp-image-49906\" src=\"https:\/\/oscarhumbertogomez.com\/wp-content\/uploads\/2011\/06\/WhatsApp-Image-2025-01-19-at-16.33.19-1024x690.jpeg\" alt=\"\" width=\"640\" height=\"431\" srcset=\"https:\/\/oscarhumbertogomez.com\/wp-content\/uploads\/2011\/06\/WhatsApp-Image-2025-01-19-at-16.33.19-1024x690.jpeg 1024w, https:\/\/oscarhumbertogomez.com\/wp-content\/uploads\/2011\/06\/WhatsApp-Image-2025-01-19-at-16.33.19-300x202.jpeg 300w, https:\/\/oscarhumbertogomez.com\/wp-content\/uploads\/2011\/06\/WhatsApp-Image-2025-01-19-at-16.33.19-768x517.jpeg 768w, https:\/\/oscarhumbertogomez.com\/wp-content\/uploads\/2011\/06\/WhatsApp-Image-2025-01-19-at-16.33.19.jpeg 1280w\" sizes=\"auto, (max-width: 640px) 100vw, 640px\" \/><p id=\"caption-attachment-49906\" class=\"wp-caption-text\">\u00d3SCAR HUMBERTO G\u00d3MEZ G\u00d3MEZ. Fotograf\u00eda de Nylse Blackburn. 2009<\/p><\/div>\n<p>&nbsp;<\/p>\n<p>No es usual que un profesor universitario renuncie, pero adem\u00e1s lleve su renuncia a los medios de comunicaci\u00f3n. Excepci\u00f3n hecha de la explosiva dimisi\u00f3n de Hern\u00e1n Motta Motta, profesor de Introducci\u00f3n al Derecho y de Sociolog\u00eda en la Facultad de Derecho de la Universidad Aut\u00f3noma de Bucaramanga (UNAB), a ra\u00edz de que el nuevo rector Manuel Francisco Neira Rojas expuls\u00f3 a diecis\u00e9is estudiantes luego del paro de 1976 contra el alza en las matr\u00edculas, y del tambi\u00e9n explosivo retiro, en abril de 1985, de Gerardo Delgado Silva, profesor de Derecho Probatorio de esa <em>alma mater<\/em>&nbsp;a ra\u00edz de haberse programado un Curso de Derecho Probatorio pasando por encima de su condici\u00f3n de titular de la c\u00e1tedra, no conoc\u00eda el caso de una dimisi\u00f3n en solitario con tales caracter\u00edsticas de controversia p\u00fablica. M\u00e1s ex\u00f3tico a\u00fan resulta el hecho de que el profesor, al renunciar, critique duramente a sus alumnos y, a trav\u00e9s de ellos, a toda una generaci\u00f3n, y se declare vencido como pedagogo.<\/p>\n<p>El catedr\u00e1tico de la Universidad Javeriana Camilo Jim\u00e9nez ha renunciado a su cargo como docente de la Facultad de Comunicaci\u00f3n Social porque sus alumnos, no precisamente &#8220;prim\u00edparos&#8221;, sino estudiantes <span style=\"text-decoration: underline;\">de los \u00faltimos semestres<\/span>, no pudieron, en cuatro meses que les dio para hacerlo, escribir el resumen de un libro.<\/p>\n<p>La renuncia fue publicada en EL TIEMPO. &nbsp;Pero lo m\u00e1s ins\u00f3lito es que tal publicaci\u00f3n no fue iniciativa del dimitente, sino <span style=\"text-decoration: underline;\">de la propia Universidad Javeriana<\/span>&nbsp;por conducto de uno de sus m\u00e1s altos directivos, quien le pidi\u00f3 permiso al profesor para publicar el texto en el diario, luego de que el catedr\u00e1tico lo insertara en su portal de Internet.<\/p>\n<p>El turbi\u00f3n de interrogantes que suscita el tema nosotros ya lo ven\u00edamos planteando desde hac\u00eda rato, s\u00f3lo que sin este impacto colectivo, explicable por hallarse involucrada una de las m\u00e1s prestigiosas universidades del pa\u00eds. Las primeras preguntas son las m\u00e1s elementales: \u00bfEst\u00e1n los alumnos universitarios de hoy en d\u00eda dedicados durante las horas de clase, no a atender la exposici\u00f3n de su profesor, sino a jugar con el <em>BlackBerry <\/em>o con el <em>i<\/em>P<em>ad<\/em>? Y si ello es as\u00ed, \u00bfde qui\u00e9n es la responsabilidad de que tama\u00f1a anomal\u00eda ocurra?<\/p>\n<p>Se afirma que la desatenci\u00f3n y mediocridad estudiantil son &#8220;culpa&#8221; de la tecnolog\u00eda, que el celular, el computador, la Internet y los dem\u00e1s avances tecnol\u00f3gicos e inform\u00e1ticos de la sociedad moderna mataron no s\u00f3lo la atenci\u00f3n, sino tambi\u00e9n el esp\u00edritu investigativo de los j\u00f3venes, a quienes convirti\u00f3 en aut\u00f3matas viciosos del <em>chat<\/em>,&nbsp;limitados a hacer sus tareas escolares ingresando, simplemente, al &#8220;Rinc\u00f3n del vago&#8221;.<\/p>\n<p>Pero, \u00bfes realmente &#8220;culpa&#8221; de la tecnolog\u00eda?<\/p>\n<p>O, no ser\u00e1, m\u00e1s bien, \u00bf&#8221;culpa&#8221; <strong>de la actitud que se ha asumido ante la tecnolog\u00eda<\/strong>? \u00bfNo ser\u00e1, m\u00e1s bien, que los grandes avances tecnol\u00f3gicos <strong>se est\u00e1n usando de manera desviada<\/strong>?<\/p>\n<p>Y si ello es as\u00ed, surge de nuevo la pregunta: \u00bfde qui\u00e9n es la culpa, desde el punto de vista institucional y humano?<\/p>\n<p>Ahora bien; \u00bf<strong>debe permitirse que contin\u00fae<\/strong> ese &#8220;dejar hacer, dejar pasar&#8221; al que ha ca\u00eddo, y no de ahora precisamente, la Universidad colombiana, con alumnos que bien pueden ir a clase o bien pueden no ir; que si van, bien pueden llegar temprano o bien pueden llegar tarde; que bien pueden tomar apuntes o bien pueden dedicarse a hablar por celular; que bien pueden mirar y escuchar a su profesor o bien pueden darle la espalda y dedicarse a charlar con sus compa\u00f1eros de clase, porque, al final, basta con que respondan y aprueben los ex\u00e1menes?<\/p>\n<p>Y, a prop\u00f3sito de ex\u00e1menes, \u00bfese sistema de ahora, de simplemente marcar una de entre varias respuestas posibles, que fue a lo que se redujeron las pruebas del ICFES y, tras de ellas, a lo que se redujeron todas las pruebas acad\u00e9micas, ha tra\u00eddo beneficio a -pongamos por caso- la capacidad de los j\u00f3venes para hablar en p\u00fablico, opinar en una columna de prensa o escribir un libro y, en cualquiera de tales hip\u00f3tesis, plantear afirmaciones controversiales? Decir, por ejemplo, que &#8220;Sim\u00f3n Bol\u00edvar era colombiano&#8221;, \u00bfdebe marcarse como correcto o como incorrecto? Si un alumno tuviera la oportunidad de defender la primera opci\u00f3n, seguramente escuchar\u00edamos o leer\u00edamos una interesante disertaci\u00f3n sobre la manera como ese gran latinoamericano trascendi\u00f3 el limitado concepto de ser oriundo de Caracas (&#8220;<em>No se es de donde se nace, sino de donde se lucha&#8221;<\/em>, se escuchaba en un disco de Ana y Jaime)&nbsp;o acerca de aquel memorable per\u00edodo (1821-1830) en el que Colombia comprendi\u00f3 a Venezuela, Nueva Granada y Quito. &nbsp;Pero ante el estrecho margen de maniobra que le da la pregunta, es posible que si marca que es correcto decir que Sim\u00f3n Bol\u00edvar era colombiano, se le califique con una mala nota, porque la &#8220;X&#8221; no hay forma de explicarla.<\/p>\n<p>La queja, en el fondo, es la misma que se oye por doquier: que los universitarios no leen.<\/p>\n<p>Pero la frase es, como m\u00ednimo, sesgada. &nbsp;Porque no son s\u00f3lo los universitarios los que no leen. Es que ya pr\u00e1cticamente&nbsp;<span style=\"text-decoration: underline;\">nadie<\/span> lee. En este pa\u00eds no lee el gobierno, no lee la justicia, no leen los m\u00e9dicos, no leen los ingenieros y, lo que es peor, no leen los columnistas. Hace poco, uno de mis hijos, \u00c9dgar Leonardo, cuestionaba el que un columnista se hubiese referido a Carlos Gardel como el autor de la frase &#8220;<em>veinte a\u00f1os no es nada<\/em>&#8220;, cuando la verdad es que Gardel no escribi\u00f3 eso, porque Carlos Gardel lo que les aportaba a los tangos, aparte de su interpretaci\u00f3n, era la m\u00fasica, ya que la letra la creaba el poeta Alfredo Le Pera. &nbsp;Yo mismo sigo encontrando columnas de prensa en las cuales se habla de que &#8220;<em>Es un buen tipo mi viejo, como escribi\u00f3 Piero&#8221;<\/em>, pese a que Piero no escribi\u00f3 tal cosa, porque Piero, al igual que Gardel con sus tangos, compon\u00eda <span style=\"text-decoration: underline;\">la m\u00fasica<\/span> de sus baladas, y el que escrib\u00eda las letras era el poeta y periodista argentino Jos\u00e9 Tcherkaski. No he olvidado jam\u00e1s el informe de un peri\u00f3dico local que al rese\u00f1ar la lista de nuestros pr\u00f3ceres incluy\u00f3 a Boves, ni aquella nota de primera p\u00e1gina acerca del 20 de julio seg\u00fan la cual &#8220;dieciocho d\u00edas despu\u00e9s, el 7 de agosto, se llev\u00f3 a cabo la Batalla de Boyac\u00e1&#8221;. &nbsp;Y as\u00ed sucesivamente, no son pocos los que escriben sin ton ni son, anotando lo primero que se les viene a la cabeza e incurriendo en toda suerte de exabruptos, porque no se molestan en leer ni siquiera las car\u00e1tulas de los discos.<\/p>\n<p>\u00bfY por qu\u00e9 <span style=\"text-decoration: underline;\">nadie<\/span> est\u00e1 leyendo?<\/p>\n<p>\u00bfNo ser\u00e1 todo esto culpa de la prisa que se apoder\u00f3 de todos y de todo? \u00bfNo debemos ubicar ese alejamiento de la lectura dentro del mismo contexto de la prisa en la radio, la prisa en la televisi\u00f3n, la prisa en la prensa, la prisa en la justicia (prisa que mat\u00f3 la oratoria forense y debido a la cual cada vez es m\u00e1s evidente que no se leen los memoriales, ni se lee la jurisprudencia, ni se lee la doctrina y, m\u00e1s grave todav\u00eda, ni se lee la ley, a pesar de lo cual, y por otras razones, los juicios se eternizan durmiendo en los anaqueles), la prisa en la medicina, la prisa en el di\u00e1logo, la prisa en el hogar, la prisa en la empresa, la prisa en la misa, la prisa en la pol\u00edtica (\u00bfhan visto ustedes cu\u00e1ntas veces le quitan el sonido al orador que est\u00e1 dirigi\u00e9ndose a la plenaria del Senado, para que hable m\u00e1s de prisa?), la prisa en la comida (\u00bfhan almorzado ustedes, por casualidad, con una hamburguesa o un perro caliente, o sea, con &#8220;comidas r\u00e1pidas&#8221;?), en fin, la prisa en todas partes? \u00bfHabr\u00e1 todav\u00eda alguien que se ponga a leer el Quijote? \u00bfNo desterraron las editoriales la poes\u00eda, porque eso ya no se lee, y no se lee porque no hay tiempo, y no hay tiempo porque todos vivimos de prisa? \u00bfNo atropellan las palabras los locutores de radio y televisi\u00f3n por querer desembuchar las noticias a toda prisa?<\/p>\n<p>Ahora bien; eso de resumir un libro en pocas palabras, \u00bfno nos lo pon\u00edan a hacer a nosotros desde el bachillerato?<\/p>\n<p>Este portal de Internet, respetuoso, como siempre, de la libertad de expresi\u00f3n, y entendiendo, tambi\u00e9n como siempre, que el conocer diferentes puntos de vista es, en estos casos, la mejor manera de aproximarse a la verdad, publica algunas de las opiniones que se han vertido acerca del asunto e incluye, como es apenas obvio, la exposici\u00f3n que ha hecho en torno a los motivos de su renuncia el catedr\u00e1tico Camilo Jim\u00e9nez.<\/p>\n<p>Lo que se est\u00e1 debatiendo, desde luego, no nos es ajeno, modestos cultores como somos del periodismo y de la literatura, ambos conectadas directamente con el correcto manejo del lenguaje y con la tem\u00e1tica que aqu\u00ed se toca, pero tambi\u00e9n dada nuestra postura cr\u00edtica frente a diversos t\u00f3picos de nuestro actual sistema educativo y de la forma como se viene abordando el progreso tecnol\u00f3gico e inform\u00e1tico dentro de los quehaceres formativos de los hombres y las mujeres de hoy y del ma\u00f1ana.<\/p>\n<p>Ojal\u00e1 esta tempestad no amaine pronto, sino que, por el contrario, arrecie.<\/p>\n<p>&nbsp;<\/p>\n","protected":false},"excerpt":{"rendered":"<p>&nbsp; No es usual que un profesor universitario renuncie, pero adem\u00e1s lleve su renuncia a los medios de comunicaci\u00f3n. Excepci\u00f3n hecha de la explosiva dimisi\u00f3n de Hern\u00e1n Motta Motta, profesor de Introducci\u00f3n al Derecho y de Sociolog\u00eda en la Facultad &hellip; <a href=\"https:\/\/oscarhumbertogomez.com\/?p=2240\">Sigue leyendo <span class=\"meta-nav\">&rarr;<\/span><\/a><\/p>\n<div class='heateorSssClear'><\/div><div  class='heateor_sss_sharing_container heateor_sss_horizontal_sharing' heateor-sss-data-href='https:\/\/oscarhumbertogomez.com\/?p=2240'><div class='heateor_sss_sharing_title' style=\"font-weight:bold\" >\u00a1Gracias por compartirla!<\/div><ul class=\"heateor_sss_sharing_ul\"><li class=\"heateorSssSharingRound\"><i style=\"width:35px;height:35px;border-radius:999px;\" alt=\"Facebook\" Title=\"Facebook\" class=\"heateorSssSharing heateorSssFacebookBackground\" onclick='heateorSssPopup(\"https:\/\/www.facebook.com\/sharer\/sharer.php?u=https%3A%2F%2Foscarhumbertogomez.com%2Findex.php%3Frest_route%3D%252Fwp%252Fv2%252Fposts%252F2240\")'><ss style=\"display:block;border-radius:999px;\" class=\"heateorSssSharingSvg heateorSssFacebookSvg\"><\/ss><\/i><\/li><li class=\"heateorSssSharingRound\"><i style=\"width:35px;height:35px;border-radius:999px;\" alt=\"Twitter\" Title=\"Twitter\" class=\"heateorSssSharing heateorSssTwitterBackground\" onclick='heateorSssPopup(\"http:\/\/twitter.com\/intent\/tweet?text=A%20prop%C3%B3sito%20de%20la%20renuncia%20de%20Camilo%20Jim%C3%A9nez%20a%20su%20c%C3%A1tedra%20en%20la%20Universidad%20Javeriana.%20Por%20%C3%93scar%20Humberto%20G%C3%B3mez%20G%C3%B3mez&url=https%3A%2F%2Foscarhumbertogomez.com%2Findex.php%3Frest_route%3D%252Fwp%252Fv2%252Fposts%252F2240\")'><ss style=\"display:block;border-radius:999px;\" class=\"heateorSssSharingSvg heateorSssTwitterSvg\"><\/ss><\/i><\/li><li class=\"heateorSssSharingRound\"><i style=\"width:35px;height:35px;border-radius:999px;\" alt=\"Whatsapp\" Title=\"Whatsapp\" class=\"heateorSssSharing heateorSssWhatsappBackground\" onclick='heateorSssPopup(\"https:\/\/web.whatsapp.com\/send?text=A%20prop%C3%B3sito%20de%20la%20renuncia%20de%20Camilo%20Jim%C3%A9nez%20a%20su%20c%C3%A1tedra%20en%20la%20Universidad%20Javeriana.%20Por%20%C3%93scar%20Humberto%20G%C3%B3mez%20G%C3%B3mez https%3A%2F%2Foscarhumbertogomez.com%2Findex.php%3Frest_route%3D%252Fwp%252Fv2%252Fposts%252F2240\")'><ss style=\"display:block\" class=\"heateorSssSharingSvg heateorSssWhatsappSvg\"><\/ss><\/i><\/li><li class=\"heateorSssSharingRound\"><i style=\"width:35px;height:35px;border-radius:999px;\" alt=\"Pinterest\" Title=\"Pinterest\" class=\"heateorSssSharing heateorSssPinterestBackground\" onclick=\"javascript:void( (function() {var e=document.createElement('script' );e.setAttribute('type','text\/javascript' );e.setAttribute('charset','UTF-8' );e.setAttribute('src','\/\/assets.pinterest.com\/js\/pinmarklet.js?r='+Math.random()*99999999);document.body.appendChild(e)})());\"><ss style=\"display:block;border-radius:999px;\" class=\"heateorSssSharingSvg heateorSssPinterestSvg\"><\/ss><\/i><\/li><li class=\"heateorSssSharingRound\"><i style=\"width:35px;height:35px;border-radius:999px;\" alt=\"Google Gmail\" Title=\"Google Gmail\" class=\"heateorSssSharing heateorSssGoogleGmailBackground\" onclick='heateorSssPopup(\"https:\/\/mail.google.com\/mail\/?ui=2&view=cm&fs=1&tf=1&su=A%20prop%C3%B3sito%20de%20la%20renuncia%20de%20Camilo%20Jim%C3%A9nez%20a%20su%20c%C3%A1tedra%20en%20la%20Universidad%20Javeriana.%20Por%20%C3%93scar%20Humberto%20G%C3%B3mez%20G%C3%B3mez&body=Link:https%3A%2F%2Foscarhumbertogomez.com%2Findex.php%3Frest_route%3D%252Fwp%252Fv2%252Fposts%252F2240\")'><ss style=\"display:block;border-radius:999px;\" class=\"heateorSssSharingSvg heateorSssGoogleGmailSvg\"><\/ss><\/i><\/li><li class=\"heateorSssSharingRound\"><i style=\"width:35px;height:35px;border-radius:999px;\" title=\"More\" alt=\"More\" class=\"heateorSssSharing heateorSssMoreBackground\" onclick=\"heateorSssMoreSharingPopup(this, 'https:\/\/oscarhumbertogomez.com\/index.php?rest_route=%2Fwp%2Fv2%2Fposts%2F2240', 'A%20prop%C3%B3sito%20de%20la%20renuncia%20de%20Camilo%20Jim%C3%A9nez%20a%20su%20c%C3%A1tedra%20en%20la%20Universidad%20Javeriana.%20Por%20%C3%93scar%20Humberto%20G%C3%B3mez%20G%C3%B3mez', '' )\" ><ss style=\"display:block\" class=\"heateorSssSharingSvg heateorSssMoreSvg\"><\/ss><\/i><\/li><\/ul><div class=\"heateorSssClear\"><\/div><\/div><div class='heateorSssClear'><\/div>","protected":false},"author":2,"featured_media":0,"comment_status":"open","ping_status":"open","sticky":false,"template":"","format":"standard","meta":{"spay_email":"","footnotes":""},"categories":[1],"tags":[],"class_list":["post-2240","post","type-post","status-publish","format-standard","hentry","category-blog"],"jetpack_featured_media_url":"","jetpack_shortlink":"https:\/\/wp.me\/p1FYrr-A8","_links":{"self":[{"href":"https:\/\/oscarhumbertogomez.com\/index.php?rest_route=\/wp\/v2\/posts\/2240","targetHints":{"allow":["GET"]}}],"collection":[{"href":"https:\/\/oscarhumbertogomez.com\/index.php?rest_route=\/wp\/v2\/posts"}],"about":[{"href":"https:\/\/oscarhumbertogomez.com\/index.php?rest_route=\/wp\/v2\/types\/post"}],"author":[{"embeddable":true,"href":"https:\/\/oscarhumbertogomez.com\/index.php?rest_route=\/wp\/v2\/users\/2"}],"replies":[{"embeddable":true,"href":"https:\/\/oscarhumbertogomez.com\/index.php?rest_route=%2Fwp%2Fv2%2Fcomments&post=2240"}],"version-history":[{"count":5,"href":"https:\/\/oscarhumbertogomez.com\/index.php?rest_route=\/wp\/v2\/posts\/2240\/revisions"}],"predecessor-version":[{"id":50100,"href":"https:\/\/oscarhumbertogomez.com\/index.php?rest_route=\/wp\/v2\/posts\/2240\/revisions\/50100"}],"wp:attachment":[{"href":"https:\/\/oscarhumbertogomez.com\/index.php?rest_route=%2Fwp%2Fv2%2Fmedia&parent=2240"}],"wp:term":[{"taxonomy":"category","embeddable":true,"href":"https:\/\/oscarhumbertogomez.com\/index.php?rest_route=%2Fwp%2Fv2%2Fcategories&post=2240"},{"taxonomy":"post_tag","embeddable":true,"href":"https:\/\/oscarhumbertogomez.com\/index.php?rest_route=%2Fwp%2Fv2%2Ftags&post=2240"}],"curies":[{"name":"wp","href":"https:\/\/api.w.org\/{rel}","templated":true}]}}