{"id":228,"date":"2011-06-21T23:05:34","date_gmt":"2011-06-22T04:05:34","guid":{"rendered":"http:\/\/www.oscarhumbertogomez.com\/?p=228"},"modified":"2025-02-01T07:47:05","modified_gmt":"2025-02-01T12:47:05","slug":"la-agrupacion-musical-nocturnal-santandereano-lanza-su-primer-disco","status":"publish","type":"post","link":"https:\/\/oscarhumbertogomez.com\/?p=228","title":{"rendered":"La agrupaci\u00f3n musical Nocturnal Santandereano lanza su primer disco. Por \u00d3scar Humberto G\u00f3mez G\u00f3mez"},"content":{"rendered":"<p><img loading=\"lazy\" decoding=\"async\" class=\"aligncenter size-full wp-image-229\" title=\"Nocturnal Santandereano\" src=\"https:\/\/lapiedrafilosofal.com\/wp-content\/uploads\/2011\/06\/Nocturnal-Santandereano.jpg\" alt=\"Nocturnal Santandereano\" width=\"600\" height=\"338\" srcset=\"https:\/\/oscarhumbertogomez.com\/wp-content\/uploads\/2011\/06\/Nocturnal-Santandereano.jpg 600w, https:\/\/oscarhumbertogomez.com\/wp-content\/uploads\/2011\/06\/Nocturnal-Santandereano-300x169.jpg 300w\" sizes=\"auto, (max-width: 600px) 100vw, 600px\" \/><\/p>\n<p>&nbsp;<\/p>\n<p>La agrupaci\u00f3n musical Nocturnal Santandereano, fundada y dirigida por el profesor universitario, tiplista y bandolista <strong>Rafael Antonio Aponte Ortiz<\/strong>, actualmente residente en los Estados Unidos, acaba de lanzar su primer trabajo discogr\u00e1fico titulado <span style=\"color: #333399;\"><em><strong>&#8220;De nuevo en casa&#8221;<\/strong><\/em><\/span>.<\/p>\n<p>El grupo instrumental, que ha conquistado diversos premios en el Festival de M\u00fasica Andina Colombiana Mono N\u00fa\u00f1ez, que se celebra anualmente en Ginebra (Valle), y en otros importantes cert\u00e1menes como la Primera Bienal Colombiana de M\u00fasica Nacional, llevada a cabo en el Teatro de las Bellas Artes de CAFAM en Bogot\u00e1, ofrece en este su primer \u00e1lbum las siguientes canciones:<\/p>\n<p>1. <strong>ALMA LATINA<\/strong>, one-step-marcha de Jer\u00f3nimo Velasco Gonz\u00e1lez.<\/p>\n<p>2. <strong>MIS DOS LUNAS<\/strong>, danza de Fernando Remolina Chaparro.<\/p>\n<p>3. <strong>EL COMUNERO<\/strong>, bambuco de Juvenal Fonseca Moreno.<\/p>\n<p>4. <strong>CHATO JES\u00daS<\/strong>, pasillo de Carlos Alirio Ortega.<\/p>\n<p>5. <strong>GLADYS<\/strong>, danza de Mario Mart\u00ednez.<\/p>\n<p>6. <strong>DE NUEVO EN CASA<\/strong>, pasillo de Rub\u00e9n Dar\u00edo G\u00f3mez Prada.<\/p>\n<p>7. <strong>PA&#8217; GARZ\u00d3N<\/strong>, bambuco de Pedro Nel Mart\u00ednez.<\/p>\n<p>8. <strong>LA VENCEDORA<\/strong> y <strong>LA LIBERTADORA<\/strong>, contradanzas de autor an\u00f3nimo.<\/p>\n<p><strong>PEQUE\u00d1A SUITE COLOMBIANA<\/strong>, de Leonardo G\u00f3mez Silva.<\/p>\n<p>9. <strong>LEJAN\u00cdAS<\/strong>, pasillo.<\/p>\n<p>10. <strong>TORBELLINESCO<\/strong>, torbellino.<\/p>\n<p>11. <strong>R\u00cdO DE ORO<\/strong>, pasillo.<\/p>\n<p>12. <strong>LEONARDI<\/strong>, marcha de Rafael Antonio Aponte Carvajal.<\/p>\n<p>13. <strong>POR SI LAS MOSCAS<\/strong>, pasillo de Alcibiades Parra Rojas.<\/p>\n<p>14. <strong>PRINCESA<\/strong>, danza de Francisco Dur\u00e1n Naranjo.<\/p>\n<p>15. <strong>TARDES DE INVIERNO<\/strong>, pasillo de Ram\u00f3n Badillo.<\/p>\n<p>El disco fue grabado en los estudios del reputado ingeniero de grabaci\u00f3n y sonido maestro <strong>Mario Guillermo Serrano C\u00e1ceres<\/strong> y cont\u00f3 con la mezcla y masterizaci\u00f3n de \u00e9l mismo y del maestro <strong>\u00d3scar Javier Gonz\u00e1lez Prada<\/strong>, guitarrista del grupo.<\/p>\n<p>Nocturnal Santandereano est\u00e1 integrado por los maestros <strong>Santiago Emilio Sierra Ruiz<\/strong> en la flauta;&nbsp;<strong>Amalia Cristina D\u00edaz Carrera<\/strong> en el viol\u00edn;&nbsp;<strong>Luis Eduardo Franco Ospina<\/strong>, quien es adem\u00e1s un prestigioso doctor en Medicina, especialista en Radiolog\u00eda e Im\u00e1genes Diagn\u00f3sticas, en la bandola;&nbsp;<strong>Jos\u00e9 Dar\u00edo Sanabria Sinuco<\/strong> en el contrabajo; <strong>Carlos Fernando Rivera Pe\u00f1a<\/strong> en la bandola; <strong>\u00d3scar Javier Gonz\u00e1lez Prada<\/strong> en la guitarra y <strong>Fernando Remolina Chaparro<\/strong>, quien reemplaza al fundador, maestro Aponte, debido a su &#8220;exilio voluntario&#8221; en Norteam\u00e9rica, en el tiple.<\/p>\n<p>Los maestros <strong>Orlando Serrano Giraldo<\/strong> y <strong>Fernando Le\u00f3n<\/strong> aportaron sus plumas para los textos de presentaci\u00f3n del trabajo discogr\u00e1fico en la car\u00e1tula.<\/p>\n<p>Felicitamos a Nocturnal Santandereano y recibimos con entera satisfacci\u00f3n este nuevo aporte suyo al cultivo, defensa y divulgaci\u00f3n del patrimonio cultural de Colombia, particularmente de su m\u00fasica. De su buena m\u00fasica.<\/p>\n<p>&nbsp;<\/p>\n","protected":false},"excerpt":{"rendered":"<p>&nbsp; La agrupaci\u00f3n musical Nocturnal Santandereano, fundada y dirigida por el profesor universitario, tiplista y bandolista Rafael Antonio Aponte Ortiz, actualmente residente en los Estados Unidos, acaba de lanzar su primer trabajo discogr\u00e1fico titulado &#8220;De nuevo en casa&#8221;. El grupo &hellip; <a href=\"https:\/\/oscarhumbertogomez.com\/?p=228\">Sigue leyendo <span class=\"meta-nav\">&rarr;<\/span><\/a><\/p>\n<div class='heateorSssClear'><\/div><div  class='heateor_sss_sharing_container heateor_sss_horizontal_sharing' heateor-sss-data-href='https:\/\/oscarhumbertogomez.com\/?p=228'><div class='heateor_sss_sharing_title' style=\"font-weight:bold\" >\u00a1Gracias por compartirla!<\/div><ul class=\"heateor_sss_sharing_ul\"><li class=\"heateorSssSharingRound\"><i style=\"width:35px;height:35px;border-radius:999px;\" alt=\"Facebook\" Title=\"Facebook\" class=\"heateorSssSharing heateorSssFacebookBackground\" onclick='heateorSssPopup(\"https:\/\/www.facebook.com\/sharer\/sharer.php?u=https%3A%2F%2Foscarhumbertogomez.com%2Findex.php%3Frest_route%3D%252Fwp%252Fv2%252Fposts%252F228\")'><ss style=\"display:block;border-radius:999px;\" class=\"heateorSssSharingSvg heateorSssFacebookSvg\"><\/ss><\/i><\/li><li class=\"heateorSssSharingRound\"><i style=\"width:35px;height:35px;border-radius:999px;\" alt=\"Twitter\" Title=\"Twitter\" class=\"heateorSssSharing heateorSssTwitterBackground\" onclick='heateorSssPopup(\"http:\/\/twitter.com\/intent\/tweet?text=La%20agrupaci%C3%B3n%20musical%20Nocturnal%20Santandereano%20lanza%20su%20primer%20disco.%20Por%20%C3%93scar%20Humberto%20G%C3%B3mez%20G%C3%B3mez&url=https%3A%2F%2Foscarhumbertogomez.com%2Findex.php%3Frest_route%3D%252Fwp%252Fv2%252Fposts%252F228\")'><ss style=\"display:block;border-radius:999px;\" class=\"heateorSssSharingSvg heateorSssTwitterSvg\"><\/ss><\/i><\/li><li class=\"heateorSssSharingRound\"><i style=\"width:35px;height:35px;border-radius:999px;\" alt=\"Whatsapp\" Title=\"Whatsapp\" class=\"heateorSssSharing heateorSssWhatsappBackground\" onclick='heateorSssPopup(\"https:\/\/web.whatsapp.com\/send?text=La%20agrupaci%C3%B3n%20musical%20Nocturnal%20Santandereano%20lanza%20su%20primer%20disco.%20Por%20%C3%93scar%20Humberto%20G%C3%B3mez%20G%C3%B3mez https%3A%2F%2Foscarhumbertogomez.com%2Findex.php%3Frest_route%3D%252Fwp%252Fv2%252Fposts%252F228\")'><ss style=\"display:block\" class=\"heateorSssSharingSvg heateorSssWhatsappSvg\"><\/ss><\/i><\/li><li class=\"heateorSssSharingRound\"><i style=\"width:35px;height:35px;border-radius:999px;\" alt=\"Pinterest\" Title=\"Pinterest\" class=\"heateorSssSharing heateorSssPinterestBackground\" onclick=\"javascript:void( (function() {var e=document.createElement('script' );e.setAttribute('type','text\/javascript' );e.setAttribute('charset','UTF-8' );e.setAttribute('src','\/\/assets.pinterest.com\/js\/pinmarklet.js?r='+Math.random()*99999999);document.body.appendChild(e)})());\"><ss style=\"display:block;border-radius:999px;\" class=\"heateorSssSharingSvg heateorSssPinterestSvg\"><\/ss><\/i><\/li><li class=\"heateorSssSharingRound\"><i style=\"width:35px;height:35px;border-radius:999px;\" alt=\"Google Gmail\" Title=\"Google Gmail\" class=\"heateorSssSharing heateorSssGoogleGmailBackground\" onclick='heateorSssPopup(\"https:\/\/mail.google.com\/mail\/?ui=2&view=cm&fs=1&tf=1&su=La%20agrupaci%C3%B3n%20musical%20Nocturnal%20Santandereano%20lanza%20su%20primer%20disco.%20Por%20%C3%93scar%20Humberto%20G%C3%B3mez%20G%C3%B3mez&body=Link:https%3A%2F%2Foscarhumbertogomez.com%2Findex.php%3Frest_route%3D%252Fwp%252Fv2%252Fposts%252F228\")'><ss style=\"display:block;border-radius:999px;\" class=\"heateorSssSharingSvg heateorSssGoogleGmailSvg\"><\/ss><\/i><\/li><li class=\"heateorSssSharingRound\"><i style=\"width:35px;height:35px;border-radius:999px;\" title=\"More\" alt=\"More\" class=\"heateorSssSharing heateorSssMoreBackground\" onclick=\"heateorSssMoreSharingPopup(this, 'https:\/\/oscarhumbertogomez.com\/index.php?rest_route=%2Fwp%2Fv2%2Fposts%2F228', 'La%20agrupaci%C3%B3n%20musical%20Nocturnal%20Santandereano%20lanza%20su%20primer%20disco.%20Por%20%C3%93scar%20Humberto%20G%C3%B3mez%20G%C3%B3mez', '' )\" ><ss style=\"display:block\" class=\"heateorSssSharingSvg heateorSssMoreSvg\"><\/ss><\/i><\/li><\/ul><div class=\"heateorSssClear\"><\/div><\/div><div class='heateorSssClear'><\/div>","protected":false},"author":2,"featured_media":0,"comment_status":"open","ping_status":"open","sticky":false,"template":"","format":"standard","meta":{"spay_email":"","footnotes":""},"categories":[1],"tags":[],"class_list":["post-228","post","type-post","status-publish","format-standard","hentry","category-blog"],"jetpack_featured_media_url":"","jetpack_shortlink":"https:\/\/wp.me\/p1FYrr-3G","_links":{"self":[{"href":"https:\/\/oscarhumbertogomez.com\/index.php?rest_route=\/wp\/v2\/posts\/228","targetHints":{"allow":["GET"]}}],"collection":[{"href":"https:\/\/oscarhumbertogomez.com\/index.php?rest_route=\/wp\/v2\/posts"}],"about":[{"href":"https:\/\/oscarhumbertogomez.com\/index.php?rest_route=\/wp\/v2\/types\/post"}],"author":[{"embeddable":true,"href":"https:\/\/oscarhumbertogomez.com\/index.php?rest_route=\/wp\/v2\/users\/2"}],"replies":[{"embeddable":true,"href":"https:\/\/oscarhumbertogomez.com\/index.php?rest_route=%2Fwp%2Fv2%2Fcomments&post=228"}],"version-history":[{"count":5,"href":"https:\/\/oscarhumbertogomez.com\/index.php?rest_route=\/wp\/v2\/posts\/228\/revisions"}],"predecessor-version":[{"id":49968,"href":"https:\/\/oscarhumbertogomez.com\/index.php?rest_route=\/wp\/v2\/posts\/228\/revisions\/49968"}],"wp:attachment":[{"href":"https:\/\/oscarhumbertogomez.com\/index.php?rest_route=%2Fwp%2Fv2%2Fmedia&parent=228"}],"wp:term":[{"taxonomy":"category","embeddable":true,"href":"https:\/\/oscarhumbertogomez.com\/index.php?rest_route=%2Fwp%2Fv2%2Fcategories&post=228"},{"taxonomy":"post_tag","embeddable":true,"href":"https:\/\/oscarhumbertogomez.com\/index.php?rest_route=%2Fwp%2Fv2%2Ftags&post=228"}],"curies":[{"name":"wp","href":"https:\/\/api.w.org\/{rel}","templated":true}]}}