{"id":22822,"date":"2017-07-26T11:49:18","date_gmt":"2017-07-26T16:49:18","guid":{"rendered":"http:\/\/www.oscarhumbertogomez.com\/?p=22822"},"modified":"2024-05-11T10:33:29","modified_gmt":"2024-05-11T15:33:29","slug":"a-nuestros-ciclistas-por-oscar-humberto-gomez-gomez-miembro-del-colegio-nacional-de-periodistas-cnp","status":"publish","type":"post","link":"https:\/\/oscarhumbertogomez.com\/?p=22822","title":{"rendered":"A NUESTROS CICLISTAS. Por: \u00d3scar Humberto G\u00f3mez G\u00f3mez, Miembro del Colegio Nacional de Periodistas (CNP)"},"content":{"rendered":"<p><a href=\"https:\/\/lapiedrafilosofal.com\/wp-content\/uploads\/2017\/07\/ciclistas.jpg\"><img loading=\"lazy\" decoding=\"async\" class=\"aligncenter size-full wp-image-22881\" src=\"https:\/\/lapiedrafilosofal.com\/wp-content\/uploads\/2017\/07\/ciclistas.jpg\" alt=\"\" width=\"1000\" height=\"530\" srcset=\"https:\/\/oscarhumbertogomez.com\/wp-content\/uploads\/2017\/07\/ciclistas.jpg 1000w, https:\/\/oscarhumbertogomez.com\/wp-content\/uploads\/2017\/07\/ciclistas-300x159.jpg 300w, https:\/\/oscarhumbertogomez.com\/wp-content\/uploads\/2017\/07\/ciclistas-768x407.jpg 768w\" sizes=\"auto, (max-width: 1000px) 100vw, 1000px\" \/><\/a><\/p>\n<p>&nbsp;<\/p>\n<p>Con esa sencillez que les aflora en su hablar jadeante y en medio de su sudor y su fatiga, nuestros ciclistas han representado y siguen representando a esa Colombia que jam\u00e1s ha debido dejar de ser lo que era.<\/p>\n<p>Si no, que lo digan las palabras de Darwin Atapuma el pasado 20 de julio, luego de cruzar la meta en segundo lugar: &#8220;<strong><em>Me imagino que estaba paralizada toda Colombia con la etapa. Estoy feliz por mi actuaci\u00f3n, pero estaba so\u00f1ando con regalarle un bonito triunfo a Colombia en nuestro d\u00eda 20 de julio. No se pudo. Lo intentamos hasta el final, pero estoy muy feliz, muy contento. No me dejaron ganar, pero lo intentaremos m\u00e1s veces en el futuro<\/em>&#8220;.<\/strong><\/p>\n<p>Los ciclistas de antes, entrevistados en plena meta, dec\u00edan acezando: &#8220;\u00a1Un saludo a mi \u00b4am\u00e1, a mi \u00b4ap\u00e1, a todos all\u00e1 en la casa, que estoy bien&#8221;.<\/p>\n<p>Hab\u00eda uno que siempre llegaba de \u00faltimo: Alfaro. No recuerdo el nombre. Corr\u00eda por la Virgen del Carmen. Portaba un inmenso escapulario que le cubr\u00eda pecho y espalda. Cuando la Vuelta a Colombia de cierto a\u00f1o lleg\u00f3 a Pamplona, en la radio entrevistaron al obispo de la di\u00f3cesis. &#8220;Monse\u00f1or: qu\u00e9 mensaje le env\u00eda al corredor Alfaro, que corre por la Virgen del Carmen&#8221;. Y el prelado respondi\u00f3: &#8220;Bueno, Alfaro, eso est\u00e1 muy bien, te felicito porque es una gran demostraci\u00f3n de fe el que corras por la Virgen del Carmen. Pero, \u00a1pedalea, hijo, pedalea!&#8221;.<\/p>\n<p>Inolvidables las emociones que cuando todav\u00eda \u00e9ramos ni\u00f1os nos dej\u00f3 la Vuelta a Colombia en Bicicleta, que entonces se corr\u00eda por departamentos, no por marcas comerciales. De cada departamento se destacaba alguno, no solo en lo deportivo, sino tambi\u00e9n en el afecto de su gente: Mart\u00edn Emilio &#8220;Cochise&#8221; Rodr\u00edguez por Antioquia, Carlos Montoya por el Valle, Pedro J. S\u00e1nchez por el Tolima, Severo Hern\u00e1ndez por Santander, Miguel Samac\u00e1 por Boyac\u00e1. Despu\u00e9s empezaron los triunfos internacionales. Primero, fueron en competencias no profesionales: la Vuelta al T\u00e1chira, los Campeonatos Bolivarianos de Ruta, la Vuelta de la Juventud Mexicana. En 1967, esta competencia fue ganada por \u00c1lvaro Pach\u00f3n (ciclista de Cundinamarca), con segundo lugar de &#8220;Cochise&#8221; Rodr\u00edguez. &nbsp;Colombia tambi\u00e9n gan\u00f3 por equipos (\u00c1lvaro Pach\u00f3n, Mart\u00edn Emilio &#8220;Cochise&#8221; Rodr\u00edguez, Severo Hern\u00e1ndez, Pedro J. S\u00e1nchez, Asdr\u00fabal Salazar y Albeiro Mej\u00eda). &nbsp;Y el t\u00edtulo de la monta\u00f1a tambi\u00e9n fue para Colombia con &#8220;Cochise&#8221;. El santandereano Severo Hern\u00e1ndez, luego de una emotiva y larga escapada en solitario, gan\u00f3 la \u00faltima etapa, corrida entre Zit\u00e1cuaro y Ciudad de M\u00e9xico. El pa\u00eds literalmente se paraliz\u00f3. Nuestro corredor fue recibido por una multitud que colm\u00f3 la carrera 27; iba a bordo de un carro de bomberos y luc\u00eda un sombrero de charro.<\/p>\n<p>Lamentablemente y como siempre, la hipocres\u00eda aflora en el trato a nuestros ciclistas. Si no que lo diga lo acontecido este a\u00f1o con Nairo Quintana. Bast\u00f3 con que este joven campesino boyacense y excelente ciclista no quedara este a\u00f1o en el podio del Tour de Francia para que se desencadenaran contra \u00e9l las m\u00e1s descomedidas cr\u00edticas provenientes de los mismos de siempre: los jinetes de tribuna, los futbolistas de tribuna, los que desde su asiento le gritan al jinete que temple las riendas hacia la izquierda, que le gritan al delantero que dispare ya desde ah\u00ed, pero dictan sus c\u00e1tedras porque no est\u00e1n, desde luego, ni montando el caballo, ni frente al arco contrario. Son los mismos que cuando Nairo Quintana estaba buscando apoyo -incluso en esta Bucaramanga de donde tambi\u00e9n salen ahora las cr\u00edticas en su contra- jam\u00e1s hicieron nada para d\u00e1rselo o por ayudarle a encontrarlo.<\/p>\n<p>Andan pifiados, por supuesto. Se les olvida que Nairo no est\u00e1 corriendo por los colores de Colombia, que el Tour de Francia no es una carrera por pa\u00edses, que Nairo es un empleado, un trabajador de Movistar, que trabaja de ciclista, as\u00ed como otros trabajan en los talleres, o en las oficinas y que, por consiguiente, no es \u00e9l quien decide en qu\u00e9 competencias participa y en cu\u00e1les no. Por lo dem\u00e1s, Nairo sabe, y lo sabemos todos, que cuando ya no est\u00e9 en condiciones de rendir, la poderosa empresa multinacional lo botar\u00e1 del empleo sin contemplaciones, como se bota al trabajador enfermo o que ya no da los resultados que la empresa exige. Algo as\u00ed como esos empleados bancarios a los que se les imponen cuotas y cuando no son capaces de conseguirlas, los echan del puesto. No fue, entonces, \u00e9l quien incurri\u00f3 en el error de participar en el Giro de Italia, en el que no particip\u00f3 Froome. Ni tampoco Ur\u00e1n.<\/p>\n<p>Es inconcebible que en comentarios sarc\u00e1sticos publicados en algunos foros haya le\u00eddo cosas como que Nairo Quintana &#8220;qued\u00f3 entre los coleros, pero de todos modos fue un &#8220;triunfo moral&#8221;&#8221;. En la clasificaci\u00f3n general final, Nairo Quintana qued\u00f3 ubicado en el puesto DOCE (12) mientras que el \u00faltimo, Rowe Luke, de Team Sky, qued\u00f3 en el puesto CIENTO SESENTA Y SIETE (167). Ni por asomo, entonces, qued\u00f3 &#8220;entre los coleros&#8221;; por el contrario, qued\u00f3 ENTRE LOS PRIMEROS. De la noche a la ma\u00f1ana se ignora, de otro lado, la excelente participaci\u00f3n que tuvo el ciclista colombiano en el Giro de Italia donde qued\u00f3 subcampe\u00f3n luego de perder la camiseta de l\u00edder en la \u00faltima etapa, que era una contrarreloj. Aparte de Nairo Quintana -que yo sepa- ninguno de los restantes ciento sesenta y seis competidores del Tour de Francia 2017 hab\u00eda participado en el Giro de Italia. Es decir, ninguno hab\u00eda sufrido el desgaste f\u00edsico que hab\u00eda sufrido Nairo. Todos llegaron al Tour frescos, como una lechuga.<\/p>\n<p>Eso de alabar a las personas cuando est\u00e1n arriba y destruirlas cuando tienen un mal momento es una actitud hip\u00f3crita. Infortunadamente no solo se da en el deporte, sino en la vida acad\u00e9mica, en el ejercicio profesional, en los negocios y en los dem\u00e1s aspectos de la vida, donde -como dice la columna de la Fundaci\u00f3n Participar sobre este mismo tema (<em>Las lecciones de Nairo<\/em>, Vanguardia Liberal, julio 26 de 2017)- unas veces se gana y otras veces se pierde. El que Nairo Quintana no haya abandonado el Tour de Francia a pesar de las malas condiciones en que se hallaba y, antes por el contrario, lo haya terminado entre los primeros lugares, demuestra su val\u00eda como deportista y merece nuestro reconocimiento.<\/p>\n<p>El psic\u00f3logo Juan Jos\u00e9 Ca\u00f1as Serrano no pudo ser m\u00e1s preciso y elocuente en sus informes de prensa sobre el caso del ciclista norteamericano Lance Armstrong, convertido de h\u00e9roe en villano, de ejemplo de superaci\u00f3n en verg\u00fcenza deportiva, sin que ning\u00fan an\u00e1lisis cr\u00edtico se les hiciera a la empresa US Postal, a su entrenador, a su m\u00e9dico, a la Uni\u00f3n Cicl\u00edstica Internacional (UCI), ni al Tour de Francia, ni a nadie, a pesar de ser todos ellos los responsables de que en una competencia deportiva se establezcan y se mantengan unos est\u00e1ndares de exigencia literalmente inhumanos, que conducen a la b\u00fasqueda de m\u00e9todos para doparse.<\/p>\n<p>Rigoberto Ur\u00e1n es ahora el h\u00e9roe; hasta es posible que lo condecoren con la Cruz de Boyac\u00e1. Vivimos en una sociedad de hip\u00f3critas, que al que triunfa lo eleva a los altares con adulaci\u00f3n y al que pierde lo bota a la caneca de la basura con desprecio: este estupendo ciclista antioque\u00f1o hab\u00eda sido echado al olvido y nadie daba por \u00e9l un peso. Ahora todos quieren tomarse con \u00e9l la foto de la victoria.<\/p>\n<p>Carlos Vives aparece con una canci\u00f3n, que seguramente ser\u00e1 un \u00e9xito; es un bambuco dedicado a los ciclistas. En el video viste una ruana. Le qued\u00f3 puesta al rev\u00e9s, con la V sobre los hombros y no sobre el cuello. Eso, sin embargo, es secundario. Yo vengo diciendo desde hace rato que a la m\u00fasica andina colombiana le hace falta un Carlos Vives, un artista joven y carism\u00e1tico que cante bambucos y resucite la m\u00fasica andina colombiana dentro de la juventud. Lo vengo planteando, porque, como igualmente reitero siempre, todo lo que se separa de la juventud, necesariamente envejece y muere. Hay una an\u00e9cdota por contar: un d\u00eda estuvo almorzando en mi hogar Pablito Bernal, el baterista de Carlos Vives, y con \u00e9l le envi\u00e9 al famoso artista samario mi disco &#8220;El campesino embejucao&#8221;. Les ha llamado la atenci\u00f3n a amigos m\u00edos que una parte de su nueva canci\u00f3n se le parece; para m\u00ed ser\u00eda un honor, aunque, la verdad sea dicha, en lo personal percibo que las melod\u00edas no coinciden. En todo caso, me alegrar\u00eda saber que el reconocido artista se inspir\u00f3 en mi bambuquito guasca.<\/p>\n<p>Carlos menciona en su canci\u00f3n a varios de los ciclistas que nos han dado tantas alegr\u00edas. Estoy de acuerdo con la menci\u00f3n de todos ellos. Echo de menos, sin embargo, a otros pioneros que tambi\u00e9n nos son muy queridos, especialmente a los santandereanos, como Alfonso Fl\u00f3rez y Severo Hern\u00e1ndez. Pero, claro: es muy dif\u00edcil sintetizar en cuatro minutos toda la historia del ciclismo nacional.<\/p>\n<p>A prop\u00f3sito de Severo Hern\u00e1ndez, que tantas emociones y satisfacciones nos dio a los oriundos de esta tierra en aquella inolvidable d\u00e9cada de los a\u00f1os 60, cuando muchos de nosotros todav\u00eda pr\u00e1cticamente \u00e9ramos ni\u00f1os, estar\u00e9 dedicado en las pr\u00f3ximas semanas a la preparaci\u00f3n de un libro con el que pienso exaltar aquellos recuerdos. De hecho, &nbsp;en este portal est\u00e1 publicada una poes\u00eda que escrib\u00ed en honor de este magn\u00edfico ciclista nuestro:<\/p>\n<p><a href=\"http:\/\/www.oscarhumbertogomez.com\/?p=21226\">A SEVERO HERN\u00c1NDEZ. Por \u00d3scar Humberto G\u00f3mez G\u00f3mez<\/a>.<\/p>\n<p>Volviendo al presente, felicito, pues, a Rigoberto Ur\u00e1n por su merecido t\u00edtulo de subcampe\u00f3n del Tour de Francia y el repunte que ello significa para su carrera deportiva.<\/p>\n<p>Felicito a Darwin Atapuma por su emocionante segundo puesto en la etapa del 20 de julio y por su esp\u00edritu nacionalista.<\/p>\n<p>Felicito a los dem\u00e1s ciclistas colombianos participantes, por su pundonor deportivo y por todo lo que nos han deparado con su esfuerzo.<\/p>\n<p>Y felicito a ese inmenso ciclista colombiano que es Nairo Quintana, por la hombr\u00eda que demostr\u00f3 al no abandonar el Tour de Francia a pesar de las adversas condiciones f\u00edsicas en las que se encontraba, y por haber ocupado, finalmente, un puesto de honor para cualquier ciclista del mundo en una prueba de tan extremada dureza.<\/p>\n<p>\u00a1Por delante a\u00fan queda mucho futuro, campe\u00f3n!<\/p>\n<p>____________<\/p>\n<p>&nbsp;<\/p>\n<p><em>[<strong>FOTOGRAF\u00cdA:<\/strong> De izquierda a derecha: Jarlinson Pantano, Sergio Luis Henao, Darwin Atapuma, Rigoberto Ur\u00e1n, Carlos Betancur, Esteban Chaves y Nairo Quintana]. <\/em><\/p>\n<p>&nbsp;<\/p>\n","protected":false},"excerpt":{"rendered":"<p>&nbsp; Con esa sencillez que les aflora en su hablar jadeante y en medio de su sudor y su fatiga, nuestros ciclistas han representado y siguen representando a esa Colombia que jam\u00e1s ha debido dejar de ser lo que era. &hellip; <a href=\"https:\/\/oscarhumbertogomez.com\/?p=22822\">Sigue leyendo <span class=\"meta-nav\">&rarr;<\/span><\/a><\/p>\n<div class='heateorSssClear'><\/div><div  class='heateor_sss_sharing_container heateor_sss_horizontal_sharing' heateor-sss-data-href='https:\/\/oscarhumbertogomez.com\/?p=22822'><div class='heateor_sss_sharing_title' style=\"font-weight:bold\" >\u00a1Gracias por compartirla!<\/div><ul class=\"heateor_sss_sharing_ul\"><li class=\"heateorSssSharingRound\"><i style=\"width:35px;height:35px;border-radius:999px;\" alt=\"Facebook\" Title=\"Facebook\" class=\"heateorSssSharing heateorSssFacebookBackground\" onclick='heateorSssPopup(\"https:\/\/www.facebook.com\/sharer\/sharer.php?u=https%3A%2F%2Foscarhumbertogomez.com%2Findex.php%3Frest_route%3D%252Fwp%252Fv2%252Fposts%252F22822\")'><ss style=\"display:block;border-radius:999px;\" class=\"heateorSssSharingSvg heateorSssFacebookSvg\"><\/ss><\/i><\/li><li class=\"heateorSssSharingRound\"><i style=\"width:35px;height:35px;border-radius:999px;\" alt=\"Twitter\" Title=\"Twitter\" class=\"heateorSssSharing heateorSssTwitterBackground\" onclick='heateorSssPopup(\"http:\/\/twitter.com\/intent\/tweet?text=A%20NUESTROS%20CICLISTAS.%20Por%3A%20%C3%93scar%20Humberto%20G%C3%B3mez%20G%C3%B3mez%2C%20Miembro%20del%20Colegio%20Nacional%20de%20Periodistas%20%28CNP%29&url=https%3A%2F%2Foscarhumbertogomez.com%2Findex.php%3Frest_route%3D%252Fwp%252Fv2%252Fposts%252F22822\")'><ss style=\"display:block;border-radius:999px;\" class=\"heateorSssSharingSvg heateorSssTwitterSvg\"><\/ss><\/i><\/li><li class=\"heateorSssSharingRound\"><i style=\"width:35px;height:35px;border-radius:999px;\" alt=\"Whatsapp\" Title=\"Whatsapp\" class=\"heateorSssSharing heateorSssWhatsappBackground\" onclick='heateorSssPopup(\"https:\/\/web.whatsapp.com\/send?text=A%20NUESTROS%20CICLISTAS.%20Por%3A%20%C3%93scar%20Humberto%20G%C3%B3mez%20G%C3%B3mez%2C%20Miembro%20del%20Colegio%20Nacional%20de%20Periodistas%20%28CNP%29 https%3A%2F%2Foscarhumbertogomez.com%2Findex.php%3Frest_route%3D%252Fwp%252Fv2%252Fposts%252F22822\")'><ss style=\"display:block\" class=\"heateorSssSharingSvg heateorSssWhatsappSvg\"><\/ss><\/i><\/li><li class=\"heateorSssSharingRound\"><i style=\"width:35px;height:35px;border-radius:999px;\" alt=\"Pinterest\" Title=\"Pinterest\" class=\"heateorSssSharing heateorSssPinterestBackground\" onclick=\"javascript:void( (function() {var e=document.createElement('script' );e.setAttribute('type','text\/javascript' );e.setAttribute('charset','UTF-8' );e.setAttribute('src','\/\/assets.pinterest.com\/js\/pinmarklet.js?r='+Math.random()*99999999);document.body.appendChild(e)})());\"><ss style=\"display:block;border-radius:999px;\" class=\"heateorSssSharingSvg heateorSssPinterestSvg\"><\/ss><\/i><\/li><li class=\"heateorSssSharingRound\"><i style=\"width:35px;height:35px;border-radius:999px;\" alt=\"Google Gmail\" Title=\"Google Gmail\" class=\"heateorSssSharing heateorSssGoogleGmailBackground\" onclick='heateorSssPopup(\"https:\/\/mail.google.com\/mail\/?ui=2&view=cm&fs=1&tf=1&su=A%20NUESTROS%20CICLISTAS.%20Por%3A%20%C3%93scar%20Humberto%20G%C3%B3mez%20G%C3%B3mez%2C%20Miembro%20del%20Colegio%20Nacional%20de%20Periodistas%20%28CNP%29&body=Link:https%3A%2F%2Foscarhumbertogomez.com%2Findex.php%3Frest_route%3D%252Fwp%252Fv2%252Fposts%252F22822\")'><ss style=\"display:block;border-radius:999px;\" class=\"heateorSssSharingSvg heateorSssGoogleGmailSvg\"><\/ss><\/i><\/li><li class=\"heateorSssSharingRound\"><i style=\"width:35px;height:35px;border-radius:999px;\" title=\"More\" alt=\"More\" class=\"heateorSssSharing heateorSssMoreBackground\" onclick=\"heateorSssMoreSharingPopup(this, 'https:\/\/oscarhumbertogomez.com\/index.php?rest_route=%2Fwp%2Fv2%2Fposts%2F22822', 'A%20NUESTROS%20CICLISTAS.%20Por%3A%20%C3%93scar%20Humberto%20G%C3%B3mez%20G%C3%B3mez%2C%20Miembro%20del%20Colegio%20Nacional%20de%20Periodistas%20%28CNP%29', '' )\" ><ss style=\"display:block\" class=\"heateorSssSharingSvg heateorSssMoreSvg\"><\/ss><\/i><\/li><\/ul><div class=\"heateorSssClear\"><\/div><\/div><div class='heateorSssClear'><\/div>","protected":false},"author":2,"featured_media":0,"comment_status":"open","ping_status":"open","sticky":false,"template":"","format":"standard","meta":{"spay_email":"","footnotes":""},"categories":[56,11],"tags":[],"class_list":["post-22822","post","type-post","status-publish","format-standard","hentry","category-deporte","category-periodismo"],"jetpack_featured_media_url":"","jetpack_shortlink":"https:\/\/wp.me\/p1FYrr-5W6","_links":{"self":[{"href":"https:\/\/oscarhumbertogomez.com\/index.php?rest_route=\/wp\/v2\/posts\/22822","targetHints":{"allow":["GET"]}}],"collection":[{"href":"https:\/\/oscarhumbertogomez.com\/index.php?rest_route=\/wp\/v2\/posts"}],"about":[{"href":"https:\/\/oscarhumbertogomez.com\/index.php?rest_route=\/wp\/v2\/types\/post"}],"author":[{"embeddable":true,"href":"https:\/\/oscarhumbertogomez.com\/index.php?rest_route=\/wp\/v2\/users\/2"}],"replies":[{"embeddable":true,"href":"https:\/\/oscarhumbertogomez.com\/index.php?rest_route=%2Fwp%2Fv2%2Fcomments&post=22822"}],"version-history":[{"count":5,"href":"https:\/\/oscarhumbertogomez.com\/index.php?rest_route=\/wp\/v2\/posts\/22822\/revisions"}],"predecessor-version":[{"id":47941,"href":"https:\/\/oscarhumbertogomez.com\/index.php?rest_route=\/wp\/v2\/posts\/22822\/revisions\/47941"}],"wp:attachment":[{"href":"https:\/\/oscarhumbertogomez.com\/index.php?rest_route=%2Fwp%2Fv2%2Fmedia&parent=22822"}],"wp:term":[{"taxonomy":"category","embeddable":true,"href":"https:\/\/oscarhumbertogomez.com\/index.php?rest_route=%2Fwp%2Fv2%2Fcategories&post=22822"},{"taxonomy":"post_tag","embeddable":true,"href":"https:\/\/oscarhumbertogomez.com\/index.php?rest_route=%2Fwp%2Fv2%2Ftags&post=22822"}],"curies":[{"name":"wp","href":"https:\/\/api.w.org\/{rel}","templated":true}]}}