{"id":23169,"date":"2017-08-24T10:28:47","date_gmt":"2017-08-24T15:28:47","guid":{"rendered":"http:\/\/www.oscarhumbertogomez.com\/?p=23169"},"modified":"2025-04-05T11:56:10","modified_gmt":"2025-04-05T16:56:10","slug":"abogacia-pusilanime-por-oscar-humberto-gomez-gomez","status":"publish","type":"post","link":"https:\/\/oscarhumbertogomez.com\/?p=23169","title":{"rendered":"ABOGAC\u00cdA PUSIL\u00c1NIME. Por \u00d3scar Humberto G\u00f3mez G\u00f3mez, Miembro del Colegio Nacional de Periodistas"},"content":{"rendered":"<div id=\"attachment_22947\" style=\"width: 650px\" class=\"wp-caption aligncenter\"><img loading=\"lazy\" decoding=\"async\" aria-describedby=\"caption-attachment-22947\" class=\"size-large wp-image-22947\" src=\"https:\/\/oscarhumbertogomez.com\/wp-content\/uploads\/2017\/07\/20170401-170514-678x1024.jpg\" alt=\"\" width=\"640\" height=\"967\" srcset=\"https:\/\/oscarhumbertogomez.com\/wp-content\/uploads\/2017\/07\/20170401-170514-678x1024.jpg 678w, https:\/\/oscarhumbertogomez.com\/wp-content\/uploads\/2017\/07\/20170401-170514-199x300.jpg 199w, https:\/\/oscarhumbertogomez.com\/wp-content\/uploads\/2017\/07\/20170401-170514-768x1160.jpg 768w\" sizes=\"auto, (max-width: 640px) 100vw, 640px\" \/><p id=\"caption-attachment-22947\" class=\"wp-caption-text\">\u00d3SCAR HUMBERTO G\u00d3MEZ G\u00d3MEZ [Fotograf\u00eda: Fernando Rueda Villamizar]<\/p><\/div>\n<p>&nbsp;<\/p>\n<p>En medio de esta podredumbre moral que viene arrasando la respetabilidad y confiabilidad de la justicia colombiana, con un magistrado de la Corte Constitucional juzgado por cobrar sumas astron\u00f3micas para intervenir a favor de la selecci\u00f3n de tutelas (caso de Jorge Pretelt), con tres expresidentes de la Corte Suprema de Justicia a punto de ir a la c\u00e1rcel, y no precisamente de visita, por cargos muy graves que les ha formulado la Fiscal\u00eda General de la Naci\u00f3n (casos de Leonidas Bustos, Francisco Ricaurte y Camilo Tarquino); con el secretario del Tribunal Administrativo de Cundinamarca capturado dentro de las instalaciones del tribunal porque estaba, seg\u00fan la Fiscal\u00eda General de la Naci\u00f3n, recibiendo millones a cambio de obstruir procesos y de otras perlas como la de meterles la mano a las tutelas (caso de Alejandro Bautista); con jueces sacados con esposas de sus despachos en Paloquemao sindicados por la Fiscal\u00eda General de la Naci\u00f3n de vender prisiones domiciliarias y de otras picard\u00edas; con la Sala Penal del Tribunal Superior de Villavicencio acusada por la Fiscal\u00eda General de la Naci\u00f3n de estar dedicada no a administrar justicia sino a delinquir con la toga puesta; en fin, con la dignidad de la justicia arrastrada por el fango, asombra e indigna el silencio que ha guardado hasta ahora la abogac\u00eda colombiana.<\/p>\n<p>Si quieren refrescar la memoria, den clic izquierdo encima de los siguientes enlaces:<\/p>\n<p><a href=\"http:\/\/www.elnuevosiglo.com.co\/articulos\/3-2015-pretelt-si-me-voy-nos-vamos-todos\">http:\/\/www.elnuevosiglo.com.co\/articulos\/3-2015-pretelt-si-me-voy-nos-vamos-todos<\/a><\/p>\n<p><a href=\"http:\/\/www.elespectador.com\/noticias\/judicial\/investigacion-contra-gustavo-moreno-por-corrupcion-aterrizo-en-la-corte-suprema-articulo-708329\">http:\/\/www.elespectador.com\/noticias\/judicial\/investigacion-contra-gustavo-moreno-por-corrupcion-aterrizo-en-la-corte-suprema-articulo-708329<\/a><\/p>\n<p><a href=\"http:\/\/www.elespectador.com\/noticias\/judicial\/capturan-al-secretario-general-del-tribunal-administrativo-de-cundinamarca-por-actos-de-corrupcion-articulo-703591\">http:\/\/www.elespectador.com\/noticias\/judicial\/capturan-al-secretario-general-del-tribunal-administrativo-de-cundinamarca-por-actos-de-corrupcion-articulo-703591<\/a><\/p>\n<p><a href=\"http:\/\/www.eltiempo.com\/archivo\/documento\/CMS-13130663\">http:\/\/www.eltiempo.com\/archivo\/documento\/CMS-13130663<\/a><\/p>\n<p><a href=\"http:\/\/www.eltiempo.com\/justicia\/investigacion\/fiscalia-les-imputa-cargos-a-tres-magistrados-del-tribunal-superior-de-villavicencio-por-corrupcion-107418\">http:\/\/www.eltiempo.com\/justicia\/investigacion\/fiscalia-les-imputa-cargos-a-tres-magistrados-del-tribunal-superior-de-villavicencio-por-corrupcion-107418<\/a><\/p>\n<p>&nbsp;<\/p>\n<p>Pareciera que el gremio llamado a defender los derechos ajenos no tuviera car\u00e1cter para defender los propios.<\/p>\n<p>O que no tuviese conciencia de lo grav\u00edsimo que resulta para la abogac\u00eda libre lo que est\u00e1 sucediendo en la rama del Estado ante la cual, por lo general, ejerce esta profesi\u00f3n.<\/p>\n<p>O que, teni\u00e9ndola, le da f\u00edsico miedo salir a protestar por este estado de cosas inaceptable.<\/p>\n<p>El vergonzoso silencio y el paralizante miedo que exhibe la abogac\u00eda acaso tengan como causa principal -si no \u00fanica- el hecho de que el gremio de los profesionales del derecho se encuentra intimidado por el garrote disciplinario que, so pretexto de imponer la relativa noci\u00f3n del &#8220;respeto&#8221; (?), le vive blandiendo amenazante el Consejo Superior de la Judicatura.<\/p>\n<p>Y es que un abogado no acaba de sentar una en\u00e9rgica protesta o de cuestionar con valor civil los garrafales errores, las arbitrariedades, los abusos y las tropel\u00edas en que vienen incurriendo jueces y magistrados, con grav\u00edsimo perjuicio para los derechos sustanciales de personas inocentes que han acudido a los estrados judiciales en busca de justicia,&nbsp; cuando de inmediato sobreviene la consabida &#8220;compulsa de copias&#8221; con miras a que el Consejo Superior de la Judicatura lo someta a un proceso disciplinario y, como culminaci\u00f3n del mismo, lo multe, lo censure o lo suspenda, dizque por &#8220;irrespeto&#8221;, como si la abogac\u00eda libre tuviera dentro de sus deberes el de respetar al juez o magistrado prevaricador y, en general, al juez o magistrado delincuente, o al juez o magistrado que revela una preparaci\u00f3n acad\u00e9mica deficiente o una palmaria carencia de la virtud de ser justo, solo por vestir con toga o por haber sido beneficiado con una investidura inmerecida.<\/p>\n<p>Pero, a todas estas, \u00bfqui\u00e9n es este Consejo Superior de la Judicatura? \u00bfpor qu\u00e9 tanta arrogancia en sus integrantes como para que miren a los abogados colombianos por debajo del hombro? \u00bfqu\u00e9 m\u00e9ritos acad\u00e9micos o cient\u00edficos tienen como para que se sientan por encima de quienes, en el fondo, no son m\u00e1s que sus colegas?<\/p>\n<p>Pues este Consejo Superior de la Judicatura, que tan preocupado anda de que los abogados guardemos &#8220;respeto&#8221; y nos silenciemos ante lo que sucede o que, a lo sumo, presentemos quejas y denuncias que, obviamente, no van a ninguna parte, es, ni m\u00e1s ni menos, que el mismo del vergonzoso esc\u00e1ndalo del &#8220;carrusel de las palomitas&#8221;, es decir, la corporaci\u00f3n judicial donde se estaba timando al erario poniendo a personajes de una imp\u00fadica rosca a ganarse astron\u00f3micas mesadas de pensi\u00f3n sin merecerlas. La jugarreta consist\u00eda en nombrarlos por poco tiempo all\u00ed para que as\u00ed se jubilaran con sueldo de magistrado de Alta Corte.<\/p>\n<p>Si quieren refrescar la memoria, den clic izquierdo encima del siguiente enlace:<\/p>\n<p>Vea: (<a href=\"http:\/\/www.semana.com\/nacion\/articulo\/el-carrusel-magistrados\/235779-3\">http:\/\/www.semana.com\/nacion\/articulo\/el-carrusel-magistrados\/235779-3<\/a>)<\/p>\n<p>Es tambi\u00e9n el mismo Consejo donde se descubri\u00f3, gracias a habilidosas interceptaciones telef\u00f3nicas, que se palabrean los fallos antes de dictarlos (caso de Henry Villarraga Oliveros. A prop\u00f3sito de este magistrado, fue gracias a un salvamento de voto suyo que decid\u00ed no volver a presentar quejas disciplinarias porque vine a saber que eran archivadas sin siquiera haberse adelantado la correspondiente investigaci\u00f3n. As\u00ed que eso de que &#8220;si tiene conocimiento de algo irregular, qu\u00e9jese&#8221; no es m\u00e1s que una frase de caj\u00f3n. Y en cuanto a eso de que &#8220;si tiene conocimiento de algo irregular, denuncie&#8221;, es otra frase de caj\u00f3n: la denuncia penal que le dirig\u00ed al entonces Fiscal General de la Naci\u00f3n Guillermo Mendoza Diago denunciando graves irregularidades dentro de la justicia contenciosa administrativa en Santander fue literalmente despedazada en \u00e1tomos, por lo cual no se investig\u00f3 el CONTEXTO de los hechos, ni el DESIGNIO criminoso, ni la existencia de lo que Claus Roxin llama una ESTRUCTURA DE PODER -en este caso dentro de un sector de la justicia contenciosa administrativa colombiana-, y fue as\u00ed como cada una de las &#8220;denuncias&#8221;, aisladamente tomada, termin\u00f3 enviada al archivo. Los denunciados, al igual que cierto g\u00fcisqui, siguen tan campantes).<\/p>\n<p>Si quieren refrescar la memoria, den clic izquierdo encima del siguiente enlace:<\/p>\n<p><a href=\"http:\/\/www.elespectador.com\/noticias\/judicial\/grabaciones-incomodan-al-magistrado-villarraga-articulo-454953\">http:\/\/www.elespectador.com\/noticias\/judicial\/grabaciones-incomodan-al-magistrado-villarraga-articulo-454953<\/a><\/p>\n<p>Es, adem\u00e1s, el mismo que alberga en su seno magistrados que -demostrando su verdadera condici\u00f3n de pol\u00edticos con toga- no acaban de abandonarlo cuando ya han salido directo a hacer pol\u00edtica lanz\u00e1ndose como candidatos a una curul en el Congreso (caso de Ovidio Claros, quien ven\u00eda de la pol\u00edtica y sali\u00f3 hacia la pol\u00edtica; hoy est\u00e1 al frente de su campa\u00f1a por una curul en la C\u00e1mara de Representantes a nombre del Partido Cambio Radical, aunque tambi\u00e9n aspira a ser presidente de la Rep\u00fablica).<\/p>\n<p>Si quieren refrescar la memoria, den clic izquierdo encima del siguiente enlace:<\/p>\n<p><a href=\"http:\/\/caracol.com.co\/radio\/2017\/02\/08\/nacional\/1486558873_230741.html\">http:\/\/caracol.com.co\/radio\/2017\/02\/08\/nacional\/1486558873_230741.html<\/a><\/p>\n<p><a href=\"http:\/\/www.laopinion.com.co\/politica\/al-expresidente-de-la-judicatura-le-suenan-el-congreso-o-la-presidencia-132103\">http:\/\/www.laopinion.com.co\/politica\/al-expresidente-de-la-judicatura-le-suenan-el-congreso-o-la-presidencia-132103<\/a><\/p>\n<p>Es, igualmente, el mismo que, ya no a trav\u00e9s de su temida Sala Jurisdiccional-Disciplinaria, sino de su otra Sala, la Administrativa (la misma que reci\u00e9n creado ese organismo se agarr\u00f3 con aquella pujando por qui\u00e9n realmente ten\u00eda la potestad de los nombramientos burocr\u00e1ticos y el manejo del astron\u00f3mico presupuesto de la Rama), designa o cohonesta que se designe como magistrados y como jueces a personajes incompetentes, abusivos o indignos, gracias a lo cual la justicia colombiana se encuentra hoy sumida en la peor crisis de su historia. El truco es tan sencillo como perverso: no se convoca a los concursos de m\u00e9ritos y, entonces, &#8220;mientras tanto&#8221; son nombrados jueces y magistrados &#8220;en provisionalidad&#8221;. De esta manera, personajes que no han tenido que aprobar un concurso de m\u00e9ritos burlan las exigencias de la carrera administrativa y se pasan por la faja la Ley Estatutaria de la Administraci\u00f3n de Justicia. Peor a\u00fan: cuando milagrosamente se convoca a los concursos, aspirantes rajados en ellos resultan designados, de todas maneras, jueces o magistrados &#8220;en provisionalidad&#8221;. Tambi\u00e9n se han denunciado, infructuosamente por supuesto, irregularidades en los concursos. M\u00e1s all\u00e1 de que, en efecto, ellas hayan ocurrido, es asombrosa la ignorancia de algunos de los jueces y magistrados que aprobaron los concursos y hoy est\u00e1n en carrera respecto de temas jur\u00eddicos elementales en los que no errar\u00eda un estudiante de derecho promedio.<\/p>\n<p>Si quieren refrescar la memoria, den clic izquierdo encima del siguiente enlace:<\/p>\n<p><a href=\"http:\/\/www.elespectador.com\/noticias\/judicial\/jueces-denunciaron-fraude-examenes-puestos-de-rama-judi-articulo-531336\">http:\/\/www.elespectador.com\/noticias\/judicial\/jueces-denunciaron-fraude-examenes-puestos-de-rama-judi-articulo-531336<\/a><\/p>\n<p>En ese absurdo &#8220;mientras tanto&#8221;, en esa &#8220;provisionalidad&#8221; que termin\u00f3 volvi\u00e9ndose permanente, llevamos ya la bicoca de veinte a\u00f1os, pues la Ley Estatutaria de la Administraci\u00f3n de Justicia es la 270 <strong>de 1996<\/strong>.<\/p>\n<p>Y son esos jueces y esos magistrados&nbsp; los que&nbsp;-salvo una que otra excepci\u00f3n- llegan, con toda su carga de ignorancia y -obviamente- de arrogancia (porque no hay nadie m\u00e1s arrogante que un ignorante), dizque a &#8220;administrar justicia&#8221;.<\/p>\n<p>Los errores, las arbitrariedades, los abusos y las tropel\u00edas, por supuesto, abundan, pero los abogados no dicen nada, ni hacen nada. Los malos funcionarios judiciales y los malos empleados judiciales siguen ah\u00ed, campantes, acabando con lo poco que queda de justicia en este pa\u00eds, pisoteando impunemente los derechos sustanciales de viudas, hu\u00e9rfanos y lisiados con sentencias que en un pa\u00eds serio ser\u00edan suficientes como fundamento de su destituci\u00f3n y su env\u00edo a la c\u00e1rcel.<\/p>\n<p>\u00a1Cu\u00e1nto extra\u00f1a uno hoy a abogados como Jorge Eli\u00e9cer Gait\u00e1n, como Jos\u00e9 Camacho Carre\u00f1o, como Jos\u00e9 Mar\u00eda Rojas Garrido, como Antonio Jos\u00e9 Restrepo, como Carlos Lozano y Lozano o como Manuel Serrano Blanco, verdaderos titanes de la elocuencia forense a los que no les temblaban los calzones para pararse a defender lo que cre\u00edan justo.<\/p>\n<p>Pero, m\u00e1s all\u00e1 de esta cobard\u00eda colectiva, uno se pregunta desconcertado: \u00bfy d\u00f3nde est\u00e1n las facultades de derecho? \u00bfd\u00f3nde est\u00e1n las asociaciones profesionales? \u00bfd\u00f3nde, los colegios de abogados? \u00bfd\u00f3nde, por Dios, se qued\u00f3 la dignidad profesional, d\u00f3nde el decoro, d\u00f3nde el valor civil?<\/p>\n<p>\u00a1Pobre abogac\u00eda! \u00a1Qu\u00e9 tristeza produce el verla en el deplorable estado de sumisi\u00f3n y de resignaci\u00f3n en que se encuentra!<\/p>\n<p>______________<\/p>\n<p>&nbsp;<\/p>\n<p>[<strong>FOTOGRAF\u00cdA:<\/strong> Fernando Rueda V.]<\/p>\n<p>&nbsp;<\/p>\n","protected":false},"excerpt":{"rendered":"<p>&nbsp; En medio de esta podredumbre moral que viene arrasando la respetabilidad y confiabilidad de la justicia colombiana, con un magistrado de la Corte Constitucional juzgado por cobrar sumas astron\u00f3micas para intervenir a favor de la selecci\u00f3n de tutelas (caso &hellip; <a href=\"https:\/\/oscarhumbertogomez.com\/?p=23169\">Sigue leyendo <span class=\"meta-nav\">&rarr;<\/span><\/a><\/p>\n<div class='heateorSssClear'><\/div><div  class='heateor_sss_sharing_container heateor_sss_horizontal_sharing' heateor-sss-data-href='https:\/\/oscarhumbertogomez.com\/?p=23169'><div class='heateor_sss_sharing_title' style=\"font-weight:bold\" >\u00a1Gracias por compartirla!<\/div><ul class=\"heateor_sss_sharing_ul\"><li class=\"heateorSssSharingRound\"><i style=\"width:35px;height:35px;border-radius:999px;\" alt=\"Facebook\" Title=\"Facebook\" class=\"heateorSssSharing heateorSssFacebookBackground\" onclick='heateorSssPopup(\"https:\/\/www.facebook.com\/sharer\/sharer.php?u=https%3A%2F%2Foscarhumbertogomez.com%2Findex.php%3Frest_route%3D%252Fwp%252Fv2%252Fposts%252F23169\")'><ss style=\"display:block;border-radius:999px;\" class=\"heateorSssSharingSvg heateorSssFacebookSvg\"><\/ss><\/i><\/li><li class=\"heateorSssSharingRound\"><i style=\"width:35px;height:35px;border-radius:999px;\" alt=\"Twitter\" Title=\"Twitter\" class=\"heateorSssSharing heateorSssTwitterBackground\" onclick='heateorSssPopup(\"http:\/\/twitter.com\/intent\/tweet?text=ABOGAC%C3%8DA%20PUSIL%C3%81NIME.%20Por%20%C3%93scar%20Humberto%20G%C3%B3mez%20G%C3%B3mez%2C%20Miembro%20del%20Colegio%20Nacional%20de%20Periodistas&url=https%3A%2F%2Foscarhumbertogomez.com%2Findex.php%3Frest_route%3D%252Fwp%252Fv2%252Fposts%252F23169\")'><ss style=\"display:block;border-radius:999px;\" class=\"heateorSssSharingSvg heateorSssTwitterSvg\"><\/ss><\/i><\/li><li class=\"heateorSssSharingRound\"><i style=\"width:35px;height:35px;border-radius:999px;\" alt=\"Whatsapp\" Title=\"Whatsapp\" class=\"heateorSssSharing heateorSssWhatsappBackground\" onclick='heateorSssPopup(\"https:\/\/web.whatsapp.com\/send?text=ABOGAC%C3%8DA%20PUSIL%C3%81NIME.%20Por%20%C3%93scar%20Humberto%20G%C3%B3mez%20G%C3%B3mez%2C%20Miembro%20del%20Colegio%20Nacional%20de%20Periodistas https%3A%2F%2Foscarhumbertogomez.com%2Findex.php%3Frest_route%3D%252Fwp%252Fv2%252Fposts%252F23169\")'><ss style=\"display:block\" class=\"heateorSssSharingSvg heateorSssWhatsappSvg\"><\/ss><\/i><\/li><li class=\"heateorSssSharingRound\"><i style=\"width:35px;height:35px;border-radius:999px;\" alt=\"Pinterest\" Title=\"Pinterest\" class=\"heateorSssSharing heateorSssPinterestBackground\" onclick=\"javascript:void( (function() {var e=document.createElement('script' );e.setAttribute('type','text\/javascript' );e.setAttribute('charset','UTF-8' );e.setAttribute('src','\/\/assets.pinterest.com\/js\/pinmarklet.js?r='+Math.random()*99999999);document.body.appendChild(e)})());\"><ss style=\"display:block;border-radius:999px;\" class=\"heateorSssSharingSvg heateorSssPinterestSvg\"><\/ss><\/i><\/li><li class=\"heateorSssSharingRound\"><i style=\"width:35px;height:35px;border-radius:999px;\" alt=\"Google Gmail\" Title=\"Google Gmail\" class=\"heateorSssSharing heateorSssGoogleGmailBackground\" onclick='heateorSssPopup(\"https:\/\/mail.google.com\/mail\/?ui=2&view=cm&fs=1&tf=1&su=ABOGAC%C3%8DA%20PUSIL%C3%81NIME.%20Por%20%C3%93scar%20Humberto%20G%C3%B3mez%20G%C3%B3mez%2C%20Miembro%20del%20Colegio%20Nacional%20de%20Periodistas&body=Link:https%3A%2F%2Foscarhumbertogomez.com%2Findex.php%3Frest_route%3D%252Fwp%252Fv2%252Fposts%252F23169\")'><ss style=\"display:block;border-radius:999px;\" class=\"heateorSssSharingSvg heateorSssGoogleGmailSvg\"><\/ss><\/i><\/li><li class=\"heateorSssSharingRound\"><i style=\"width:35px;height:35px;border-radius:999px;\" title=\"More\" alt=\"More\" class=\"heateorSssSharing heateorSssMoreBackground\" onclick=\"heateorSssMoreSharingPopup(this, 'https:\/\/oscarhumbertogomez.com\/index.php?rest_route=%2Fwp%2Fv2%2Fposts%2F23169', 'ABOGAC%C3%8DA%20PUSIL%C3%81NIME.%20Por%20%C3%93scar%20Humberto%20G%C3%B3mez%20G%C3%B3mez%2C%20Miembro%20del%20Colegio%20Nacional%20de%20Periodistas', '' )\" ><ss style=\"display:block\" class=\"heateorSssSharingSvg heateorSssMoreSvg\"><\/ss><\/i><\/li><\/ul><div class=\"heateorSssClear\"><\/div><\/div><div class='heateorSssClear'><\/div>","protected":false},"author":2,"featured_media":0,"comment_status":"closed","ping_status":"closed","sticky":false,"template":"","format":"standard","meta":{"spay_email":"","footnotes":""},"categories":[60,11],"tags":[],"class_list":["post-23169","post","type-post","status-publish","format-standard","hentry","category-tribuna-de-opinion","category-periodismo"],"jetpack_featured_media_url":"","jetpack_shortlink":"https:\/\/wp.me\/p1FYrr-61H","_links":{"self":[{"href":"https:\/\/oscarhumbertogomez.com\/index.php?rest_route=\/wp\/v2\/posts\/23169","targetHints":{"allow":["GET"]}}],"collection":[{"href":"https:\/\/oscarhumbertogomez.com\/index.php?rest_route=\/wp\/v2\/posts"}],"about":[{"href":"https:\/\/oscarhumbertogomez.com\/index.php?rest_route=\/wp\/v2\/types\/post"}],"author":[{"embeddable":true,"href":"https:\/\/oscarhumbertogomez.com\/index.php?rest_route=\/wp\/v2\/users\/2"}],"replies":[{"embeddable":true,"href":"https:\/\/oscarhumbertogomez.com\/index.php?rest_route=%2Fwp%2Fv2%2Fcomments&post=23169"}],"version-history":[{"count":4,"href":"https:\/\/oscarhumbertogomez.com\/index.php?rest_route=\/wp\/v2\/posts\/23169\/revisions"}],"predecessor-version":[{"id":52617,"href":"https:\/\/oscarhumbertogomez.com\/index.php?rest_route=\/wp\/v2\/posts\/23169\/revisions\/52617"}],"wp:attachment":[{"href":"https:\/\/oscarhumbertogomez.com\/index.php?rest_route=%2Fwp%2Fv2%2Fmedia&parent=23169"}],"wp:term":[{"taxonomy":"category","embeddable":true,"href":"https:\/\/oscarhumbertogomez.com\/index.php?rest_route=%2Fwp%2Fv2%2Fcategories&post=23169"},{"taxonomy":"post_tag","embeddable":true,"href":"https:\/\/oscarhumbertogomez.com\/index.php?rest_route=%2Fwp%2Fv2%2Ftags&post=23169"}],"curies":[{"name":"wp","href":"https:\/\/api.w.org\/{rel}","templated":true}]}}