{"id":23267,"date":"2017-08-30T12:52:13","date_gmt":"2017-08-30T17:52:13","guid":{"rendered":"http:\/\/www.oscarhumbertogomez.com\/?p=23267"},"modified":"2025-02-22T14:43:23","modified_gmt":"2025-02-22T19:43:23","slug":"la-musica-de-camara-se-escuchara-esta-noche-en-giron-por-oscar-humberto-gomez-gomez","status":"publish","type":"post","link":"https:\/\/oscarhumbertogomez.com\/?p=23267","title":{"rendered":"LA M\u00daSICA DE C\u00c1MARA SE ESCUCHAR\u00c1 ESTA NOCHE EN GIR\u00d3N. Por \u00d3scar Humberto G\u00f3mez G\u00f3mez"},"content":{"rendered":"<p><img loading=\"lazy\" decoding=\"async\" class=\"aligncenter size-large wp-image-23274\" src=\"https:\/\/lapiedrafilosofal.com\/wp-content\/uploads\/2017\/08\/Federico-II-el-Grande-ejecutando-un-concierto-de-flauta-en-su-palacio-de-verano.-ADOLPH-MENZEL.--1024x703.jpg\" alt=\"\" width=\"640\" height=\"439\" srcset=\"https:\/\/oscarhumbertogomez.com\/wp-content\/uploads\/2017\/08\/Federico-II-el-Grande-ejecutando-un-concierto-de-flauta-en-su-palacio-de-verano.-ADOLPH-MENZEL.--1024x703.jpg 1024w, https:\/\/oscarhumbertogomez.com\/wp-content\/uploads\/2017\/08\/Federico-II-el-Grande-ejecutando-un-concierto-de-flauta-en-su-palacio-de-verano.-ADOLPH-MENZEL.--300x206.jpg 300w, https:\/\/oscarhumbertogomez.com\/wp-content\/uploads\/2017\/08\/Federico-II-el-Grande-ejecutando-un-concierto-de-flauta-en-su-palacio-de-verano.-ADOLPH-MENZEL.--768x527.jpg 768w, https:\/\/oscarhumbertogomez.com\/wp-content\/uploads\/2017\/08\/Federico-II-el-Grande-ejecutando-un-concierto-de-flauta-en-su-palacio-de-verano.-ADOLPH-MENZEL.-.jpg 1919w\" sizes=\"auto, (max-width: 640px) 100vw, 640px\" \/><\/p>\n<p>&nbsp;<\/p>\n<p>Desde la mitolog\u00eda, la m\u00fasica es el lenguaje de los dioses.<\/p>\n<p>Cuando nuestro Supremo Hacedor quiso brindarle al hombre una voz de esperanza para que en los momentos de tribulaci\u00f3n y zozobra percibiera la luz al final del t\u00fanel (del t\u00fanel de la ira, del t\u00fanel de la violencia, del t\u00fanel de las necesidades, del t\u00fanel de la tristeza, del t\u00fanel del desencanto), entonces le mand\u00f3 la m\u00fasica.<\/p>\n<p>En el antiguo Israel, David calmaba las iras de Sa\u00fal ta\u00f1\u00e9ndole el arpa; los esclavos africanos hacinados en los barcos negreros que atravesaban el oc\u00e9ano para llegar a la ignota Am\u00e9rica, y entregarse aqu\u00ed a su destino incierto, tocaban el banjo; en las batallas de nuestra Independencia, las bandas del ej\u00e9rcito patriota animaban a las tropas libertadoras a punta de bambucos y, concretamente, en la tarde del 7 de agosto de 1819 la banda militar toc\u00f3 la hermosa contradanza La Vencedora y en la Batalla de Ayacucho la banda del Batall\u00f3n Volt\u00edgeros interpret\u00f3 La Guane\u00f1a, hoy s\u00edmbolo musical del hermano departamento de Nari\u00f1o.<\/p>\n<p>&nbsp;<\/p>\n<p><img loading=\"lazy\" decoding=\"async\" class=\"aligncenter size-large wp-image-23274\" src=\"https:\/\/lapiedrafilosofal.com\/wp-content\/uploads\/2017\/08\/Federico-II-el-Grande-ejecutando-un-concierto-de-flauta-en-su-palacio-de-verano.-ADOLPH-MENZEL.--1024x703.jpg\" alt=\"\" width=\"640\" height=\"439\" srcset=\"https:\/\/oscarhumbertogomez.com\/wp-content\/uploads\/2017\/08\/Federico-II-el-Grande-ejecutando-un-concierto-de-flauta-en-su-palacio-de-verano.-ADOLPH-MENZEL.--1024x703.jpg 1024w, https:\/\/oscarhumbertogomez.com\/wp-content\/uploads\/2017\/08\/Federico-II-el-Grande-ejecutando-un-concierto-de-flauta-en-su-palacio-de-verano.-ADOLPH-MENZEL.--300x206.jpg 300w, https:\/\/oscarhumbertogomez.com\/wp-content\/uploads\/2017\/08\/Federico-II-el-Grande-ejecutando-un-concierto-de-flauta-en-su-palacio-de-verano.-ADOLPH-MENZEL.--768x527.jpg 768w, https:\/\/oscarhumbertogomez.com\/wp-content\/uploads\/2017\/08\/Federico-II-el-Grande-ejecutando-un-concierto-de-flauta-en-su-palacio-de-verano.-ADOLPH-MENZEL.-.jpg 1919w\" sizes=\"auto, (max-width: 640px) 100vw, 640px\" \/><\/p>\n<p>&nbsp;<\/p>\n<p>Gir\u00f3n es una ciudad de origen noble; sus casas blancas evocan el antiguo pueblo espa\u00f1ol y es hoy por hoy una de las pocas reminiscencias que quedan en estas tierras americanas de aquellos tiempos en que a\u00fan \u00e9ramos parte de Espa\u00f1a, en que \u00e9ramos la Espa\u00f1a de ultramar, aquella tierra en la que acaso, por una decisi\u00f3n real, no se escribi\u00f3 El Quijote, pues al gran Cervantes no se le otorg\u00f3 el permiso que pidi\u00f3 para venir a radicarse aqu\u00ed en busca de mejores horizontes.<\/p>\n<p>El diplom\u00e1tico santandereano Alfonso G\u00f3mez G\u00f3mez, Presidente Honorario de la Academia de Historia de Santander, lleg\u00f3 a plantear la necesidad de que por las calles del antiguo casco urbano, el casco urbano que data del siglo XVII -cuando Francisco Mantilla de los R\u00edos fund\u00f3 la ciudad y la bautiz\u00f3 con el apellido del Presidente de la Real Audiencia Don Sancho de Gir\u00f3n-, solo se pudiera transitar a pie.<\/p>\n<p>De la arquitectura espa\u00f1ola ya quedan apenas algunas pocas supervivencias en Colombia, como Gir\u00f3n, Momp\u00f3s o Villa de Leiva, siempre amenazadas por quienes impulsan el progreso mal entendido, el mismo que arruin\u00f3 nuestra identidad y nuestra riqueza cultural e hist\u00f3rica.<\/p>\n<p>Y ni hablar de la m\u00fasica cl\u00e1sica, que ya no suena ni en los otrora luminosos e imponentes salones del Club del Comercio.<\/p>\n<p>En Gir\u00f3n, por ejemplo, ya solo se escucha hoy la estridencia insufrible de los corridos &#8220;prohibidos&#8221; &#8211; que nadie prohibi\u00f3 jam\u00e1s, pero a los que se les llama de esa forma porque as\u00ed se atrae la morbosidad de los incautos &#8211; o la de los supuestos &#8220;vallenatos&#8221;, que ya en estos ruidosos tiempos no se ponen a sonar, sino a gritar a altos decibeles, como para que cada vez arrasen con mayor \u00edmpetu lo poco que nos queda de cultura andina, y, en general, de cultura.<\/p>\n<p>&nbsp;<\/p>\n<p><img loading=\"lazy\" decoding=\"async\" class=\"aligncenter size-large wp-image-23274\" src=\"https:\/\/lapiedrafilosofal.com\/wp-content\/uploads\/2017\/08\/Federico-II-el-Grande-ejecutando-un-concierto-de-flauta-en-su-palacio-de-verano.-ADOLPH-MENZEL.--1024x703.jpg\" alt=\"\" width=\"640\" height=\"439\" srcset=\"https:\/\/oscarhumbertogomez.com\/wp-content\/uploads\/2017\/08\/Federico-II-el-Grande-ejecutando-un-concierto-de-flauta-en-su-palacio-de-verano.-ADOLPH-MENZEL.--1024x703.jpg 1024w, https:\/\/oscarhumbertogomez.com\/wp-content\/uploads\/2017\/08\/Federico-II-el-Grande-ejecutando-un-concierto-de-flauta-en-su-palacio-de-verano.-ADOLPH-MENZEL.--300x206.jpg 300w, https:\/\/oscarhumbertogomez.com\/wp-content\/uploads\/2017\/08\/Federico-II-el-Grande-ejecutando-un-concierto-de-flauta-en-su-palacio-de-verano.-ADOLPH-MENZEL.--768x527.jpg 768w, https:\/\/oscarhumbertogomez.com\/wp-content\/uploads\/2017\/08\/Federico-II-el-Grande-ejecutando-un-concierto-de-flauta-en-su-palacio-de-verano.-ADOLPH-MENZEL.-.jpg 1919w\" sizes=\"auto, (max-width: 640px) 100vw, 640px\" \/><\/p>\n<p>&nbsp;<\/p>\n<p>Por eso, nos ha sorprendido gratamente una noticia refrescante, una noticia que demuestra que no andamos equivocados cuando repetimos, m\u00e1s all\u00e1 de lo abrumados que nos sentimos a veces por el bochinche ensordecedor del mal gusto, que despu\u00e9s de una \u00e9poca de oscurantismo cultural siempre viene un renacimiento y que por ello no debemos perder la ilusi\u00f3n de que alg\u00fan d\u00eda el bambuco, y la poes\u00eda, y la buena arquitectura, y, por supuesto, la m\u00fasica cl\u00e1sica, renacer\u00e1n del olvido y volver\u00e1n a ocupar el sitial que les corresponde en el universo cultural colombiano.<\/p>\n<p>La feliz noticia es que tendremos el honor de escuchar hoy a la Orquesta de C\u00e1mara de la Fundaci\u00f3n Art\u00edstica y Cultural de Colombia, que dirigir\u00e1 la maestra santandereana Susana Guti\u00e9rrez, concertista del Conservatorio de la Ciudad de Viena.<\/p>\n<p>Se trata de una agrupaci\u00f3n de j\u00f3venes, tambi\u00e9n santandereanos, que interpretar\u00e1n m\u00fasica cl\u00e1sica, m\u00fasica argentina y m\u00fasica andina colombiana.<\/p>\n<p>&nbsp;<\/p>\n<p><img loading=\"lazy\" decoding=\"async\" class=\"aligncenter size-large wp-image-23274\" src=\"https:\/\/lapiedrafilosofal.com\/wp-content\/uploads\/2017\/08\/Federico-II-el-Grande-ejecutando-un-concierto-de-flauta-en-su-palacio-de-verano.-ADOLPH-MENZEL.--1024x703.jpg\" alt=\"\" width=\"640\" height=\"439\" srcset=\"https:\/\/oscarhumbertogomez.com\/wp-content\/uploads\/2017\/08\/Federico-II-el-Grande-ejecutando-un-concierto-de-flauta-en-su-palacio-de-verano.-ADOLPH-MENZEL.--1024x703.jpg 1024w, https:\/\/oscarhumbertogomez.com\/wp-content\/uploads\/2017\/08\/Federico-II-el-Grande-ejecutando-un-concierto-de-flauta-en-su-palacio-de-verano.-ADOLPH-MENZEL.--300x206.jpg 300w, https:\/\/oscarhumbertogomez.com\/wp-content\/uploads\/2017\/08\/Federico-II-el-Grande-ejecutando-un-concierto-de-flauta-en-su-palacio-de-verano.-ADOLPH-MENZEL.--768x527.jpg 768w, https:\/\/oscarhumbertogomez.com\/wp-content\/uploads\/2017\/08\/Federico-II-el-Grande-ejecutando-un-concierto-de-flauta-en-su-palacio-de-verano.-ADOLPH-MENZEL.-.jpg 1919w\" sizes=\"auto, (max-width: 640px) 100vw, 640px\" \/><\/p>\n<p>&nbsp;<\/p>\n<p>La maestra Susana Guti\u00e9rrez es hija del doctor Alonso Guti\u00e9rrez Ribero, distinguido jurista santandereano recientemente fallecido y quien, al igual que el ilustre director em\u00e9rito de El Tiempo, don Roberto Garc\u00eda-Pe\u00f1a (Ayax), pas\u00f3 sus \u00faltimos a\u00f1os en el Conjunto Residencial La Arboleda, en cuyo sal\u00f3n social, precisamente, nos daremos cita hoy para disfrutar, nada m\u00e1s ni nada menos, que del talento musical de quienes simbolizan nuestro ma\u00f1ana.<\/p>\n<p>A las 6 de la tarde &#8211; cuando tras los cerros ya se haya ocultado el sol de los venados y se hayan venido sobre Gir\u00f3n las sombras del atardecer, las mismas a las que se refiri\u00f3 el patriota peruano Jos\u00e9 Domingo Choquehuanca para dirigirse al Libertador a su paso por el pueblo de Pucar\u00e1 (2 de agosto de 1825) y exaltar el crecimiento de su gloria -, la batuta, el arco sobre el viol\u00edn y el sonar de los instrumentos de la promisoria orquesta, nos posibilitar\u00e1 el dichoso reencuentro con el fascinante sortilegio del pentagrama y el inigualable regalo espiritual de las partituras y los atriles.<\/p>\n<p><em>Mesa de las Tempestades, \u00c1rea Metropolitana de Bucaramanga, mi\u00e9rcoles 30 de agosto de 2017.<\/em><\/p>\n<p>&nbsp;<\/p>\n<p><em><strong>ILUSTRACI\u00d3N:<\/strong> Federico II el Grande ejecutando un concierto de flauta en su palacio de verano (1850 &#8211; 1852). Adolph Menzel (Breslavia, Polonia, 1815 &#8211; Berl\u00edn, Alemania, 1905). Antigua Galer\u00eda Nacional de Berl\u00edn<\/em>.<\/p>\n<p>&nbsp;<\/p>\n","protected":false},"excerpt":{"rendered":"<p>&nbsp; Desde la mitolog\u00eda, la m\u00fasica es el lenguaje de los dioses. Cuando nuestro Supremo Hacedor quiso brindarle al hombre una voz de esperanza para que en los momentos de tribulaci\u00f3n y zozobra percibiera la luz al final del t\u00fanel &hellip; <a href=\"https:\/\/oscarhumbertogomez.com\/?p=23267\">Sigue leyendo <span class=\"meta-nav\">&rarr;<\/span><\/a><\/p>\n<div class='heateorSssClear'><\/div><div  class='heateor_sss_sharing_container heateor_sss_horizontal_sharing' heateor-sss-data-href='https:\/\/oscarhumbertogomez.com\/?p=23267'><div class='heateor_sss_sharing_title' style=\"font-weight:bold\" >\u00a1Gracias por compartirla!<\/div><ul class=\"heateor_sss_sharing_ul\"><li class=\"heateorSssSharingRound\"><i style=\"width:35px;height:35px;border-radius:999px;\" alt=\"Facebook\" Title=\"Facebook\" class=\"heateorSssSharing heateorSssFacebookBackground\" onclick='heateorSssPopup(\"https:\/\/www.facebook.com\/sharer\/sharer.php?u=https%3A%2F%2Foscarhumbertogomez.com%2Findex.php%3Frest_route%3D%252Fwp%252Fv2%252Fposts%252F23267\")'><ss style=\"display:block;border-radius:999px;\" class=\"heateorSssSharingSvg heateorSssFacebookSvg\"><\/ss><\/i><\/li><li class=\"heateorSssSharingRound\"><i style=\"width:35px;height:35px;border-radius:999px;\" alt=\"Twitter\" Title=\"Twitter\" class=\"heateorSssSharing heateorSssTwitterBackground\" onclick='heateorSssPopup(\"http:\/\/twitter.com\/intent\/tweet?text=LA%20M%C3%9ASICA%20DE%20C%C3%81MARA%20SE%20ESCUCHAR%C3%81%20ESTA%20NOCHE%20EN%20GIR%C3%93N.%20Por%20%C3%93scar%20Humberto%20G%C3%B3mez%20G%C3%B3mez&url=https%3A%2F%2Foscarhumbertogomez.com%2Findex.php%3Frest_route%3D%252Fwp%252Fv2%252Fposts%252F23267\")'><ss style=\"display:block;border-radius:999px;\" class=\"heateorSssSharingSvg heateorSssTwitterSvg\"><\/ss><\/i><\/li><li class=\"heateorSssSharingRound\"><i style=\"width:35px;height:35px;border-radius:999px;\" alt=\"Whatsapp\" Title=\"Whatsapp\" class=\"heateorSssSharing heateorSssWhatsappBackground\" onclick='heateorSssPopup(\"https:\/\/web.whatsapp.com\/send?text=LA%20M%C3%9ASICA%20DE%20C%C3%81MARA%20SE%20ESCUCHAR%C3%81%20ESTA%20NOCHE%20EN%20GIR%C3%93N.%20Por%20%C3%93scar%20Humberto%20G%C3%B3mez%20G%C3%B3mez https%3A%2F%2Foscarhumbertogomez.com%2Findex.php%3Frest_route%3D%252Fwp%252Fv2%252Fposts%252F23267\")'><ss style=\"display:block\" class=\"heateorSssSharingSvg heateorSssWhatsappSvg\"><\/ss><\/i><\/li><li class=\"heateorSssSharingRound\"><i style=\"width:35px;height:35px;border-radius:999px;\" alt=\"Pinterest\" Title=\"Pinterest\" class=\"heateorSssSharing heateorSssPinterestBackground\" onclick=\"javascript:void( (function() {var e=document.createElement('script' );e.setAttribute('type','text\/javascript' );e.setAttribute('charset','UTF-8' );e.setAttribute('src','\/\/assets.pinterest.com\/js\/pinmarklet.js?r='+Math.random()*99999999);document.body.appendChild(e)})());\"><ss style=\"display:block;border-radius:999px;\" class=\"heateorSssSharingSvg heateorSssPinterestSvg\"><\/ss><\/i><\/li><li class=\"heateorSssSharingRound\"><i style=\"width:35px;height:35px;border-radius:999px;\" alt=\"Google Gmail\" Title=\"Google Gmail\" class=\"heateorSssSharing heateorSssGoogleGmailBackground\" onclick='heateorSssPopup(\"https:\/\/mail.google.com\/mail\/?ui=2&view=cm&fs=1&tf=1&su=LA%20M%C3%9ASICA%20DE%20C%C3%81MARA%20SE%20ESCUCHAR%C3%81%20ESTA%20NOCHE%20EN%20GIR%C3%93N.%20Por%20%C3%93scar%20Humberto%20G%C3%B3mez%20G%C3%B3mez&body=Link:https%3A%2F%2Foscarhumbertogomez.com%2Findex.php%3Frest_route%3D%252Fwp%252Fv2%252Fposts%252F23267\")'><ss style=\"display:block;border-radius:999px;\" class=\"heateorSssSharingSvg heateorSssGoogleGmailSvg\"><\/ss><\/i><\/li><li class=\"heateorSssSharingRound\"><i style=\"width:35px;height:35px;border-radius:999px;\" title=\"More\" alt=\"More\" class=\"heateorSssSharing heateorSssMoreBackground\" onclick=\"heateorSssMoreSharingPopup(this, 'https:\/\/oscarhumbertogomez.com\/index.php?rest_route=%2Fwp%2Fv2%2Fposts%2F23267', 'LA%20M%C3%9ASICA%20DE%20C%C3%81MARA%20SE%20ESCUCHAR%C3%81%20ESTA%20NOCHE%20EN%20GIR%C3%93N.%20Por%20%C3%93scar%20Humberto%20G%C3%B3mez%20G%C3%B3mez', '' )\" ><ss style=\"display:block\" class=\"heateorSssSharingSvg heateorSssMoreSvg\"><\/ss><\/i><\/li><\/ul><div class=\"heateorSssClear\"><\/div><\/div><div class='heateorSssClear'><\/div>","protected":false},"author":2,"featured_media":0,"comment_status":"closed","ping_status":"closed","sticky":false,"template":"","format":"standard","meta":{"spay_email":"","footnotes":""},"categories":[8],"tags":[],"class_list":["post-23267","post","type-post","status-publish","format-standard","hentry","category-musica"],"jetpack_featured_media_url":"","jetpack_shortlink":"https:\/\/wp.me\/p1FYrr-63h","_links":{"self":[{"href":"https:\/\/oscarhumbertogomez.com\/index.php?rest_route=\/wp\/v2\/posts\/23267","targetHints":{"allow":["GET"]}}],"collection":[{"href":"https:\/\/oscarhumbertogomez.com\/index.php?rest_route=\/wp\/v2\/posts"}],"about":[{"href":"https:\/\/oscarhumbertogomez.com\/index.php?rest_route=\/wp\/v2\/types\/post"}],"author":[{"embeddable":true,"href":"https:\/\/oscarhumbertogomez.com\/index.php?rest_route=\/wp\/v2\/users\/2"}],"replies":[{"embeddable":true,"href":"https:\/\/oscarhumbertogomez.com\/index.php?rest_route=%2Fwp%2Fv2%2Fcomments&post=23267"}],"version-history":[{"count":6,"href":"https:\/\/oscarhumbertogomez.com\/index.php?rest_route=\/wp\/v2\/posts\/23267\/revisions"}],"predecessor-version":[{"id":51122,"href":"https:\/\/oscarhumbertogomez.com\/index.php?rest_route=\/wp\/v2\/posts\/23267\/revisions\/51122"}],"wp:attachment":[{"href":"https:\/\/oscarhumbertogomez.com\/index.php?rest_route=%2Fwp%2Fv2%2Fmedia&parent=23267"}],"wp:term":[{"taxonomy":"category","embeddable":true,"href":"https:\/\/oscarhumbertogomez.com\/index.php?rest_route=%2Fwp%2Fv2%2Fcategories&post=23267"},{"taxonomy":"post_tag","embeddable":true,"href":"https:\/\/oscarhumbertogomez.com\/index.php?rest_route=%2Fwp%2Fv2%2Ftags&post=23267"}],"curies":[{"name":"wp","href":"https:\/\/api.w.org\/{rel}","templated":true}]}}