{"id":23308,"date":"2017-09-06T07:38:20","date_gmt":"2017-09-06T12:38:20","guid":{"rendered":"http:\/\/www.oscarhumbertogomez.com\/?p=23308"},"modified":"2025-03-11T17:02:19","modified_gmt":"2025-03-11T22:02:19","slug":"la-academia-de-historia-de-santander-ofrece-la-conferencia-las-vicisitudes-de-la-arquitectura-nacional-en-la-convulsionada-historia-de-colombia-jueves-21-de-septiembre-630-p-m-casa-de-bolivar","status":"publish","type":"post","link":"https:\/\/oscarhumbertogomez.com\/?p=23308","title":{"rendered":"La Academia de Historia de Santander ofrece la conferencia de \u00d3scar Humberto G\u00f3mez G\u00f3mez &#8220;LAS VICISITUDES DE LA ARQUITECTURA NACIONAL EN LA CONVULSIONADA HISTORIA DE COLOMBIA&#8221;. Casa de Bol\u00edvar. Jueves 21 de septiembre de 2017, 6:30 p.m."},"content":{"rendered":"<p><img loading=\"lazy\" decoding=\"async\" class=\"aligncenter size-full wp-image-23431\" src=\"https:\/\/lapiedrafilosofal.com\/wp-content\/uploads\/2017\/09\/EL-BOGOTAZO.jpg\" alt=\"\" width=\"640\" height=\"640\" srcset=\"https:\/\/oscarhumbertogomez.com\/wp-content\/uploads\/2017\/09\/EL-BOGOTAZO.jpg 640w, https:\/\/oscarhumbertogomez.com\/wp-content\/uploads\/2017\/09\/EL-BOGOTAZO-150x150.jpg 150w, https:\/\/oscarhumbertogomez.com\/wp-content\/uploads\/2017\/09\/EL-BOGOTAZO-300x300.jpg 300w\" sizes=\"auto, (max-width: 640px) 100vw, 640px\" \/><\/p>\n<p>&nbsp;<\/p>\n<p>Se ha dicho, con raz\u00f3n, que el devenir hist\u00f3rico de los pueblos se puede reconstruir, en muy buena parte, a trav\u00e9s de su arquitectura.<\/p>\n<p>Pero eso supone, claro est\u00e1, una actitud socio-pol\u00edtica de preservaci\u00f3n y respeto hacia el pasado hist\u00f3rico.<\/p>\n<p>Desde su nacimiento como naci\u00f3n, Colombia, sin embargo, no se ha caracterizado precisamente por eso. El arrasamiento y el vandalaje han sido la constante en nuestro medio.<\/p>\n<p>A\u00fan as\u00ed, con los precarios elementos de an\u00e1lisis sobrevivientes, todav\u00eda es posible intentar una aproximaci\u00f3n a lo que fueron nuestros inicios, dentro del concierto mundial de las naciones, en materia de arquitectura.<\/p>\n<p>La arquitectura no pod\u00eda escapar -y, de hecho, no escap\u00f3- a los vaivenes de nuestro confuso y siempre inestable proceso hist\u00f3rico, marcado a cada paso por la guerra y, en general, por la violencia pol\u00edtica y social, que al pa\u00eds le han significado tanto luto, pero tambi\u00e9n tanto atraso.<\/p>\n<p>Para entender qu\u00e9 queda hoy en pie de todo aquello que marc\u00f3 nuestro sendero, cuando la Rep\u00fablica despuntaba y apenas asomaban en el horizonte las esperanzas y los sue\u00f1os en un ma\u00f1ana mejor, y cu\u00e1l es el presente y el porvenir de nuestra identidad en una materia tan elocuentemente descriptiva de cualquier sociedad, como lo es la arquitectura, resulta indispensable el repaso, al menos superficial, de la que ha sido una lucha cargada de expectativas y frustraciones, pero siempre librada con la ilusi\u00f3n con que algunos hijos de Colombia han estado dispuestos, en todo momento y bajo todas las circunstancias, a reconstruir lo que otros hijos suyos destruyeron.<\/p>\n<p>La Academia de Historia de Santander, que preside don Miguel Jos\u00e9 Pinilla Guti\u00e9rrez, con la secretar\u00eda de don Juvenal Fonseca Moreno, brindar\u00e1 el jueves 21 del presente mes de septiembre, a las seis y treinta de la tarde, la conferencia titulada &#8220;LAS VICISITUDES DE LA ARQUITECTURA NACIONAL EN LA CONVULSIONADA HISTORIA DE COLOMBIA&#8221;, disertaci\u00f3n que estar\u00e1 a cargo del director de este portal, Miembro Correspondiente de la entidad, y que ser\u00e1, ante todo, un tributo de admiraci\u00f3n, respeto y aprecio a quienes han honrado y a quienes hoy honran esa hermosa profesi\u00f3n y, a trav\u00e9s de ello, han exhibido, y contin\u00faan exhibiendo, un inmenso amor por su pa\u00eds.<\/p>\n<p>Y, desde luego, por el don inapreciable del buen gusto.<\/p>\n<p>____________<\/p>\n<p><em>[<strong>ILUSTRACI\u00d3N:<\/strong> Composici\u00f3n fotogr\u00e1fica con im\u00e1genes del fen\u00f3meno de violencia social conocido como El Bogotazo y desencadenado a ra\u00edz del atentado contra el abogado penalista y l\u00edder pol\u00edtico Jorge Eli\u00e9cer Gait\u00e1n, que marc\u00f3 uno de los hitos m\u00e1s importantes en el dif\u00edcil devenir hist\u00f3rico de la Arquitectura colombiana]. <\/em><\/p>\n","protected":false},"excerpt":{"rendered":"<p>&nbsp; Se ha dicho, con raz\u00f3n, que el devenir hist\u00f3rico de los pueblos se puede reconstruir, en muy buena parte, a trav\u00e9s de su arquitectura. Pero eso supone, claro est\u00e1, una actitud socio-pol\u00edtica de preservaci\u00f3n y respeto hacia el pasado &hellip; <a href=\"https:\/\/oscarhumbertogomez.com\/?p=23308\">Sigue leyendo <span class=\"meta-nav\">&rarr;<\/span><\/a><\/p>\n<div class='heateorSssClear'><\/div><div  class='heateor_sss_sharing_container heateor_sss_horizontal_sharing' heateor-sss-data-href='https:\/\/oscarhumbertogomez.com\/?p=23308'><div class='heateor_sss_sharing_title' style=\"font-weight:bold\" >\u00a1Gracias por compartirla!<\/div><ul class=\"heateor_sss_sharing_ul\"><li class=\"heateorSssSharingRound\"><i style=\"width:35px;height:35px;border-radius:999px;\" alt=\"Facebook\" Title=\"Facebook\" class=\"heateorSssSharing heateorSssFacebookBackground\" onclick='heateorSssPopup(\"https:\/\/www.facebook.com\/sharer\/sharer.php?u=https%3A%2F%2Foscarhumbertogomez.com%2Findex.php%3Frest_route%3D%252Fwp%252Fv2%252Fposts%252F23308\")'><ss style=\"display:block;border-radius:999px;\" class=\"heateorSssSharingSvg heateorSssFacebookSvg\"><\/ss><\/i><\/li><li class=\"heateorSssSharingRound\"><i style=\"width:35px;height:35px;border-radius:999px;\" alt=\"Twitter\" Title=\"Twitter\" class=\"heateorSssSharing heateorSssTwitterBackground\" onclick='heateorSssPopup(\"http:\/\/twitter.com\/intent\/tweet?text=La%20Academia%20de%20Historia%20de%20Santander%20ofrece%20la%20conferencia%20de%20%C3%93scar%20Humberto%20G%C3%B3mez%20G%C3%B3mez%20%22LAS%20VICISITUDES%20DE%20LA%20ARQUITECTURA%20NACIONAL%20EN%20LA%20CONVULSIONADA%20HISTORIA%20DE%20COLOMBIA%22.%20Casa%20de%20Bol%C3%ADvar.%20Jueves%2021%20de%20septiembre%20de%202017%2C%206%3A30%20p.m.&url=https%3A%2F%2Foscarhumbertogomez.com%2Findex.php%3Frest_route%3D%252Fwp%252Fv2%252Fposts%252F23308\")'><ss style=\"display:block;border-radius:999px;\" class=\"heateorSssSharingSvg heateorSssTwitterSvg\"><\/ss><\/i><\/li><li class=\"heateorSssSharingRound\"><i style=\"width:35px;height:35px;border-radius:999px;\" alt=\"Whatsapp\" Title=\"Whatsapp\" class=\"heateorSssSharing heateorSssWhatsappBackground\" onclick='heateorSssPopup(\"https:\/\/web.whatsapp.com\/send?text=La%20Academia%20de%20Historia%20de%20Santander%20ofrece%20la%20conferencia%20de%20%C3%93scar%20Humberto%20G%C3%B3mez%20G%C3%B3mez%20%22LAS%20VICISITUDES%20DE%20LA%20ARQUITECTURA%20NACIONAL%20EN%20LA%20CONVULSIONADA%20HISTORIA%20DE%20COLOMBIA%22.%20Casa%20de%20Bol%C3%ADvar.%20Jueves%2021%20de%20septiembre%20de%202017%2C%206%3A30%20p.m. https%3A%2F%2Foscarhumbertogomez.com%2Findex.php%3Frest_route%3D%252Fwp%252Fv2%252Fposts%252F23308\")'><ss style=\"display:block\" class=\"heateorSssSharingSvg heateorSssWhatsappSvg\"><\/ss><\/i><\/li><li class=\"heateorSssSharingRound\"><i style=\"width:35px;height:35px;border-radius:999px;\" alt=\"Pinterest\" Title=\"Pinterest\" class=\"heateorSssSharing heateorSssPinterestBackground\" onclick=\"javascript:void( (function() {var e=document.createElement('script' );e.setAttribute('type','text\/javascript' );e.setAttribute('charset','UTF-8' );e.setAttribute('src','\/\/assets.pinterest.com\/js\/pinmarklet.js?r='+Math.random()*99999999);document.body.appendChild(e)})());\"><ss style=\"display:block;border-radius:999px;\" class=\"heateorSssSharingSvg heateorSssPinterestSvg\"><\/ss><\/i><\/li><li class=\"heateorSssSharingRound\"><i style=\"width:35px;height:35px;border-radius:999px;\" alt=\"Google Gmail\" Title=\"Google Gmail\" class=\"heateorSssSharing heateorSssGoogleGmailBackground\" onclick='heateorSssPopup(\"https:\/\/mail.google.com\/mail\/?ui=2&view=cm&fs=1&tf=1&su=La%20Academia%20de%20Historia%20de%20Santander%20ofrece%20la%20conferencia%20de%20%C3%93scar%20Humberto%20G%C3%B3mez%20G%C3%B3mez%20%22LAS%20VICISITUDES%20DE%20LA%20ARQUITECTURA%20NACIONAL%20EN%20LA%20CONVULSIONADA%20HISTORIA%20DE%20COLOMBIA%22.%20Casa%20de%20Bol%C3%ADvar.%20Jueves%2021%20de%20septiembre%20de%202017%2C%206%3A30%20p.m.&body=Link:https%3A%2F%2Foscarhumbertogomez.com%2Findex.php%3Frest_route%3D%252Fwp%252Fv2%252Fposts%252F23308\")'><ss style=\"display:block;border-radius:999px;\" class=\"heateorSssSharingSvg heateorSssGoogleGmailSvg\"><\/ss><\/i><\/li><li class=\"heateorSssSharingRound\"><i style=\"width:35px;height:35px;border-radius:999px;\" title=\"More\" alt=\"More\" class=\"heateorSssSharing heateorSssMoreBackground\" onclick=\"heateorSssMoreSharingPopup(this, 'https:\/\/oscarhumbertogomez.com\/index.php?rest_route=%2Fwp%2Fv2%2Fposts%2F23308', 'La%20Academia%20de%20Historia%20de%20Santander%20ofrece%20la%20conferencia%20de%20%C3%93scar%20Humberto%20G%C3%B3mez%20G%C3%B3mez%20%22LAS%20VICISITUDES%20DE%20LA%20ARQUITECTURA%20NACIONAL%20EN%20LA%20CONVULSIONADA%20HISTORIA%20DE%20COLOMBIA%22.%20Casa%20de%20Bol%C3%ADvar.%20Jueves%2021%20de%20septiembre%20de%202017%2C%206%3A30%20p.m.', '' )\" ><ss style=\"display:block\" class=\"heateorSssSharingSvg heateorSssMoreSvg\"><\/ss><\/i><\/li><\/ul><div class=\"heateorSssClear\"><\/div><\/div><div class='heateorSssClear'><\/div>","protected":false},"author":2,"featured_media":0,"comment_status":"closed","ping_status":"closed","sticky":false,"template":"","format":"standard","meta":{"spay_email":"","footnotes":""},"categories":[64,12],"tags":[],"class_list":["post-23308","post","type-post","status-publish","format-standard","hentry","category-arquitectura","category-historia"],"jetpack_featured_media_url":"","jetpack_shortlink":"https:\/\/wp.me\/p1FYrr-63W","_links":{"self":[{"href":"https:\/\/oscarhumbertogomez.com\/index.php?rest_route=\/wp\/v2\/posts\/23308","targetHints":{"allow":["GET"]}}],"collection":[{"href":"https:\/\/oscarhumbertogomez.com\/index.php?rest_route=\/wp\/v2\/posts"}],"about":[{"href":"https:\/\/oscarhumbertogomez.com\/index.php?rest_route=\/wp\/v2\/types\/post"}],"author":[{"embeddable":true,"href":"https:\/\/oscarhumbertogomez.com\/index.php?rest_route=\/wp\/v2\/users\/2"}],"replies":[{"embeddable":true,"href":"https:\/\/oscarhumbertogomez.com\/index.php?rest_route=%2Fwp%2Fv2%2Fcomments&post=23308"}],"version-history":[{"count":5,"href":"https:\/\/oscarhumbertogomez.com\/index.php?rest_route=\/wp\/v2\/posts\/23308\/revisions"}],"predecessor-version":[{"id":52297,"href":"https:\/\/oscarhumbertogomez.com\/index.php?rest_route=\/wp\/v2\/posts\/23308\/revisions\/52297"}],"wp:attachment":[{"href":"https:\/\/oscarhumbertogomez.com\/index.php?rest_route=%2Fwp%2Fv2%2Fmedia&parent=23308"}],"wp:term":[{"taxonomy":"category","embeddable":true,"href":"https:\/\/oscarhumbertogomez.com\/index.php?rest_route=%2Fwp%2Fv2%2Fcategories&post=23308"},{"taxonomy":"post_tag","embeddable":true,"href":"https:\/\/oscarhumbertogomez.com\/index.php?rest_route=%2Fwp%2Fv2%2Ftags&post=23308"}],"curies":[{"name":"wp","href":"https:\/\/api.w.org\/{rel}","templated":true}]}}