{"id":23559,"date":"2017-09-15T21:00:21","date_gmt":"2017-09-16T02:00:21","guid":{"rendered":"http:\/\/www.oscarhumbertogomez.com\/?p=23559"},"modified":"2025-03-11T17:05:45","modified_gmt":"2025-03-11T22:05:45","slug":"ano-1855-thomas-reed-frustrado-se-va-de-colombia-para-siempre-las-vicisitudes-de-la-arquitectura-nacional-en-la-convulsionada-historia-de-colombia-casa-de-bolivar-jueves-21-de-septiembre","status":"publish","type":"post","link":"https:\/\/oscarhumbertogomez.com\/?p=23559","title":{"rendered":"A\u00f1o 1855: THOMAS REED, FRUSTRADO, SE VA DE COLOMBIA PARA SIEMPRE \/\/ &#8220;LAS VICISITUDES DE LA ARQUITECTURA NACIONAL EN LA CONVULSIONADA HISTORIA DE COLOMBIA&#8221;. Casa de Bol\u00edvar, jueves 21 de septiembre de 2017, 6:30 p.m."},"content":{"rendered":"<p><img loading=\"lazy\" decoding=\"async\" class=\"aligncenter size-large wp-image-23526\" src=\"https:\/\/lapiedrafilosofal.com\/wp-content\/uploads\/2017\/09\/Capitolio-1024x767.jpg\" alt=\"\" width=\"640\" height=\"479\" srcset=\"https:\/\/oscarhumbertogomez.com\/wp-content\/uploads\/2017\/09\/Capitolio-1024x767.jpg 1024w, https:\/\/oscarhumbertogomez.com\/wp-content\/uploads\/2017\/09\/Capitolio-300x225.jpg 300w, https:\/\/oscarhumbertogomez.com\/wp-content\/uploads\/2017\/09\/Capitolio-768x576.jpg 768w, https:\/\/oscarhumbertogomez.com\/wp-content\/uploads\/2017\/09\/Capitolio.jpg 1920w\" sizes=\"auto, (max-width: 640px) 100vw, 640px\" \/><\/p>\n<p>&nbsp;<\/p>\n<p>Transcurre el a\u00f1o 1855 y el arquitecto dan\u00e9s Thomas Reed, entristecido, decepcionado y con la amargura que desencadena la sensaci\u00f3n del fracaso, se va de Colombia para siempre. Atr\u00e1s ha quedado el sue\u00f1o de ver realidad la que pensaba que ser\u00eda su obra m\u00e1s importante de la vida: el Capitolio Nacional, en el costado sur de la Plaza de Bol\u00edvar en Bogot\u00e1, de cuyo dise\u00f1o hab\u00eda sido el autor. Sus planos habr\u00e1n de desaparecer inexplicablemente.<\/p>\n<p>La primera piedra se hab\u00eda puesto ocho a\u00f1os atr\u00e1s, en 1847. Empero, la guerra civil &#8211; una de tantas &#8211; hab\u00eda interrumpido los trabajos en 1851.<\/p>\n<p>Marchado el arquitecto Reed, la paralizaci\u00f3n de los trabajos y el consiguiente estado de abandono seguir\u00e1 hasta completar 20 a\u00f1os. El Capitolio a medio hacer empezar\u00e1 a ser llamado &#8220;El enfermo de piedra&#8221; y la prensa dir\u00e1 de las obras abandonadas que son &#8220;ruinas que deshonran&#8221;.<\/p>\n<p>La importante obra oficial se le encomendar\u00e1, entonces, en 1871, a un &#8220;maestro&#8221; alba\u00f1il.<\/p>\n<p>Empero lo que el &#8220;maestro&#8221; construya, ser\u00e1 tan feo y estar\u00e1 tan mal hecho, que tendr\u00e1 que ser demolido.<\/p>\n<p>La Academia de Historia de Santander revivir\u00e1, el jueves 21 de septiembre, a las 6:30 p.m., el tortuoso devenir hist\u00f3rico que tuvo&nbsp; que afrontar hasta hoy -y que sigue afrontando- una de las profesiones m\u00e1s hermosas de la humanidad, la profesi\u00f3n que condensa los sue\u00f1os por un pa\u00eds m\u00e1s bello y habitable para todos. Lo har\u00e1 en la conferencia titulada &#8220;<strong>LAS VICISITUDES DE LA ARQUITECTURA NACIONAL EN LA CONVULSIONADA HISTORIA DE COLOMBIA<\/strong>&#8220;, que estar\u00e1 a cargo del director de este portal, Miembro Correspondiente de la Instituci\u00f3n.<\/p>\n<p>El acto, que tendr\u00e1 entrada libre, ser\u00e1 presidido por la Junta Directiva de la entidad, encabezada por Don Miguel Jos\u00e9 Pinilla Guti\u00e9rrez, en su condici\u00f3n de Presidente de la Academia de Historia de Santander, y Don Juvenal Fonseca Moreno, Secretario de la augusta corporaci\u00f3n.<\/p>\n<p>&nbsp;<\/p>\n<p><em>[<strong>ILUSTRACI\u00d3N:<\/strong> Relieve en bronce de Ferdinand von Miller (1813-1887), elaborado en Munich (1881), ubicado en el patio Mosquera del Capitolio Nacional de Colombia. El Arzobispo Manuel Jos\u00e9 Mosquera bendice la primera piedra para la construcci\u00f3n del Capitolio. Thomas Reed aparece en el costado inferior derecho sosteniendo los planos].<\/em><\/p>\n<p>&nbsp;<\/p>\n","protected":false},"excerpt":{"rendered":"<p>&nbsp; Transcurre el a\u00f1o 1855 y el arquitecto dan\u00e9s Thomas Reed, entristecido, decepcionado y con la amargura que desencadena la sensaci\u00f3n del fracaso, se va de Colombia para siempre. Atr\u00e1s ha quedado el sue\u00f1o de ver realidad la que pensaba &hellip; <a href=\"https:\/\/oscarhumbertogomez.com\/?p=23559\">Sigue leyendo <span class=\"meta-nav\">&rarr;<\/span><\/a><\/p>\n<div class='heateorSssClear'><\/div><div  class='heateor_sss_sharing_container heateor_sss_horizontal_sharing' heateor-sss-data-href='https:\/\/oscarhumbertogomez.com\/?p=23559'><div class='heateor_sss_sharing_title' style=\"font-weight:bold\" >\u00a1Gracias por compartirla!<\/div><ul class=\"heateor_sss_sharing_ul\"><li class=\"heateorSssSharingRound\"><i style=\"width:35px;height:35px;border-radius:999px;\" alt=\"Facebook\" Title=\"Facebook\" class=\"heateorSssSharing heateorSssFacebookBackground\" onclick='heateorSssPopup(\"https:\/\/www.facebook.com\/sharer\/sharer.php?u=https%3A%2F%2Foscarhumbertogomez.com%2Findex.php%3Frest_route%3D%252Fwp%252Fv2%252Fposts%252F23559\")'><ss style=\"display:block;border-radius:999px;\" class=\"heateorSssSharingSvg heateorSssFacebookSvg\"><\/ss><\/i><\/li><li class=\"heateorSssSharingRound\"><i style=\"width:35px;height:35px;border-radius:999px;\" alt=\"Twitter\" Title=\"Twitter\" class=\"heateorSssSharing heateorSssTwitterBackground\" onclick='heateorSssPopup(\"http:\/\/twitter.com\/intent\/tweet?text=A%C3%B1o%201855%3A%20THOMAS%20REED%2C%20FRUSTRADO%2C%20SE%20VA%20DE%20COLOMBIA%20PARA%20SIEMPRE%20%2F%2F%20%22LAS%20VICISITUDES%20DE%20LA%20ARQUITECTURA%20NACIONAL%20EN%20LA%20CONVULSIONADA%20HISTORIA%20DE%20COLOMBIA%22.%20Casa%20de%20Bol%C3%ADvar%2C%20jueves%2021%20de%20septiembre%20de%202017%2C%206%3A30%20p.m.&url=https%3A%2F%2Foscarhumbertogomez.com%2Findex.php%3Frest_route%3D%252Fwp%252Fv2%252Fposts%252F23559\")'><ss style=\"display:block;border-radius:999px;\" class=\"heateorSssSharingSvg heateorSssTwitterSvg\"><\/ss><\/i><\/li><li class=\"heateorSssSharingRound\"><i style=\"width:35px;height:35px;border-radius:999px;\" alt=\"Whatsapp\" Title=\"Whatsapp\" class=\"heateorSssSharing heateorSssWhatsappBackground\" onclick='heateorSssPopup(\"https:\/\/web.whatsapp.com\/send?text=A%C3%B1o%201855%3A%20THOMAS%20REED%2C%20FRUSTRADO%2C%20SE%20VA%20DE%20COLOMBIA%20PARA%20SIEMPRE%20%2F%2F%20%22LAS%20VICISITUDES%20DE%20LA%20ARQUITECTURA%20NACIONAL%20EN%20LA%20CONVULSIONADA%20HISTORIA%20DE%20COLOMBIA%22.%20Casa%20de%20Bol%C3%ADvar%2C%20jueves%2021%20de%20septiembre%20de%202017%2C%206%3A30%20p.m. https%3A%2F%2Foscarhumbertogomez.com%2Findex.php%3Frest_route%3D%252Fwp%252Fv2%252Fposts%252F23559\")'><ss style=\"display:block\" class=\"heateorSssSharingSvg heateorSssWhatsappSvg\"><\/ss><\/i><\/li><li class=\"heateorSssSharingRound\"><i style=\"width:35px;height:35px;border-radius:999px;\" alt=\"Pinterest\" Title=\"Pinterest\" class=\"heateorSssSharing heateorSssPinterestBackground\" onclick=\"javascript:void( (function() {var e=document.createElement('script' );e.setAttribute('type','text\/javascript' );e.setAttribute('charset','UTF-8' );e.setAttribute('src','\/\/assets.pinterest.com\/js\/pinmarklet.js?r='+Math.random()*99999999);document.body.appendChild(e)})());\"><ss style=\"display:block;border-radius:999px;\" class=\"heateorSssSharingSvg heateorSssPinterestSvg\"><\/ss><\/i><\/li><li class=\"heateorSssSharingRound\"><i style=\"width:35px;height:35px;border-radius:999px;\" alt=\"Google Gmail\" Title=\"Google Gmail\" class=\"heateorSssSharing heateorSssGoogleGmailBackground\" onclick='heateorSssPopup(\"https:\/\/mail.google.com\/mail\/?ui=2&view=cm&fs=1&tf=1&su=A%C3%B1o%201855%3A%20THOMAS%20REED%2C%20FRUSTRADO%2C%20SE%20VA%20DE%20COLOMBIA%20PARA%20SIEMPRE%20%2F%2F%20%22LAS%20VICISITUDES%20DE%20LA%20ARQUITECTURA%20NACIONAL%20EN%20LA%20CONVULSIONADA%20HISTORIA%20DE%20COLOMBIA%22.%20Casa%20de%20Bol%C3%ADvar%2C%20jueves%2021%20de%20septiembre%20de%202017%2C%206%3A30%20p.m.&body=Link:https%3A%2F%2Foscarhumbertogomez.com%2Findex.php%3Frest_route%3D%252Fwp%252Fv2%252Fposts%252F23559\")'><ss style=\"display:block;border-radius:999px;\" class=\"heateorSssSharingSvg heateorSssGoogleGmailSvg\"><\/ss><\/i><\/li><li class=\"heateorSssSharingRound\"><i style=\"width:35px;height:35px;border-radius:999px;\" title=\"More\" alt=\"More\" class=\"heateorSssSharing heateorSssMoreBackground\" onclick=\"heateorSssMoreSharingPopup(this, 'https:\/\/oscarhumbertogomez.com\/index.php?rest_route=%2Fwp%2Fv2%2Fposts%2F23559', 'A%C3%B1o%201855%3A%20THOMAS%20REED%2C%20FRUSTRADO%2C%20SE%20VA%20DE%20COLOMBIA%20PARA%20SIEMPRE%20%2F%2F%20%22LAS%20VICISITUDES%20DE%20LA%20ARQUITECTURA%20NACIONAL%20EN%20LA%20CONVULSIONADA%20HISTORIA%20DE%20COLOMBIA%22.%20Casa%20de%20Bol%C3%ADvar%2C%20jueves%2021%20de%20septiembre%20de%202017%2C%206%3A30%20p.m.', '' )\" ><ss style=\"display:block\" class=\"heateorSssSharingSvg heateorSssMoreSvg\"><\/ss><\/i><\/li><\/ul><div class=\"heateorSssClear\"><\/div><\/div><div class='heateorSssClear'><\/div>","protected":false},"author":2,"featured_media":0,"comment_status":"closed","ping_status":"closed","sticky":false,"template":"","format":"standard","meta":{"spay_email":"","footnotes":""},"categories":[64,12],"tags":[],"class_list":["post-23559","post","type-post","status-publish","format-standard","hentry","category-arquitectura","category-historia"],"jetpack_featured_media_url":"","jetpack_shortlink":"https:\/\/wp.me\/p1FYrr-67Z","_links":{"self":[{"href":"https:\/\/oscarhumbertogomez.com\/index.php?rest_route=\/wp\/v2\/posts\/23559","targetHints":{"allow":["GET"]}}],"collection":[{"href":"https:\/\/oscarhumbertogomez.com\/index.php?rest_route=\/wp\/v2\/posts"}],"about":[{"href":"https:\/\/oscarhumbertogomez.com\/index.php?rest_route=\/wp\/v2\/types\/post"}],"author":[{"embeddable":true,"href":"https:\/\/oscarhumbertogomez.com\/index.php?rest_route=\/wp\/v2\/users\/2"}],"replies":[{"embeddable":true,"href":"https:\/\/oscarhumbertogomez.com\/index.php?rest_route=%2Fwp%2Fv2%2Fcomments&post=23559"}],"version-history":[{"count":5,"href":"https:\/\/oscarhumbertogomez.com\/index.php?rest_route=\/wp\/v2\/posts\/23559\/revisions"}],"predecessor-version":[{"id":52300,"href":"https:\/\/oscarhumbertogomez.com\/index.php?rest_route=\/wp\/v2\/posts\/23559\/revisions\/52300"}],"wp:attachment":[{"href":"https:\/\/oscarhumbertogomez.com\/index.php?rest_route=%2Fwp%2Fv2%2Fmedia&parent=23559"}],"wp:term":[{"taxonomy":"category","embeddable":true,"href":"https:\/\/oscarhumbertogomez.com\/index.php?rest_route=%2Fwp%2Fv2%2Fcategories&post=23559"},{"taxonomy":"post_tag","embeddable":true,"href":"https:\/\/oscarhumbertogomez.com\/index.php?rest_route=%2Fwp%2Fv2%2Ftags&post=23559"}],"curies":[{"name":"wp","href":"https:\/\/api.w.org\/{rel}","templated":true}]}}